{"id":103330,"date":"2023-07-30T20:31:00","date_gmt":"2023-07-30T20:31:00","guid":{"rendered":"https:\/\/quehacerpolitico.mx\/?p=103330"},"modified":"2023-07-30T20:31:03","modified_gmt":"2023-07-30T20:31:03","slug":"usuarios-temen-utilizar-tramo-elevado-de-la-linea-9-del-metro-pantitlan-se-aceleran-los-hundimientos","status":"publish","type":"post","link":"https:\/\/quehacerpolitico.mx\/?p=103330","title":{"rendered":"Usuarios temen utilizar tramo elevado de la l\u00ednea 9 del Metro Pantitlan se aceleran los hundimientos"},"content":{"rendered":"\n<p>Por Redacci\u00f3n QP<\/p>\n\n\n\n<p><em>El paso del Metro acelera el hundimientos en Pantitl\u00e1n, tema que parece que no genera mucha preocupaci\u00f3n a las autoridades capitalinas<\/em><\/p>\n\n\n\n<p>El paso del Metro acelera el hundimientos en Pantitl\u00e1n, tema que parece que no genera mucha preocupaci\u00f3n a las autoridades de la Ciudad de M\u00e9xico (CDMX).<\/p>\n\n\n\n<p><em>Reforma<\/em>\u00a0report\u00f3 que el paso de m\u00e1s de cuatro millones de usuarios cada mes en la zona elevada de Pantitl\u00e1n, que conecta a cuatro l\u00edneas del Metro, ha acelerado el proceso natural de hundimiento que se genera por el desplazamiento y comportamiento del subsuelo.<\/p>\n\n\n\n<figure class=\"wp-block-embed is-type-video is-provider-youtube wp-block-embed-youtube wp-embed-aspect-16-9 wp-has-aspect-ratio\"><div class=\"wp-block-embed__wrapper\">\n<iframe loading=\"lazy\" title=\"\u00a1Por el peligro, mejor le caminamos! Usuarios temen usar tramo elevado de la L\u00ednea 9\" width=\"640\" height=\"360\" src=\"https:\/\/www.youtube.com\/embed\/Hxp_1wtBjWk?feature=oembed\" frameborder=\"0\" allow=\"accelerometer; autoplay; clipboard-write; encrypted-media; gyroscope; picture-in-picture; web-share\" referrerpolicy=\"strict-origin-when-cross-origin\" allowfullscreen><\/iframe>\n<\/div><\/figure>\n\n\n\n<p>De acuerdo con Dar\u00edo Solano, profesor e investigador de la Facultad de Ingenier\u00eda de la UNAM, el conjunto de puentes de Pantitl\u00e1n est\u00e1 sufriendo de hundimientos a ra\u00edz de los movimientos diferenciales que causa el paso del tren. Sin embargo, afecta de manera desigual a cada columna, ya que el hundimiento tiene distintas velocidades en cada zona.<\/p>\n\n\n\n<p>Con ayuda de sat\u00e9lites de radar, que lanzan un pulso hacia la superficie de la tierra, el equipo de Solano obtuvo los desplazamientos en cent\u00edmetros o mil\u00edmetros por a\u00f1o.<\/p>\n\n\n\n<p>Solano explic\u00f3 que las caracter\u00edsticas del subsuelo y las t\u00e9cnicas de construcci\u00f3n permiten que el hundimiento sea m\u00e1s perceptible en las partes elevadas de la terminal, lo que ya gener\u00f3 intervenciones y obras de mitigaci\u00f3n por parte del gobierno capitalino.<\/p>\n\n\n\n<h3 class=\"wp-block-heading\"><strong>Paso del Metro acelera hundimientos en Pantitl\u00e1n<\/strong><\/h3>\n\n\n\n<p>A causa de los hundimientos diferenciales, los puentes y zonas elevadas de la estaci\u00f3n Pantitl\u00e1n del Metro requerir\u00e1n de intervenciones permanentes para asegurar la estabilidad de sus estructuras, advirtieron especialistas.<\/p>\n\n\n\n<p>Dar\u00edo Solano, junto con los investigadores Shimon Wdowinski, Enrique Cabral-Cano y Batuhan Osmanoglu, elaboraron un estudio en el que, con ayuda de sat\u00e9lites de radar, se obtuvo los desplazamientos en t\u00e9rminos de mil\u00edmetros por a\u00f1o para las estructuras de la terminal de Metro.<\/p>\n\n\n\n<p>Mientras en algunas zonas se detectaron p\u00e9rdidas de 5 a 10 mil\u00edmetros por a\u00f1o, otras aumentaron su altura de 10 a 20 mil\u00edmetros por a\u00f1o.<\/p>\n\n\n\n<figure class=\"wp-block-image size-large\"><img loading=\"lazy\" decoding=\"async\" width=\"1024\" height=\"550\" src=\"https:\/\/quehacerpolitico.mx\/wp-content\/uploads\/2023\/07\/image-86-1024x550.jpeg\" alt=\"\" class=\"wp-image-103331\" srcset=\"https:\/\/quehacerpolitico.mx\/wp-content\/uploads\/2023\/07\/image-86-1024x550.jpeg 1024w, https:\/\/quehacerpolitico.mx\/wp-content\/uploads\/2023\/07\/image-86-300x161.jpeg 300w, https:\/\/quehacerpolitico.mx\/wp-content\/uploads\/2023\/07\/image-86-768x413.jpeg 768w, https:\/\/quehacerpolitico.mx\/wp-content\/uploads\/2023\/07\/image-86-260x140.jpeg 260w, https:\/\/quehacerpolitico.mx\/wp-content\/uploads\/2023\/07\/image-86-50x27.jpeg 50w, https:\/\/quehacerpolitico.mx\/wp-content\/uploads\/2023\/07\/image-86-140x75.jpeg 140w, https:\/\/quehacerpolitico.mx\/wp-content\/uploads\/2023\/07\/image-86.jpeg 1284w\" sizes=\"auto, (max-width: 1024px) 100vw, 1024px\" \/><\/figure>\n\n\n\n<p><em>\u201cEs un conjunto muy grande de condiciones que pueden llevar al deterioro de una estructura, entre las vibraciones y cargas din\u00e1micas, ocasionados por el paso constante de los trenes; las condiciones del subsuelo y los diferentes arreglos y configuraciones geom\u00e9tricas; y las t\u00e9cnicas de ingenier\u00eda civil que fueron utilizadas durante la construcci\u00f3n\u201d,<\/em>&nbsp;detall\u00f3 Solano.<\/p>\n\n\n\n<h3 class=\"wp-block-heading\"><strong>Recomiendan constantes intervenciones&nbsp;<\/strong><\/h3>\n\n\n\n<p>Ante las subsidencias, a la terminal deben someter constantemente a intervenciones, tanto por motivos est\u00e9ticos como estructurales, apunt\u00f3.<\/p>\n\n\n\n<p><em>\u201cEsta subsidencia diferencial o desplazamiento diferenciales va a afectar a las estructuras al paso del tiempo, no va a ser algo s\u00fabito, y a trav\u00e9s del tiempo tambi\u00e9n se les tendr\u00e1 que dar mantenimiento para aminorar las condiciones est\u00e9ticas y tambi\u00e9n asegurar la estabilidad de la estructura misma en t\u00e9rminos de seguridad\u201d,<\/em>&nbsp;dijo.<\/p>\n\n\n\n<p>Apenas en abril de este a\u00f1o, la Secretar\u00eda de Obras y Servicios (Sobse) de la Ciudad coloc\u00f3 barras de acero debajo del viaducto por donde circulan los trenes provenientes de Tacubaya para apuntalar la estructura.<\/p>\n\n\n\n<figure class=\"wp-block-image size-large\"><img loading=\"lazy\" decoding=\"async\" width=\"1024\" height=\"542\" src=\"https:\/\/quehacerpolitico.mx\/wp-content\/uploads\/2023\/07\/image-87-1024x542.jpeg\" alt=\"\" class=\"wp-image-103332\" srcset=\"https:\/\/quehacerpolitico.mx\/wp-content\/uploads\/2023\/07\/image-87-1024x542.jpeg 1024w, https:\/\/quehacerpolitico.mx\/wp-content\/uploads\/2023\/07\/image-87-300x159.jpeg 300w, https:\/\/quehacerpolitico.mx\/wp-content\/uploads\/2023\/07\/image-87-768x407.jpeg 768w, https:\/\/quehacerpolitico.mx\/wp-content\/uploads\/2023\/07\/image-87-260x138.jpeg 260w, https:\/\/quehacerpolitico.mx\/wp-content\/uploads\/2023\/07\/image-87-50x26.jpeg 50w, https:\/\/quehacerpolitico.mx\/wp-content\/uploads\/2023\/07\/image-87-142x75.jpeg 142w, https:\/\/quehacerpolitico.mx\/wp-content\/uploads\/2023\/07\/image-87.jpeg 1284w\" sizes=\"auto, (max-width: 1024px) 100vw, 1024px\" \/><\/figure>\n\n\n\n<p><em>\u201cEstas barras nos dan m\u00e1s resistencia. Tambi\u00e9n son indicadores de, si hubiera alg\u00fan movimiento adicional, estas barras nos van a avisar\u201d,<\/em>&nbsp;explic\u00f3 el titular de la Sobse, Jes\u00fas Esteva, en aquel momento.<\/p>\n\n\n\n<p>Como parte de una investigaci\u00f3n de expertos de la UNAM se pudo saber que el paso del Metro acelera el hundimientos en Pantitl\u00e1n, en la CDMX.<\/p>\n","protected":false},"excerpt":{"rendered":"<p>Por Redacci\u00f3n QP El paso del Metro acelera el hundimientos en Pantitl\u00e1n, tema que parece&#8230;<\/p>\n","protected":false},"author":2,"featured_media":103333,"comment_status":"open","ping_status":"open","sticky":false,"template":"","format":"standard","meta":{"_monsterinsights_skip_tracking":false,"_monsterinsights_sitenote_active":false,"_monsterinsights_sitenote_note":"","_monsterinsights_sitenote_category":0,"footnotes":""},"categories":[55],"tags":[],"class_list":["post-103330","post","type-post","status-publish","format-standard","has-post-thumbnail","hentry","category-cdmx"],"yoast_head":"<!-- This site is optimized with the Yoast SEO plugin v27.3 - https:\/\/yoast.com\/product\/yoast-seo-wordpress\/ -->\n<title>Usuarios temen utilizar tramo elevado de la l\u00ednea 9 del Metro Pantitlan se aceleran los hundimientos -<\/title>\n<meta name=\"robots\" content=\"index, follow, max-snippet:-1, max-image-preview:large, max-video-preview:-1\" \/>\n<link rel=\"canonical\" href=\"https:\/\/quehacerpolitico.mx\/?p=103330\" \/>\n<meta property=\"og:locale\" content=\"es_MX\" \/>\n<meta property=\"og:type\" content=\"article\" \/>\n<meta property=\"og:title\" content=\"Usuarios temen utilizar tramo elevado de la l\u00ednea 9 del Metro Pantitlan se aceleran los hundimientos -\" \/>\n<meta property=\"og:description\" content=\"Por Redacci\u00f3n QP El paso del Metro acelera el hundimientos en Pantitl\u00e1n, tema que parece...\" \/>\n<meta property=\"og:url\" content=\"https:\/\/quehacerpolitico.mx\/?p=103330\" \/>\n<meta property=\"article:published_time\" content=\"2023-07-30T20:31:00+00:00\" \/>\n<meta property=\"article:modified_time\" content=\"2023-07-30T20:31:03+00:00\" \/>\n<meta property=\"og:image\" content=\"https:\/\/quehacerpolitico.mx\/wp-content\/uploads\/2023\/07\/IMG_9428.jpeg\" \/>\n\t<meta property=\"og:image:width\" content=\"1024\" \/>\n\t<meta property=\"og:image:height\" content=\"768\" \/>\n\t<meta property=\"og:image:type\" content=\"image\/jpeg\" \/>\n<meta name=\"author\" content=\"Redacci\u00f3n QP\" \/>\n<meta name=\"twitter:card\" content=\"summary_large_image\" \/>\n<meta name=\"twitter:label1\" content=\"Escrito por\" \/>\n\t<meta name=\"twitter:data1\" content=\"Redacci\u00f3n QP\" \/>\n\t<meta name=\"twitter:label2\" content=\"Tiempo de lectura\" \/>\n\t<meta name=\"twitter:data2\" content=\"3 minutos\" \/>\n<script type=\"application\/ld+json\" class=\"yoast-schema-graph\">{\"@context\":\"https:\\\/\\\/schema.org\",\"@graph\":[{\"@type\":\"Article\",\"@id\":\"https:\\\/\\\/quehacerpolitico.mx\\\/?p=103330#article\",\"isPartOf\":{\"@id\":\"https:\\\/\\\/quehacerpolitico.mx\\\/?p=103330\"},\"author\":{\"name\":\"Redacci\u00f3n QP\",\"@id\":\"https:\\\/\\\/quehacerpolitico.mx\\\/#\\\/schema\\\/person\\\/496d8ad2d1d3f8036101dca7ee39e585\"},\"headline\":\"Usuarios temen utilizar tramo elevado de la l\u00ednea 9 del Metro Pantitlan se aceleran los hundimientos\",\"datePublished\":\"2023-07-30T20:31:00+00:00\",\"dateModified\":\"2023-07-30T20:31:03+00:00\",\"mainEntityOfPage\":{\"@id\":\"https:\\\/\\\/quehacerpolitico.mx\\\/?p=103330\"},\"wordCount\":623,\"commentCount\":0,\"image\":{\"@id\":\"https:\\\/\\\/quehacerpolitico.mx\\\/?p=103330#primaryimage\"},\"thumbnailUrl\":\"https:\\\/\\\/quehacerpolitico.mx\\\/wp-content\\\/uploads\\\/2023\\\/07\\\/IMG_9428.jpeg\",\"articleSection\":[\"CDMX\"],\"inLanguage\":\"es\",\"potentialAction\":[{\"@type\":\"CommentAction\",\"name\":\"Comment\",\"target\":[\"https:\\\/\\\/quehacerpolitico.mx\\\/?p=103330#respond\"]}]},{\"@type\":\"WebPage\",\"@id\":\"https:\\\/\\\/quehacerpolitico.mx\\\/?p=103330\",\"url\":\"https:\\\/\\\/quehacerpolitico.mx\\\/?p=103330\",\"name\":\"Usuarios temen utilizar tramo elevado de la l\u00ednea 9 del Metro Pantitlan se aceleran los hundimientos -\",\"isPartOf\":{\"@id\":\"https:\\\/\\\/quehacerpolitico.mx\\\/#website\"},\"primaryImageOfPage\":{\"@id\":\"https:\\\/\\\/quehacerpolitico.mx\\\/?p=103330#primaryimage\"},\"image\":{\"@id\":\"https:\\\/\\\/quehacerpolitico.mx\\\/?p=103330#primaryimage\"},\"thumbnailUrl\":\"https:\\\/\\\/quehacerpolitico.mx\\\/wp-content\\\/uploads\\\/2023\\\/07\\\/IMG_9428.jpeg\",\"datePublished\":\"2023-07-30T20:31:00+00:00\",\"dateModified\":\"2023-07-30T20:31:03+00:00\",\"author\":{\"@id\":\"https:\\\/\\\/quehacerpolitico.mx\\\/#\\\/schema\\\/person\\\/496d8ad2d1d3f8036101dca7ee39e585\"},\"breadcrumb\":{\"@id\":\"https:\\\/\\\/quehacerpolitico.mx\\\/?p=103330#breadcrumb\"},\"inLanguage\":\"es\",\"potentialAction\":[{\"@type\":\"ReadAction\",\"target\":[\"https:\\\/\\\/quehacerpolitico.mx\\\/?p=103330\"]}]},{\"@type\":\"ImageObject\",\"inLanguage\":\"es\",\"@id\":\"https:\\\/\\\/quehacerpolitico.mx\\\/?p=103330#primaryimage\",\"url\":\"https:\\\/\\\/quehacerpolitico.mx\\\/wp-content\\\/uploads\\\/2023\\\/07\\\/IMG_9428.jpeg\",\"contentUrl\":\"https:\\\/\\\/quehacerpolitico.mx\\\/wp-content\\\/uploads\\\/2023\\\/07\\\/IMG_9428.jpeg\",\"width\":1024,\"height\":768},{\"@type\":\"BreadcrumbList\",\"@id\":\"https:\\\/\\\/quehacerpolitico.mx\\\/?p=103330#breadcrumb\",\"itemListElement\":[{\"@type\":\"ListItem\",\"position\":1,\"name\":\"Inicio\",\"item\":\"https:\\\/\\\/quehacerpolitico.mx\\\/\"},{\"@type\":\"ListItem\",\"position\":2,\"name\":\"Usuarios temen utilizar tramo elevado de la l\u00ednea 9 del Metro Pantitlan se aceleran los hundimientos\"}]},{\"@type\":\"WebSite\",\"@id\":\"https:\\\/\\\/quehacerpolitico.mx\\\/#website\",\"url\":\"https:\\\/\\\/quehacerpolitico.mx\\\/\",\"name\":\"\",\"description\":\"\",\"potentialAction\":[{\"@type\":\"SearchAction\",\"target\":{\"@type\":\"EntryPoint\",\"urlTemplate\":\"https:\\\/\\\/quehacerpolitico.mx\\\/?s={search_term_string}\"},\"query-input\":{\"@type\":\"PropertyValueSpecification\",\"valueRequired\":true,\"valueName\":\"search_term_string\"}}],\"inLanguage\":\"es\"},{\"@type\":\"Person\",\"@id\":\"https:\\\/\\\/quehacerpolitico.mx\\\/#\\\/schema\\\/person\\\/496d8ad2d1d3f8036101dca7ee39e585\",\"name\":\"Redacci\u00f3n QP\",\"image\":{\"@type\":\"ImageObject\",\"inLanguage\":\"es\",\"@id\":\"https:\\\/\\\/secure.gravatar.com\\\/avatar\\\/c7164ed6fdec453195284ad24a5ae5b6e1eed2b848477fa2a4787ba9adf39a41?s=96&d=mm&r=g\",\"url\":\"https:\\\/\\\/secure.gravatar.com\\\/avatar\\\/c7164ed6fdec453195284ad24a5ae5b6e1eed2b848477fa2a4787ba9adf39a41?s=96&d=mm&r=g\",\"contentUrl\":\"https:\\\/\\\/secure.gravatar.com\\\/avatar\\\/c7164ed6fdec453195284ad24a5ae5b6e1eed2b848477fa2a4787ba9adf39a41?s=96&d=mm&r=g\",\"caption\":\"Redacci\u00f3n QP\"},\"url\":\"https:\\\/\\\/quehacerpolitico.mx\\\/?author=2\"}]}<\/script>\n<!-- \/ Yoast SEO plugin. -->","yoast_head_json":{"title":"Usuarios temen utilizar tramo elevado de la l\u00ednea 9 del Metro Pantitlan se aceleran los hundimientos -","robots":{"index":"index","follow":"follow","max-snippet":"max-snippet:-1","max-image-preview":"max-image-preview:large","max-video-preview":"max-video-preview:-1"},"canonical":"https:\/\/quehacerpolitico.mx\/?p=103330","og_locale":"es_MX","og_type":"article","og_title":"Usuarios temen utilizar tramo elevado de la l\u00ednea 9 del Metro Pantitlan se aceleran los hundimientos -","og_description":"Por Redacci\u00f3n QP El paso del Metro acelera el hundimientos en Pantitl\u00e1n, tema que parece...","og_url":"https:\/\/quehacerpolitico.mx\/?p=103330","article_published_time":"2023-07-30T20:31:00+00:00","article_modified_time":"2023-07-30T20:31:03+00:00","og_image":[{"width":1024,"height":768,"url":"https:\/\/quehacerpolitico.mx\/wp-content\/uploads\/2023\/07\/IMG_9428.jpeg","type":"image\/jpeg"}],"author":"Redacci\u00f3n QP","twitter_card":"summary_large_image","twitter_misc":{"Escrito por":"Redacci\u00f3n QP","Tiempo de lectura":"3 minutos"},"schema":{"@context":"https:\/\/schema.org","@graph":[{"@type":"Article","@id":"https:\/\/quehacerpolitico.mx\/?p=103330#article","isPartOf":{"@id":"https:\/\/quehacerpolitico.mx\/?p=103330"},"author":{"name":"Redacci\u00f3n QP","@id":"https:\/\/quehacerpolitico.mx\/#\/schema\/person\/496d8ad2d1d3f8036101dca7ee39e585"},"headline":"Usuarios temen utilizar tramo elevado de la l\u00ednea 9 del Metro Pantitlan se aceleran los hundimientos","datePublished":"2023-07-30T20:31:00+00:00","dateModified":"2023-07-30T20:31:03+00:00","mainEntityOfPage":{"@id":"https:\/\/quehacerpolitico.mx\/?p=103330"},"wordCount":623,"commentCount":0,"image":{"@id":"https:\/\/quehacerpolitico.mx\/?p=103330#primaryimage"},"thumbnailUrl":"https:\/\/quehacerpolitico.mx\/wp-content\/uploads\/2023\/07\/IMG_9428.jpeg","articleSection":["CDMX"],"inLanguage":"es","potentialAction":[{"@type":"CommentAction","name":"Comment","target":["https:\/\/quehacerpolitico.mx\/?p=103330#respond"]}]},{"@type":"WebPage","@id":"https:\/\/quehacerpolitico.mx\/?p=103330","url":"https:\/\/quehacerpolitico.mx\/?p=103330","name":"Usuarios temen utilizar tramo elevado de la l\u00ednea 9 del Metro Pantitlan se aceleran los hundimientos -","isPartOf":{"@id":"https:\/\/quehacerpolitico.mx\/#website"},"primaryImageOfPage":{"@id":"https:\/\/quehacerpolitico.mx\/?p=103330#primaryimage"},"image":{"@id":"https:\/\/quehacerpolitico.mx\/?p=103330#primaryimage"},"thumbnailUrl":"https:\/\/quehacerpolitico.mx\/wp-content\/uploads\/2023\/07\/IMG_9428.jpeg","datePublished":"2023-07-30T20:31:00+00:00","dateModified":"2023-07-30T20:31:03+00:00","author":{"@id":"https:\/\/quehacerpolitico.mx\/#\/schema\/person\/496d8ad2d1d3f8036101dca7ee39e585"},"breadcrumb":{"@id":"https:\/\/quehacerpolitico.mx\/?p=103330#breadcrumb"},"inLanguage":"es","potentialAction":[{"@type":"ReadAction","target":["https:\/\/quehacerpolitico.mx\/?p=103330"]}]},{"@type":"ImageObject","inLanguage":"es","@id":"https:\/\/quehacerpolitico.mx\/?p=103330#primaryimage","url":"https:\/\/quehacerpolitico.mx\/wp-content\/uploads\/2023\/07\/IMG_9428.jpeg","contentUrl":"https:\/\/quehacerpolitico.mx\/wp-content\/uploads\/2023\/07\/IMG_9428.jpeg","width":1024,"height":768},{"@type":"BreadcrumbList","@id":"https:\/\/quehacerpolitico.mx\/?p=103330#breadcrumb","itemListElement":[{"@type":"ListItem","position":1,"name":"Inicio","item":"https:\/\/quehacerpolitico.mx\/"},{"@type":"ListItem","position":2,"name":"Usuarios temen utilizar tramo elevado de la l\u00ednea 9 del Metro Pantitlan se aceleran los hundimientos"}]},{"@type":"WebSite","@id":"https:\/\/quehacerpolitico.mx\/#website","url":"https:\/\/quehacerpolitico.mx\/","name":"","description":"","potentialAction":[{"@type":"SearchAction","target":{"@type":"EntryPoint","urlTemplate":"https:\/\/quehacerpolitico.mx\/?s={search_term_string}"},"query-input":{"@type":"PropertyValueSpecification","valueRequired":true,"valueName":"search_term_string"}}],"inLanguage":"es"},{"@type":"Person","@id":"https:\/\/quehacerpolitico.mx\/#\/schema\/person\/496d8ad2d1d3f8036101dca7ee39e585","name":"Redacci\u00f3n QP","image":{"@type":"ImageObject","inLanguage":"es","@id":"https:\/\/secure.gravatar.com\/avatar\/c7164ed6fdec453195284ad24a5ae5b6e1eed2b848477fa2a4787ba9adf39a41?s=96&d=mm&r=g","url":"https:\/\/secure.gravatar.com\/avatar\/c7164ed6fdec453195284ad24a5ae5b6e1eed2b848477fa2a4787ba9adf39a41?s=96&d=mm&r=g","contentUrl":"https:\/\/secure.gravatar.com\/avatar\/c7164ed6fdec453195284ad24a5ae5b6e1eed2b848477fa2a4787ba9adf39a41?s=96&d=mm&r=g","caption":"Redacci\u00f3n QP"},"url":"https:\/\/quehacerpolitico.mx\/?author=2"}]}},"featured_image_urls":{"full":["https:\/\/quehacerpolitico.mx\/wp-content\/uploads\/2023\/07\/IMG_9428.jpeg",1024,768,false],"thumbnail":["https:\/\/quehacerpolitico.mx\/wp-content\/uploads\/2023\/07\/IMG_9428-150x150.jpeg",150,150,true],"medium":["https:\/\/quehacerpolitico.mx\/wp-content\/uploads\/2023\/07\/IMG_9428-300x225.jpeg",300,225,true],"medium_large":["https:\/\/quehacerpolitico.mx\/wp-content\/uploads\/2023\/07\/IMG_9428-768x576.jpeg",640,480,true],"large":["https:\/\/quehacerpolitico.mx\/wp-content\/uploads\/2023\/07\/IMG_9428.jpeg",640,480,false],"1536x1536":["https:\/\/quehacerpolitico.mx\/wp-content\/uploads\/2023\/07\/IMG_9428.jpeg",1024,768,false],"2048x2048":["https:\/\/quehacerpolitico.mx\/wp-content\/uploads\/2023\/07\/IMG_9428.jpeg",1024,768,false],"covernews-featured":["https:\/\/quehacerpolitico.mx\/wp-content\/uploads\/2023\/07\/IMG_9428.jpeg",1024,768,false],"covernews-medium":["https:\/\/quehacerpolitico.mx\/wp-content\/uploads\/2023\/07\/IMG_9428.jpeg",453,340,false]},"author_info":{"display_name":"Redacci\u00f3n QP","author_link":"https:\/\/quehacerpolitico.mx\/?author=2"},"category_info":"<a href=\"https:\/\/quehacerpolitico.mx\/?cat=55\" rel=\"category\">CDMX<\/a>","tag_info":"CDMX","comment_count":"0","_links":{"self":[{"href":"https:\/\/quehacerpolitico.mx\/index.php?rest_route=\/wp\/v2\/posts\/103330","targetHints":{"allow":["GET"]}}],"collection":[{"href":"https:\/\/quehacerpolitico.mx\/index.php?rest_route=\/wp\/v2\/posts"}],"about":[{"href":"https:\/\/quehacerpolitico.mx\/index.php?rest_route=\/wp\/v2\/types\/post"}],"author":[{"embeddable":true,"href":"https:\/\/quehacerpolitico.mx\/index.php?rest_route=\/wp\/v2\/users\/2"}],"replies":[{"embeddable":true,"href":"https:\/\/quehacerpolitico.mx\/index.php?rest_route=%2Fwp%2Fv2%2Fcomments&post=103330"}],"version-history":[{"count":1,"href":"https:\/\/quehacerpolitico.mx\/index.php?rest_route=\/wp\/v2\/posts\/103330\/revisions"}],"predecessor-version":[{"id":103334,"href":"https:\/\/quehacerpolitico.mx\/index.php?rest_route=\/wp\/v2\/posts\/103330\/revisions\/103334"}],"wp:featuredmedia":[{"embeddable":true,"href":"https:\/\/quehacerpolitico.mx\/index.php?rest_route=\/wp\/v2\/media\/103333"}],"wp:attachment":[{"href":"https:\/\/quehacerpolitico.mx\/index.php?rest_route=%2Fwp%2Fv2%2Fmedia&parent=103330"}],"wp:term":[{"taxonomy":"category","embeddable":true,"href":"https:\/\/quehacerpolitico.mx\/index.php?rest_route=%2Fwp%2Fv2%2Fcategories&post=103330"},{"taxonomy":"post_tag","embeddable":true,"href":"https:\/\/quehacerpolitico.mx\/index.php?rest_route=%2Fwp%2Fv2%2Ftags&post=103330"}],"curies":[{"name":"wp","href":"https:\/\/api.w.org\/{rel}","templated":true}]}}