{"id":103311,"date":"2023-07-30T16:44:42","date_gmt":"2023-07-30T16:44:42","guid":{"rendered":"https:\/\/quehacerpolitico.mx\/?p=103311"},"modified":"2023-07-30T16:44:46","modified_gmt":"2023-07-30T16:44:46","slug":"actores-y-escritores-unidos-en-huelga-contra-la-mancha-voraz-de-la-inteligencia-artificial","status":"publish","type":"post","link":"https:\/\/quehacerpolitico.mx\/?p=103311","title":{"rendered":"Actores y escritores unidos en huelga contra la mancha voraz de la Inteligencia Artificial"},"content":{"rendered":"\n<p>Por Redacci\u00f3n QP<\/p>\n\n\n\n<p>La huelga de\u00a0actores y escritores cumple 90 d\u00edas, sin buenas noticias para los implicados<\/p>\n\n\n\n<p>Las malas noticias persisten en el mundo de las luminarias de Hollywood tras el anuncio del\u00a0<strong>aplazamiento de la entrega de los premios Emmy,<\/strong>inicialmente programados para septiembre de este a\u00f1o y que ahora ser\u00e1n en 2024. A\u00fan no se ha definido una fecha exacta, pero los rumores apuntan a enero.<\/p>\n\n\n\n<p><strong>La medida de la pausa obligatoria en las actividades de promoci\u00f3n la orden\u00f3 Fran Drescher, &nbsp;presidenta del Sindicato de Actores (SAG-AFTRA, por sus siglas en ingl\u00e9s), para mostrar el poder colectivo de sus 160 mil afiliados.<\/strong>Desde el 13 de julio, demandan mejores condiciones econ\u00f3micas y protecci\u00f3n para su profesi\u00f3n frente a la creciente amenaza de la Inteligencia Artificial (IA).&nbsp;<\/p>\n\n\n\n<p>\u201cNo esperamos que entienda qui\u00e9nes somos, pero le pedimos que nos escuche, especialmente, cuando le decimos que no nos quitar\u00e1n nuestros trabajos y se los entregar\u00e1n a los robots\u201d, dijo en la semana un furioso Bryan Cranston (\u201cBreaking Bad\u201d) en una de las protestas del SAG, un mensaje dirigido al CEO de Disney, Bob Iger.<\/p>\n\n\n\n<p>Al d\u00eda siguiente, el columnista Bill Ray recurri\u00f3 a la IA para imitar las voces \u00fanicas de Arnold Schwarzenegger, Morgan Freeman, Emma Watson y Chris Rock, demostrando la facilidad con la que se pueden replicar las estrellas de Hollywood.<\/p>\n\n\n\n<p>La amenaza de la IA ha dejado de ser una advertencia.\u00a0<strong>Las aplicaciones en internet y en los tel\u00e9fonos m\u00f3viles ya presentan a actores como Margot Robbie en animaciones interactivas<\/strong>\u00a0que prometen responder cualquier pregunta. Las demandas por usar im\u00e1genes de personalidades sin su consentimiento est\u00e1n en aumento.<\/p>\n\n\n\n<figure class=\"wp-block-embed is-type-video is-provider-youtube wp-block-embed-youtube wp-embed-aspect-16-9 wp-has-aspect-ratio\"><div class=\"wp-block-embed__wrapper\">\n<iframe loading=\"lazy\" title=\"El capi\u0301tulo de Black Mirror sobre inteligencia artificial que a alarmado a los actores de Hollywood\" width=\"640\" height=\"360\" src=\"https:\/\/www.youtube.com\/embed\/dK3r8khR8zg?feature=oembed\" frameborder=\"0\" allow=\"accelerometer; autoplay; clipboard-write; encrypted-media; gyroscope; picture-in-picture; web-share\" referrerpolicy=\"strict-origin-when-cross-origin\" allowfullscreen><\/iframe>\n<\/div><\/figure>\n\n\n\n<p>Lo curioso es que&nbsp;<strong>la IA no s\u00f3lo amenaza a los que est\u00e1n frente a la c\u00e1mara, sino tambi\u00e9n a los mismos ejecutivos que la&nbsp;AMPTP<\/strong>&nbsp;(Asociaci\u00f3n de Productores) intenta defender. Los algoritmos podr\u00edan incluso reemplazar a los encargados de la generaci\u00f3n de contenido en los estudios.<\/p>\n\n\n\n<p>M\u00e1s all\u00e1 del debate de las estrellas,\u00a0<strong>la corte de Los \u00c1ngeles anunci\u00f3 esta semana una crisis con los traductores y reporteros de corte, muchos de ellos miembros del WGA, que no est\u00e1n asistiendo a su trabajo, dejando a los enjuiciados que no hablan ingl\u00e9s sin comprensi\u00f3n ni comunicaci\u00f3n.<\/strong>\u00a0El sindicato de escritores WGA, con una huelga que ya dura 90 d\u00edas, recibi\u00f3 el pasado viernes un nuevo golpe de los estudios al informarles que los acuerdos con guionistas de primera opci\u00f3n (\u201cfirst look\u201d), que ofrecen un trato preferencial para que los guiones de cine y televisi\u00f3n puedan ser adquiridos antes de disputarse en el mercado competitivo -a veces incluso con un pago mensual para el desarrollo de estos escritos-, finalizan este 1 de agosto.<\/p>\n\n\n\n<p>Mientras celebridades como Dwayne Johnson han ofrecido sumas millonarias para asistir a los actores m\u00e1s afectados, demostrando solidaridad, el SAG y WGA siguen esperando que la AMPTP retorne a la mesa de negociaciones con una mejor propuesta para el futuro de estas organizaciones.<\/p>\n\n\n\n<p>En un a\u00f1o en que el m\u00edtico letrero de Hollywood celebra su centenario, su brillo parece haberse opacado moment\u00e1neamente. No hay luz ni reflector que lo ilumine hoy.<\/p>\n\n\n\n<h4 class=\"wp-block-heading\">Se suma a la huelga<\/h4>\n\n\n\n<p>Y mientras la IA tiene de cabeza a la industria, la ic\u00f3nica actriz Jane Fonda, de 85 a\u00f1os, se present\u00f3 en un emotivo acto de solidaridad con los actores y escritores de Hollywood que actualmente est\u00e1n en huelga.<\/p>\n\n\n\n<p>Ataviada con una camiseta negra y un sombrero de Sol para protegerse de una temperatura de alrededor de 33 grados Celsius, Fonda abog\u00f3 por los trabajadores y expres\u00f3 su llamado a un ambiente laboral justo con un salario digno.<\/p>\n\n\n\n<p>\u201cEstos trabajadores no est\u00e1n pidiendo tanto. Simplemente est\u00e1n solicitando un ambiente laboral seguro, protegido y respetuoso, un salario digno\u201d, cont\u00f3 ante una multitud que aplaudi\u00f3 sus palabras.<\/p>\n\n\n\n<p>La actriz enfatiz\u00f3 la importancia del derecho a la organizaci\u00f3n libre de represalias. \u201cY el derecho a organizarse sin temor, intimidaci\u00f3n y coerci\u00f3n\u201d, agreg\u00f3.<\/p>\n\n\n\n<p>No obstante, al final de su intervenci\u00f3n pareci\u00f3 sufrir una indisposici\u00f3n. Por la que fue asistida para retirarse del escenario y acomodarse en una silla, con la cabeza inclinada, mientras las personas a su alrededor le prestaban cuidados. Personal de salud report\u00f3 que la actriz se encuentra bien de salud.&nbsp;<\/p>\n\n\n\n<p>Fonda, quien hace apenas tres meses anunci\u00f3 que estaba libre de c\u00e1ncer tras ser diagnosticada con linfoma de Hodgkin, ha sido una ferviente defensora de la huelga que ya desat\u00f3 movilizaciones en estudios y redes en Los \u00c1ngeles, Nueva York, Chicago y Comic-Con International: San Diego.<\/p>\n\n\n\n<p><strong>Este es el primer paro de actores en la industria del cine y la televisi\u00f3n desde 1980, y la primera huelga simult\u00e1nea de actores y escritores desde 1960<\/strong>. Fue convocado por SAG-AFTRA, en respuesta a la falta de acuerdo en las negociaciones con los estudios.<\/p>\n","protected":false},"excerpt":{"rendered":"<p>Por Redacci\u00f3n QP La huelga de\u00a0actores y escritores cumple 90 d\u00edas, sin buenas noticias para&#8230;<\/p>\n","protected":false},"author":2,"featured_media":103312,"comment_status":"open","ping_status":"open","sticky":false,"template":"","format":"standard","meta":{"_monsterinsights_skip_tracking":false,"_monsterinsights_sitenote_active":false,"_monsterinsights_sitenote_note":"","_monsterinsights_sitenote_category":0,"footnotes":""},"categories":[58],"tags":[],"class_list":["post-103311","post","type-post","status-publish","format-standard","has-post-thumbnail","hentry","category-cultura"],"yoast_head":"<!-- This site is optimized with the Yoast SEO plugin v27.3 - https:\/\/yoast.com\/product\/yoast-seo-wordpress\/ -->\n<title>Actores y escritores unidos en huelga contra la mancha voraz de la Inteligencia Artificial -<\/title>\n<meta name=\"robots\" content=\"index, follow, max-snippet:-1, max-image-preview:large, max-video-preview:-1\" \/>\n<link rel=\"canonical\" href=\"https:\/\/quehacerpolitico.mx\/?p=103311\" \/>\n<meta property=\"og:locale\" content=\"es_MX\" \/>\n<meta property=\"og:type\" content=\"article\" \/>\n<meta property=\"og:title\" content=\"Actores y escritores unidos en huelga contra la mancha voraz de la Inteligencia Artificial -\" \/>\n<meta property=\"og:description\" content=\"Por Redacci\u00f3n QP La huelga de\u00a0actores y escritores cumple 90 d\u00edas, sin buenas noticias para...\" \/>\n<meta property=\"og:url\" content=\"https:\/\/quehacerpolitico.mx\/?p=103311\" \/>\n<meta property=\"article:published_time\" content=\"2023-07-30T16:44:42+00:00\" \/>\n<meta property=\"article:modified_time\" content=\"2023-07-30T16:44:46+00:00\" \/>\n<meta property=\"og:image\" content=\"https:\/\/quehacerpolitico.mx\/wp-content\/uploads\/2023\/07\/IMG_9417.jpeg\" \/>\n\t<meta property=\"og:image:width\" content=\"1284\" \/>\n\t<meta property=\"og:image:height\" content=\"708\" \/>\n\t<meta property=\"og:image:type\" content=\"image\/jpeg\" \/>\n<meta name=\"author\" content=\"Redacci\u00f3n QP\" \/>\n<meta name=\"twitter:card\" content=\"summary_large_image\" \/>\n<meta name=\"twitter:label1\" content=\"Escrito por\" \/>\n\t<meta name=\"twitter:data1\" content=\"Redacci\u00f3n QP\" \/>\n\t<meta name=\"twitter:label2\" content=\"Tiempo de lectura\" \/>\n\t<meta name=\"twitter:data2\" content=\"4 minutos\" \/>\n<script type=\"application\/ld+json\" class=\"yoast-schema-graph\">{\"@context\":\"https:\\\/\\\/schema.org\",\"@graph\":[{\"@type\":\"Article\",\"@id\":\"https:\\\/\\\/quehacerpolitico.mx\\\/?p=103311#article\",\"isPartOf\":{\"@id\":\"https:\\\/\\\/quehacerpolitico.mx\\\/?p=103311\"},\"author\":{\"name\":\"Redacci\u00f3n QP\",\"@id\":\"https:\\\/\\\/quehacerpolitico.mx\\\/#\\\/schema\\\/person\\\/496d8ad2d1d3f8036101dca7ee39e585\"},\"headline\":\"Actores y escritores unidos en huelga contra la mancha voraz de la Inteligencia Artificial\",\"datePublished\":\"2023-07-30T16:44:42+00:00\",\"dateModified\":\"2023-07-30T16:44:46+00:00\",\"mainEntityOfPage\":{\"@id\":\"https:\\\/\\\/quehacerpolitico.mx\\\/?p=103311\"},\"wordCount\":855,\"commentCount\":0,\"image\":{\"@id\":\"https:\\\/\\\/quehacerpolitico.mx\\\/?p=103311#primaryimage\"},\"thumbnailUrl\":\"https:\\\/\\\/quehacerpolitico.mx\\\/wp-content\\\/uploads\\\/2023\\\/07\\\/IMG_9417.jpeg\",\"articleSection\":[\"Cultura y Entretenimiento\"],\"inLanguage\":\"es\",\"potentialAction\":[{\"@type\":\"CommentAction\",\"name\":\"Comment\",\"target\":[\"https:\\\/\\\/quehacerpolitico.mx\\\/?p=103311#respond\"]}]},{\"@type\":\"WebPage\",\"@id\":\"https:\\\/\\\/quehacerpolitico.mx\\\/?p=103311\",\"url\":\"https:\\\/\\\/quehacerpolitico.mx\\\/?p=103311\",\"name\":\"Actores y escritores unidos en huelga contra la mancha voraz de la Inteligencia Artificial -\",\"isPartOf\":{\"@id\":\"https:\\\/\\\/quehacerpolitico.mx\\\/#website\"},\"primaryImageOfPage\":{\"@id\":\"https:\\\/\\\/quehacerpolitico.mx\\\/?p=103311#primaryimage\"},\"image\":{\"@id\":\"https:\\\/\\\/quehacerpolitico.mx\\\/?p=103311#primaryimage\"},\"thumbnailUrl\":\"https:\\\/\\\/quehacerpolitico.mx\\\/wp-content\\\/uploads\\\/2023\\\/07\\\/IMG_9417.jpeg\",\"datePublished\":\"2023-07-30T16:44:42+00:00\",\"dateModified\":\"2023-07-30T16:44:46+00:00\",\"author\":{\"@id\":\"https:\\\/\\\/quehacerpolitico.mx\\\/#\\\/schema\\\/person\\\/496d8ad2d1d3f8036101dca7ee39e585\"},\"breadcrumb\":{\"@id\":\"https:\\\/\\\/quehacerpolitico.mx\\\/?p=103311#breadcrumb\"},\"inLanguage\":\"es\",\"potentialAction\":[{\"@type\":\"ReadAction\",\"target\":[\"https:\\\/\\\/quehacerpolitico.mx\\\/?p=103311\"]}]},{\"@type\":\"ImageObject\",\"inLanguage\":\"es\",\"@id\":\"https:\\\/\\\/quehacerpolitico.mx\\\/?p=103311#primaryimage\",\"url\":\"https:\\\/\\\/quehacerpolitico.mx\\\/wp-content\\\/uploads\\\/2023\\\/07\\\/IMG_9417.jpeg\",\"contentUrl\":\"https:\\\/\\\/quehacerpolitico.mx\\\/wp-content\\\/uploads\\\/2023\\\/07\\\/IMG_9417.jpeg\",\"width\":1284,\"height\":708},{\"@type\":\"BreadcrumbList\",\"@id\":\"https:\\\/\\\/quehacerpolitico.mx\\\/?p=103311#breadcrumb\",\"itemListElement\":[{\"@type\":\"ListItem\",\"position\":1,\"name\":\"Inicio\",\"item\":\"https:\\\/\\\/quehacerpolitico.mx\\\/\"},{\"@type\":\"ListItem\",\"position\":2,\"name\":\"Actores y escritores unidos en huelga contra la mancha voraz de la Inteligencia Artificial\"}]},{\"@type\":\"WebSite\",\"@id\":\"https:\\\/\\\/quehacerpolitico.mx\\\/#website\",\"url\":\"https:\\\/\\\/quehacerpolitico.mx\\\/\",\"name\":\"\",\"description\":\"\",\"potentialAction\":[{\"@type\":\"SearchAction\",\"target\":{\"@type\":\"EntryPoint\",\"urlTemplate\":\"https:\\\/\\\/quehacerpolitico.mx\\\/?s={search_term_string}\"},\"query-input\":{\"@type\":\"PropertyValueSpecification\",\"valueRequired\":true,\"valueName\":\"search_term_string\"}}],\"inLanguage\":\"es\"},{\"@type\":\"Person\",\"@id\":\"https:\\\/\\\/quehacerpolitico.mx\\\/#\\\/schema\\\/person\\\/496d8ad2d1d3f8036101dca7ee39e585\",\"name\":\"Redacci\u00f3n QP\",\"image\":{\"@type\":\"ImageObject\",\"inLanguage\":\"es\",\"@id\":\"https:\\\/\\\/secure.gravatar.com\\\/avatar\\\/c7164ed6fdec453195284ad24a5ae5b6e1eed2b848477fa2a4787ba9adf39a41?s=96&d=mm&r=g\",\"url\":\"https:\\\/\\\/secure.gravatar.com\\\/avatar\\\/c7164ed6fdec453195284ad24a5ae5b6e1eed2b848477fa2a4787ba9adf39a41?s=96&d=mm&r=g\",\"contentUrl\":\"https:\\\/\\\/secure.gravatar.com\\\/avatar\\\/c7164ed6fdec453195284ad24a5ae5b6e1eed2b848477fa2a4787ba9adf39a41?s=96&d=mm&r=g\",\"caption\":\"Redacci\u00f3n QP\"},\"url\":\"https:\\\/\\\/quehacerpolitico.mx\\\/?author=2\"}]}<\/script>\n<!-- \/ Yoast SEO plugin. -->","yoast_head_json":{"title":"Actores y escritores unidos en huelga contra la mancha voraz de la Inteligencia Artificial -","robots":{"index":"index","follow":"follow","max-snippet":"max-snippet:-1","max-image-preview":"max-image-preview:large","max-video-preview":"max-video-preview:-1"},"canonical":"https:\/\/quehacerpolitico.mx\/?p=103311","og_locale":"es_MX","og_type":"article","og_title":"Actores y escritores unidos en huelga contra la mancha voraz de la Inteligencia Artificial -","og_description":"Por Redacci\u00f3n QP La huelga de\u00a0actores y escritores cumple 90 d\u00edas, sin buenas noticias para...","og_url":"https:\/\/quehacerpolitico.mx\/?p=103311","article_published_time":"2023-07-30T16:44:42+00:00","article_modified_time":"2023-07-30T16:44:46+00:00","og_image":[{"width":1284,"height":708,"url":"https:\/\/quehacerpolitico.mx\/wp-content\/uploads\/2023\/07\/IMG_9417.jpeg","type":"image\/jpeg"}],"author":"Redacci\u00f3n QP","twitter_card":"summary_large_image","twitter_misc":{"Escrito por":"Redacci\u00f3n QP","Tiempo de lectura":"4 minutos"},"schema":{"@context":"https:\/\/schema.org","@graph":[{"@type":"Article","@id":"https:\/\/quehacerpolitico.mx\/?p=103311#article","isPartOf":{"@id":"https:\/\/quehacerpolitico.mx\/?p=103311"},"author":{"name":"Redacci\u00f3n QP","@id":"https:\/\/quehacerpolitico.mx\/#\/schema\/person\/496d8ad2d1d3f8036101dca7ee39e585"},"headline":"Actores y escritores unidos en huelga contra la mancha voraz de la Inteligencia Artificial","datePublished":"2023-07-30T16:44:42+00:00","dateModified":"2023-07-30T16:44:46+00:00","mainEntityOfPage":{"@id":"https:\/\/quehacerpolitico.mx\/?p=103311"},"wordCount":855,"commentCount":0,"image":{"@id":"https:\/\/quehacerpolitico.mx\/?p=103311#primaryimage"},"thumbnailUrl":"https:\/\/quehacerpolitico.mx\/wp-content\/uploads\/2023\/07\/IMG_9417.jpeg","articleSection":["Cultura y Entretenimiento"],"inLanguage":"es","potentialAction":[{"@type":"CommentAction","name":"Comment","target":["https:\/\/quehacerpolitico.mx\/?p=103311#respond"]}]},{"@type":"WebPage","@id":"https:\/\/quehacerpolitico.mx\/?p=103311","url":"https:\/\/quehacerpolitico.mx\/?p=103311","name":"Actores y escritores unidos en huelga contra la mancha voraz de la Inteligencia Artificial -","isPartOf":{"@id":"https:\/\/quehacerpolitico.mx\/#website"},"primaryImageOfPage":{"@id":"https:\/\/quehacerpolitico.mx\/?p=103311#primaryimage"},"image":{"@id":"https:\/\/quehacerpolitico.mx\/?p=103311#primaryimage"},"thumbnailUrl":"https:\/\/quehacerpolitico.mx\/wp-content\/uploads\/2023\/07\/IMG_9417.jpeg","datePublished":"2023-07-30T16:44:42+00:00","dateModified":"2023-07-30T16:44:46+00:00","author":{"@id":"https:\/\/quehacerpolitico.mx\/#\/schema\/person\/496d8ad2d1d3f8036101dca7ee39e585"},"breadcrumb":{"@id":"https:\/\/quehacerpolitico.mx\/?p=103311#breadcrumb"},"inLanguage":"es","potentialAction":[{"@type":"ReadAction","target":["https:\/\/quehacerpolitico.mx\/?p=103311"]}]},{"@type":"ImageObject","inLanguage":"es","@id":"https:\/\/quehacerpolitico.mx\/?p=103311#primaryimage","url":"https:\/\/quehacerpolitico.mx\/wp-content\/uploads\/2023\/07\/IMG_9417.jpeg","contentUrl":"https:\/\/quehacerpolitico.mx\/wp-content\/uploads\/2023\/07\/IMG_9417.jpeg","width":1284,"height":708},{"@type":"BreadcrumbList","@id":"https:\/\/quehacerpolitico.mx\/?p=103311#breadcrumb","itemListElement":[{"@type":"ListItem","position":1,"name":"Inicio","item":"https:\/\/quehacerpolitico.mx\/"},{"@type":"ListItem","position":2,"name":"Actores y escritores unidos en huelga contra la mancha voraz de la Inteligencia Artificial"}]},{"@type":"WebSite","@id":"https:\/\/quehacerpolitico.mx\/#website","url":"https:\/\/quehacerpolitico.mx\/","name":"","description":"","potentialAction":[{"@type":"SearchAction","target":{"@type":"EntryPoint","urlTemplate":"https:\/\/quehacerpolitico.mx\/?s={search_term_string}"},"query-input":{"@type":"PropertyValueSpecification","valueRequired":true,"valueName":"search_term_string"}}],"inLanguage":"es"},{"@type":"Person","@id":"https:\/\/quehacerpolitico.mx\/#\/schema\/person\/496d8ad2d1d3f8036101dca7ee39e585","name":"Redacci\u00f3n QP","image":{"@type":"ImageObject","inLanguage":"es","@id":"https:\/\/secure.gravatar.com\/avatar\/c7164ed6fdec453195284ad24a5ae5b6e1eed2b848477fa2a4787ba9adf39a41?s=96&d=mm&r=g","url":"https:\/\/secure.gravatar.com\/avatar\/c7164ed6fdec453195284ad24a5ae5b6e1eed2b848477fa2a4787ba9adf39a41?s=96&d=mm&r=g","contentUrl":"https:\/\/secure.gravatar.com\/avatar\/c7164ed6fdec453195284ad24a5ae5b6e1eed2b848477fa2a4787ba9adf39a41?s=96&d=mm&r=g","caption":"Redacci\u00f3n QP"},"url":"https:\/\/quehacerpolitico.mx\/?author=2"}]}},"featured_image_urls":{"full":["https:\/\/quehacerpolitico.mx\/wp-content\/uploads\/2023\/07\/IMG_9417.jpeg",1284,708,false],"thumbnail":["https:\/\/quehacerpolitico.mx\/wp-content\/uploads\/2023\/07\/IMG_9417-150x150.jpeg",150,150,true],"medium":["https:\/\/quehacerpolitico.mx\/wp-content\/uploads\/2023\/07\/IMG_9417-300x165.jpeg",300,165,true],"medium_large":["https:\/\/quehacerpolitico.mx\/wp-content\/uploads\/2023\/07\/IMG_9417-768x423.jpeg",640,353,true],"large":["https:\/\/quehacerpolitico.mx\/wp-content\/uploads\/2023\/07\/IMG_9417-1024x565.jpeg",640,353,true],"1536x1536":["https:\/\/quehacerpolitico.mx\/wp-content\/uploads\/2023\/07\/IMG_9417.jpeg",1284,708,false],"2048x2048":["https:\/\/quehacerpolitico.mx\/wp-content\/uploads\/2023\/07\/IMG_9417.jpeg",1284,708,false],"covernews-featured":["https:\/\/quehacerpolitico.mx\/wp-content\/uploads\/2023\/07\/IMG_9417.jpeg",1024,565,false],"covernews-medium":["https:\/\/quehacerpolitico.mx\/wp-content\/uploads\/2023\/07\/IMG_9417.jpeg",540,298,false]},"author_info":{"display_name":"Redacci\u00f3n QP","author_link":"https:\/\/quehacerpolitico.mx\/?author=2"},"category_info":"<a href=\"https:\/\/quehacerpolitico.mx\/?cat=58\" rel=\"category\">Cultura y Entretenimiento<\/a>","tag_info":"Cultura y Entretenimiento","comment_count":"0","_links":{"self":[{"href":"https:\/\/quehacerpolitico.mx\/index.php?rest_route=\/wp\/v2\/posts\/103311","targetHints":{"allow":["GET"]}}],"collection":[{"href":"https:\/\/quehacerpolitico.mx\/index.php?rest_route=\/wp\/v2\/posts"}],"about":[{"href":"https:\/\/quehacerpolitico.mx\/index.php?rest_route=\/wp\/v2\/types\/post"}],"author":[{"embeddable":true,"href":"https:\/\/quehacerpolitico.mx\/index.php?rest_route=\/wp\/v2\/users\/2"}],"replies":[{"embeddable":true,"href":"https:\/\/quehacerpolitico.mx\/index.php?rest_route=%2Fwp%2Fv2%2Fcomments&post=103311"}],"version-history":[{"count":1,"href":"https:\/\/quehacerpolitico.mx\/index.php?rest_route=\/wp\/v2\/posts\/103311\/revisions"}],"predecessor-version":[{"id":103313,"href":"https:\/\/quehacerpolitico.mx\/index.php?rest_route=\/wp\/v2\/posts\/103311\/revisions\/103313"}],"wp:featuredmedia":[{"embeddable":true,"href":"https:\/\/quehacerpolitico.mx\/index.php?rest_route=\/wp\/v2\/media\/103312"}],"wp:attachment":[{"href":"https:\/\/quehacerpolitico.mx\/index.php?rest_route=%2Fwp%2Fv2%2Fmedia&parent=103311"}],"wp:term":[{"taxonomy":"category","embeddable":true,"href":"https:\/\/quehacerpolitico.mx\/index.php?rest_route=%2Fwp%2Fv2%2Fcategories&post=103311"},{"taxonomy":"post_tag","embeddable":true,"href":"https:\/\/quehacerpolitico.mx\/index.php?rest_route=%2Fwp%2Fv2%2Ftags&post=103311"}],"curies":[{"name":"wp","href":"https:\/\/api.w.org\/{rel}","templated":true}]}}