{"id":103276,"date":"2023-07-27T23:38:20","date_gmt":"2023-07-27T23:38:20","guid":{"rendered":"https:\/\/quehacerpolitico.mx\/?p=103276"},"modified":"2023-07-27T23:38:22","modified_gmt":"2023-07-27T23:38:22","slug":"se-reporto-una-protesta-en-berlin-contra-el-tren-maya-la-obra-prioritaria-del-gobierno-de-andres-manuel-lopez-obrador","status":"publish","type":"post","link":"https:\/\/quehacerpolitico.mx\/?p=103276","title":{"rendered":"Se report\u00f3 una protesta en\u00a0Berl\u00edn\u00a0contra el\u00a0Tren Maya, la obra prioritaria del Gobierno de Andr\u00e9s\u00a0Manuel L\u00f3pez Obrador"},"content":{"rendered":"\n<p>Por Redacci\u00f3n QP<\/p>\n\n\n\n<p>Protestan en Berl\u00edn contra el Tren Maya: Este jueves se report\u00f3 una protesta en\u00a0<strong>Berl\u00edn<\/strong>\u00a0contra el\u00a0Tren Maya, la obra prioritaria del Gobierno de Andr\u00e9s\u00a0<strong>Manuel L\u00f3pez Obrador.<\/strong><\/p>\n\n\n\n<p>Los manifestantes rompieron vidrios y realizaron pintas en una oficina de Deutsche Bahn, compa\u00f1\u00eda ferroviaria alemana situada en&nbsp;<strong>Berl\u00edn-Mitt.<\/strong><\/p>\n\n\n\n<p>De acuerdo con medios internacionales y locales, los manifestantes adem\u00e1s incendiaron dos veh\u00edculos de la empresa.<\/p>\n\n\n\n<p>Se sabe que la protesta es en contra del\u00a0<strong>Tren Maya de AMLO<\/strong>, debido a que entre las pintas realizadas se encontr\u00f3 la leyenda\u00a0<strong>\u201cStop Tren Maya\u201d.<\/strong><\/p>\n\n\n\n<p>En la construcci\u00f3n del tren en el sur de M\u00e9xico&nbsp;<strong>participa una filial de la ferroviaria Deutsche Bahn.&nbsp;<\/strong><\/p>\n\n\n\n<p>Se desconoce si la protesta contra el Tren Maya en Berl\u00edn responde a la determinaci\u00f3n de un tribunal internacional sobre el ecocidio de la obra.<\/p>\n\n\n\n<figure class=\"wp-block-image\"><img decoding=\"async\" src=\"https:\/\/aristeguinoticias.com\/_next\/image\/?url=https%3A%2F%2Feditorial.aristeguinoticias.com%2Fwp-content%2Fuploads%2F2023%2F07%2F96e96dce-8baf-4191-bd83-b77c58a21daa.jpg&amp;w=3840&amp;q=75\" alt=\"Protestan en Berl\u00edn contra Tren Maya de AMLO\"\/><figcaption class=\"wp-element-caption\">Protestan en Berlin contra el Tren Maya<\/figcaption><\/figure>\n\n\n\n<h2 class=\"wp-block-heading\"><strong>Tribunal internacional confirm\u00f3 el ecocidio del Tren Maya<\/strong><\/h2>\n\n\n\n<p>El&nbsp;<strong>Tribunal Internacional<\/strong>&nbsp;confirm\u00f3 que la \u201cCuarta Transformaci\u00f3n\u201d (<strong>4T<\/strong>) est\u00e1 cometiendo&nbsp;<strong>ecocidio<\/strong>&nbsp;con el<strong>&nbsp;Tren Maya,<\/strong>&nbsp;megaproyecto que supuestamente lo van a inaugurar en diciembre de este a\u00f1o.<\/p>\n\n\n\n<p>Con el Tren Maya, obra insignia de AMLO,\u00a0<strong>M\u00e9xico<\/strong>viola los derechos de la naturaleza y de la comunidad maya del sur del pa\u00eds. Lo que se considera un ecocidio y un etnocidio, determin\u00f3 este mi\u00e9rcoles el<strong>\u00a0Tribunal Internacional de los Derechos de la Naturaleza<\/strong>.<\/p>\n\n\n\n<figure class=\"wp-block-embed is-type-rich is-provider-twitter wp-block-embed-twitter\"><div class=\"wp-block-embed__wrapper\">\n<blockquote class=\"twitter-tweet\" data-width=\"550\" data-dnt=\"true\"><p lang=\"es\" dir=\"ltr\">Compartimos el veredicto del Tribunal Internacional de los Derechos de la Naturaleza sobre el caso del <a href=\"https:\/\/twitter.com\/hashtag\/TrenMaya?src=hash&amp;ref_src=twsrc%5Etfw\">#TrenMaya<\/a> en <a href=\"https:\/\/twitter.com\/hashtag\/M%C3%A9xico?src=hash&amp;ref_src=twsrc%5Etfw\">#M\u00e9xico<\/a> \ud83c\udf3f\ud83c\uddf2\ud83c\uddfd<br><br>\ud83d\udcc4 Accede al veredicto aqu\u00ed: <a href=\"https:\/\/t.co\/DGl7VdgZG2\">https:\/\/t.co\/DGl7VdgZG2<\/a><br>\u2139\ufe0f M\u00e1s informaci\u00f3n: <a href=\"https:\/\/t.co\/tMRrUrO464\">https:\/\/t.co\/tMRrUrO464<\/a> <br>\ud83c\udfa5 Asiste al lanzamiento: <a href=\"https:\/\/t.co\/7W7pvZh09X\">https:\/\/t.co\/7W7pvZh09X<\/a> <a href=\"https:\/\/t.co\/4PziRaWvdm\">pic.twitter.com\/4PziRaWvdm<\/a><\/p>&mdash; International Rights of Nature Tribunal (@rontribunal) <a href=\"https:\/\/twitter.com\/rontribunal\/status\/1684290870135123969?ref_src=twsrc%5Etfw\">July 26, 2023<\/a><\/blockquote><script async src=\"https:\/\/platform.twitter.com\/widgets.js\" charset=\"utf-8\"><\/script>\n<\/div><\/figure>\n\n\n\n<p><em>\u201cEl veredicto del Tribunal destaca la violaci\u00f3n de los derechos de la naturaleza y los derechos bioculturales del pueblo maya. Quienes han sido y contin\u00faan siendo guardianes de su territorio, cenotes, cuevas, selvas, biodiversidad y cultivos tradicionales.<\/em>\u00a0Se considera un crimen de ecocidio y etnocidio, y el Tribunal responsabiliza al Estado mexicano\u201d,\u00a0reflej\u00f3 el informe.<\/p>\n\n\n\n<figure class=\"wp-block-embed is-type-video is-provider-youtube wp-block-embed-youtube wp-embed-aspect-16-9 wp-has-aspect-ratio\"><div class=\"wp-block-embed__wrapper\">\n<iframe loading=\"lazy\" title=\"Lanzamiento del veredicto del caso Tren Maya - Tribunal de los Derechos de la Naturaleza\" width=\"640\" height=\"360\" src=\"https:\/\/www.youtube.com\/embed\/8rYtmnyAlSs?feature=oembed\" frameborder=\"0\" allow=\"accelerometer; autoplay; clipboard-write; encrypted-media; gyroscope; picture-in-picture; web-share\" referrerpolicy=\"strict-origin-when-cross-origin\" allowfullscreen><\/iframe>\n<\/div><\/figure>\n","protected":false},"excerpt":{"rendered":"<p>Por Redacci\u00f3n QP Protestan en Berl\u00edn contra el Tren Maya: Este jueves se report\u00f3 una&#8230;<\/p>\n","protected":false},"author":2,"featured_media":103277,"comment_status":"open","ping_status":"open","sticky":false,"template":"","format":"standard","meta":{"_monsterinsights_skip_tracking":false,"_monsterinsights_sitenote_active":false,"_monsterinsights_sitenote_note":"","_monsterinsights_sitenote_category":0,"footnotes":""},"categories":[2],"tags":[],"class_list":["post-103276","post","type-post","status-publish","format-standard","has-post-thumbnail","hentry","category-noticias"],"yoast_head":"<!-- This site is optimized with the Yoast SEO plugin v27.3 - https:\/\/yoast.com\/product\/yoast-seo-wordpress\/ -->\n<title>Se report\u00f3 una protesta en\u00a0Berl\u00edn\u00a0contra el\u00a0Tren Maya, la obra prioritaria del Gobierno de Andr\u00e9s\u00a0Manuel L\u00f3pez Obrador -<\/title>\n<meta name=\"robots\" content=\"index, follow, max-snippet:-1, max-image-preview:large, max-video-preview:-1\" \/>\n<link rel=\"canonical\" href=\"https:\/\/quehacerpolitico.mx\/?p=103276\" \/>\n<meta property=\"og:locale\" content=\"es_MX\" \/>\n<meta property=\"og:type\" content=\"article\" \/>\n<meta property=\"og:title\" content=\"Se report\u00f3 una protesta en\u00a0Berl\u00edn\u00a0contra el\u00a0Tren Maya, la obra prioritaria del Gobierno de Andr\u00e9s\u00a0Manuel L\u00f3pez Obrador -\" \/>\n<meta property=\"og:description\" content=\"Por Redacci\u00f3n QP Protestan en Berl\u00edn contra el Tren Maya: Este jueves se report\u00f3 una...\" \/>\n<meta property=\"og:url\" content=\"https:\/\/quehacerpolitico.mx\/?p=103276\" \/>\n<meta property=\"article:published_time\" content=\"2023-07-27T23:38:20+00:00\" \/>\n<meta property=\"article:modified_time\" content=\"2023-07-27T23:38:22+00:00\" \/>\n<meta property=\"og:image\" content=\"https:\/\/quehacerpolitico.mx\/wp-content\/uploads\/2023\/07\/IMG_9380.webp\" \/>\n\t<meta property=\"og:image:width\" content=\"1200\" \/>\n\t<meta property=\"og:image:height\" content=\"525\" \/>\n\t<meta property=\"og:image:type\" content=\"image\/webp\" \/>\n<meta name=\"author\" content=\"Redacci\u00f3n QP\" \/>\n<meta name=\"twitter:card\" content=\"summary_large_image\" \/>\n<meta name=\"twitter:label1\" content=\"Escrito por\" \/>\n\t<meta name=\"twitter:data1\" content=\"Redacci\u00f3n QP\" \/>\n\t<meta name=\"twitter:label2\" content=\"Tiempo de lectura\" \/>\n\t<meta name=\"twitter:data2\" content=\"2 minutos\" \/>\n<script type=\"application\/ld+json\" class=\"yoast-schema-graph\">{\"@context\":\"https:\\\/\\\/schema.org\",\"@graph\":[{\"@type\":\"Article\",\"@id\":\"https:\\\/\\\/quehacerpolitico.mx\\\/?p=103276#article\",\"isPartOf\":{\"@id\":\"https:\\\/\\\/quehacerpolitico.mx\\\/?p=103276\"},\"author\":{\"name\":\"Redacci\u00f3n QP\",\"@id\":\"https:\\\/\\\/quehacerpolitico.mx\\\/#\\\/schema\\\/person\\\/496d8ad2d1d3f8036101dca7ee39e585\"},\"headline\":\"Se report\u00f3 una protesta en\u00a0Berl\u00edn\u00a0contra el\u00a0Tren Maya, la obra prioritaria del Gobierno de Andr\u00e9s\u00a0Manuel L\u00f3pez Obrador\",\"datePublished\":\"2023-07-27T23:38:20+00:00\",\"dateModified\":\"2023-07-27T23:38:22+00:00\",\"mainEntityOfPage\":{\"@id\":\"https:\\\/\\\/quehacerpolitico.mx\\\/?p=103276\"},\"wordCount\":346,\"commentCount\":0,\"image\":{\"@id\":\"https:\\\/\\\/quehacerpolitico.mx\\\/?p=103276#primaryimage\"},\"thumbnailUrl\":\"https:\\\/\\\/quehacerpolitico.mx\\\/wp-content\\\/uploads\\\/2023\\\/07\\\/IMG_9380.webp\",\"articleSection\":[\"Noticias\"],\"inLanguage\":\"es\",\"potentialAction\":[{\"@type\":\"CommentAction\",\"name\":\"Comment\",\"target\":[\"https:\\\/\\\/quehacerpolitico.mx\\\/?p=103276#respond\"]}]},{\"@type\":\"WebPage\",\"@id\":\"https:\\\/\\\/quehacerpolitico.mx\\\/?p=103276\",\"url\":\"https:\\\/\\\/quehacerpolitico.mx\\\/?p=103276\",\"name\":\"Se report\u00f3 una protesta en\u00a0Berl\u00edn\u00a0contra el\u00a0Tren Maya, la obra prioritaria del Gobierno de Andr\u00e9s\u00a0Manuel L\u00f3pez Obrador -\",\"isPartOf\":{\"@id\":\"https:\\\/\\\/quehacerpolitico.mx\\\/#website\"},\"primaryImageOfPage\":{\"@id\":\"https:\\\/\\\/quehacerpolitico.mx\\\/?p=103276#primaryimage\"},\"image\":{\"@id\":\"https:\\\/\\\/quehacerpolitico.mx\\\/?p=103276#primaryimage\"},\"thumbnailUrl\":\"https:\\\/\\\/quehacerpolitico.mx\\\/wp-content\\\/uploads\\\/2023\\\/07\\\/IMG_9380.webp\",\"datePublished\":\"2023-07-27T23:38:20+00:00\",\"dateModified\":\"2023-07-27T23:38:22+00:00\",\"author\":{\"@id\":\"https:\\\/\\\/quehacerpolitico.mx\\\/#\\\/schema\\\/person\\\/496d8ad2d1d3f8036101dca7ee39e585\"},\"breadcrumb\":{\"@id\":\"https:\\\/\\\/quehacerpolitico.mx\\\/?p=103276#breadcrumb\"},\"inLanguage\":\"es\",\"potentialAction\":[{\"@type\":\"ReadAction\",\"target\":[\"https:\\\/\\\/quehacerpolitico.mx\\\/?p=103276\"]}]},{\"@type\":\"ImageObject\",\"inLanguage\":\"es\",\"@id\":\"https:\\\/\\\/quehacerpolitico.mx\\\/?p=103276#primaryimage\",\"url\":\"https:\\\/\\\/quehacerpolitico.mx\\\/wp-content\\\/uploads\\\/2023\\\/07\\\/IMG_9380.webp\",\"contentUrl\":\"https:\\\/\\\/quehacerpolitico.mx\\\/wp-content\\\/uploads\\\/2023\\\/07\\\/IMG_9380.webp\",\"width\":1200,\"height\":525},{\"@type\":\"BreadcrumbList\",\"@id\":\"https:\\\/\\\/quehacerpolitico.mx\\\/?p=103276#breadcrumb\",\"itemListElement\":[{\"@type\":\"ListItem\",\"position\":1,\"name\":\"Inicio\",\"item\":\"https:\\\/\\\/quehacerpolitico.mx\\\/\"},{\"@type\":\"ListItem\",\"position\":2,\"name\":\"Se report\u00f3 una protesta en\u00a0Berl\u00edn\u00a0contra el\u00a0Tren Maya, la obra prioritaria del Gobierno de Andr\u00e9s\u00a0Manuel L\u00f3pez Obrador\"}]},{\"@type\":\"WebSite\",\"@id\":\"https:\\\/\\\/quehacerpolitico.mx\\\/#website\",\"url\":\"https:\\\/\\\/quehacerpolitico.mx\\\/\",\"name\":\"\",\"description\":\"\",\"potentialAction\":[{\"@type\":\"SearchAction\",\"target\":{\"@type\":\"EntryPoint\",\"urlTemplate\":\"https:\\\/\\\/quehacerpolitico.mx\\\/?s={search_term_string}\"},\"query-input\":{\"@type\":\"PropertyValueSpecification\",\"valueRequired\":true,\"valueName\":\"search_term_string\"}}],\"inLanguage\":\"es\"},{\"@type\":\"Person\",\"@id\":\"https:\\\/\\\/quehacerpolitico.mx\\\/#\\\/schema\\\/person\\\/496d8ad2d1d3f8036101dca7ee39e585\",\"name\":\"Redacci\u00f3n QP\",\"image\":{\"@type\":\"ImageObject\",\"inLanguage\":\"es\",\"@id\":\"https:\\\/\\\/secure.gravatar.com\\\/avatar\\\/c7164ed6fdec453195284ad24a5ae5b6e1eed2b848477fa2a4787ba9adf39a41?s=96&d=mm&r=g\",\"url\":\"https:\\\/\\\/secure.gravatar.com\\\/avatar\\\/c7164ed6fdec453195284ad24a5ae5b6e1eed2b848477fa2a4787ba9adf39a41?s=96&d=mm&r=g\",\"contentUrl\":\"https:\\\/\\\/secure.gravatar.com\\\/avatar\\\/c7164ed6fdec453195284ad24a5ae5b6e1eed2b848477fa2a4787ba9adf39a41?s=96&d=mm&r=g\",\"caption\":\"Redacci\u00f3n QP\"},\"url\":\"https:\\\/\\\/quehacerpolitico.mx\\\/?author=2\"}]}<\/script>\n<!-- \/ Yoast SEO plugin. -->","yoast_head_json":{"title":"Se report\u00f3 una protesta en\u00a0Berl\u00edn\u00a0contra el\u00a0Tren Maya, la obra prioritaria del Gobierno de Andr\u00e9s\u00a0Manuel L\u00f3pez Obrador -","robots":{"index":"index","follow":"follow","max-snippet":"max-snippet:-1","max-image-preview":"max-image-preview:large","max-video-preview":"max-video-preview:-1"},"canonical":"https:\/\/quehacerpolitico.mx\/?p=103276","og_locale":"es_MX","og_type":"article","og_title":"Se report\u00f3 una protesta en\u00a0Berl\u00edn\u00a0contra el\u00a0Tren Maya, la obra prioritaria del Gobierno de Andr\u00e9s\u00a0Manuel L\u00f3pez Obrador -","og_description":"Por Redacci\u00f3n QP Protestan en Berl\u00edn contra el Tren Maya: Este jueves se report\u00f3 una...","og_url":"https:\/\/quehacerpolitico.mx\/?p=103276","article_published_time":"2023-07-27T23:38:20+00:00","article_modified_time":"2023-07-27T23:38:22+00:00","og_image":[{"width":1200,"height":525,"url":"https:\/\/quehacerpolitico.mx\/wp-content\/uploads\/2023\/07\/IMG_9380.webp","type":"image\/webp"}],"author":"Redacci\u00f3n QP","twitter_card":"summary_large_image","twitter_misc":{"Escrito por":"Redacci\u00f3n QP","Tiempo de lectura":"2 minutos"},"schema":{"@context":"https:\/\/schema.org","@graph":[{"@type":"Article","@id":"https:\/\/quehacerpolitico.mx\/?p=103276#article","isPartOf":{"@id":"https:\/\/quehacerpolitico.mx\/?p=103276"},"author":{"name":"Redacci\u00f3n QP","@id":"https:\/\/quehacerpolitico.mx\/#\/schema\/person\/496d8ad2d1d3f8036101dca7ee39e585"},"headline":"Se report\u00f3 una protesta en\u00a0Berl\u00edn\u00a0contra el\u00a0Tren Maya, la obra prioritaria del Gobierno de Andr\u00e9s\u00a0Manuel L\u00f3pez Obrador","datePublished":"2023-07-27T23:38:20+00:00","dateModified":"2023-07-27T23:38:22+00:00","mainEntityOfPage":{"@id":"https:\/\/quehacerpolitico.mx\/?p=103276"},"wordCount":346,"commentCount":0,"image":{"@id":"https:\/\/quehacerpolitico.mx\/?p=103276#primaryimage"},"thumbnailUrl":"https:\/\/quehacerpolitico.mx\/wp-content\/uploads\/2023\/07\/IMG_9380.webp","articleSection":["Noticias"],"inLanguage":"es","potentialAction":[{"@type":"CommentAction","name":"Comment","target":["https:\/\/quehacerpolitico.mx\/?p=103276#respond"]}]},{"@type":"WebPage","@id":"https:\/\/quehacerpolitico.mx\/?p=103276","url":"https:\/\/quehacerpolitico.mx\/?p=103276","name":"Se report\u00f3 una protesta en\u00a0Berl\u00edn\u00a0contra el\u00a0Tren Maya, la obra prioritaria del Gobierno de Andr\u00e9s\u00a0Manuel L\u00f3pez Obrador -","isPartOf":{"@id":"https:\/\/quehacerpolitico.mx\/#website"},"primaryImageOfPage":{"@id":"https:\/\/quehacerpolitico.mx\/?p=103276#primaryimage"},"image":{"@id":"https:\/\/quehacerpolitico.mx\/?p=103276#primaryimage"},"thumbnailUrl":"https:\/\/quehacerpolitico.mx\/wp-content\/uploads\/2023\/07\/IMG_9380.webp","datePublished":"2023-07-27T23:38:20+00:00","dateModified":"2023-07-27T23:38:22+00:00","author":{"@id":"https:\/\/quehacerpolitico.mx\/#\/schema\/person\/496d8ad2d1d3f8036101dca7ee39e585"},"breadcrumb":{"@id":"https:\/\/quehacerpolitico.mx\/?p=103276#breadcrumb"},"inLanguage":"es","potentialAction":[{"@type":"ReadAction","target":["https:\/\/quehacerpolitico.mx\/?p=103276"]}]},{"@type":"ImageObject","inLanguage":"es","@id":"https:\/\/quehacerpolitico.mx\/?p=103276#primaryimage","url":"https:\/\/quehacerpolitico.mx\/wp-content\/uploads\/2023\/07\/IMG_9380.webp","contentUrl":"https:\/\/quehacerpolitico.mx\/wp-content\/uploads\/2023\/07\/IMG_9380.webp","width":1200,"height":525},{"@type":"BreadcrumbList","@id":"https:\/\/quehacerpolitico.mx\/?p=103276#breadcrumb","itemListElement":[{"@type":"ListItem","position":1,"name":"Inicio","item":"https:\/\/quehacerpolitico.mx\/"},{"@type":"ListItem","position":2,"name":"Se report\u00f3 una protesta en\u00a0Berl\u00edn\u00a0contra el\u00a0Tren Maya, la obra prioritaria del Gobierno de Andr\u00e9s\u00a0Manuel L\u00f3pez Obrador"}]},{"@type":"WebSite","@id":"https:\/\/quehacerpolitico.mx\/#website","url":"https:\/\/quehacerpolitico.mx\/","name":"","description":"","potentialAction":[{"@type":"SearchAction","target":{"@type":"EntryPoint","urlTemplate":"https:\/\/quehacerpolitico.mx\/?s={search_term_string}"},"query-input":{"@type":"PropertyValueSpecification","valueRequired":true,"valueName":"search_term_string"}}],"inLanguage":"es"},{"@type":"Person","@id":"https:\/\/quehacerpolitico.mx\/#\/schema\/person\/496d8ad2d1d3f8036101dca7ee39e585","name":"Redacci\u00f3n QP","image":{"@type":"ImageObject","inLanguage":"es","@id":"https:\/\/secure.gravatar.com\/avatar\/c7164ed6fdec453195284ad24a5ae5b6e1eed2b848477fa2a4787ba9adf39a41?s=96&d=mm&r=g","url":"https:\/\/secure.gravatar.com\/avatar\/c7164ed6fdec453195284ad24a5ae5b6e1eed2b848477fa2a4787ba9adf39a41?s=96&d=mm&r=g","contentUrl":"https:\/\/secure.gravatar.com\/avatar\/c7164ed6fdec453195284ad24a5ae5b6e1eed2b848477fa2a4787ba9adf39a41?s=96&d=mm&r=g","caption":"Redacci\u00f3n QP"},"url":"https:\/\/quehacerpolitico.mx\/?author=2"}]}},"featured_image_urls":{"full":["https:\/\/quehacerpolitico.mx\/wp-content\/uploads\/2023\/07\/IMG_9380.webp",1200,525,false],"thumbnail":["https:\/\/quehacerpolitico.mx\/wp-content\/uploads\/2023\/07\/IMG_9380-150x150.webp",150,150,true],"medium":["https:\/\/quehacerpolitico.mx\/wp-content\/uploads\/2023\/07\/IMG_9380-300x131.webp",300,131,true],"medium_large":["https:\/\/quehacerpolitico.mx\/wp-content\/uploads\/2023\/07\/IMG_9380-768x336.webp",640,280,true],"large":["https:\/\/quehacerpolitico.mx\/wp-content\/uploads\/2023\/07\/IMG_9380-1024x448.webp",640,280,true],"1536x1536":["https:\/\/quehacerpolitico.mx\/wp-content\/uploads\/2023\/07\/IMG_9380.webp",1200,525,false],"2048x2048":["https:\/\/quehacerpolitico.mx\/wp-content\/uploads\/2023\/07\/IMG_9380.webp",1200,525,false],"covernews-featured":["https:\/\/quehacerpolitico.mx\/wp-content\/uploads\/2023\/07\/IMG_9380.webp",1024,448,false],"covernews-medium":["https:\/\/quehacerpolitico.mx\/wp-content\/uploads\/2023\/07\/IMG_9380.webp",540,236,false]},"author_info":{"display_name":"Redacci\u00f3n QP","author_link":"https:\/\/quehacerpolitico.mx\/?author=2"},"category_info":"<a href=\"https:\/\/quehacerpolitico.mx\/?cat=2\" rel=\"category\">Noticias<\/a>","tag_info":"Noticias","comment_count":"0","_links":{"self":[{"href":"https:\/\/quehacerpolitico.mx\/index.php?rest_route=\/wp\/v2\/posts\/103276","targetHints":{"allow":["GET"]}}],"collection":[{"href":"https:\/\/quehacerpolitico.mx\/index.php?rest_route=\/wp\/v2\/posts"}],"about":[{"href":"https:\/\/quehacerpolitico.mx\/index.php?rest_route=\/wp\/v2\/types\/post"}],"author":[{"embeddable":true,"href":"https:\/\/quehacerpolitico.mx\/index.php?rest_route=\/wp\/v2\/users\/2"}],"replies":[{"embeddable":true,"href":"https:\/\/quehacerpolitico.mx\/index.php?rest_route=%2Fwp%2Fv2%2Fcomments&post=103276"}],"version-history":[{"count":1,"href":"https:\/\/quehacerpolitico.mx\/index.php?rest_route=\/wp\/v2\/posts\/103276\/revisions"}],"predecessor-version":[{"id":103278,"href":"https:\/\/quehacerpolitico.mx\/index.php?rest_route=\/wp\/v2\/posts\/103276\/revisions\/103278"}],"wp:featuredmedia":[{"embeddable":true,"href":"https:\/\/quehacerpolitico.mx\/index.php?rest_route=\/wp\/v2\/media\/103277"}],"wp:attachment":[{"href":"https:\/\/quehacerpolitico.mx\/index.php?rest_route=%2Fwp%2Fv2%2Fmedia&parent=103276"}],"wp:term":[{"taxonomy":"category","embeddable":true,"href":"https:\/\/quehacerpolitico.mx\/index.php?rest_route=%2Fwp%2Fv2%2Fcategories&post=103276"},{"taxonomy":"post_tag","embeddable":true,"href":"https:\/\/quehacerpolitico.mx\/index.php?rest_route=%2Fwp%2Fv2%2Ftags&post=103276"}],"curies":[{"name":"wp","href":"https:\/\/api.w.org\/{rel}","templated":true}]}}