{"id":103267,"date":"2023-07-27T21:25:19","date_gmt":"2023-07-27T21:25:19","guid":{"rendered":"https:\/\/quehacerpolitico.mx\/?p=103267"},"modified":"2023-07-27T21:25:23","modified_gmt":"2023-07-27T21:25:23","slug":"suspenden-a-5-policias-captados-en-robo-video-fue-viral-en-tiktok","status":"publish","type":"post","link":"https:\/\/quehacerpolitico.mx\/?p=103267","title":{"rendered":"Suspenden a 5 polic\u00edas captados en robo; video fue viral en TikTok"},"content":{"rendered":"\n<p>Por Redacci\u00f3n QP<\/p>\n\n\n\n<p>La Secretar\u00eda de Seguridad Ciudadana de la CDMX dio a conocer que tras la difusi\u00f3n de un video en donde se ve el presunto abuso policial se inici\u00f3 una investigaci\u00f3n<\/p>\n\n\n\n<p>Cinco polic\u00edas del sector Morelos de la Secretar\u00eda de Seguridad Ciudadana de la\u00a0Ciudad de M\u00e9xico (SSC) fueron separados de su cargo y ya se encuentran bajo investigaci\u00f3n,\u00a0<strong>luego de que participaran en presunto abuso de autoridad al despojar de sus pertenencias a una persona, un presunto delincuente.<\/strong><\/p>\n\n\n\n<figure class=\"wp-block-embed is-type-rich is-provider-twitter wp-block-embed-twitter\"><div class=\"wp-block-embed__wrapper\">\n<blockquote class=\"twitter-tweet\" data-width=\"550\" data-dnt=\"true\"><p lang=\"es\" dir=\"ltr\">La <a href=\"https:\/\/twitter.com\/hashtag\/SSC?src=hash&amp;ref_src=twsrc%5Etfw\">#SSC<\/a> informa: <a href=\"https:\/\/t.co\/7UrFUtETgg\">https:\/\/t.co\/7UrFUtETgg<\/a> <a href=\"https:\/\/t.co\/WoDOR7Ju9c\">pic.twitter.com\/WoDOR7Ju9c<\/a><\/p>&mdash; SSC CDMX (@SSC_CDMX) <a href=\"https:\/\/twitter.com\/SSC_CDMX\/status\/1684314168302657536?ref_src=twsrc%5Etfw\">July 26, 2023<\/a><\/blockquote><script async src=\"https:\/\/platform.twitter.com\/widgets.js\" charset=\"utf-8\"><\/script>\n<\/div><\/figure>\n\n\n\n<p>Los hechos ocurrieron el 1 de julio, pero el video se hizo\u00a0viral ayer mi\u00e9rcoles, en el que se aprecia a un grupo de polic\u00edas ingresar a un inmueble en donde se observan vitroleros con marihuana.<\/p>\n\n\n\n<p>A continuaci\u00f3n, los elementos de la SSC\u00a0<strong>comienzan a golpear a un sujeto en el piso, mientras el resto revisa qu\u00e9 hay en el lugar.<\/strong><\/p>\n\n\n\n<p>Una mujer polic\u00eda, sin percatarse de que era videograbada, saca una cartera de una mochila que est\u00e1 colgada y enseguida la mete entre su uniforme.<\/p>\n\n\n\n<p>Posteriormente, contin\u00faan registrando el lugar y observan los contenedores con marihuana.<\/p>\n\n\n\n<p>Estos hechos fueron subidos a la red social\u00a0TikTok en cuatro videos por separado en los que se muestra toda la operaci\u00f3n.<\/p>\n\n\n\n<figure class=\"wp-block-embed is-type-rich is-provider-twitter wp-block-embed-twitter\"><div class=\"wp-block-embed__wrapper\">\n<blockquote class=\"twitter-tweet\" data-width=\"550\" data-dnt=\"true\"><p lang=\"es\" dir=\"ltr\"><a href=\"https:\/\/twitter.com\/hashtag\/Im%C3%A1genesFuertes?src=hash&amp;ref_src=twsrc%5Etfw\">#Im\u00e1genesFuertes<\/a> |<br><br>C\u00e1mara oculta capta a polic\u00edas de la <a href=\"https:\/\/twitter.com\/SSC_CDMX?ref_src=twsrc%5Etfw\">@SSC_CDMX<\/a> en un \u201coperativo\u201d, donde torturan, encintan y amagan a dos personas.<br><br>\u201cTras las im\u00e1genes difundidas, personal de la Direcci\u00f3n General de Asuntos Internos realiz\u00f3 trabajos de investigaci\u00f3n de gabinete e identific\u00f3\u2026 <a href=\"https:\/\/t.co\/EBa7lOhTag\">pic.twitter.com\/EBa7lOhTag<\/a><\/p>&mdash; JORGE BECERRIL JB\/8 (@MrElDiablo8) <a href=\"https:\/\/twitter.com\/MrElDiablo8\/status\/1684327895194382336?ref_src=twsrc%5Etfw\">July 26, 2023<\/a><\/blockquote><script async src=\"https:\/\/platform.twitter.com\/widgets.js\" charset=\"utf-8\"><\/script>\n<\/div><\/figure>\n\n\n\n<p>La Secretar\u00eda de Seguridad Ciudadana capitalina dio a conocer en una tarjeta informativa que tras la difusi\u00f3n del\u00a0video en donde se ve el presunto abuso policial, se inici\u00f3 una investigaci\u00f3n y suspendieron a los cinco efectivos del sector Morelos.<\/p>\n\n\n\n<p>Con las im\u00e1genes difundidas, personal de la Direcci\u00f3n General de Asuntos Internos realiz\u00f3 trabajos de investigaci\u00f3n de gabinete e&nbsp;<strong>identific\u00f3 que los hechos ocurrieron el pasado 1 de julio, por lo que de manera inmediata, los cinco uniformados que aparecen en las im\u00e1genes fueron suspendidos.&nbsp;<\/strong><\/p>\n\n\n\n<p>Para integrar la carpeta de investigaci\u00f3n administrativa interna, los cuatro hombres y una mujer que pertenecen al sector Morelos fueron citados a rendir su declaraci\u00f3n.<\/p>\n\n\n\n<h2 class=\"wp-block-heading\">Garc\u00eda Harfuch anuncia sanciones para los elementos<\/h2>\n\n\n\n<p>Por la tarde, a trav\u00e9s de sus redes sociales, el secretario de Seguridad Ciudadana, Omar Garc\u00eda Harfuch, manifest\u00f3 que no se tolerar\u00e1 la corrupci\u00f3n, impunidad ni actos fuera de la ley e inform\u00f3 que los polic\u00edas que aparecen en el video y son se\u00f1alados de abuso de autoridad ser\u00e1n sancionados, destituidos e investigados de cualquier delito en conjunto con la Fiscal\u00eda General de Justicia capitalina (FGJ).<\/p>\n\n\n\n<figure class=\"wp-block-embed is-type-rich is-provider-twitter wp-block-embed-twitter\"><div class=\"wp-block-embed__wrapper\">\n<blockquote class=\"twitter-tweet\" data-width=\"550\" data-dnt=\"true\"><p lang=\"es\" dir=\"ltr\">En <a href=\"https:\/\/twitter.com\/SSC_CDMX?ref_src=twsrc%5Etfw\">@SSC_CDMX<\/a> no toleramos la corrupci\u00f3n, la impunidad, ni actos fuera de la ley, los polic\u00edas que aparecen en un video y son se\u00f1alados de abuso de autoridad, ser\u00e1n sancionados y destituidos e investigados de cualquier delito en conjunto con <a href=\"https:\/\/twitter.com\/FiscaliaCDMX?ref_src=twsrc%5Etfw\">@FiscaliaCDMX<\/a> <br>Cero impunidad.<\/p>&mdash; Omar H Garcia Harfuch (@OHarfuch) <a href=\"https:\/\/twitter.com\/OHarfuch\/status\/1684351154459664384?ref_src=twsrc%5Etfw\">July 26, 2023<\/a><\/blockquote><script async src=\"https:\/\/platform.twitter.com\/widgets.js\" charset=\"utf-8\"><\/script>\n<\/div><\/figure>\n\n\n\n<p>&#8220;En @SSC_CDMX no toleramos la corrupci\u00f3n, la impunidad, ni actos fuera de la ley, los polic\u00edas que aparecen en un video y son se\u00f1alados de abuso de autoridad ser\u00e1n sancionados y destituidos e investigados de cualquier delito en conjunto con @FiscaliaCDMX Cero impunidad&#8221;, escribi\u00f3 el titular de la SSC.<\/p>\n\n\n\n<p>En febrero pasado, Omar Garc\u00eda Harfuch revel\u00f3 que\u00a0<strong>en lo que va de su administraci\u00f3n se han detenido a 80 polic\u00edas por la comisi\u00f3n de alg\u00fan delito,<\/strong>\u00a0como el de extorsi\u00f3n o privaci\u00f3n de la libertad.<\/p>\n\n\n\n<p>Con informaci\u00f3n de SUN <\/p>\n","protected":false},"excerpt":{"rendered":"<p>Por Redacci\u00f3n QP La Secretar\u00eda de Seguridad Ciudadana de la CDMX dio a conocer que&#8230;<\/p>\n","protected":false},"author":2,"featured_media":103268,"comment_status":"open","ping_status":"open","sticky":false,"template":"","format":"standard","meta":{"_monsterinsights_skip_tracking":false,"_monsterinsights_sitenote_active":false,"_monsterinsights_sitenote_note":"","_monsterinsights_sitenote_category":0,"footnotes":""},"categories":[55],"tags":[],"class_list":["post-103267","post","type-post","status-publish","format-standard","has-post-thumbnail","hentry","category-cdmx"],"yoast_head":"<!-- This site is optimized with the Yoast SEO plugin v27.3 - https:\/\/yoast.com\/product\/yoast-seo-wordpress\/ -->\n<title>Suspenden a 5 polic\u00edas captados en robo; video fue viral en TikTok -<\/title>\n<meta name=\"robots\" content=\"index, follow, max-snippet:-1, max-image-preview:large, max-video-preview:-1\" \/>\n<link rel=\"canonical\" href=\"https:\/\/quehacerpolitico.mx\/?p=103267\" \/>\n<meta property=\"og:locale\" content=\"es_MX\" \/>\n<meta property=\"og:type\" content=\"article\" \/>\n<meta property=\"og:title\" content=\"Suspenden a 5 polic\u00edas captados en robo; video fue viral en TikTok -\" \/>\n<meta property=\"og:description\" content=\"Por Redacci\u00f3n QP La Secretar\u00eda de Seguridad Ciudadana de la CDMX dio a conocer que...\" \/>\n<meta property=\"og:url\" content=\"https:\/\/quehacerpolitico.mx\/?p=103267\" \/>\n<meta property=\"article:published_time\" content=\"2023-07-27T21:25:19+00:00\" \/>\n<meta property=\"article:modified_time\" content=\"2023-07-27T21:25:23+00:00\" \/>\n<meta property=\"og:image\" content=\"https:\/\/quehacerpolitico.mx\/wp-content\/uploads\/2023\/07\/IMG_9375.jpeg\" \/>\n\t<meta property=\"og:image:width\" content=\"1284\" \/>\n\t<meta property=\"og:image:height\" content=\"1043\" \/>\n\t<meta property=\"og:image:type\" content=\"image\/jpeg\" \/>\n<meta name=\"author\" content=\"Redacci\u00f3n QP\" \/>\n<meta name=\"twitter:card\" content=\"summary_large_image\" \/>\n<meta name=\"twitter:label1\" content=\"Escrito por\" \/>\n\t<meta name=\"twitter:data1\" content=\"Redacci\u00f3n QP\" \/>\n\t<meta name=\"twitter:label2\" content=\"Tiempo de lectura\" \/>\n\t<meta name=\"twitter:data2\" content=\"3 minutos\" \/>\n<script type=\"application\/ld+json\" class=\"yoast-schema-graph\">{\"@context\":\"https:\\\/\\\/schema.org\",\"@graph\":[{\"@type\":\"Article\",\"@id\":\"https:\\\/\\\/quehacerpolitico.mx\\\/?p=103267#article\",\"isPartOf\":{\"@id\":\"https:\\\/\\\/quehacerpolitico.mx\\\/?p=103267\"},\"author\":{\"name\":\"Redacci\u00f3n QP\",\"@id\":\"https:\\\/\\\/quehacerpolitico.mx\\\/#\\\/schema\\\/person\\\/496d8ad2d1d3f8036101dca7ee39e585\"},\"headline\":\"Suspenden a 5 polic\u00edas captados en robo; video fue viral en TikTok\",\"datePublished\":\"2023-07-27T21:25:19+00:00\",\"dateModified\":\"2023-07-27T21:25:23+00:00\",\"mainEntityOfPage\":{\"@id\":\"https:\\\/\\\/quehacerpolitico.mx\\\/?p=103267\"},\"wordCount\":561,\"commentCount\":0,\"image\":{\"@id\":\"https:\\\/\\\/quehacerpolitico.mx\\\/?p=103267#primaryimage\"},\"thumbnailUrl\":\"https:\\\/\\\/quehacerpolitico.mx\\\/wp-content\\\/uploads\\\/2023\\\/07\\\/IMG_9375.jpeg\",\"articleSection\":[\"CDMX\"],\"inLanguage\":\"es\",\"potentialAction\":[{\"@type\":\"CommentAction\",\"name\":\"Comment\",\"target\":[\"https:\\\/\\\/quehacerpolitico.mx\\\/?p=103267#respond\"]}]},{\"@type\":\"WebPage\",\"@id\":\"https:\\\/\\\/quehacerpolitico.mx\\\/?p=103267\",\"url\":\"https:\\\/\\\/quehacerpolitico.mx\\\/?p=103267\",\"name\":\"Suspenden a 5 polic\u00edas captados en robo; video fue viral en TikTok -\",\"isPartOf\":{\"@id\":\"https:\\\/\\\/quehacerpolitico.mx\\\/#website\"},\"primaryImageOfPage\":{\"@id\":\"https:\\\/\\\/quehacerpolitico.mx\\\/?p=103267#primaryimage\"},\"image\":{\"@id\":\"https:\\\/\\\/quehacerpolitico.mx\\\/?p=103267#primaryimage\"},\"thumbnailUrl\":\"https:\\\/\\\/quehacerpolitico.mx\\\/wp-content\\\/uploads\\\/2023\\\/07\\\/IMG_9375.jpeg\",\"datePublished\":\"2023-07-27T21:25:19+00:00\",\"dateModified\":\"2023-07-27T21:25:23+00:00\",\"author\":{\"@id\":\"https:\\\/\\\/quehacerpolitico.mx\\\/#\\\/schema\\\/person\\\/496d8ad2d1d3f8036101dca7ee39e585\"},\"breadcrumb\":{\"@id\":\"https:\\\/\\\/quehacerpolitico.mx\\\/?p=103267#breadcrumb\"},\"inLanguage\":\"es\",\"potentialAction\":[{\"@type\":\"ReadAction\",\"target\":[\"https:\\\/\\\/quehacerpolitico.mx\\\/?p=103267\"]}]},{\"@type\":\"ImageObject\",\"inLanguage\":\"es\",\"@id\":\"https:\\\/\\\/quehacerpolitico.mx\\\/?p=103267#primaryimage\",\"url\":\"https:\\\/\\\/quehacerpolitico.mx\\\/wp-content\\\/uploads\\\/2023\\\/07\\\/IMG_9375.jpeg\",\"contentUrl\":\"https:\\\/\\\/quehacerpolitico.mx\\\/wp-content\\\/uploads\\\/2023\\\/07\\\/IMG_9375.jpeg\",\"width\":1284,\"height\":1043},{\"@type\":\"BreadcrumbList\",\"@id\":\"https:\\\/\\\/quehacerpolitico.mx\\\/?p=103267#breadcrumb\",\"itemListElement\":[{\"@type\":\"ListItem\",\"position\":1,\"name\":\"Inicio\",\"item\":\"https:\\\/\\\/quehacerpolitico.mx\\\/\"},{\"@type\":\"ListItem\",\"position\":2,\"name\":\"Suspenden a 5 polic\u00edas captados en robo; video fue viral en TikTok\"}]},{\"@type\":\"WebSite\",\"@id\":\"https:\\\/\\\/quehacerpolitico.mx\\\/#website\",\"url\":\"https:\\\/\\\/quehacerpolitico.mx\\\/\",\"name\":\"\",\"description\":\"\",\"potentialAction\":[{\"@type\":\"SearchAction\",\"target\":{\"@type\":\"EntryPoint\",\"urlTemplate\":\"https:\\\/\\\/quehacerpolitico.mx\\\/?s={search_term_string}\"},\"query-input\":{\"@type\":\"PropertyValueSpecification\",\"valueRequired\":true,\"valueName\":\"search_term_string\"}}],\"inLanguage\":\"es\"},{\"@type\":\"Person\",\"@id\":\"https:\\\/\\\/quehacerpolitico.mx\\\/#\\\/schema\\\/person\\\/496d8ad2d1d3f8036101dca7ee39e585\",\"name\":\"Redacci\u00f3n QP\",\"image\":{\"@type\":\"ImageObject\",\"inLanguage\":\"es\",\"@id\":\"https:\\\/\\\/secure.gravatar.com\\\/avatar\\\/c7164ed6fdec453195284ad24a5ae5b6e1eed2b848477fa2a4787ba9adf39a41?s=96&d=mm&r=g\",\"url\":\"https:\\\/\\\/secure.gravatar.com\\\/avatar\\\/c7164ed6fdec453195284ad24a5ae5b6e1eed2b848477fa2a4787ba9adf39a41?s=96&d=mm&r=g\",\"contentUrl\":\"https:\\\/\\\/secure.gravatar.com\\\/avatar\\\/c7164ed6fdec453195284ad24a5ae5b6e1eed2b848477fa2a4787ba9adf39a41?s=96&d=mm&r=g\",\"caption\":\"Redacci\u00f3n QP\"},\"url\":\"https:\\\/\\\/quehacerpolitico.mx\\\/?author=2\"}]}<\/script>\n<!-- \/ Yoast SEO plugin. -->","yoast_head_json":{"title":"Suspenden a 5 polic\u00edas captados en robo; video fue viral en TikTok -","robots":{"index":"index","follow":"follow","max-snippet":"max-snippet:-1","max-image-preview":"max-image-preview:large","max-video-preview":"max-video-preview:-1"},"canonical":"https:\/\/quehacerpolitico.mx\/?p=103267","og_locale":"es_MX","og_type":"article","og_title":"Suspenden a 5 polic\u00edas captados en robo; video fue viral en TikTok -","og_description":"Por Redacci\u00f3n QP La Secretar\u00eda de Seguridad Ciudadana de la CDMX dio a conocer que...","og_url":"https:\/\/quehacerpolitico.mx\/?p=103267","article_published_time":"2023-07-27T21:25:19+00:00","article_modified_time":"2023-07-27T21:25:23+00:00","og_image":[{"width":1284,"height":1043,"url":"https:\/\/quehacerpolitico.mx\/wp-content\/uploads\/2023\/07\/IMG_9375.jpeg","type":"image\/jpeg"}],"author":"Redacci\u00f3n QP","twitter_card":"summary_large_image","twitter_misc":{"Escrito por":"Redacci\u00f3n QP","Tiempo de lectura":"3 minutos"},"schema":{"@context":"https:\/\/schema.org","@graph":[{"@type":"Article","@id":"https:\/\/quehacerpolitico.mx\/?p=103267#article","isPartOf":{"@id":"https:\/\/quehacerpolitico.mx\/?p=103267"},"author":{"name":"Redacci\u00f3n QP","@id":"https:\/\/quehacerpolitico.mx\/#\/schema\/person\/496d8ad2d1d3f8036101dca7ee39e585"},"headline":"Suspenden a 5 polic\u00edas captados en robo; video fue viral en TikTok","datePublished":"2023-07-27T21:25:19+00:00","dateModified":"2023-07-27T21:25:23+00:00","mainEntityOfPage":{"@id":"https:\/\/quehacerpolitico.mx\/?p=103267"},"wordCount":561,"commentCount":0,"image":{"@id":"https:\/\/quehacerpolitico.mx\/?p=103267#primaryimage"},"thumbnailUrl":"https:\/\/quehacerpolitico.mx\/wp-content\/uploads\/2023\/07\/IMG_9375.jpeg","articleSection":["CDMX"],"inLanguage":"es","potentialAction":[{"@type":"CommentAction","name":"Comment","target":["https:\/\/quehacerpolitico.mx\/?p=103267#respond"]}]},{"@type":"WebPage","@id":"https:\/\/quehacerpolitico.mx\/?p=103267","url":"https:\/\/quehacerpolitico.mx\/?p=103267","name":"Suspenden a 5 polic\u00edas captados en robo; video fue viral en TikTok -","isPartOf":{"@id":"https:\/\/quehacerpolitico.mx\/#website"},"primaryImageOfPage":{"@id":"https:\/\/quehacerpolitico.mx\/?p=103267#primaryimage"},"image":{"@id":"https:\/\/quehacerpolitico.mx\/?p=103267#primaryimage"},"thumbnailUrl":"https:\/\/quehacerpolitico.mx\/wp-content\/uploads\/2023\/07\/IMG_9375.jpeg","datePublished":"2023-07-27T21:25:19+00:00","dateModified":"2023-07-27T21:25:23+00:00","author":{"@id":"https:\/\/quehacerpolitico.mx\/#\/schema\/person\/496d8ad2d1d3f8036101dca7ee39e585"},"breadcrumb":{"@id":"https:\/\/quehacerpolitico.mx\/?p=103267#breadcrumb"},"inLanguage":"es","potentialAction":[{"@type":"ReadAction","target":["https:\/\/quehacerpolitico.mx\/?p=103267"]}]},{"@type":"ImageObject","inLanguage":"es","@id":"https:\/\/quehacerpolitico.mx\/?p=103267#primaryimage","url":"https:\/\/quehacerpolitico.mx\/wp-content\/uploads\/2023\/07\/IMG_9375.jpeg","contentUrl":"https:\/\/quehacerpolitico.mx\/wp-content\/uploads\/2023\/07\/IMG_9375.jpeg","width":1284,"height":1043},{"@type":"BreadcrumbList","@id":"https:\/\/quehacerpolitico.mx\/?p=103267#breadcrumb","itemListElement":[{"@type":"ListItem","position":1,"name":"Inicio","item":"https:\/\/quehacerpolitico.mx\/"},{"@type":"ListItem","position":2,"name":"Suspenden a 5 polic\u00edas captados en robo; video fue viral en TikTok"}]},{"@type":"WebSite","@id":"https:\/\/quehacerpolitico.mx\/#website","url":"https:\/\/quehacerpolitico.mx\/","name":"","description":"","potentialAction":[{"@type":"SearchAction","target":{"@type":"EntryPoint","urlTemplate":"https:\/\/quehacerpolitico.mx\/?s={search_term_string}"},"query-input":{"@type":"PropertyValueSpecification","valueRequired":true,"valueName":"search_term_string"}}],"inLanguage":"es"},{"@type":"Person","@id":"https:\/\/quehacerpolitico.mx\/#\/schema\/person\/496d8ad2d1d3f8036101dca7ee39e585","name":"Redacci\u00f3n QP","image":{"@type":"ImageObject","inLanguage":"es","@id":"https:\/\/secure.gravatar.com\/avatar\/c7164ed6fdec453195284ad24a5ae5b6e1eed2b848477fa2a4787ba9adf39a41?s=96&d=mm&r=g","url":"https:\/\/secure.gravatar.com\/avatar\/c7164ed6fdec453195284ad24a5ae5b6e1eed2b848477fa2a4787ba9adf39a41?s=96&d=mm&r=g","contentUrl":"https:\/\/secure.gravatar.com\/avatar\/c7164ed6fdec453195284ad24a5ae5b6e1eed2b848477fa2a4787ba9adf39a41?s=96&d=mm&r=g","caption":"Redacci\u00f3n QP"},"url":"https:\/\/quehacerpolitico.mx\/?author=2"}]}},"featured_image_urls":{"full":["https:\/\/quehacerpolitico.mx\/wp-content\/uploads\/2023\/07\/IMG_9375.jpeg",1284,1043,false],"thumbnail":["https:\/\/quehacerpolitico.mx\/wp-content\/uploads\/2023\/07\/IMG_9375-150x150.jpeg",150,150,true],"medium":["https:\/\/quehacerpolitico.mx\/wp-content\/uploads\/2023\/07\/IMG_9375-300x244.jpeg",300,244,true],"medium_large":["https:\/\/quehacerpolitico.mx\/wp-content\/uploads\/2023\/07\/IMG_9375-768x624.jpeg",640,520,true],"large":["https:\/\/quehacerpolitico.mx\/wp-content\/uploads\/2023\/07\/IMG_9375-1024x832.jpeg",640,520,true],"1536x1536":["https:\/\/quehacerpolitico.mx\/wp-content\/uploads\/2023\/07\/IMG_9375.jpeg",1284,1043,false],"2048x2048":["https:\/\/quehacerpolitico.mx\/wp-content\/uploads\/2023\/07\/IMG_9375.jpeg",1284,1043,false],"covernews-featured":["https:\/\/quehacerpolitico.mx\/wp-content\/uploads\/2023\/07\/IMG_9375.jpeg",1024,832,false],"covernews-medium":["https:\/\/quehacerpolitico.mx\/wp-content\/uploads\/2023\/07\/IMG_9375.jpeg",419,340,false]},"author_info":{"display_name":"Redacci\u00f3n QP","author_link":"https:\/\/quehacerpolitico.mx\/?author=2"},"category_info":"<a href=\"https:\/\/quehacerpolitico.mx\/?cat=55\" rel=\"category\">CDMX<\/a>","tag_info":"CDMX","comment_count":"0","_links":{"self":[{"href":"https:\/\/quehacerpolitico.mx\/index.php?rest_route=\/wp\/v2\/posts\/103267","targetHints":{"allow":["GET"]}}],"collection":[{"href":"https:\/\/quehacerpolitico.mx\/index.php?rest_route=\/wp\/v2\/posts"}],"about":[{"href":"https:\/\/quehacerpolitico.mx\/index.php?rest_route=\/wp\/v2\/types\/post"}],"author":[{"embeddable":true,"href":"https:\/\/quehacerpolitico.mx\/index.php?rest_route=\/wp\/v2\/users\/2"}],"replies":[{"embeddable":true,"href":"https:\/\/quehacerpolitico.mx\/index.php?rest_route=%2Fwp%2Fv2%2Fcomments&post=103267"}],"version-history":[{"count":1,"href":"https:\/\/quehacerpolitico.mx\/index.php?rest_route=\/wp\/v2\/posts\/103267\/revisions"}],"predecessor-version":[{"id":103269,"href":"https:\/\/quehacerpolitico.mx\/index.php?rest_route=\/wp\/v2\/posts\/103267\/revisions\/103269"}],"wp:featuredmedia":[{"embeddable":true,"href":"https:\/\/quehacerpolitico.mx\/index.php?rest_route=\/wp\/v2\/media\/103268"}],"wp:attachment":[{"href":"https:\/\/quehacerpolitico.mx\/index.php?rest_route=%2Fwp%2Fv2%2Fmedia&parent=103267"}],"wp:term":[{"taxonomy":"category","embeddable":true,"href":"https:\/\/quehacerpolitico.mx\/index.php?rest_route=%2Fwp%2Fv2%2Fcategories&post=103267"},{"taxonomy":"post_tag","embeddable":true,"href":"https:\/\/quehacerpolitico.mx\/index.php?rest_route=%2Fwp%2Fv2%2Ftags&post=103267"}],"curies":[{"name":"wp","href":"https:\/\/api.w.org\/{rel}","templated":true}]}}