{"id":103239,"date":"2023-07-27T16:46:22","date_gmt":"2023-07-27T16:46:22","guid":{"rendered":"https:\/\/quehacerpolitico.mx\/?p=103239"},"modified":"2023-07-27T16:46:25","modified_gmt":"2023-07-27T16:46:25","slug":"lopez-obrador-desmiente-al-giei-ejercito-y-marina-si-ayudan-en-caso-ayotzinapa","status":"publish","type":"post","link":"https:\/\/quehacerpolitico.mx\/?p=103239","title":{"rendered":"L\u00f3pez Obrador desmiente al GIEI, Ej\u00e9rcito y Marina s\u00ed ayudan en Caso Ayotzinapa"},"content":{"rendered":"\n<p>Por Redacci\u00f3n QP<\/p>\n\n\n\n<p>El Presidente\u00a0responde\u00a0a los se\u00f1alamientos del GIEI, que el martes present\u00f3 su \u00faltimo informe sobre los estudiantes desaparecidos en 2014<\/p>\n\n\n\n<p>El Presidente\u00a0Andres Manuel Lopez Obrador hoy jueves que las Fuerzas Armadas s\u00ed cooperan en el caso de los 43 estudiantes desaparecidos del\u00a0Caso AYOTZINAPA despu\u00e9s de que el Grupo Interdisciplinario de Expertos Independientes<strong>\u00a0(GIEI)\u00a0<\/strong>las acus\u00f3 de obstruir la investigaci\u00f3n.<\/p>\n\n\n\n<p>&#8220;No hay impunidad y se est\u00e1 actuando. Y no es cierto que Marina y Defensa no est\u00e9n ayudando. Respeto su punto de vista, pero no lo comparto, porque si se ha avanzado es precisamente por la colaboraci\u00f3n de Marina y Defensa&#8221;, sostuvo el Mandatario en la ma\u00f1anera.<\/p>\n\n\n\n<figure class=\"wp-block-embed is-type-rich is-provider-twitter wp-block-embed-twitter\"><div class=\"wp-block-embed__wrapper\">\n<blockquote class=\"twitter-tweet\" data-width=\"550\" data-dnt=\"true\"><p lang=\"es\" dir=\"ltr\">Not AMLO defendiendo otra vez al ej\u00e9rcito <br><br>El presidente <a href=\"https:\/\/twitter.com\/lopezobrador_?ref_src=twsrc%5Etfw\">@lopezobrador_<\/a> niega que la <a href=\"https:\/\/twitter.com\/SEMAR_mx?ref_src=twsrc%5Etfw\">@SEMAR_mx<\/a> y la <a href=\"https:\/\/twitter.com\/SEDENAmx?ref_src=twsrc%5Etfw\">@SEDENAmx<\/a> no est\u00e9n colaborando para llegar al fondo del caso <a href=\"https:\/\/twitter.com\/hashtag\/Ayotzinapa?src=hash&amp;ref_src=twsrc%5Etfw\">#Ayotzinapa<\/a> <a href=\"https:\/\/t.co\/eviuY7UV75\">pic.twitter.com\/eviuY7UV75<\/a><\/p>&mdash; Ruido en la Red (@RuidoEnLaRed) <a href=\"https:\/\/twitter.com\/RuidoEnLaRed\/status\/1684576936813793280?ref_src=twsrc%5Etfw\">July 27, 2023<\/a><\/blockquote><script async src=\"https:\/\/platform.twitter.com\/widgets.js\" charset=\"utf-8\"><\/script>\n<\/div><\/figure>\n\n\n\n<p>L\u00f3pez Obrador respondi\u00f3 a los se\u00f1alamientos del GIEI, creado por la Comisi\u00f3n Interamericana de Derechos Humanos (CIDH), que el martes present\u00f3 su \u00faltimo informe sobre los estudiantes desaparecidos en 2014, en el que\u00a0<strong>acus\u00f3 al Ej\u00e9rcito de resistirse a entregar informaci\u00f3n del caso, en el que participaron militares.<\/strong><\/p>\n\n\n\n<p>Pero el Mandatario coment\u00f3 que &#8220;una cosa son las instituciones y otra cosa son los funcionarios y los servidores p\u00fablicos, y no por el mal comportamiento de un funcionario se va a manchar una instituci\u00f3n&#8221;.<\/p>\n\n\n\n<p>&#8220;Es lo que quisieran algunos, afectar y socavar instituciones como\u00a0Marina o como la Secretar\u00eda de la Defensa, que son instituciones muy importantes para el funcionamiento del Estado mexicano. Entonces di la instrucci\u00f3n de que se vaya a fondo y hemos avanzado&#8221;, manifest\u00f3.<\/p>\n\n\n\n<p>El Presidente&nbsp;<strong>prometi\u00f3 que cumplir\u00e1 con su promesa de campa\u00f1a de esclarecer la desaparici\u00f3n de los estudiantes, ocurrida el 26 de septiembre de 2014 en el municipio de Iguala,<\/strong>en el estado de Guerrero.<\/p>\n\n\n\n<p>Por ello, asegur\u00f3 que &#8220;ha avanzado mucho&#8221; al citar cerca de 115 detenidos, incluyendo al extitular de la extinta Procuradur\u00eda General de la Rep\u00fablica (PGR) Jes\u00fas Murillo Karam (2012-2015), y dos generales.<\/p>\n\n\n\n<p>Aun as\u00ed, evadi\u00f3 contestar cu\u00e1ndo hablar\u00e1 con los padres de los j\u00f3venes, quienes el mi\u00e9rcoles exigieron una reuni\u00f3n con \u00e9l tras las revelaciones del GIEI sobre el\u00a0Ej\u00e9rcito <\/p>\n\n\n\n<p>&#8220;Va a haber una reuni\u00f3n m\u00e1s adelante cuando tengamos informaci\u00f3n, estamos trabajando en la b\u00fasqueda, lo m\u00e1s importante ahora es la b\u00fasqueda, porque ya tenemos informaci\u00f3n, ya se rompi\u00f3 el llamado pacto de silencio y ya tenemos una aproximaci\u00f3n a lo que sucedi\u00f3&#8221;, afirm\u00f3 el gobernante mexicano.<\/p>\n\n\n\n<p>Seg\u00fan la pol\u00e9mica versi\u00f3n del gobierno de\u00a0Enrique Pe\u00f1a Nieto\u00a0(2012-2018), la llamada\u00a0<strong>&#8220;verdad hist\u00f3rica&#8221;<\/strong>, polic\u00edas corruptos detuvieron a los 43 estudiantes en septiembre de 2014 y los entregaron al cartel Guerreros Unidos, que los asesinaron e incineraron en un basurero.<\/p>\n\n\n\n<p>Sin embargo, el GIEI derrib\u00f3 esta versi\u00f3n y la Comisi\u00f3n para la Verdad y Acceso a la Justicia concluy\u00f3 el a\u00f1o pasado que la desaparici\u00f3n de los 43 estudiantes fue un &#8220;crimen de Estado&#8221; en el que estuvieron involucrados autoridades de todos los niveles, incluidos grupos criminales, y no hay indicios de que est\u00e9n vivos.<\/p>\n\n\n\n<p>Con informaci\u00f3n de EFE<\/p>\n","protected":false},"excerpt":{"rendered":"<p>Por Redacci\u00f3n QP El Presidente\u00a0responde\u00a0a los se\u00f1alamientos del GIEI, que el martes present\u00f3 su \u00faltimo&#8230;<\/p>\n","protected":false},"author":2,"featured_media":103240,"comment_status":"open","ping_status":"open","sticky":false,"template":"","format":"standard","meta":{"_monsterinsights_skip_tracking":false,"_monsterinsights_sitenote_active":false,"_monsterinsights_sitenote_note":"","_monsterinsights_sitenote_category":0,"footnotes":""},"categories":[2],"tags":[],"class_list":["post-103239","post","type-post","status-publish","format-standard","has-post-thumbnail","hentry","category-noticias"],"yoast_head":"<!-- This site is optimized with the Yoast SEO plugin v27.3 - https:\/\/yoast.com\/product\/yoast-seo-wordpress\/ -->\n<title>L\u00f3pez Obrador desmiente al GIEI, Ej\u00e9rcito y Marina s\u00ed ayudan en Caso Ayotzinapa -<\/title>\n<meta name=\"robots\" content=\"index, follow, max-snippet:-1, max-image-preview:large, max-video-preview:-1\" \/>\n<link rel=\"canonical\" href=\"https:\/\/quehacerpolitico.mx\/?p=103239\" \/>\n<meta property=\"og:locale\" content=\"es_MX\" \/>\n<meta property=\"og:type\" content=\"article\" \/>\n<meta property=\"og:title\" content=\"L\u00f3pez Obrador desmiente al GIEI, Ej\u00e9rcito y Marina s\u00ed ayudan en Caso Ayotzinapa -\" \/>\n<meta property=\"og:description\" content=\"Por Redacci\u00f3n QP El Presidente\u00a0responde\u00a0a los se\u00f1alamientos del GIEI, que el martes present\u00f3 su \u00faltimo...\" \/>\n<meta property=\"og:url\" content=\"https:\/\/quehacerpolitico.mx\/?p=103239\" \/>\n<meta property=\"article:published_time\" content=\"2023-07-27T16:46:22+00:00\" \/>\n<meta property=\"article:modified_time\" content=\"2023-07-27T16:46:25+00:00\" \/>\n<meta property=\"og:image\" content=\"https:\/\/quehacerpolitico.mx\/wp-content\/uploads\/2023\/07\/IMG_9349-1.jpeg\" \/>\n\t<meta property=\"og:image:width\" content=\"1284\" \/>\n\t<meta property=\"og:image:height\" content=\"691\" \/>\n\t<meta property=\"og:image:type\" content=\"image\/jpeg\" \/>\n<meta name=\"author\" content=\"Redacci\u00f3n QP\" \/>\n<meta name=\"twitter:card\" content=\"summary_large_image\" \/>\n<meta name=\"twitter:label1\" content=\"Escrito por\" \/>\n\t<meta name=\"twitter:data1\" content=\"Redacci\u00f3n QP\" \/>\n\t<meta name=\"twitter:label2\" content=\"Tiempo de lectura\" \/>\n\t<meta name=\"twitter:data2\" content=\"3 minutos\" \/>\n<script type=\"application\/ld+json\" class=\"yoast-schema-graph\">{\"@context\":\"https:\\\/\\\/schema.org\",\"@graph\":[{\"@type\":\"Article\",\"@id\":\"https:\\\/\\\/quehacerpolitico.mx\\\/?p=103239#article\",\"isPartOf\":{\"@id\":\"https:\\\/\\\/quehacerpolitico.mx\\\/?p=103239\"},\"author\":{\"name\":\"Redacci\u00f3n QP\",\"@id\":\"https:\\\/\\\/quehacerpolitico.mx\\\/#\\\/schema\\\/person\\\/496d8ad2d1d3f8036101dca7ee39e585\"},\"headline\":\"L\u00f3pez Obrador desmiente al GIEI, Ej\u00e9rcito y Marina s\u00ed ayudan en Caso Ayotzinapa\",\"datePublished\":\"2023-07-27T16:46:22+00:00\",\"dateModified\":\"2023-07-27T16:46:25+00:00\",\"mainEntityOfPage\":{\"@id\":\"https:\\\/\\\/quehacerpolitico.mx\\\/?p=103239\"},\"wordCount\":543,\"commentCount\":0,\"image\":{\"@id\":\"https:\\\/\\\/quehacerpolitico.mx\\\/?p=103239#primaryimage\"},\"thumbnailUrl\":\"https:\\\/\\\/quehacerpolitico.mx\\\/wp-content\\\/uploads\\\/2023\\\/07\\\/IMG_9349-1.jpeg\",\"articleSection\":[\"Noticias\"],\"inLanguage\":\"es\",\"potentialAction\":[{\"@type\":\"CommentAction\",\"name\":\"Comment\",\"target\":[\"https:\\\/\\\/quehacerpolitico.mx\\\/?p=103239#respond\"]}]},{\"@type\":\"WebPage\",\"@id\":\"https:\\\/\\\/quehacerpolitico.mx\\\/?p=103239\",\"url\":\"https:\\\/\\\/quehacerpolitico.mx\\\/?p=103239\",\"name\":\"L\u00f3pez Obrador desmiente al GIEI, Ej\u00e9rcito y Marina s\u00ed ayudan en Caso Ayotzinapa -\",\"isPartOf\":{\"@id\":\"https:\\\/\\\/quehacerpolitico.mx\\\/#website\"},\"primaryImageOfPage\":{\"@id\":\"https:\\\/\\\/quehacerpolitico.mx\\\/?p=103239#primaryimage\"},\"image\":{\"@id\":\"https:\\\/\\\/quehacerpolitico.mx\\\/?p=103239#primaryimage\"},\"thumbnailUrl\":\"https:\\\/\\\/quehacerpolitico.mx\\\/wp-content\\\/uploads\\\/2023\\\/07\\\/IMG_9349-1.jpeg\",\"datePublished\":\"2023-07-27T16:46:22+00:00\",\"dateModified\":\"2023-07-27T16:46:25+00:00\",\"author\":{\"@id\":\"https:\\\/\\\/quehacerpolitico.mx\\\/#\\\/schema\\\/person\\\/496d8ad2d1d3f8036101dca7ee39e585\"},\"breadcrumb\":{\"@id\":\"https:\\\/\\\/quehacerpolitico.mx\\\/?p=103239#breadcrumb\"},\"inLanguage\":\"es\",\"potentialAction\":[{\"@type\":\"ReadAction\",\"target\":[\"https:\\\/\\\/quehacerpolitico.mx\\\/?p=103239\"]}]},{\"@type\":\"ImageObject\",\"inLanguage\":\"es\",\"@id\":\"https:\\\/\\\/quehacerpolitico.mx\\\/?p=103239#primaryimage\",\"url\":\"https:\\\/\\\/quehacerpolitico.mx\\\/wp-content\\\/uploads\\\/2023\\\/07\\\/IMG_9349-1.jpeg\",\"contentUrl\":\"https:\\\/\\\/quehacerpolitico.mx\\\/wp-content\\\/uploads\\\/2023\\\/07\\\/IMG_9349-1.jpeg\",\"width\":1284,\"height\":691},{\"@type\":\"BreadcrumbList\",\"@id\":\"https:\\\/\\\/quehacerpolitico.mx\\\/?p=103239#breadcrumb\",\"itemListElement\":[{\"@type\":\"ListItem\",\"position\":1,\"name\":\"Inicio\",\"item\":\"https:\\\/\\\/quehacerpolitico.mx\\\/\"},{\"@type\":\"ListItem\",\"position\":2,\"name\":\"L\u00f3pez Obrador desmiente al GIEI, Ej\u00e9rcito y Marina s\u00ed ayudan en Caso Ayotzinapa\"}]},{\"@type\":\"WebSite\",\"@id\":\"https:\\\/\\\/quehacerpolitico.mx\\\/#website\",\"url\":\"https:\\\/\\\/quehacerpolitico.mx\\\/\",\"name\":\"\",\"description\":\"\",\"potentialAction\":[{\"@type\":\"SearchAction\",\"target\":{\"@type\":\"EntryPoint\",\"urlTemplate\":\"https:\\\/\\\/quehacerpolitico.mx\\\/?s={search_term_string}\"},\"query-input\":{\"@type\":\"PropertyValueSpecification\",\"valueRequired\":true,\"valueName\":\"search_term_string\"}}],\"inLanguage\":\"es\"},{\"@type\":\"Person\",\"@id\":\"https:\\\/\\\/quehacerpolitico.mx\\\/#\\\/schema\\\/person\\\/496d8ad2d1d3f8036101dca7ee39e585\",\"name\":\"Redacci\u00f3n QP\",\"image\":{\"@type\":\"ImageObject\",\"inLanguage\":\"es\",\"@id\":\"https:\\\/\\\/secure.gravatar.com\\\/avatar\\\/c7164ed6fdec453195284ad24a5ae5b6e1eed2b848477fa2a4787ba9adf39a41?s=96&d=mm&r=g\",\"url\":\"https:\\\/\\\/secure.gravatar.com\\\/avatar\\\/c7164ed6fdec453195284ad24a5ae5b6e1eed2b848477fa2a4787ba9adf39a41?s=96&d=mm&r=g\",\"contentUrl\":\"https:\\\/\\\/secure.gravatar.com\\\/avatar\\\/c7164ed6fdec453195284ad24a5ae5b6e1eed2b848477fa2a4787ba9adf39a41?s=96&d=mm&r=g\",\"caption\":\"Redacci\u00f3n QP\"},\"url\":\"https:\\\/\\\/quehacerpolitico.mx\\\/?author=2\"}]}<\/script>\n<!-- \/ Yoast SEO plugin. -->","yoast_head_json":{"title":"L\u00f3pez Obrador desmiente al GIEI, Ej\u00e9rcito y Marina s\u00ed ayudan en Caso Ayotzinapa -","robots":{"index":"index","follow":"follow","max-snippet":"max-snippet:-1","max-image-preview":"max-image-preview:large","max-video-preview":"max-video-preview:-1"},"canonical":"https:\/\/quehacerpolitico.mx\/?p=103239","og_locale":"es_MX","og_type":"article","og_title":"L\u00f3pez Obrador desmiente al GIEI, Ej\u00e9rcito y Marina s\u00ed ayudan en Caso Ayotzinapa -","og_description":"Por Redacci\u00f3n QP El Presidente\u00a0responde\u00a0a los se\u00f1alamientos del GIEI, que el martes present\u00f3 su \u00faltimo...","og_url":"https:\/\/quehacerpolitico.mx\/?p=103239","article_published_time":"2023-07-27T16:46:22+00:00","article_modified_time":"2023-07-27T16:46:25+00:00","og_image":[{"width":1284,"height":691,"url":"https:\/\/quehacerpolitico.mx\/wp-content\/uploads\/2023\/07\/IMG_9349-1.jpeg","type":"image\/jpeg"}],"author":"Redacci\u00f3n QP","twitter_card":"summary_large_image","twitter_misc":{"Escrito por":"Redacci\u00f3n QP","Tiempo de lectura":"3 minutos"},"schema":{"@context":"https:\/\/schema.org","@graph":[{"@type":"Article","@id":"https:\/\/quehacerpolitico.mx\/?p=103239#article","isPartOf":{"@id":"https:\/\/quehacerpolitico.mx\/?p=103239"},"author":{"name":"Redacci\u00f3n QP","@id":"https:\/\/quehacerpolitico.mx\/#\/schema\/person\/496d8ad2d1d3f8036101dca7ee39e585"},"headline":"L\u00f3pez Obrador desmiente al GIEI, Ej\u00e9rcito y Marina s\u00ed ayudan en Caso Ayotzinapa","datePublished":"2023-07-27T16:46:22+00:00","dateModified":"2023-07-27T16:46:25+00:00","mainEntityOfPage":{"@id":"https:\/\/quehacerpolitico.mx\/?p=103239"},"wordCount":543,"commentCount":0,"image":{"@id":"https:\/\/quehacerpolitico.mx\/?p=103239#primaryimage"},"thumbnailUrl":"https:\/\/quehacerpolitico.mx\/wp-content\/uploads\/2023\/07\/IMG_9349-1.jpeg","articleSection":["Noticias"],"inLanguage":"es","potentialAction":[{"@type":"CommentAction","name":"Comment","target":["https:\/\/quehacerpolitico.mx\/?p=103239#respond"]}]},{"@type":"WebPage","@id":"https:\/\/quehacerpolitico.mx\/?p=103239","url":"https:\/\/quehacerpolitico.mx\/?p=103239","name":"L\u00f3pez Obrador desmiente al GIEI, Ej\u00e9rcito y Marina s\u00ed ayudan en Caso Ayotzinapa -","isPartOf":{"@id":"https:\/\/quehacerpolitico.mx\/#website"},"primaryImageOfPage":{"@id":"https:\/\/quehacerpolitico.mx\/?p=103239#primaryimage"},"image":{"@id":"https:\/\/quehacerpolitico.mx\/?p=103239#primaryimage"},"thumbnailUrl":"https:\/\/quehacerpolitico.mx\/wp-content\/uploads\/2023\/07\/IMG_9349-1.jpeg","datePublished":"2023-07-27T16:46:22+00:00","dateModified":"2023-07-27T16:46:25+00:00","author":{"@id":"https:\/\/quehacerpolitico.mx\/#\/schema\/person\/496d8ad2d1d3f8036101dca7ee39e585"},"breadcrumb":{"@id":"https:\/\/quehacerpolitico.mx\/?p=103239#breadcrumb"},"inLanguage":"es","potentialAction":[{"@type":"ReadAction","target":["https:\/\/quehacerpolitico.mx\/?p=103239"]}]},{"@type":"ImageObject","inLanguage":"es","@id":"https:\/\/quehacerpolitico.mx\/?p=103239#primaryimage","url":"https:\/\/quehacerpolitico.mx\/wp-content\/uploads\/2023\/07\/IMG_9349-1.jpeg","contentUrl":"https:\/\/quehacerpolitico.mx\/wp-content\/uploads\/2023\/07\/IMG_9349-1.jpeg","width":1284,"height":691},{"@type":"BreadcrumbList","@id":"https:\/\/quehacerpolitico.mx\/?p=103239#breadcrumb","itemListElement":[{"@type":"ListItem","position":1,"name":"Inicio","item":"https:\/\/quehacerpolitico.mx\/"},{"@type":"ListItem","position":2,"name":"L\u00f3pez Obrador desmiente al GIEI, Ej\u00e9rcito y Marina s\u00ed ayudan en Caso Ayotzinapa"}]},{"@type":"WebSite","@id":"https:\/\/quehacerpolitico.mx\/#website","url":"https:\/\/quehacerpolitico.mx\/","name":"","description":"","potentialAction":[{"@type":"SearchAction","target":{"@type":"EntryPoint","urlTemplate":"https:\/\/quehacerpolitico.mx\/?s={search_term_string}"},"query-input":{"@type":"PropertyValueSpecification","valueRequired":true,"valueName":"search_term_string"}}],"inLanguage":"es"},{"@type":"Person","@id":"https:\/\/quehacerpolitico.mx\/#\/schema\/person\/496d8ad2d1d3f8036101dca7ee39e585","name":"Redacci\u00f3n QP","image":{"@type":"ImageObject","inLanguage":"es","@id":"https:\/\/secure.gravatar.com\/avatar\/c7164ed6fdec453195284ad24a5ae5b6e1eed2b848477fa2a4787ba9adf39a41?s=96&d=mm&r=g","url":"https:\/\/secure.gravatar.com\/avatar\/c7164ed6fdec453195284ad24a5ae5b6e1eed2b848477fa2a4787ba9adf39a41?s=96&d=mm&r=g","contentUrl":"https:\/\/secure.gravatar.com\/avatar\/c7164ed6fdec453195284ad24a5ae5b6e1eed2b848477fa2a4787ba9adf39a41?s=96&d=mm&r=g","caption":"Redacci\u00f3n QP"},"url":"https:\/\/quehacerpolitico.mx\/?author=2"}]}},"featured_image_urls":{"full":["https:\/\/quehacerpolitico.mx\/wp-content\/uploads\/2023\/07\/IMG_9349-1.jpeg",1284,691,false],"thumbnail":["https:\/\/quehacerpolitico.mx\/wp-content\/uploads\/2023\/07\/IMG_9349-1-150x150.jpeg",150,150,true],"medium":["https:\/\/quehacerpolitico.mx\/wp-content\/uploads\/2023\/07\/IMG_9349-1-300x161.jpeg",300,161,true],"medium_large":["https:\/\/quehacerpolitico.mx\/wp-content\/uploads\/2023\/07\/IMG_9349-1-768x413.jpeg",640,344,true],"large":["https:\/\/quehacerpolitico.mx\/wp-content\/uploads\/2023\/07\/IMG_9349-1-1024x551.jpeg",640,344,true],"1536x1536":["https:\/\/quehacerpolitico.mx\/wp-content\/uploads\/2023\/07\/IMG_9349-1.jpeg",1284,691,false],"2048x2048":["https:\/\/quehacerpolitico.mx\/wp-content\/uploads\/2023\/07\/IMG_9349-1.jpeg",1284,691,false],"covernews-featured":["https:\/\/quehacerpolitico.mx\/wp-content\/uploads\/2023\/07\/IMG_9349-1.jpeg",1024,551,false],"covernews-medium":["https:\/\/quehacerpolitico.mx\/wp-content\/uploads\/2023\/07\/IMG_9349-1.jpeg",540,291,false]},"author_info":{"display_name":"Redacci\u00f3n QP","author_link":"https:\/\/quehacerpolitico.mx\/?author=2"},"category_info":"<a href=\"https:\/\/quehacerpolitico.mx\/?cat=2\" rel=\"category\">Noticias<\/a>","tag_info":"Noticias","comment_count":"0","_links":{"self":[{"href":"https:\/\/quehacerpolitico.mx\/index.php?rest_route=\/wp\/v2\/posts\/103239","targetHints":{"allow":["GET"]}}],"collection":[{"href":"https:\/\/quehacerpolitico.mx\/index.php?rest_route=\/wp\/v2\/posts"}],"about":[{"href":"https:\/\/quehacerpolitico.mx\/index.php?rest_route=\/wp\/v2\/types\/post"}],"author":[{"embeddable":true,"href":"https:\/\/quehacerpolitico.mx\/index.php?rest_route=\/wp\/v2\/users\/2"}],"replies":[{"embeddable":true,"href":"https:\/\/quehacerpolitico.mx\/index.php?rest_route=%2Fwp%2Fv2%2Fcomments&post=103239"}],"version-history":[{"count":1,"href":"https:\/\/quehacerpolitico.mx\/index.php?rest_route=\/wp\/v2\/posts\/103239\/revisions"}],"predecessor-version":[{"id":103241,"href":"https:\/\/quehacerpolitico.mx\/index.php?rest_route=\/wp\/v2\/posts\/103239\/revisions\/103241"}],"wp:featuredmedia":[{"embeddable":true,"href":"https:\/\/quehacerpolitico.mx\/index.php?rest_route=\/wp\/v2\/media\/103240"}],"wp:attachment":[{"href":"https:\/\/quehacerpolitico.mx\/index.php?rest_route=%2Fwp%2Fv2%2Fmedia&parent=103239"}],"wp:term":[{"taxonomy":"category","embeddable":true,"href":"https:\/\/quehacerpolitico.mx\/index.php?rest_route=%2Fwp%2Fv2%2Fcategories&post=103239"},{"taxonomy":"post_tag","embeddable":true,"href":"https:\/\/quehacerpolitico.mx\/index.php?rest_route=%2Fwp%2Fv2%2Ftags&post=103239"}],"curies":[{"name":"wp","href":"https:\/\/api.w.org\/{rel}","templated":true}]}}