{"id":103212,"date":"2023-07-26T22:54:02","date_gmt":"2023-07-26T22:54:02","guid":{"rendered":"https:\/\/quehacerpolitico.mx\/?p=103212"},"modified":"2023-07-26T22:54:05","modified_gmt":"2023-07-26T22:54:05","slug":"hayan-vestigios-de-una-aldea-de-ocupacion-teotihuacana-en-los-limites-del-conjunto-urbano-nonoalco-tlatelolco-en-la-ciudad-de-mexico","status":"publish","type":"post","link":"https:\/\/quehacerpolitico.mx\/?p=103212","title":{"rendered":"Hayan vestigios\u00a0de una\u00a0aldea de ocupaci\u00f3n\u00a0teotihuacana\u00a0en los l\u00edmites del conjunto urbano\u00a0Nonoalco-Tlatelolco, en la\u00a0Ciudad de M\u00e9xico"},"content":{"rendered":"\n<p>Por Redacci\u00f3n QP<\/p>\n\n\n\n<p>La aldea de ocupaci\u00f3n teotihuacana fue encontrada seg\u00fan el INAH en los l\u00edmites del conjunto urbano Nonoalco-Tlatelolco, en la CDMX<\/p>\n\n\n\n<p>Investigadores mexicanos descubrieron\u00a0<strong>vestigios<\/strong>\u00a0de una\u00a0<strong>aldea<\/strong> de ocupaci\u00f3n\u00a0<strong>teotihuacana<\/strong>\u00a0en los l\u00edmites del conjunto urbano\u00a0<strong>Nonoalco-Tlatelolco<\/strong>, en la\u00a0<strong>Ciudad de M\u00e9xico,<\/strong>\u00a0que antes hab\u00eda reportado el arque\u00f3logo\u00a0<strong>Francisco Gonz\u00e1lez Rul<\/strong>\u00a0en 1960.<\/p>\n\n\n\n<p>El\u00a0<strong>Instituto Nacional de Antropolog\u00eda e Historia<\/strong>\u00a0(<strong>INAH<\/strong>)\u00a0inform\u00f3 este mi\u00e9rcoles en un comunicado que el nuevo hallazgo se realiz\u00f3 entre marzo y junio pasados, cuando se identificaron seis etapas culturales de ocupaci\u00f3n: dos prehisp\u00e1nicas (teotihuacana y mexica) y cuatro hist\u00f3ricas (una del siglo XVIII, otra del XIX y dos del XX).<\/p>\n\n\n\n<p>\u201cCon estos nuevos hallazgos se ha consolidado y demostrado la existencia de una aldea de ocupaci\u00f3n teotihuacana en el \u00e1rea de Tlatelolco\u201d, dijeron el arque\u00f3logo<strong>&nbsp;Juan Carlos Campos Varela<\/strong>&nbsp;y la arque\u00f3loga<strong>&nbsp;Mara Abigail Becerra Amezcua<\/strong>, quienes dirigieron la investigaci\u00f3n, apoyados por una decena de trabajadores t\u00e9cnicos.<\/p>\n\n\n\n<p>De acuerdo con el INAH, el asentamiento pudo reconocerse en funci\u00f3n del hallazgo de elementos constructivos como \u201ccanales, pisos, apisonados, alineamientos de piedra, huecos de poste, un pozo artesiano, renivelaciones de buena factura que alternaron con gruesas concentraciones de cer\u00e1mica y el hallazgo de tres entierros humanos\u201d.<\/p>\n\n\n\n<p>Estos \u00faltimos, abund\u00f3, corresponden a un subadulto y a dos adultos, adem\u00e1s de que tambi\u00e9n se encontraron cajetes pulidos de base anular, con caracter\u00edsticas teotihuacanas.<\/p>\n\n\n\n<p>De acuerdo con la evidencia de cer\u00e1mica hallada, la aldea se puede ubicar cronol\u00f3gicamente alrededor de los a\u00f1os 450-650 de nuestra era, correspondiente al\u00a0<strong>periodo Cl\u00e1sico<\/strong>, en sus\u00a0<strong>fases Xolalpan Tard\u00edo-Metepec<\/strong>\u201d, dijo el INAH.<\/p>\n\n\n\n<p>En 1988 el arque\u00f3logo Gonz\u00e1lez Rul propuso que pudo existir un \u201ctlatel\u201d o poblado que ocup\u00f3 territorialmente gran parte de lo que hoy es Tlatelolco y que era una aldea de pescadores-recolectores que ten\u00edan como base de subsistencia el autoconsumo y el aprovechamiento de los recuerdos lacustres del lago de Texcoco, durante el periodo Cl\u00e1sico.<\/p>\n\n\n\n<p>El INAH expuso adem\u00e1s que las excavaciones arqueol\u00f3gicas han concluido y actualmente el equipo de especialistas realiza la fase de an\u00e1lisis de los materiales y de los restos \u00f3seos recuperados.<\/p>\n\n\n\n<p>Tambi\u00e9n dijo que continuar\u00e1 con la supervisi\u00f3n arqueol\u00f3gica de los trabajos constructivos que se realicen en el \u00e1rea.<\/p>\n\n\n\n<p>Tlatelolco, que significa \u201cmont\u00edculo de tierra\u201d, es uno de los lugares con mayor relevancia hist\u00f3rica de la capital mexicana, por haber sido el centro comercial m\u00e1s importante de los mexicas.<\/p>\n\n\n\n<p>Con informaci\u00f3n de EFE<\/p>\n","protected":false},"excerpt":{"rendered":"<p>Por Redacci\u00f3n QP La aldea de ocupaci\u00f3n teotihuacana fue encontrada seg\u00fan el INAH en los&#8230;<\/p>\n","protected":false},"author":2,"featured_media":103213,"comment_status":"open","ping_status":"open","sticky":false,"template":"","format":"standard","meta":{"_monsterinsights_skip_tracking":false,"_monsterinsights_sitenote_active":false,"_monsterinsights_sitenote_note":"","_monsterinsights_sitenote_category":0,"footnotes":""},"categories":[58],"tags":[],"class_list":["post-103212","post","type-post","status-publish","format-standard","has-post-thumbnail","hentry","category-cultura"],"yoast_head":"<!-- This site is optimized with the Yoast SEO plugin v27.3 - https:\/\/yoast.com\/product\/yoast-seo-wordpress\/ -->\n<title>Hayan vestigios\u00a0de una\u00a0aldea de ocupaci\u00f3n\u00a0teotihuacana\u00a0en los l\u00edmites del conjunto urbano\u00a0Nonoalco-Tlatelolco, en la\u00a0Ciudad de M\u00e9xico -<\/title>\n<meta name=\"robots\" content=\"index, follow, max-snippet:-1, max-image-preview:large, max-video-preview:-1\" \/>\n<link rel=\"canonical\" href=\"https:\/\/quehacerpolitico.mx\/?p=103212\" \/>\n<meta property=\"og:locale\" content=\"es_MX\" \/>\n<meta property=\"og:type\" content=\"article\" \/>\n<meta property=\"og:title\" content=\"Hayan vestigios\u00a0de una\u00a0aldea de ocupaci\u00f3n\u00a0teotihuacana\u00a0en los l\u00edmites del conjunto urbano\u00a0Nonoalco-Tlatelolco, en la\u00a0Ciudad de M\u00e9xico -\" \/>\n<meta property=\"og:description\" content=\"Por Redacci\u00f3n QP La aldea de ocupaci\u00f3n teotihuacana fue encontrada seg\u00fan el INAH en los...\" \/>\n<meta property=\"og:url\" content=\"https:\/\/quehacerpolitico.mx\/?p=103212\" \/>\n<meta property=\"article:published_time\" content=\"2023-07-26T22:54:02+00:00\" \/>\n<meta property=\"article:modified_time\" content=\"2023-07-26T22:54:05+00:00\" \/>\n<meta property=\"og:image\" content=\"https:\/\/quehacerpolitico.mx\/wp-content\/uploads\/2023\/07\/IMG_9322.webp\" \/>\n\t<meta property=\"og:image:width\" content=\"355\" \/>\n\t<meta property=\"og:image:height\" content=\"223\" \/>\n\t<meta property=\"og:image:type\" content=\"image\/webp\" \/>\n<meta name=\"author\" content=\"Redacci\u00f3n QP\" \/>\n<meta name=\"twitter:card\" content=\"summary_large_image\" \/>\n<meta name=\"twitter:label1\" content=\"Escrito por\" \/>\n\t<meta name=\"twitter:data1\" content=\"Redacci\u00f3n QP\" \/>\n\t<meta name=\"twitter:label2\" content=\"Tiempo de lectura\" \/>\n\t<meta name=\"twitter:data2\" content=\"2 minutos\" \/>\n<script type=\"application\/ld+json\" class=\"yoast-schema-graph\">{\"@context\":\"https:\\\/\\\/schema.org\",\"@graph\":[{\"@type\":\"Article\",\"@id\":\"https:\\\/\\\/quehacerpolitico.mx\\\/?p=103212#article\",\"isPartOf\":{\"@id\":\"https:\\\/\\\/quehacerpolitico.mx\\\/?p=103212\"},\"author\":{\"name\":\"Redacci\u00f3n QP\",\"@id\":\"https:\\\/\\\/quehacerpolitico.mx\\\/#\\\/schema\\\/person\\\/496d8ad2d1d3f8036101dca7ee39e585\"},\"headline\":\"Hayan vestigios\u00a0de una\u00a0aldea de ocupaci\u00f3n\u00a0teotihuacana\u00a0en los l\u00edmites del conjunto urbano\u00a0Nonoalco-Tlatelolco, en la\u00a0Ciudad de M\u00e9xico\",\"datePublished\":\"2023-07-26T22:54:02+00:00\",\"dateModified\":\"2023-07-26T22:54:05+00:00\",\"mainEntityOfPage\":{\"@id\":\"https:\\\/\\\/quehacerpolitico.mx\\\/?p=103212\"},\"wordCount\":466,\"commentCount\":0,\"image\":{\"@id\":\"https:\\\/\\\/quehacerpolitico.mx\\\/?p=103212#primaryimage\"},\"thumbnailUrl\":\"https:\\\/\\\/quehacerpolitico.mx\\\/wp-content\\\/uploads\\\/2023\\\/07\\\/IMG_9322.webp\",\"articleSection\":[\"Cultura y Entretenimiento\"],\"inLanguage\":\"es\",\"potentialAction\":[{\"@type\":\"CommentAction\",\"name\":\"Comment\",\"target\":[\"https:\\\/\\\/quehacerpolitico.mx\\\/?p=103212#respond\"]}]},{\"@type\":\"WebPage\",\"@id\":\"https:\\\/\\\/quehacerpolitico.mx\\\/?p=103212\",\"url\":\"https:\\\/\\\/quehacerpolitico.mx\\\/?p=103212\",\"name\":\"Hayan vestigios\u00a0de una\u00a0aldea de ocupaci\u00f3n\u00a0teotihuacana\u00a0en los l\u00edmites del conjunto urbano\u00a0Nonoalco-Tlatelolco, en la\u00a0Ciudad de M\u00e9xico -\",\"isPartOf\":{\"@id\":\"https:\\\/\\\/quehacerpolitico.mx\\\/#website\"},\"primaryImageOfPage\":{\"@id\":\"https:\\\/\\\/quehacerpolitico.mx\\\/?p=103212#primaryimage\"},\"image\":{\"@id\":\"https:\\\/\\\/quehacerpolitico.mx\\\/?p=103212#primaryimage\"},\"thumbnailUrl\":\"https:\\\/\\\/quehacerpolitico.mx\\\/wp-content\\\/uploads\\\/2023\\\/07\\\/IMG_9322.webp\",\"datePublished\":\"2023-07-26T22:54:02+00:00\",\"dateModified\":\"2023-07-26T22:54:05+00:00\",\"author\":{\"@id\":\"https:\\\/\\\/quehacerpolitico.mx\\\/#\\\/schema\\\/person\\\/496d8ad2d1d3f8036101dca7ee39e585\"},\"breadcrumb\":{\"@id\":\"https:\\\/\\\/quehacerpolitico.mx\\\/?p=103212#breadcrumb\"},\"inLanguage\":\"es\",\"potentialAction\":[{\"@type\":\"ReadAction\",\"target\":[\"https:\\\/\\\/quehacerpolitico.mx\\\/?p=103212\"]}]},{\"@type\":\"ImageObject\",\"inLanguage\":\"es\",\"@id\":\"https:\\\/\\\/quehacerpolitico.mx\\\/?p=103212#primaryimage\",\"url\":\"https:\\\/\\\/quehacerpolitico.mx\\\/wp-content\\\/uploads\\\/2023\\\/07\\\/IMG_9322.webp\",\"contentUrl\":\"https:\\\/\\\/quehacerpolitico.mx\\\/wp-content\\\/uploads\\\/2023\\\/07\\\/IMG_9322.webp\",\"width\":355,\"height\":223},{\"@type\":\"BreadcrumbList\",\"@id\":\"https:\\\/\\\/quehacerpolitico.mx\\\/?p=103212#breadcrumb\",\"itemListElement\":[{\"@type\":\"ListItem\",\"position\":1,\"name\":\"Inicio\",\"item\":\"https:\\\/\\\/quehacerpolitico.mx\\\/\"},{\"@type\":\"ListItem\",\"position\":2,\"name\":\"Hayan vestigios\u00a0de una\u00a0aldea de ocupaci\u00f3n\u00a0teotihuacana\u00a0en los l\u00edmites del conjunto urbano\u00a0Nonoalco-Tlatelolco, en la\u00a0Ciudad de M\u00e9xico\"}]},{\"@type\":\"WebSite\",\"@id\":\"https:\\\/\\\/quehacerpolitico.mx\\\/#website\",\"url\":\"https:\\\/\\\/quehacerpolitico.mx\\\/\",\"name\":\"\",\"description\":\"\",\"potentialAction\":[{\"@type\":\"SearchAction\",\"target\":{\"@type\":\"EntryPoint\",\"urlTemplate\":\"https:\\\/\\\/quehacerpolitico.mx\\\/?s={search_term_string}\"},\"query-input\":{\"@type\":\"PropertyValueSpecification\",\"valueRequired\":true,\"valueName\":\"search_term_string\"}}],\"inLanguage\":\"es\"},{\"@type\":\"Person\",\"@id\":\"https:\\\/\\\/quehacerpolitico.mx\\\/#\\\/schema\\\/person\\\/496d8ad2d1d3f8036101dca7ee39e585\",\"name\":\"Redacci\u00f3n QP\",\"image\":{\"@type\":\"ImageObject\",\"inLanguage\":\"es\",\"@id\":\"https:\\\/\\\/secure.gravatar.com\\\/avatar\\\/c7164ed6fdec453195284ad24a5ae5b6e1eed2b848477fa2a4787ba9adf39a41?s=96&d=mm&r=g\",\"url\":\"https:\\\/\\\/secure.gravatar.com\\\/avatar\\\/c7164ed6fdec453195284ad24a5ae5b6e1eed2b848477fa2a4787ba9adf39a41?s=96&d=mm&r=g\",\"contentUrl\":\"https:\\\/\\\/secure.gravatar.com\\\/avatar\\\/c7164ed6fdec453195284ad24a5ae5b6e1eed2b848477fa2a4787ba9adf39a41?s=96&d=mm&r=g\",\"caption\":\"Redacci\u00f3n QP\"},\"url\":\"https:\\\/\\\/quehacerpolitico.mx\\\/?author=2\"}]}<\/script>\n<!-- \/ Yoast SEO plugin. -->","yoast_head_json":{"title":"Hayan vestigios\u00a0de una\u00a0aldea de ocupaci\u00f3n\u00a0teotihuacana\u00a0en los l\u00edmites del conjunto urbano\u00a0Nonoalco-Tlatelolco, en la\u00a0Ciudad de M\u00e9xico -","robots":{"index":"index","follow":"follow","max-snippet":"max-snippet:-1","max-image-preview":"max-image-preview:large","max-video-preview":"max-video-preview:-1"},"canonical":"https:\/\/quehacerpolitico.mx\/?p=103212","og_locale":"es_MX","og_type":"article","og_title":"Hayan vestigios\u00a0de una\u00a0aldea de ocupaci\u00f3n\u00a0teotihuacana\u00a0en los l\u00edmites del conjunto urbano\u00a0Nonoalco-Tlatelolco, en la\u00a0Ciudad de M\u00e9xico -","og_description":"Por Redacci\u00f3n QP La aldea de ocupaci\u00f3n teotihuacana fue encontrada seg\u00fan el INAH en los...","og_url":"https:\/\/quehacerpolitico.mx\/?p=103212","article_published_time":"2023-07-26T22:54:02+00:00","article_modified_time":"2023-07-26T22:54:05+00:00","og_image":[{"width":355,"height":223,"url":"https:\/\/quehacerpolitico.mx\/wp-content\/uploads\/2023\/07\/IMG_9322.webp","type":"image\/webp"}],"author":"Redacci\u00f3n QP","twitter_card":"summary_large_image","twitter_misc":{"Escrito por":"Redacci\u00f3n QP","Tiempo de lectura":"2 minutos"},"schema":{"@context":"https:\/\/schema.org","@graph":[{"@type":"Article","@id":"https:\/\/quehacerpolitico.mx\/?p=103212#article","isPartOf":{"@id":"https:\/\/quehacerpolitico.mx\/?p=103212"},"author":{"name":"Redacci\u00f3n QP","@id":"https:\/\/quehacerpolitico.mx\/#\/schema\/person\/496d8ad2d1d3f8036101dca7ee39e585"},"headline":"Hayan vestigios\u00a0de una\u00a0aldea de ocupaci\u00f3n\u00a0teotihuacana\u00a0en los l\u00edmites del conjunto urbano\u00a0Nonoalco-Tlatelolco, en la\u00a0Ciudad de M\u00e9xico","datePublished":"2023-07-26T22:54:02+00:00","dateModified":"2023-07-26T22:54:05+00:00","mainEntityOfPage":{"@id":"https:\/\/quehacerpolitico.mx\/?p=103212"},"wordCount":466,"commentCount":0,"image":{"@id":"https:\/\/quehacerpolitico.mx\/?p=103212#primaryimage"},"thumbnailUrl":"https:\/\/quehacerpolitico.mx\/wp-content\/uploads\/2023\/07\/IMG_9322.webp","articleSection":["Cultura y Entretenimiento"],"inLanguage":"es","potentialAction":[{"@type":"CommentAction","name":"Comment","target":["https:\/\/quehacerpolitico.mx\/?p=103212#respond"]}]},{"@type":"WebPage","@id":"https:\/\/quehacerpolitico.mx\/?p=103212","url":"https:\/\/quehacerpolitico.mx\/?p=103212","name":"Hayan vestigios\u00a0de una\u00a0aldea de ocupaci\u00f3n\u00a0teotihuacana\u00a0en los l\u00edmites del conjunto urbano\u00a0Nonoalco-Tlatelolco, en la\u00a0Ciudad de M\u00e9xico -","isPartOf":{"@id":"https:\/\/quehacerpolitico.mx\/#website"},"primaryImageOfPage":{"@id":"https:\/\/quehacerpolitico.mx\/?p=103212#primaryimage"},"image":{"@id":"https:\/\/quehacerpolitico.mx\/?p=103212#primaryimage"},"thumbnailUrl":"https:\/\/quehacerpolitico.mx\/wp-content\/uploads\/2023\/07\/IMG_9322.webp","datePublished":"2023-07-26T22:54:02+00:00","dateModified":"2023-07-26T22:54:05+00:00","author":{"@id":"https:\/\/quehacerpolitico.mx\/#\/schema\/person\/496d8ad2d1d3f8036101dca7ee39e585"},"breadcrumb":{"@id":"https:\/\/quehacerpolitico.mx\/?p=103212#breadcrumb"},"inLanguage":"es","potentialAction":[{"@type":"ReadAction","target":["https:\/\/quehacerpolitico.mx\/?p=103212"]}]},{"@type":"ImageObject","inLanguage":"es","@id":"https:\/\/quehacerpolitico.mx\/?p=103212#primaryimage","url":"https:\/\/quehacerpolitico.mx\/wp-content\/uploads\/2023\/07\/IMG_9322.webp","contentUrl":"https:\/\/quehacerpolitico.mx\/wp-content\/uploads\/2023\/07\/IMG_9322.webp","width":355,"height":223},{"@type":"BreadcrumbList","@id":"https:\/\/quehacerpolitico.mx\/?p=103212#breadcrumb","itemListElement":[{"@type":"ListItem","position":1,"name":"Inicio","item":"https:\/\/quehacerpolitico.mx\/"},{"@type":"ListItem","position":2,"name":"Hayan vestigios\u00a0de una\u00a0aldea de ocupaci\u00f3n\u00a0teotihuacana\u00a0en los l\u00edmites del conjunto urbano\u00a0Nonoalco-Tlatelolco, en la\u00a0Ciudad de M\u00e9xico"}]},{"@type":"WebSite","@id":"https:\/\/quehacerpolitico.mx\/#website","url":"https:\/\/quehacerpolitico.mx\/","name":"","description":"","potentialAction":[{"@type":"SearchAction","target":{"@type":"EntryPoint","urlTemplate":"https:\/\/quehacerpolitico.mx\/?s={search_term_string}"},"query-input":{"@type":"PropertyValueSpecification","valueRequired":true,"valueName":"search_term_string"}}],"inLanguage":"es"},{"@type":"Person","@id":"https:\/\/quehacerpolitico.mx\/#\/schema\/person\/496d8ad2d1d3f8036101dca7ee39e585","name":"Redacci\u00f3n QP","image":{"@type":"ImageObject","inLanguage":"es","@id":"https:\/\/secure.gravatar.com\/avatar\/c7164ed6fdec453195284ad24a5ae5b6e1eed2b848477fa2a4787ba9adf39a41?s=96&d=mm&r=g","url":"https:\/\/secure.gravatar.com\/avatar\/c7164ed6fdec453195284ad24a5ae5b6e1eed2b848477fa2a4787ba9adf39a41?s=96&d=mm&r=g","contentUrl":"https:\/\/secure.gravatar.com\/avatar\/c7164ed6fdec453195284ad24a5ae5b6e1eed2b848477fa2a4787ba9adf39a41?s=96&d=mm&r=g","caption":"Redacci\u00f3n QP"},"url":"https:\/\/quehacerpolitico.mx\/?author=2"}]}},"featured_image_urls":{"full":["https:\/\/quehacerpolitico.mx\/wp-content\/uploads\/2023\/07\/IMG_9322.webp",355,223,false],"thumbnail":["https:\/\/quehacerpolitico.mx\/wp-content\/uploads\/2023\/07\/IMG_9322-150x150.webp",150,150,true],"medium":["https:\/\/quehacerpolitico.mx\/wp-content\/uploads\/2023\/07\/IMG_9322-300x188.webp",300,188,true],"medium_large":["https:\/\/quehacerpolitico.mx\/wp-content\/uploads\/2023\/07\/IMG_9322.webp",355,223,false],"large":["https:\/\/quehacerpolitico.mx\/wp-content\/uploads\/2023\/07\/IMG_9322.webp",355,223,false],"1536x1536":["https:\/\/quehacerpolitico.mx\/wp-content\/uploads\/2023\/07\/IMG_9322.webp",355,223,false],"2048x2048":["https:\/\/quehacerpolitico.mx\/wp-content\/uploads\/2023\/07\/IMG_9322.webp",355,223,false],"covernews-featured":["https:\/\/quehacerpolitico.mx\/wp-content\/uploads\/2023\/07\/IMG_9322.webp",355,223,false],"covernews-medium":["https:\/\/quehacerpolitico.mx\/wp-content\/uploads\/2023\/07\/IMG_9322.webp",355,223,false]},"author_info":{"display_name":"Redacci\u00f3n QP","author_link":"https:\/\/quehacerpolitico.mx\/?author=2"},"category_info":"<a href=\"https:\/\/quehacerpolitico.mx\/?cat=58\" rel=\"category\">Cultura y Entretenimiento<\/a>","tag_info":"Cultura y Entretenimiento","comment_count":"0","_links":{"self":[{"href":"https:\/\/quehacerpolitico.mx\/index.php?rest_route=\/wp\/v2\/posts\/103212","targetHints":{"allow":["GET"]}}],"collection":[{"href":"https:\/\/quehacerpolitico.mx\/index.php?rest_route=\/wp\/v2\/posts"}],"about":[{"href":"https:\/\/quehacerpolitico.mx\/index.php?rest_route=\/wp\/v2\/types\/post"}],"author":[{"embeddable":true,"href":"https:\/\/quehacerpolitico.mx\/index.php?rest_route=\/wp\/v2\/users\/2"}],"replies":[{"embeddable":true,"href":"https:\/\/quehacerpolitico.mx\/index.php?rest_route=%2Fwp%2Fv2%2Fcomments&post=103212"}],"version-history":[{"count":1,"href":"https:\/\/quehacerpolitico.mx\/index.php?rest_route=\/wp\/v2\/posts\/103212\/revisions"}],"predecessor-version":[{"id":103214,"href":"https:\/\/quehacerpolitico.mx\/index.php?rest_route=\/wp\/v2\/posts\/103212\/revisions\/103214"}],"wp:featuredmedia":[{"embeddable":true,"href":"https:\/\/quehacerpolitico.mx\/index.php?rest_route=\/wp\/v2\/media\/103213"}],"wp:attachment":[{"href":"https:\/\/quehacerpolitico.mx\/index.php?rest_route=%2Fwp%2Fv2%2Fmedia&parent=103212"}],"wp:term":[{"taxonomy":"category","embeddable":true,"href":"https:\/\/quehacerpolitico.mx\/index.php?rest_route=%2Fwp%2Fv2%2Fcategories&post=103212"},{"taxonomy":"post_tag","embeddable":true,"href":"https:\/\/quehacerpolitico.mx\/index.php?rest_route=%2Fwp%2Fv2%2Ftags&post=103212"}],"curies":[{"name":"wp","href":"https:\/\/api.w.org\/{rel}","templated":true}]}}