{"id":103209,"date":"2023-07-26T22:06:22","date_gmt":"2023-07-26T22:06:22","guid":{"rendered":"https:\/\/quehacerpolitico.mx\/?p=103209"},"modified":"2023-07-26T22:06:25","modified_gmt":"2023-07-26T22:06:25","slug":"junio-se-posiciono-como-el-mes-con-mayor-numero-de-feminicidios-en-lo-que-va-de-2023","status":"publish","type":"post","link":"https:\/\/quehacerpolitico.mx\/?p=103209","title":{"rendered":"Junio\u00a0se posicion\u00f3 como el mes con mayor n\u00famero de\u00a0feminicidios\u00a0en lo que va de 2023"},"content":{"rendered":"\n<p>Por Redacci\u00f3n QP<\/p>\n\n\n\n<p>El Secretariado Ejecutivo del Sistema Nacional de Seguridad P\u00fablica report\u00f3 80 feminicidios en junio, la cifra m\u00e1s alta del a\u00f1o<\/p>\n\n\n\n<p><strong>Junio<\/strong>&nbsp;se posicion\u00f3 como el mes con mayor n\u00famero de&nbsp;<strong>feminicidios<\/strong>&nbsp;en lo que va de 2023.<\/p>\n\n\n\n<p>El Secretariado Ejecutivo del Sistema Nacional de Seguridad P\u00fablica (SESNSP)\u00a0report\u00f3 <strong>80 asesinatos de mujeres<\/strong>\u00a0por raz\u00f3n de g\u00e9nero, con 81 v\u00edctimas.<\/p>\n\n\n\n<p>Dicha cifra es la m\u00e1s alta del a\u00f1o. En enero se registraron 69 casos; en febrero 75; marzo 78; abril 64, y mayo 60, para sumar 426.<\/p>\n\n\n\n<p>El Estado de M\u00e9xico es, hasta el momento, la entidad con mayor n\u00famero de feminicidios, 51; seguida de Nuevo Le\u00f3n con 36; Oaxaca con 30; Ciudad de M\u00e9xico y Veracruz con 28 cada una.<\/p>\n\n\n\n<p>En marzo pasado el presidente\u00a0<strong>Andr\u00e9s Manuel L\u00f3pez Obrador<\/strong> asegur\u00f3 que desde el a\u00f1o\u00a0<strong>2021<\/strong>\u00a0la estrategia de su gobierno contra los\u00a0<strong>feminicidios<\/strong>\u00a0ha permitido una\u00a0baja de\u00a0<strong>35.7 por ciento<\/strong>\u00a0en el delito.<\/p>\n\n\n\n<p>Respecto al n\u00famero de<strong>&nbsp;mujeres v\u00edctimas de secuestro&nbsp;<\/strong>el n\u00famero de casos tambi\u00e9n aument\u00f3 respecto a mayo pasando 10 a 17 casos y dando un total de 96 entre enero y junio del 2023.<\/p>\n\n\n\n<p>Un delito que obtuvo su cifra m\u00e1xima desde 2015 es el de<strong>\u00a0corrupci\u00f3n de menores,<\/strong>\u00a0con un total de 195 casos durante el pasado mes de junio y en lo que va del a\u00f1o ya han sumado 932 casos; Guanajuato encabeza la lista con 218, seguido de Baja California con 105 y Ciudad de M\u00e9xico con 90.<\/p>\n\n\n\n<p>Respecto al delito de\u00a0trata de personas, durante el mes de junio tambi\u00e9n se alcanz\u00f3 la cifra m\u00e1s alta del a\u00f1o con 89 casos, dando un total de 337 presuntos delitos entre enero y junio; el Estado de M\u00e9xico cuenta con el mayor n\u00famero de casos con 79, seguido de Ciudad de M\u00e9xico con 63 y Quintana Roo con 51.<\/p>\n\n\n\n<figure class=\"wp-block-embed is-type-rich is-provider-twitter wp-block-embed-twitter\"><div class=\"wp-block-embed__wrapper\">\n<blockquote class=\"twitter-tweet\" data-width=\"550\" data-dnt=\"true\"><p lang=\"es\" dir=\"ltr\">\u00a1Reporta la trata de personas!<br><br>Si conoces alg\u00fan caso den\u00fancialo al <a href=\"https:\/\/twitter.com\/hashtag\/089DenunciaAn%C3%B3nima?src=hash&amp;ref_src=twsrc%5Etfw\">#089DenunciaAn\u00f3nima<\/a> o al <a href=\"https:\/\/twitter.com\/hashtag\/911Emergencias?src=hash&amp;ref_src=twsrc%5Etfw\">#911Emergencias<\/a> <br><br>30 de julio D\u00eda Mundial contra la Trata de Personas.<a href=\"https:\/\/twitter.com\/hashtag\/M%C3%A9xicoLibreDeTrata?src=hash&amp;ref_src=twsrc%5Etfw\">#M\u00e9xicoLibreDeTrata<\/a><a href=\"https:\/\/twitter.com\/hashtag\/ReportaLaTrata?src=hash&amp;ref_src=twsrc%5Etfw\">#ReportaLaTrata<\/a><a href=\"https:\/\/twitter.com\/hashtag\/NoM%C3%A1sTrata?src=hash&amp;ref_src=twsrc%5Etfw\">#NoM\u00e1sTrata<\/a><a href=\"https:\/\/twitter.com\/hashtag\/CNPDyPC?src=hash&amp;ref_src=twsrc%5Etfw\">#CNPDyPC<\/a><a href=\"https:\/\/twitter.com\/hashtag\/JuntosConstruimosLaPaz?src=hash&amp;ref_src=twsrc%5Etfw\">#JuntosConstruimosLaPaz<\/a> <a href=\"https:\/\/t.co\/rmlJWyiBxV\">pic.twitter.com\/rmlJWyiBxV<\/a><\/p>&mdash; SESNSP (@sesnsp) <a href=\"https:\/\/twitter.com\/sesnsp\/status\/1683643227050590209?ref_src=twsrc%5Etfw\">July 25, 2023<\/a><\/blockquote><script async src=\"https:\/\/platform.twitter.com\/widgets.js\" charset=\"utf-8\"><\/script>\n<\/div><\/figure>\n\n\n\n<p>El delito de<strong>&nbsp;violencia familiar<\/strong>&nbsp;tambi\u00e9n tuvo su cifra m\u00e1s alta registrada con 27 mil 389 casos tan solo en el mes de junio; mientras que durante todo el semestre han ocurrido 145 mil 933 casos; tambi\u00e9n la violencia de g\u00e9nero tuvo su cifra m\u00e1xima con 605 casos el mes pasado y 3 mil 295 en lo que va del a\u00f1o.<\/p>\n\n\n\n<h2 class=\"wp-block-heading\">Llamadas al 911 alcanzan cifra m\u00e1s alta en junio<\/h2>\n\n\n\n<p>Respecto al\u00a0<strong>n\u00famero de llamadas al 911 durante junio se registr\u00f3 la cifra m\u00e1s alta del a\u00f1o\u00a0<\/strong>de\u00a0llamadas por violencia hac\u00eda la mujer con 34 mil 145 casos, dando un total de 171 mil 340 entre enero y junio; asimismo en el caso del delito de abuso sexual tambi\u00e9n se dio el n\u00famero m\u00e1s alto de llamadas desde 2015 con 884 durante el mes pasado.<\/p>\n\n\n\n<h2 class=\"wp-block-heading\">Estados con m\u00e1s casos de feminicidios en M\u00e9xico<\/h2>\n\n\n\n<ul class=\"wp-block-list\">\n<li>Estado de M\u00e9xico: 51 casos.&nbsp;<\/li>\n\n\n\n<li>Nuevo Le\u00f3n: 36 casos<\/li>\n\n\n\n<li>Oaxaca: 30 casos<\/li>\n<\/ul>\n\n\n\n<h2 class=\"wp-block-heading\">Municipios con m\u00e1s casos de feminicidios<\/h2>\n\n\n\n<ul class=\"wp-block-list\">\n<li>Ciudad Ju\u00e1rez: 15 casos<\/li>\n\n\n\n<li>Toluca: 7 casos<\/li>\n\n\n\n<li>Tijuana: 6 casos<\/li>\n\n\n\n<li>Iztapalapa: 6 casos<\/li>\n\n\n\n<li>Ju\u00e1rez: 6 casos<\/li>\n<\/ul>\n\n\n\n<figure class=\"wp-block-embed is-type-rich is-provider-twitter wp-block-embed-twitter\"><div class=\"wp-block-embed__wrapper\">\n<blockquote class=\"twitter-tweet\" data-width=\"550\" data-dnt=\"true\"><p lang=\"es\" dir=\"ltr\"><a href=\"https:\/\/twitter.com\/hashtag\/D%C3%ADaNaranja?src=hash&amp;ref_src=twsrc%5Etfw\">#D\u00edaNaranja<\/a><br>Reiteramos nuestro compromiso de llevar a cabo acciones que contribuyan a erradicar todas las formas de violencia en contra de mujeres y ni\u00f1as. \ud83e\uddd1\ud83c\udffb \ud83e\uddd3\ud83c\udffb \ud83e\uddd2\ud83c\udffb<a href=\"https:\/\/twitter.com\/hashtag\/JuntosConstruimosLaPaz?src=hash&amp;ref_src=twsrc%5Etfw\">#JuntosConstruimosLaPaz<\/a> \ud83d\udd4a\ufe0f <a href=\"https:\/\/t.co\/IPqMnFaO8Q\">pic.twitter.com\/IPqMnFaO8Q<\/a><\/p>&mdash; Secretar\u00eda de Seguridad y Protecci\u00f3n Ciudadana (@SSPCMexico) <a href=\"https:\/\/twitter.com\/SSPCMexico\/status\/1683856929263583240?ref_src=twsrc%5Etfw\">July 25, 2023<\/a><\/blockquote><script async src=\"https:\/\/platform.twitter.com\/widgets.js\" charset=\"utf-8\"><\/script>\n<\/div><\/figure>\n","protected":false},"excerpt":{"rendered":"<p>Por Redacci\u00f3n QP El Secretariado Ejecutivo del Sistema Nacional de Seguridad P\u00fablica report\u00f3 80 feminicidios&#8230;<\/p>\n","protected":false},"author":2,"featured_media":103210,"comment_status":"open","ping_status":"open","sticky":false,"template":"","format":"standard","meta":{"_monsterinsights_skip_tracking":false,"_monsterinsights_sitenote_active":false,"_monsterinsights_sitenote_note":"","_monsterinsights_sitenote_category":0,"footnotes":""},"categories":[2],"tags":[],"class_list":["post-103209","post","type-post","status-publish","format-standard","has-post-thumbnail","hentry","category-noticias"],"yoast_head":"<!-- This site is optimized with the Yoast SEO plugin v27.3 - https:\/\/yoast.com\/product\/yoast-seo-wordpress\/ -->\n<title>Junio\u00a0se posicion\u00f3 como el mes con mayor n\u00famero de\u00a0feminicidios\u00a0en lo que va de 2023 -<\/title>\n<meta name=\"robots\" content=\"index, follow, max-snippet:-1, max-image-preview:large, max-video-preview:-1\" \/>\n<link rel=\"canonical\" href=\"https:\/\/quehacerpolitico.mx\/?p=103209\" \/>\n<meta property=\"og:locale\" content=\"es_MX\" \/>\n<meta property=\"og:type\" content=\"article\" \/>\n<meta property=\"og:title\" content=\"Junio\u00a0se posicion\u00f3 como el mes con mayor n\u00famero de\u00a0feminicidios\u00a0en lo que va de 2023 -\" \/>\n<meta property=\"og:description\" content=\"Por Redacci\u00f3n QP El Secretariado Ejecutivo del Sistema Nacional de Seguridad P\u00fablica report\u00f3 80 feminicidios...\" \/>\n<meta property=\"og:url\" content=\"https:\/\/quehacerpolitico.mx\/?p=103209\" \/>\n<meta property=\"article:published_time\" content=\"2023-07-26T22:06:22+00:00\" \/>\n<meta property=\"article:modified_time\" content=\"2023-07-26T22:06:25+00:00\" \/>\n<meta property=\"og:image\" content=\"https:\/\/quehacerpolitico.mx\/wp-content\/uploads\/2023\/07\/IMG_9320.jpeg\" \/>\n\t<meta property=\"og:image:width\" content=\"600\" \/>\n\t<meta property=\"og:image:height\" content=\"333\" \/>\n\t<meta property=\"og:image:type\" content=\"image\/jpeg\" \/>\n<meta name=\"author\" content=\"Redacci\u00f3n QP\" \/>\n<meta name=\"twitter:card\" content=\"summary_large_image\" \/>\n<meta name=\"twitter:label1\" content=\"Escrito por\" \/>\n\t<meta name=\"twitter:data1\" content=\"Redacci\u00f3n QP\" \/>\n\t<meta name=\"twitter:label2\" content=\"Tiempo de lectura\" \/>\n\t<meta name=\"twitter:data2\" content=\"3 minutos\" \/>\n<script type=\"application\/ld+json\" class=\"yoast-schema-graph\">{\"@context\":\"https:\\\/\\\/schema.org\",\"@graph\":[{\"@type\":\"Article\",\"@id\":\"https:\\\/\\\/quehacerpolitico.mx\\\/?p=103209#article\",\"isPartOf\":{\"@id\":\"https:\\\/\\\/quehacerpolitico.mx\\\/?p=103209\"},\"author\":{\"name\":\"Redacci\u00f3n QP\",\"@id\":\"https:\\\/\\\/quehacerpolitico.mx\\\/#\\\/schema\\\/person\\\/496d8ad2d1d3f8036101dca7ee39e585\"},\"headline\":\"Junio\u00a0se posicion\u00f3 como el mes con mayor n\u00famero de\u00a0feminicidios\u00a0en lo que va de 2023\",\"datePublished\":\"2023-07-26T22:06:22+00:00\",\"dateModified\":\"2023-07-26T22:06:25+00:00\",\"mainEntityOfPage\":{\"@id\":\"https:\\\/\\\/quehacerpolitico.mx\\\/?p=103209\"},\"wordCount\":532,\"commentCount\":0,\"image\":{\"@id\":\"https:\\\/\\\/quehacerpolitico.mx\\\/?p=103209#primaryimage\"},\"thumbnailUrl\":\"https:\\\/\\\/quehacerpolitico.mx\\\/wp-content\\\/uploads\\\/2023\\\/07\\\/IMG_9320.jpeg\",\"articleSection\":[\"Noticias\"],\"inLanguage\":\"es\",\"potentialAction\":[{\"@type\":\"CommentAction\",\"name\":\"Comment\",\"target\":[\"https:\\\/\\\/quehacerpolitico.mx\\\/?p=103209#respond\"]}]},{\"@type\":\"WebPage\",\"@id\":\"https:\\\/\\\/quehacerpolitico.mx\\\/?p=103209\",\"url\":\"https:\\\/\\\/quehacerpolitico.mx\\\/?p=103209\",\"name\":\"Junio\u00a0se posicion\u00f3 como el mes con mayor n\u00famero de\u00a0feminicidios\u00a0en lo que va de 2023 -\",\"isPartOf\":{\"@id\":\"https:\\\/\\\/quehacerpolitico.mx\\\/#website\"},\"primaryImageOfPage\":{\"@id\":\"https:\\\/\\\/quehacerpolitico.mx\\\/?p=103209#primaryimage\"},\"image\":{\"@id\":\"https:\\\/\\\/quehacerpolitico.mx\\\/?p=103209#primaryimage\"},\"thumbnailUrl\":\"https:\\\/\\\/quehacerpolitico.mx\\\/wp-content\\\/uploads\\\/2023\\\/07\\\/IMG_9320.jpeg\",\"datePublished\":\"2023-07-26T22:06:22+00:00\",\"dateModified\":\"2023-07-26T22:06:25+00:00\",\"author\":{\"@id\":\"https:\\\/\\\/quehacerpolitico.mx\\\/#\\\/schema\\\/person\\\/496d8ad2d1d3f8036101dca7ee39e585\"},\"breadcrumb\":{\"@id\":\"https:\\\/\\\/quehacerpolitico.mx\\\/?p=103209#breadcrumb\"},\"inLanguage\":\"es\",\"potentialAction\":[{\"@type\":\"ReadAction\",\"target\":[\"https:\\\/\\\/quehacerpolitico.mx\\\/?p=103209\"]}]},{\"@type\":\"ImageObject\",\"inLanguage\":\"es\",\"@id\":\"https:\\\/\\\/quehacerpolitico.mx\\\/?p=103209#primaryimage\",\"url\":\"https:\\\/\\\/quehacerpolitico.mx\\\/wp-content\\\/uploads\\\/2023\\\/07\\\/IMG_9320.jpeg\",\"contentUrl\":\"https:\\\/\\\/quehacerpolitico.mx\\\/wp-content\\\/uploads\\\/2023\\\/07\\\/IMG_9320.jpeg\",\"width\":600,\"height\":333},{\"@type\":\"BreadcrumbList\",\"@id\":\"https:\\\/\\\/quehacerpolitico.mx\\\/?p=103209#breadcrumb\",\"itemListElement\":[{\"@type\":\"ListItem\",\"position\":1,\"name\":\"Inicio\",\"item\":\"https:\\\/\\\/quehacerpolitico.mx\\\/\"},{\"@type\":\"ListItem\",\"position\":2,\"name\":\"Junio\u00a0se posicion\u00f3 como el mes con mayor n\u00famero de\u00a0feminicidios\u00a0en lo que va de 2023\"}]},{\"@type\":\"WebSite\",\"@id\":\"https:\\\/\\\/quehacerpolitico.mx\\\/#website\",\"url\":\"https:\\\/\\\/quehacerpolitico.mx\\\/\",\"name\":\"\",\"description\":\"\",\"potentialAction\":[{\"@type\":\"SearchAction\",\"target\":{\"@type\":\"EntryPoint\",\"urlTemplate\":\"https:\\\/\\\/quehacerpolitico.mx\\\/?s={search_term_string}\"},\"query-input\":{\"@type\":\"PropertyValueSpecification\",\"valueRequired\":true,\"valueName\":\"search_term_string\"}}],\"inLanguage\":\"es\"},{\"@type\":\"Person\",\"@id\":\"https:\\\/\\\/quehacerpolitico.mx\\\/#\\\/schema\\\/person\\\/496d8ad2d1d3f8036101dca7ee39e585\",\"name\":\"Redacci\u00f3n QP\",\"image\":{\"@type\":\"ImageObject\",\"inLanguage\":\"es\",\"@id\":\"https:\\\/\\\/secure.gravatar.com\\\/avatar\\\/c7164ed6fdec453195284ad24a5ae5b6e1eed2b848477fa2a4787ba9adf39a41?s=96&d=mm&r=g\",\"url\":\"https:\\\/\\\/secure.gravatar.com\\\/avatar\\\/c7164ed6fdec453195284ad24a5ae5b6e1eed2b848477fa2a4787ba9adf39a41?s=96&d=mm&r=g\",\"contentUrl\":\"https:\\\/\\\/secure.gravatar.com\\\/avatar\\\/c7164ed6fdec453195284ad24a5ae5b6e1eed2b848477fa2a4787ba9adf39a41?s=96&d=mm&r=g\",\"caption\":\"Redacci\u00f3n QP\"},\"url\":\"https:\\\/\\\/quehacerpolitico.mx\\\/?author=2\"}]}<\/script>\n<!-- \/ Yoast SEO plugin. -->","yoast_head_json":{"title":"Junio\u00a0se posicion\u00f3 como el mes con mayor n\u00famero de\u00a0feminicidios\u00a0en lo que va de 2023 -","robots":{"index":"index","follow":"follow","max-snippet":"max-snippet:-1","max-image-preview":"max-image-preview:large","max-video-preview":"max-video-preview:-1"},"canonical":"https:\/\/quehacerpolitico.mx\/?p=103209","og_locale":"es_MX","og_type":"article","og_title":"Junio\u00a0se posicion\u00f3 como el mes con mayor n\u00famero de\u00a0feminicidios\u00a0en lo que va de 2023 -","og_description":"Por Redacci\u00f3n QP El Secretariado Ejecutivo del Sistema Nacional de Seguridad P\u00fablica report\u00f3 80 feminicidios...","og_url":"https:\/\/quehacerpolitico.mx\/?p=103209","article_published_time":"2023-07-26T22:06:22+00:00","article_modified_time":"2023-07-26T22:06:25+00:00","og_image":[{"width":600,"height":333,"url":"https:\/\/quehacerpolitico.mx\/wp-content\/uploads\/2023\/07\/IMG_9320.jpeg","type":"image\/jpeg"}],"author":"Redacci\u00f3n QP","twitter_card":"summary_large_image","twitter_misc":{"Escrito por":"Redacci\u00f3n QP","Tiempo de lectura":"3 minutos"},"schema":{"@context":"https:\/\/schema.org","@graph":[{"@type":"Article","@id":"https:\/\/quehacerpolitico.mx\/?p=103209#article","isPartOf":{"@id":"https:\/\/quehacerpolitico.mx\/?p=103209"},"author":{"name":"Redacci\u00f3n QP","@id":"https:\/\/quehacerpolitico.mx\/#\/schema\/person\/496d8ad2d1d3f8036101dca7ee39e585"},"headline":"Junio\u00a0se posicion\u00f3 como el mes con mayor n\u00famero de\u00a0feminicidios\u00a0en lo que va de 2023","datePublished":"2023-07-26T22:06:22+00:00","dateModified":"2023-07-26T22:06:25+00:00","mainEntityOfPage":{"@id":"https:\/\/quehacerpolitico.mx\/?p=103209"},"wordCount":532,"commentCount":0,"image":{"@id":"https:\/\/quehacerpolitico.mx\/?p=103209#primaryimage"},"thumbnailUrl":"https:\/\/quehacerpolitico.mx\/wp-content\/uploads\/2023\/07\/IMG_9320.jpeg","articleSection":["Noticias"],"inLanguage":"es","potentialAction":[{"@type":"CommentAction","name":"Comment","target":["https:\/\/quehacerpolitico.mx\/?p=103209#respond"]}]},{"@type":"WebPage","@id":"https:\/\/quehacerpolitico.mx\/?p=103209","url":"https:\/\/quehacerpolitico.mx\/?p=103209","name":"Junio\u00a0se posicion\u00f3 como el mes con mayor n\u00famero de\u00a0feminicidios\u00a0en lo que va de 2023 -","isPartOf":{"@id":"https:\/\/quehacerpolitico.mx\/#website"},"primaryImageOfPage":{"@id":"https:\/\/quehacerpolitico.mx\/?p=103209#primaryimage"},"image":{"@id":"https:\/\/quehacerpolitico.mx\/?p=103209#primaryimage"},"thumbnailUrl":"https:\/\/quehacerpolitico.mx\/wp-content\/uploads\/2023\/07\/IMG_9320.jpeg","datePublished":"2023-07-26T22:06:22+00:00","dateModified":"2023-07-26T22:06:25+00:00","author":{"@id":"https:\/\/quehacerpolitico.mx\/#\/schema\/person\/496d8ad2d1d3f8036101dca7ee39e585"},"breadcrumb":{"@id":"https:\/\/quehacerpolitico.mx\/?p=103209#breadcrumb"},"inLanguage":"es","potentialAction":[{"@type":"ReadAction","target":["https:\/\/quehacerpolitico.mx\/?p=103209"]}]},{"@type":"ImageObject","inLanguage":"es","@id":"https:\/\/quehacerpolitico.mx\/?p=103209#primaryimage","url":"https:\/\/quehacerpolitico.mx\/wp-content\/uploads\/2023\/07\/IMG_9320.jpeg","contentUrl":"https:\/\/quehacerpolitico.mx\/wp-content\/uploads\/2023\/07\/IMG_9320.jpeg","width":600,"height":333},{"@type":"BreadcrumbList","@id":"https:\/\/quehacerpolitico.mx\/?p=103209#breadcrumb","itemListElement":[{"@type":"ListItem","position":1,"name":"Inicio","item":"https:\/\/quehacerpolitico.mx\/"},{"@type":"ListItem","position":2,"name":"Junio\u00a0se posicion\u00f3 como el mes con mayor n\u00famero de\u00a0feminicidios\u00a0en lo que va de 2023"}]},{"@type":"WebSite","@id":"https:\/\/quehacerpolitico.mx\/#website","url":"https:\/\/quehacerpolitico.mx\/","name":"","description":"","potentialAction":[{"@type":"SearchAction","target":{"@type":"EntryPoint","urlTemplate":"https:\/\/quehacerpolitico.mx\/?s={search_term_string}"},"query-input":{"@type":"PropertyValueSpecification","valueRequired":true,"valueName":"search_term_string"}}],"inLanguage":"es"},{"@type":"Person","@id":"https:\/\/quehacerpolitico.mx\/#\/schema\/person\/496d8ad2d1d3f8036101dca7ee39e585","name":"Redacci\u00f3n QP","image":{"@type":"ImageObject","inLanguage":"es","@id":"https:\/\/secure.gravatar.com\/avatar\/c7164ed6fdec453195284ad24a5ae5b6e1eed2b848477fa2a4787ba9adf39a41?s=96&d=mm&r=g","url":"https:\/\/secure.gravatar.com\/avatar\/c7164ed6fdec453195284ad24a5ae5b6e1eed2b848477fa2a4787ba9adf39a41?s=96&d=mm&r=g","contentUrl":"https:\/\/secure.gravatar.com\/avatar\/c7164ed6fdec453195284ad24a5ae5b6e1eed2b848477fa2a4787ba9adf39a41?s=96&d=mm&r=g","caption":"Redacci\u00f3n QP"},"url":"https:\/\/quehacerpolitico.mx\/?author=2"}]}},"featured_image_urls":{"full":["https:\/\/quehacerpolitico.mx\/wp-content\/uploads\/2023\/07\/IMG_9320.jpeg",600,333,false],"thumbnail":["https:\/\/quehacerpolitico.mx\/wp-content\/uploads\/2023\/07\/IMG_9320-150x150.jpeg",150,150,true],"medium":["https:\/\/quehacerpolitico.mx\/wp-content\/uploads\/2023\/07\/IMG_9320-300x167.jpeg",300,167,true],"medium_large":["https:\/\/quehacerpolitico.mx\/wp-content\/uploads\/2023\/07\/IMG_9320.jpeg",600,333,false],"large":["https:\/\/quehacerpolitico.mx\/wp-content\/uploads\/2023\/07\/IMG_9320.jpeg",600,333,false],"1536x1536":["https:\/\/quehacerpolitico.mx\/wp-content\/uploads\/2023\/07\/IMG_9320.jpeg",600,333,false],"2048x2048":["https:\/\/quehacerpolitico.mx\/wp-content\/uploads\/2023\/07\/IMG_9320.jpeg",600,333,false],"covernews-featured":["https:\/\/quehacerpolitico.mx\/wp-content\/uploads\/2023\/07\/IMG_9320.jpeg",600,333,false],"covernews-medium":["https:\/\/quehacerpolitico.mx\/wp-content\/uploads\/2023\/07\/IMG_9320.jpeg",540,300,false]},"author_info":{"display_name":"Redacci\u00f3n QP","author_link":"https:\/\/quehacerpolitico.mx\/?author=2"},"category_info":"<a href=\"https:\/\/quehacerpolitico.mx\/?cat=2\" rel=\"category\">Noticias<\/a>","tag_info":"Noticias","comment_count":"0","_links":{"self":[{"href":"https:\/\/quehacerpolitico.mx\/index.php?rest_route=\/wp\/v2\/posts\/103209","targetHints":{"allow":["GET"]}}],"collection":[{"href":"https:\/\/quehacerpolitico.mx\/index.php?rest_route=\/wp\/v2\/posts"}],"about":[{"href":"https:\/\/quehacerpolitico.mx\/index.php?rest_route=\/wp\/v2\/types\/post"}],"author":[{"embeddable":true,"href":"https:\/\/quehacerpolitico.mx\/index.php?rest_route=\/wp\/v2\/users\/2"}],"replies":[{"embeddable":true,"href":"https:\/\/quehacerpolitico.mx\/index.php?rest_route=%2Fwp%2Fv2%2Fcomments&post=103209"}],"version-history":[{"count":1,"href":"https:\/\/quehacerpolitico.mx\/index.php?rest_route=\/wp\/v2\/posts\/103209\/revisions"}],"predecessor-version":[{"id":103211,"href":"https:\/\/quehacerpolitico.mx\/index.php?rest_route=\/wp\/v2\/posts\/103209\/revisions\/103211"}],"wp:featuredmedia":[{"embeddable":true,"href":"https:\/\/quehacerpolitico.mx\/index.php?rest_route=\/wp\/v2\/media\/103210"}],"wp:attachment":[{"href":"https:\/\/quehacerpolitico.mx\/index.php?rest_route=%2Fwp%2Fv2%2Fmedia&parent=103209"}],"wp:term":[{"taxonomy":"category","embeddable":true,"href":"https:\/\/quehacerpolitico.mx\/index.php?rest_route=%2Fwp%2Fv2%2Fcategories&post=103209"},{"taxonomy":"post_tag","embeddable":true,"href":"https:\/\/quehacerpolitico.mx\/index.php?rest_route=%2Fwp%2Fv2%2Ftags&post=103209"}],"curies":[{"name":"wp","href":"https:\/\/api.w.org\/{rel}","templated":true}]}}