{"id":103196,"date":"2023-07-26T15:09:06","date_gmt":"2023-07-26T15:09:06","guid":{"rendered":"https:\/\/quehacerpolitico.mx\/?p=103196"},"modified":"2023-07-26T15:09:09","modified_gmt":"2023-07-26T15:09:09","slug":"internacionales-carolina-alonso-romei-arqueologia-descubren-el-teatro-de-neron-enterrado-frente-al-vaticano","status":"publish","type":"post","link":"https:\/\/quehacerpolitico.mx\/?p=103196","title":{"rendered":"Internacionales\/\/\/Carolina Alonso Romei\/\/\/Arqueolog\u00eda: Descubren el Teatro de Ner\u00f3n enterrado frente al Vaticano"},"content":{"rendered":"\n<p>Por Carolina Alonso Romei<\/p>\n\n\n\n<p>Internacionalista <\/p>\n\n\n\n<p>Sali\u00f3 a la luz tras siglos sepultado\u00a0junto con otras reliquias\u00a0acumuladas\u00a0a lo largo de los milenios.<\/p>\n\n\n\n<p><strong>Al emperador Ner\u00f3n le gustaba exhibirse en un teatro que se encontr\u00f3\u00a0gracias a excavaciones que probaron la ubicaci\u00f3n del que fuera un lujoso edificio del Imperio romano s\u00f3lo conocido\u00a0a trav\u00e9s de textos antiguos: la construcci\u00f3n estuvo sepultada m\u00e1s de mil a\u00f1os\u00a0a pocos metros del Vaticano.<\/strong><\/p>\n\n\n\n<p>Arque\u00f3logos de la ciudad de Roma\u00a0<strong>hallaron una parte del Teatro de Ner\u00f3n\u00a0al iniciarse las obras para la construcci\u00f3n de un estacionamiento del nuevo hotel en el patio del Palacio de la Rovere<\/strong>,\u00a0un edificio renacentista levantado en el siglo XV sobre construcciones medievales.<\/p>\n\n\n\n<p>&#8220;Con esta excavaci\u00f3n pudimos plantear una propuesta de identificaci\u00f3n que se basa en una serie de pistas arqueol\u00f3gicas que son muy consistentes entre s\u00ed y que nos llevan a identificar este espacio como el antiguo Teatro de Ner\u00f3n&#8221;, explic\u00f3 Alessio de Cristofaro, uno de los arque\u00f3logos del ayuntamiento de Roma.<\/p>\n\n\n\n<p><strong>El Teatro fue construido por el emperador romano<\/strong>\u00a0en el \u00e1rea dominada por los conocidos como &#8220;Horti de Agripina la Mayor&#8221;, madre de Cal\u00edgula, una gran propiedad de la familia imperial Julio Claudia, donde se construy\u00f3 un enorme circo para carreras de caballos.<\/p>\n\n\n\n<figure class=\"wp-block-image size-full\"><img loading=\"lazy\" decoding=\"async\" width=\"355\" height=\"223\" src=\"https:\/\/quehacerpolitico.mx\/wp-content\/uploads\/2023\/07\/image-77.jpeg\" alt=\"\" class=\"wp-image-103197\" srcset=\"https:\/\/quehacerpolitico.mx\/wp-content\/uploads\/2023\/07\/image-77.jpeg 355w, https:\/\/quehacerpolitico.mx\/wp-content\/uploads\/2023\/07\/image-77-300x188.jpeg 300w, https:\/\/quehacerpolitico.mx\/wp-content\/uploads\/2023\/07\/image-77-232x146.jpeg 232w, https:\/\/quehacerpolitico.mx\/wp-content\/uploads\/2023\/07\/image-77-50x31.jpeg 50w, https:\/\/quehacerpolitico.mx\/wp-content\/uploads\/2023\/07\/image-77-119x75.jpeg 119w\" sizes=\"auto, (max-width: 355px) 100vw, 355px\" \/><\/figure>\n\n\n\n<p>Los textos de autores de la Antig\u00fcedad como Plinio, Svetonio y T\u00e1cito comentaban la existencia del teatro en la zona que ahora ocupa el Vaticano y sus calles colindantes, pero la gran cantidad de edificaciones que se levantan en este barrio romano, muchas de ellas de elevado valor art\u00edstico y cultural, dificultaban iniciar excavaciones que probaran la ubicaci\u00f3n.<\/p>\n\n\n\n<p>Los restos descubiertos forman parte de la parte izquierda de la c\u00e1vea, con forma de hemiciclo, y la escena, donde se conservaban&nbsp;<strong>elementos arquitect\u00f3nicos que atestiguan el lujo y la fastuosidad del Teatro de Ner\u00f3n<\/strong>, como columnas y decoraciones.<\/p>\n\n\n\n<p>&#8220;La riqu\u00edsima decoraci\u00f3n arquitect\u00f3nica, consistente en m\u00e1rmoles blancos y m\u00e1rmoles de colores de columnas estriadas de orden j\u00f3nico y los estucos recubiertos de l\u00e1minas de oro, y la presencia de un determinado tipo de ladrillos nos permiten datar con precisi\u00f3n el edificio entre la \u00e9poca de Cal\u00edgula y la de Ner\u00f3n&#8221;, detall\u00f3 Cristofaro<\/p>\n\n\n\n<h3 class=\"wp-block-heading\">&#8220;Theatrum Neronis&#8221;<\/h3>\n\n\n\n<p>El &#8220;Theatrum Neronis&#8221;&nbsp;fue un gran teatro con capacidad para miles de espectadores, que habitualmente disfrutaba el emperador Ner\u00f3n, gran aficionado a las artes y recordado por subirse a lo escenarios romanos a recitar poes\u00edas, ante la familia imperial, sus c\u00edrculos m\u00e1s cercanos y, en ocasiones especiales, un p\u00fablico m\u00e1s amplio.<\/p>\n\n\n\n<p><strong>Las excavaciones, adem\u00e1s,&nbsp;han permitido descubrir raros ejemplares de copas de vidrio, c\u00e1ntaros, materiales cer\u00e1mico, insignias de peregrinos, objetos \u00f3seos y matrices de rosarios de la Edad Media acumulados a lo largo de los milenios.<\/strong><\/p>\n\n\n\n<figure class=\"wp-block-image\"><img decoding=\"async\" src=\"https:\/\/www.informador.mx\/__export\/1690379543465\/sites\/elinformador\/img\/2023\/07\/26\/7552ccd423bc1c0c8cc228284c0c057a36646dd6w_crop1690379542807.jpg_70287019.jpg\" alt=\"\"\/><figcaption class=\"wp-element-caption\">Algunos de los ejemplares encontrados durante las excavaciones que permitieron desenterrar el Teatr\u00f3 de Ner\u00f3n y otras reliquias. EFE\/&nbsp;R. Mart\u00ednez Mendo&nbsp;<\/figcaption><\/figure>\n\n\n\n<p>Ya que este era el camino por el que peregrinos de medio mundo llegaban al&nbsp;<strong>lugar donde la tradici\u00f3n cristiana indica que se encuentra la tumba de San Pedro, el primer Papa<\/strong>, bajo la actual bas\u00edlica hom\u00f3nima, y dejaban a su paso objetos religiosos y recuerdos.<\/p>\n\n\n\n<p>&#8220;La Edad Media no es f\u00e1cil de encontrar en esta ciudad. Se conoce por los palacios, iglesias y ciertas fuentes hist\u00f3ricas, pero desde el punto de vista material no existen muchos restos como los que aqu\u00ed tenemos, que va del siglo X al XV y que nos cuentan una parte de la historia econ\u00f3mica y social de la ciudad&#8221;, indic\u00f3 el tambi\u00e9n arque\u00f3logo Renato Sebastiani.<\/p>\n\n\n\n<p>Tras casi tres a\u00f1os de excavaciones y documentaci\u00f3n arqueol\u00f3gica, los trabajos prosiguen con el objetivo de que los elementos descubiertos puedan visitarse en los pr\u00f3ximos a\u00f1os gracias a un espacio muse\u00edstico de la Orden Ecuestre del Santo Sepulcro de Jerusal\u00e9n, propietaria del Palacio de la Rovere.<\/p>\n\n\n\n<p>Con informaci\u00f3n de EFE<\/p>\n","protected":false},"excerpt":{"rendered":"<p>Por Carolina Alonso Romei Internacionalista Sali\u00f3 a la luz tras siglos sepultado\u00a0junto con otras reliquias\u00a0acumuladas\u00a0a&#8230;<\/p>\n","protected":false},"author":2,"featured_media":103198,"comment_status":"open","ping_status":"open","sticky":false,"template":"","format":"standard","meta":{"_monsterinsights_skip_tracking":false,"_monsterinsights_sitenote_active":false,"_monsterinsights_sitenote_note":"","_monsterinsights_sitenote_category":0,"footnotes":""},"categories":[1],"tags":[],"class_list":["post-103196","post","type-post","status-publish","format-standard","has-post-thumbnail","hentry","category-sin-categoria"],"yoast_head":"<!-- This site is optimized with the Yoast SEO plugin v27.3 - https:\/\/yoast.com\/product\/yoast-seo-wordpress\/ -->\n<title>Internacionales\/\/\/Carolina Alonso Romei\/\/\/Arqueolog\u00eda: Descubren el Teatro de Ner\u00f3n enterrado frente al Vaticano -<\/title>\n<meta name=\"robots\" content=\"index, follow, max-snippet:-1, max-image-preview:large, max-video-preview:-1\" \/>\n<link rel=\"canonical\" href=\"https:\/\/quehacerpolitico.mx\/?p=103196\" \/>\n<meta property=\"og:locale\" content=\"es_MX\" \/>\n<meta property=\"og:type\" content=\"article\" \/>\n<meta property=\"og:title\" content=\"Internacionales\/\/\/Carolina Alonso Romei\/\/\/Arqueolog\u00eda: Descubren el Teatro de Ner\u00f3n enterrado frente al Vaticano -\" \/>\n<meta property=\"og:description\" content=\"Por Carolina Alonso Romei Internacionalista Sali\u00f3 a la luz tras siglos sepultado\u00a0junto con otras reliquias\u00a0acumuladas\u00a0a...\" \/>\n<meta property=\"og:url\" content=\"https:\/\/quehacerpolitico.mx\/?p=103196\" \/>\n<meta property=\"article:published_time\" content=\"2023-07-26T15:09:06+00:00\" \/>\n<meta property=\"article:modified_time\" content=\"2023-07-26T15:09:09+00:00\" \/>\n<meta property=\"og:image\" content=\"https:\/\/quehacerpolitico.mx\/wp-content\/uploads\/2023\/07\/IMG_9313.jpeg\" \/>\n\t<meta property=\"og:image:width\" content=\"679\" \/>\n\t<meta property=\"og:image:height\" content=\"452\" \/>\n\t<meta property=\"og:image:type\" content=\"image\/jpeg\" \/>\n<meta name=\"author\" content=\"Redacci\u00f3n QP\" \/>\n<meta name=\"twitter:card\" content=\"summary_large_image\" \/>\n<meta name=\"twitter:label1\" content=\"Escrito por\" \/>\n\t<meta name=\"twitter:data1\" content=\"Redacci\u00f3n QP\" \/>\n\t<meta name=\"twitter:label2\" content=\"Tiempo de lectura\" \/>\n\t<meta name=\"twitter:data2\" content=\"3 minutos\" \/>\n<script type=\"application\/ld+json\" class=\"yoast-schema-graph\">{\"@context\":\"https:\\\/\\\/schema.org\",\"@graph\":[{\"@type\":\"Article\",\"@id\":\"https:\\\/\\\/quehacerpolitico.mx\\\/?p=103196#article\",\"isPartOf\":{\"@id\":\"https:\\\/\\\/quehacerpolitico.mx\\\/?p=103196\"},\"author\":{\"name\":\"Redacci\u00f3n QP\",\"@id\":\"https:\\\/\\\/quehacerpolitico.mx\\\/#\\\/schema\\\/person\\\/496d8ad2d1d3f8036101dca7ee39e585\"},\"headline\":\"Internacionales\\\/\\\/\\\/Carolina Alonso Romei\\\/\\\/\\\/Arqueolog\u00eda: Descubren el Teatro de Ner\u00f3n enterrado frente al Vaticano\",\"datePublished\":\"2023-07-26T15:09:06+00:00\",\"dateModified\":\"2023-07-26T15:09:09+00:00\",\"mainEntityOfPage\":{\"@id\":\"https:\\\/\\\/quehacerpolitico.mx\\\/?p=103196\"},\"wordCount\":712,\"commentCount\":0,\"image\":{\"@id\":\"https:\\\/\\\/quehacerpolitico.mx\\\/?p=103196#primaryimage\"},\"thumbnailUrl\":\"https:\\\/\\\/quehacerpolitico.mx\\\/wp-content\\\/uploads\\\/2023\\\/07\\\/IMG_9313.jpeg\",\"articleSection\":[\"Internacionales\"],\"inLanguage\":\"es\",\"potentialAction\":[{\"@type\":\"CommentAction\",\"name\":\"Comment\",\"target\":[\"https:\\\/\\\/quehacerpolitico.mx\\\/?p=103196#respond\"]}]},{\"@type\":\"WebPage\",\"@id\":\"https:\\\/\\\/quehacerpolitico.mx\\\/?p=103196\",\"url\":\"https:\\\/\\\/quehacerpolitico.mx\\\/?p=103196\",\"name\":\"Internacionales\\\/\\\/\\\/Carolina Alonso Romei\\\/\\\/\\\/Arqueolog\u00eda: Descubren el Teatro de Ner\u00f3n enterrado frente al Vaticano -\",\"isPartOf\":{\"@id\":\"https:\\\/\\\/quehacerpolitico.mx\\\/#website\"},\"primaryImageOfPage\":{\"@id\":\"https:\\\/\\\/quehacerpolitico.mx\\\/?p=103196#primaryimage\"},\"image\":{\"@id\":\"https:\\\/\\\/quehacerpolitico.mx\\\/?p=103196#primaryimage\"},\"thumbnailUrl\":\"https:\\\/\\\/quehacerpolitico.mx\\\/wp-content\\\/uploads\\\/2023\\\/07\\\/IMG_9313.jpeg\",\"datePublished\":\"2023-07-26T15:09:06+00:00\",\"dateModified\":\"2023-07-26T15:09:09+00:00\",\"author\":{\"@id\":\"https:\\\/\\\/quehacerpolitico.mx\\\/#\\\/schema\\\/person\\\/496d8ad2d1d3f8036101dca7ee39e585\"},\"breadcrumb\":{\"@id\":\"https:\\\/\\\/quehacerpolitico.mx\\\/?p=103196#breadcrumb\"},\"inLanguage\":\"es\",\"potentialAction\":[{\"@type\":\"ReadAction\",\"target\":[\"https:\\\/\\\/quehacerpolitico.mx\\\/?p=103196\"]}]},{\"@type\":\"ImageObject\",\"inLanguage\":\"es\",\"@id\":\"https:\\\/\\\/quehacerpolitico.mx\\\/?p=103196#primaryimage\",\"url\":\"https:\\\/\\\/quehacerpolitico.mx\\\/wp-content\\\/uploads\\\/2023\\\/07\\\/IMG_9313.jpeg\",\"contentUrl\":\"https:\\\/\\\/quehacerpolitico.mx\\\/wp-content\\\/uploads\\\/2023\\\/07\\\/IMG_9313.jpeg\",\"width\":679,\"height\":452},{\"@type\":\"BreadcrumbList\",\"@id\":\"https:\\\/\\\/quehacerpolitico.mx\\\/?p=103196#breadcrumb\",\"itemListElement\":[{\"@type\":\"ListItem\",\"position\":1,\"name\":\"Inicio\",\"item\":\"https:\\\/\\\/quehacerpolitico.mx\\\/\"},{\"@type\":\"ListItem\",\"position\":2,\"name\":\"Internacionales\\\/\\\/\\\/Carolina Alonso Romei\\\/\\\/\\\/Arqueolog\u00eda: Descubren el Teatro de Ner\u00f3n enterrado frente al Vaticano\"}]},{\"@type\":\"WebSite\",\"@id\":\"https:\\\/\\\/quehacerpolitico.mx\\\/#website\",\"url\":\"https:\\\/\\\/quehacerpolitico.mx\\\/\",\"name\":\"\",\"description\":\"\",\"potentialAction\":[{\"@type\":\"SearchAction\",\"target\":{\"@type\":\"EntryPoint\",\"urlTemplate\":\"https:\\\/\\\/quehacerpolitico.mx\\\/?s={search_term_string}\"},\"query-input\":{\"@type\":\"PropertyValueSpecification\",\"valueRequired\":true,\"valueName\":\"search_term_string\"}}],\"inLanguage\":\"es\"},{\"@type\":\"Person\",\"@id\":\"https:\\\/\\\/quehacerpolitico.mx\\\/#\\\/schema\\\/person\\\/496d8ad2d1d3f8036101dca7ee39e585\",\"name\":\"Redacci\u00f3n QP\",\"image\":{\"@type\":\"ImageObject\",\"inLanguage\":\"es\",\"@id\":\"https:\\\/\\\/secure.gravatar.com\\\/avatar\\\/c7164ed6fdec453195284ad24a5ae5b6e1eed2b848477fa2a4787ba9adf39a41?s=96&d=mm&r=g\",\"url\":\"https:\\\/\\\/secure.gravatar.com\\\/avatar\\\/c7164ed6fdec453195284ad24a5ae5b6e1eed2b848477fa2a4787ba9adf39a41?s=96&d=mm&r=g\",\"contentUrl\":\"https:\\\/\\\/secure.gravatar.com\\\/avatar\\\/c7164ed6fdec453195284ad24a5ae5b6e1eed2b848477fa2a4787ba9adf39a41?s=96&d=mm&r=g\",\"caption\":\"Redacci\u00f3n QP\"},\"url\":\"https:\\\/\\\/quehacerpolitico.mx\\\/?author=2\"}]}<\/script>\n<!-- \/ Yoast SEO plugin. -->","yoast_head_json":{"title":"Internacionales\/\/\/Carolina Alonso Romei\/\/\/Arqueolog\u00eda: Descubren el Teatro de Ner\u00f3n enterrado frente al Vaticano -","robots":{"index":"index","follow":"follow","max-snippet":"max-snippet:-1","max-image-preview":"max-image-preview:large","max-video-preview":"max-video-preview:-1"},"canonical":"https:\/\/quehacerpolitico.mx\/?p=103196","og_locale":"es_MX","og_type":"article","og_title":"Internacionales\/\/\/Carolina Alonso Romei\/\/\/Arqueolog\u00eda: Descubren el Teatro de Ner\u00f3n enterrado frente al Vaticano -","og_description":"Por Carolina Alonso Romei Internacionalista Sali\u00f3 a la luz tras siglos sepultado\u00a0junto con otras reliquias\u00a0acumuladas\u00a0a...","og_url":"https:\/\/quehacerpolitico.mx\/?p=103196","article_published_time":"2023-07-26T15:09:06+00:00","article_modified_time":"2023-07-26T15:09:09+00:00","og_image":[{"width":679,"height":452,"url":"https:\/\/quehacerpolitico.mx\/wp-content\/uploads\/2023\/07\/IMG_9313.jpeg","type":"image\/jpeg"}],"author":"Redacci\u00f3n QP","twitter_card":"summary_large_image","twitter_misc":{"Escrito por":"Redacci\u00f3n QP","Tiempo de lectura":"3 minutos"},"schema":{"@context":"https:\/\/schema.org","@graph":[{"@type":"Article","@id":"https:\/\/quehacerpolitico.mx\/?p=103196#article","isPartOf":{"@id":"https:\/\/quehacerpolitico.mx\/?p=103196"},"author":{"name":"Redacci\u00f3n QP","@id":"https:\/\/quehacerpolitico.mx\/#\/schema\/person\/496d8ad2d1d3f8036101dca7ee39e585"},"headline":"Internacionales\/\/\/Carolina Alonso Romei\/\/\/Arqueolog\u00eda: Descubren el Teatro de Ner\u00f3n enterrado frente al Vaticano","datePublished":"2023-07-26T15:09:06+00:00","dateModified":"2023-07-26T15:09:09+00:00","mainEntityOfPage":{"@id":"https:\/\/quehacerpolitico.mx\/?p=103196"},"wordCount":712,"commentCount":0,"image":{"@id":"https:\/\/quehacerpolitico.mx\/?p=103196#primaryimage"},"thumbnailUrl":"https:\/\/quehacerpolitico.mx\/wp-content\/uploads\/2023\/07\/IMG_9313.jpeg","articleSection":["Internacionales"],"inLanguage":"es","potentialAction":[{"@type":"CommentAction","name":"Comment","target":["https:\/\/quehacerpolitico.mx\/?p=103196#respond"]}]},{"@type":"WebPage","@id":"https:\/\/quehacerpolitico.mx\/?p=103196","url":"https:\/\/quehacerpolitico.mx\/?p=103196","name":"Internacionales\/\/\/Carolina Alonso Romei\/\/\/Arqueolog\u00eda: Descubren el Teatro de Ner\u00f3n enterrado frente al Vaticano -","isPartOf":{"@id":"https:\/\/quehacerpolitico.mx\/#website"},"primaryImageOfPage":{"@id":"https:\/\/quehacerpolitico.mx\/?p=103196#primaryimage"},"image":{"@id":"https:\/\/quehacerpolitico.mx\/?p=103196#primaryimage"},"thumbnailUrl":"https:\/\/quehacerpolitico.mx\/wp-content\/uploads\/2023\/07\/IMG_9313.jpeg","datePublished":"2023-07-26T15:09:06+00:00","dateModified":"2023-07-26T15:09:09+00:00","author":{"@id":"https:\/\/quehacerpolitico.mx\/#\/schema\/person\/496d8ad2d1d3f8036101dca7ee39e585"},"breadcrumb":{"@id":"https:\/\/quehacerpolitico.mx\/?p=103196#breadcrumb"},"inLanguage":"es","potentialAction":[{"@type":"ReadAction","target":["https:\/\/quehacerpolitico.mx\/?p=103196"]}]},{"@type":"ImageObject","inLanguage":"es","@id":"https:\/\/quehacerpolitico.mx\/?p=103196#primaryimage","url":"https:\/\/quehacerpolitico.mx\/wp-content\/uploads\/2023\/07\/IMG_9313.jpeg","contentUrl":"https:\/\/quehacerpolitico.mx\/wp-content\/uploads\/2023\/07\/IMG_9313.jpeg","width":679,"height":452},{"@type":"BreadcrumbList","@id":"https:\/\/quehacerpolitico.mx\/?p=103196#breadcrumb","itemListElement":[{"@type":"ListItem","position":1,"name":"Inicio","item":"https:\/\/quehacerpolitico.mx\/"},{"@type":"ListItem","position":2,"name":"Internacionales\/\/\/Carolina Alonso Romei\/\/\/Arqueolog\u00eda: Descubren el Teatro de Ner\u00f3n enterrado frente al Vaticano"}]},{"@type":"WebSite","@id":"https:\/\/quehacerpolitico.mx\/#website","url":"https:\/\/quehacerpolitico.mx\/","name":"","description":"","potentialAction":[{"@type":"SearchAction","target":{"@type":"EntryPoint","urlTemplate":"https:\/\/quehacerpolitico.mx\/?s={search_term_string}"},"query-input":{"@type":"PropertyValueSpecification","valueRequired":true,"valueName":"search_term_string"}}],"inLanguage":"es"},{"@type":"Person","@id":"https:\/\/quehacerpolitico.mx\/#\/schema\/person\/496d8ad2d1d3f8036101dca7ee39e585","name":"Redacci\u00f3n QP","image":{"@type":"ImageObject","inLanguage":"es","@id":"https:\/\/secure.gravatar.com\/avatar\/c7164ed6fdec453195284ad24a5ae5b6e1eed2b848477fa2a4787ba9adf39a41?s=96&d=mm&r=g","url":"https:\/\/secure.gravatar.com\/avatar\/c7164ed6fdec453195284ad24a5ae5b6e1eed2b848477fa2a4787ba9adf39a41?s=96&d=mm&r=g","contentUrl":"https:\/\/secure.gravatar.com\/avatar\/c7164ed6fdec453195284ad24a5ae5b6e1eed2b848477fa2a4787ba9adf39a41?s=96&d=mm&r=g","caption":"Redacci\u00f3n QP"},"url":"https:\/\/quehacerpolitico.mx\/?author=2"}]}},"featured_image_urls":{"full":["https:\/\/quehacerpolitico.mx\/wp-content\/uploads\/2023\/07\/IMG_9313.jpeg",679,452,false],"thumbnail":["https:\/\/quehacerpolitico.mx\/wp-content\/uploads\/2023\/07\/IMG_9313-150x150.jpeg",150,150,true],"medium":["https:\/\/quehacerpolitico.mx\/wp-content\/uploads\/2023\/07\/IMG_9313-300x200.jpeg",300,200,true],"medium_large":["https:\/\/quehacerpolitico.mx\/wp-content\/uploads\/2023\/07\/IMG_9313.jpeg",640,426,false],"large":["https:\/\/quehacerpolitico.mx\/wp-content\/uploads\/2023\/07\/IMG_9313.jpeg",640,426,false],"1536x1536":["https:\/\/quehacerpolitico.mx\/wp-content\/uploads\/2023\/07\/IMG_9313.jpeg",679,452,false],"2048x2048":["https:\/\/quehacerpolitico.mx\/wp-content\/uploads\/2023\/07\/IMG_9313.jpeg",679,452,false],"covernews-featured":["https:\/\/quehacerpolitico.mx\/wp-content\/uploads\/2023\/07\/IMG_9313.jpeg",679,452,false],"covernews-medium":["https:\/\/quehacerpolitico.mx\/wp-content\/uploads\/2023\/07\/IMG_9313.jpeg",511,340,false]},"author_info":{"display_name":"Redacci\u00f3n QP","author_link":"https:\/\/quehacerpolitico.mx\/?author=2"},"category_info":"<a href=\"https:\/\/quehacerpolitico.mx\/?cat=1\" rel=\"category\">Internacionales<\/a>","tag_info":"Internacionales","comment_count":"0","_links":{"self":[{"href":"https:\/\/quehacerpolitico.mx\/index.php?rest_route=\/wp\/v2\/posts\/103196","targetHints":{"allow":["GET"]}}],"collection":[{"href":"https:\/\/quehacerpolitico.mx\/index.php?rest_route=\/wp\/v2\/posts"}],"about":[{"href":"https:\/\/quehacerpolitico.mx\/index.php?rest_route=\/wp\/v2\/types\/post"}],"author":[{"embeddable":true,"href":"https:\/\/quehacerpolitico.mx\/index.php?rest_route=\/wp\/v2\/users\/2"}],"replies":[{"embeddable":true,"href":"https:\/\/quehacerpolitico.mx\/index.php?rest_route=%2Fwp%2Fv2%2Fcomments&post=103196"}],"version-history":[{"count":1,"href":"https:\/\/quehacerpolitico.mx\/index.php?rest_route=\/wp\/v2\/posts\/103196\/revisions"}],"predecessor-version":[{"id":103199,"href":"https:\/\/quehacerpolitico.mx\/index.php?rest_route=\/wp\/v2\/posts\/103196\/revisions\/103199"}],"wp:featuredmedia":[{"embeddable":true,"href":"https:\/\/quehacerpolitico.mx\/index.php?rest_route=\/wp\/v2\/media\/103198"}],"wp:attachment":[{"href":"https:\/\/quehacerpolitico.mx\/index.php?rest_route=%2Fwp%2Fv2%2Fmedia&parent=103196"}],"wp:term":[{"taxonomy":"category","embeddable":true,"href":"https:\/\/quehacerpolitico.mx\/index.php?rest_route=%2Fwp%2Fv2%2Fcategories&post=103196"},{"taxonomy":"post_tag","embeddable":true,"href":"https:\/\/quehacerpolitico.mx\/index.php?rest_route=%2Fwp%2Fv2%2Ftags&post=103196"}],"curies":[{"name":"wp","href":"https:\/\/api.w.org\/{rel}","templated":true}]}}