{"id":103170,"date":"2023-07-26T01:00:09","date_gmt":"2023-07-26T01:00:09","guid":{"rendered":"https:\/\/quehacerpolitico.mx\/?p=103170"},"modified":"2023-07-26T01:00:12","modified_gmt":"2023-07-26T01:00:12","slug":"denuncian-que-encerraron-a-reporteros-que-se-encontraban-cubriendo-una-reunion-que-el-ine-iba-a-tener-con-gobernadores","status":"publish","type":"post","link":"https:\/\/quehacerpolitico.mx\/?p=103170","title":{"rendered":"Denuncian que encerraron a reporteros que se encontraban cubriendo una reuni\u00f3n que el INE iba a tener con gobernadores"},"content":{"rendered":"\n<p>Por Redacci\u00f3n QP<\/p>\n\n\n\n<p>A trav\u00e9s de redes sociales se dio a conocer que personal del Instituto Nacional Electoral (INE)&nbsp;<strong>encerr\u00f3 a los reporteros<\/strong>&nbsp;que estaban cubriendo la llegada de los gobernadores con la Consejera presidenta,&nbsp;<strong>Guadalupe Taddei y dem\u00e1s consejeros del \u00f3rgano electoral.<\/strong><\/p>\n\n\n\n<p>Este martes los 11 consejeros del INE sostendr\u00e1n una reuni\u00f3n con gobernadores, misma que se llevar\u00e1 a cabo en las instalaciones del instituto electoral.<\/p>\n\n\n\n<p>Ah\u00ed, el personal del INE dej\u00f3 encerrados a periodistas y camar\u00f3grafos de la fuente para que no cubrieran la llegada de los gobernadores.<\/p>\n\n\n\n<figure class=\"wp-block-embed is-type-rich is-provider-twitter wp-block-embed-twitter\"><div class=\"wp-block-embed__wrapper\">\n<blockquote class=\"twitter-tweet\" data-width=\"550\" data-dnt=\"true\"><p lang=\"es\" dir=\"ltr\">Y mientras tanto, en el <a href=\"https:\/\/twitter.com\/INEMexico?ref_src=twsrc%5Etfw\">@INEMexico<\/a> encierran a reporteros para que no registren la llegada de gobernadores con la Consejera Presidenta Guadalupe Taddei y dem\u00e1s consejeros electorales. <a href=\"https:\/\/t.co\/A0mapwxIjT\">https:\/\/t.co\/A0mapwxIjT<\/a><\/p>&mdash; Juan Ortiz \ud83d\uddf3\ufe0f\ud83d\udc41\u200d\ud83d\udde8 (@Juan_OrtizMX) <a href=\"https:\/\/twitter.com\/Juan_OrtizMX\/status\/1683913567915876352?ref_src=twsrc%5Etfw\">July 25, 2023<\/a><\/blockquote><script async src=\"https:\/\/platform.twitter.com\/widgets.js\" charset=\"utf-8\"><\/script>\n<\/div><\/figure>\n\n\n\n<h2 class=\"wp-block-heading\"><strong>Reuni\u00f3n de gobernadores con consejeros del INE<\/strong><\/h2>\n\n\n\n<p>Cabe destacar que en dicha reuni\u00f3n se hablar\u00e1 sobre el proceso electoral de 2024.<\/p>\n\n\n\n<p>En sus redes sociales, el gobernador de Oaxaca y presidente de la Conago,\u00a0Salom\u00f3n Jara,\u00a0explic\u00f3 que este encuentro se llamar\u00eda a salvaguardar la autonom\u00eda e independencia de las autoridades electorales.<\/p>\n\n\n\n<figure class=\"wp-block-embed is-type-rich is-provider-twitter wp-block-embed-twitter\"><div class=\"wp-block-embed__wrapper\">\n<blockquote class=\"twitter-tweet\" data-width=\"550\" data-dnt=\"true\"><p lang=\"es\" dir=\"ltr\">Acudimos al <a href=\"https:\/\/twitter.com\/INEMexico?ref_src=twsrc%5Etfw\">@INEMexico<\/a> para tener un di\u00e1logo entre las y los consejeros electorales e integrantes de la <a href=\"https:\/\/twitter.com\/CONAGO_oficial?ref_src=twsrc%5Etfw\">@CONAGO_oficial<\/a>, trabajando en compromiso con la democracia de nuestro pa\u00eds. <a href=\"https:\/\/t.co\/hdOUvAMggn\">pic.twitter.com\/hdOUvAMggn<\/a><\/p>&mdash; Salom\u00f3n Jara Cruz (@salomonj) <a href=\"https:\/\/twitter.com\/salomonj\/status\/1683906082622537731?ref_src=twsrc%5Etfw\">July 25, 2023<\/a><\/blockquote><script async src=\"https:\/\/platform.twitter.com\/widgets.js\" charset=\"utf-8\"><\/script>\n<\/div><\/figure>\n\n\n\n<p>Se sabe que a la reuni\u00f3n con consejeros electorales llegaron Alfonso Durazo de Sonora, Layda Sansores de Campeche, Evelyn Salgado de Guerrero y Salomon Jara de Oaxaca.<\/p>\n\n\n\n<p>As\u00ed como los gobernadores de Guanajuato,&nbsp;<strong>Diego Sinhue<\/strong>; de Hidalgo,<strong>&nbsp;Julio Menchaca<\/strong>; de Nuevo Le\u00f3n,&nbsp;<strong>Samuel Garc\u00eda<\/strong>, y de Quer\u00e9taro,&nbsp;<strong>Mauricio Kuri<\/strong>, seg\u00fan las firmas de un cartel colocado en las instalaciones del INE.<\/p>\n\n\n\n<figure class=\"wp-block-embed is-type-rich is-provider-twitter wp-block-embed-twitter\"><div class=\"wp-block-embed__wrapper\">\n<blockquote class=\"twitter-tweet\" data-width=\"550\" data-dnt=\"true\"><p lang=\"es\" dir=\"ltr\">En la ruta para la consolidaci\u00f3n del Sistema Nacional Electoral, la Presidencia y las Consejer\u00edas Electorales se re\u00fanen con Gobernadoras y Gobernadores de las entidades federativas del pa\u00eds en instalaciones del <a href=\"https:\/\/twitter.com\/INEMexico?ref_src=twsrc%5Etfw\">@INEMexico<\/a>. <a href=\"https:\/\/twitter.com\/hashtag\/Elecciones2024MX?src=hash&amp;ref_src=twsrc%5Etfw\">#Elecciones2024MX<\/a> <a href=\"https:\/\/t.co\/0WTytuJuDl\">pic.twitter.com\/0WTytuJuDl<\/a><\/p>&mdash; @INEMexico (@INEMexico) <a href=\"https:\/\/twitter.com\/INEMexico\/status\/1683905794113429505?ref_src=twsrc%5Etfw\">July 25, 2023<\/a><\/blockquote><script async src=\"https:\/\/platform.twitter.com\/widgets.js\" charset=\"utf-8\"><\/script>\n<\/div><\/figure>\n","protected":false},"excerpt":{"rendered":"<p>Por Redacci\u00f3n QP A trav\u00e9s de redes sociales se dio a conocer que personal del&#8230;<\/p>\n","protected":false},"author":2,"featured_media":103171,"comment_status":"open","ping_status":"open","sticky":false,"template":"","format":"standard","meta":{"_monsterinsights_skip_tracking":false,"_monsterinsights_sitenote_active":false,"_monsterinsights_sitenote_note":"","_monsterinsights_sitenote_category":0,"footnotes":""},"categories":[2],"tags":[],"class_list":["post-103170","post","type-post","status-publish","format-standard","has-post-thumbnail","hentry","category-noticias"],"yoast_head":"<!-- This site is optimized with the Yoast SEO plugin v27.3 - https:\/\/yoast.com\/product\/yoast-seo-wordpress\/ -->\n<title>Denuncian que encerraron a reporteros que se encontraban cubriendo una reuni\u00f3n que el INE iba a tener con gobernadores -<\/title>\n<meta name=\"robots\" content=\"index, follow, max-snippet:-1, max-image-preview:large, max-video-preview:-1\" \/>\n<link rel=\"canonical\" href=\"https:\/\/quehacerpolitico.mx\/?p=103170\" \/>\n<meta property=\"og:locale\" content=\"es_MX\" \/>\n<meta property=\"og:type\" content=\"article\" \/>\n<meta property=\"og:title\" content=\"Denuncian que encerraron a reporteros que se encontraban cubriendo una reuni\u00f3n que el INE iba a tener con gobernadores -\" \/>\n<meta property=\"og:description\" content=\"Por Redacci\u00f3n QP A trav\u00e9s de redes sociales se dio a conocer que personal del...\" \/>\n<meta property=\"og:url\" content=\"https:\/\/quehacerpolitico.mx\/?p=103170\" \/>\n<meta property=\"article:published_time\" content=\"2023-07-26T01:00:09+00:00\" \/>\n<meta property=\"article:modified_time\" content=\"2023-07-26T01:00:12+00:00\" \/>\n<meta property=\"og:image\" content=\"https:\/\/quehacerpolitico.mx\/wp-content\/uploads\/2023\/07\/IMG_9300.jpeg\" \/>\n\t<meta property=\"og:image:width\" content=\"1024\" \/>\n\t<meta property=\"og:image:height\" content=\"768\" \/>\n\t<meta property=\"og:image:type\" content=\"image\/jpeg\" \/>\n<meta name=\"author\" content=\"Redacci\u00f3n QP\" \/>\n<meta name=\"twitter:card\" content=\"summary_large_image\" \/>\n<meta name=\"twitter:label1\" content=\"Escrito por\" \/>\n\t<meta name=\"twitter:data1\" content=\"Redacci\u00f3n QP\" \/>\n\t<meta name=\"twitter:label2\" content=\"Tiempo de lectura\" \/>\n\t<meta name=\"twitter:data2\" content=\"1 minuto\" \/>\n<script type=\"application\/ld+json\" class=\"yoast-schema-graph\">{\"@context\":\"https:\\\/\\\/schema.org\",\"@graph\":[{\"@type\":\"Article\",\"@id\":\"https:\\\/\\\/quehacerpolitico.mx\\\/?p=103170#article\",\"isPartOf\":{\"@id\":\"https:\\\/\\\/quehacerpolitico.mx\\\/?p=103170\"},\"author\":{\"name\":\"Redacci\u00f3n QP\",\"@id\":\"https:\\\/\\\/quehacerpolitico.mx\\\/#\\\/schema\\\/person\\\/496d8ad2d1d3f8036101dca7ee39e585\"},\"headline\":\"Denuncian que encerraron a reporteros que se encontraban cubriendo una reuni\u00f3n que el INE iba a tener con gobernadores\",\"datePublished\":\"2023-07-26T01:00:09+00:00\",\"dateModified\":\"2023-07-26T01:00:12+00:00\",\"mainEntityOfPage\":{\"@id\":\"https:\\\/\\\/quehacerpolitico.mx\\\/?p=103170\"},\"wordCount\":278,\"commentCount\":0,\"image\":{\"@id\":\"https:\\\/\\\/quehacerpolitico.mx\\\/?p=103170#primaryimage\"},\"thumbnailUrl\":\"https:\\\/\\\/quehacerpolitico.mx\\\/wp-content\\\/uploads\\\/2023\\\/07\\\/IMG_9300.jpeg\",\"articleSection\":[\"Noticias\"],\"inLanguage\":\"es\",\"potentialAction\":[{\"@type\":\"CommentAction\",\"name\":\"Comment\",\"target\":[\"https:\\\/\\\/quehacerpolitico.mx\\\/?p=103170#respond\"]}]},{\"@type\":\"WebPage\",\"@id\":\"https:\\\/\\\/quehacerpolitico.mx\\\/?p=103170\",\"url\":\"https:\\\/\\\/quehacerpolitico.mx\\\/?p=103170\",\"name\":\"Denuncian que encerraron a reporteros que se encontraban cubriendo una reuni\u00f3n que el INE iba a tener con gobernadores -\",\"isPartOf\":{\"@id\":\"https:\\\/\\\/quehacerpolitico.mx\\\/#website\"},\"primaryImageOfPage\":{\"@id\":\"https:\\\/\\\/quehacerpolitico.mx\\\/?p=103170#primaryimage\"},\"image\":{\"@id\":\"https:\\\/\\\/quehacerpolitico.mx\\\/?p=103170#primaryimage\"},\"thumbnailUrl\":\"https:\\\/\\\/quehacerpolitico.mx\\\/wp-content\\\/uploads\\\/2023\\\/07\\\/IMG_9300.jpeg\",\"datePublished\":\"2023-07-26T01:00:09+00:00\",\"dateModified\":\"2023-07-26T01:00:12+00:00\",\"author\":{\"@id\":\"https:\\\/\\\/quehacerpolitico.mx\\\/#\\\/schema\\\/person\\\/496d8ad2d1d3f8036101dca7ee39e585\"},\"breadcrumb\":{\"@id\":\"https:\\\/\\\/quehacerpolitico.mx\\\/?p=103170#breadcrumb\"},\"inLanguage\":\"es\",\"potentialAction\":[{\"@type\":\"ReadAction\",\"target\":[\"https:\\\/\\\/quehacerpolitico.mx\\\/?p=103170\"]}]},{\"@type\":\"ImageObject\",\"inLanguage\":\"es\",\"@id\":\"https:\\\/\\\/quehacerpolitico.mx\\\/?p=103170#primaryimage\",\"url\":\"https:\\\/\\\/quehacerpolitico.mx\\\/wp-content\\\/uploads\\\/2023\\\/07\\\/IMG_9300.jpeg\",\"contentUrl\":\"https:\\\/\\\/quehacerpolitico.mx\\\/wp-content\\\/uploads\\\/2023\\\/07\\\/IMG_9300.jpeg\",\"width\":1024,\"height\":768},{\"@type\":\"BreadcrumbList\",\"@id\":\"https:\\\/\\\/quehacerpolitico.mx\\\/?p=103170#breadcrumb\",\"itemListElement\":[{\"@type\":\"ListItem\",\"position\":1,\"name\":\"Inicio\",\"item\":\"https:\\\/\\\/quehacerpolitico.mx\\\/\"},{\"@type\":\"ListItem\",\"position\":2,\"name\":\"Denuncian que encerraron a reporteros que se encontraban cubriendo una reuni\u00f3n que el INE iba a tener con gobernadores\"}]},{\"@type\":\"WebSite\",\"@id\":\"https:\\\/\\\/quehacerpolitico.mx\\\/#website\",\"url\":\"https:\\\/\\\/quehacerpolitico.mx\\\/\",\"name\":\"\",\"description\":\"\",\"potentialAction\":[{\"@type\":\"SearchAction\",\"target\":{\"@type\":\"EntryPoint\",\"urlTemplate\":\"https:\\\/\\\/quehacerpolitico.mx\\\/?s={search_term_string}\"},\"query-input\":{\"@type\":\"PropertyValueSpecification\",\"valueRequired\":true,\"valueName\":\"search_term_string\"}}],\"inLanguage\":\"es\"},{\"@type\":\"Person\",\"@id\":\"https:\\\/\\\/quehacerpolitico.mx\\\/#\\\/schema\\\/person\\\/496d8ad2d1d3f8036101dca7ee39e585\",\"name\":\"Redacci\u00f3n QP\",\"image\":{\"@type\":\"ImageObject\",\"inLanguage\":\"es\",\"@id\":\"https:\\\/\\\/secure.gravatar.com\\\/avatar\\\/c7164ed6fdec453195284ad24a5ae5b6e1eed2b848477fa2a4787ba9adf39a41?s=96&d=mm&r=g\",\"url\":\"https:\\\/\\\/secure.gravatar.com\\\/avatar\\\/c7164ed6fdec453195284ad24a5ae5b6e1eed2b848477fa2a4787ba9adf39a41?s=96&d=mm&r=g\",\"contentUrl\":\"https:\\\/\\\/secure.gravatar.com\\\/avatar\\\/c7164ed6fdec453195284ad24a5ae5b6e1eed2b848477fa2a4787ba9adf39a41?s=96&d=mm&r=g\",\"caption\":\"Redacci\u00f3n QP\"},\"url\":\"https:\\\/\\\/quehacerpolitico.mx\\\/?author=2\"}]}<\/script>\n<!-- \/ Yoast SEO plugin. -->","yoast_head_json":{"title":"Denuncian que encerraron a reporteros que se encontraban cubriendo una reuni\u00f3n que el INE iba a tener con gobernadores -","robots":{"index":"index","follow":"follow","max-snippet":"max-snippet:-1","max-image-preview":"max-image-preview:large","max-video-preview":"max-video-preview:-1"},"canonical":"https:\/\/quehacerpolitico.mx\/?p=103170","og_locale":"es_MX","og_type":"article","og_title":"Denuncian que encerraron a reporteros que se encontraban cubriendo una reuni\u00f3n que el INE iba a tener con gobernadores -","og_description":"Por Redacci\u00f3n QP A trav\u00e9s de redes sociales se dio a conocer que personal del...","og_url":"https:\/\/quehacerpolitico.mx\/?p=103170","article_published_time":"2023-07-26T01:00:09+00:00","article_modified_time":"2023-07-26T01:00:12+00:00","og_image":[{"width":1024,"height":768,"url":"https:\/\/quehacerpolitico.mx\/wp-content\/uploads\/2023\/07\/IMG_9300.jpeg","type":"image\/jpeg"}],"author":"Redacci\u00f3n QP","twitter_card":"summary_large_image","twitter_misc":{"Escrito por":"Redacci\u00f3n QP","Tiempo de lectura":"1 minuto"},"schema":{"@context":"https:\/\/schema.org","@graph":[{"@type":"Article","@id":"https:\/\/quehacerpolitico.mx\/?p=103170#article","isPartOf":{"@id":"https:\/\/quehacerpolitico.mx\/?p=103170"},"author":{"name":"Redacci\u00f3n QP","@id":"https:\/\/quehacerpolitico.mx\/#\/schema\/person\/496d8ad2d1d3f8036101dca7ee39e585"},"headline":"Denuncian que encerraron a reporteros que se encontraban cubriendo una reuni\u00f3n que el INE iba a tener con gobernadores","datePublished":"2023-07-26T01:00:09+00:00","dateModified":"2023-07-26T01:00:12+00:00","mainEntityOfPage":{"@id":"https:\/\/quehacerpolitico.mx\/?p=103170"},"wordCount":278,"commentCount":0,"image":{"@id":"https:\/\/quehacerpolitico.mx\/?p=103170#primaryimage"},"thumbnailUrl":"https:\/\/quehacerpolitico.mx\/wp-content\/uploads\/2023\/07\/IMG_9300.jpeg","articleSection":["Noticias"],"inLanguage":"es","potentialAction":[{"@type":"CommentAction","name":"Comment","target":["https:\/\/quehacerpolitico.mx\/?p=103170#respond"]}]},{"@type":"WebPage","@id":"https:\/\/quehacerpolitico.mx\/?p=103170","url":"https:\/\/quehacerpolitico.mx\/?p=103170","name":"Denuncian que encerraron a reporteros que se encontraban cubriendo una reuni\u00f3n que el INE iba a tener con gobernadores -","isPartOf":{"@id":"https:\/\/quehacerpolitico.mx\/#website"},"primaryImageOfPage":{"@id":"https:\/\/quehacerpolitico.mx\/?p=103170#primaryimage"},"image":{"@id":"https:\/\/quehacerpolitico.mx\/?p=103170#primaryimage"},"thumbnailUrl":"https:\/\/quehacerpolitico.mx\/wp-content\/uploads\/2023\/07\/IMG_9300.jpeg","datePublished":"2023-07-26T01:00:09+00:00","dateModified":"2023-07-26T01:00:12+00:00","author":{"@id":"https:\/\/quehacerpolitico.mx\/#\/schema\/person\/496d8ad2d1d3f8036101dca7ee39e585"},"breadcrumb":{"@id":"https:\/\/quehacerpolitico.mx\/?p=103170#breadcrumb"},"inLanguage":"es","potentialAction":[{"@type":"ReadAction","target":["https:\/\/quehacerpolitico.mx\/?p=103170"]}]},{"@type":"ImageObject","inLanguage":"es","@id":"https:\/\/quehacerpolitico.mx\/?p=103170#primaryimage","url":"https:\/\/quehacerpolitico.mx\/wp-content\/uploads\/2023\/07\/IMG_9300.jpeg","contentUrl":"https:\/\/quehacerpolitico.mx\/wp-content\/uploads\/2023\/07\/IMG_9300.jpeg","width":1024,"height":768},{"@type":"BreadcrumbList","@id":"https:\/\/quehacerpolitico.mx\/?p=103170#breadcrumb","itemListElement":[{"@type":"ListItem","position":1,"name":"Inicio","item":"https:\/\/quehacerpolitico.mx\/"},{"@type":"ListItem","position":2,"name":"Denuncian que encerraron a reporteros que se encontraban cubriendo una reuni\u00f3n que el INE iba a tener con gobernadores"}]},{"@type":"WebSite","@id":"https:\/\/quehacerpolitico.mx\/#website","url":"https:\/\/quehacerpolitico.mx\/","name":"","description":"","potentialAction":[{"@type":"SearchAction","target":{"@type":"EntryPoint","urlTemplate":"https:\/\/quehacerpolitico.mx\/?s={search_term_string}"},"query-input":{"@type":"PropertyValueSpecification","valueRequired":true,"valueName":"search_term_string"}}],"inLanguage":"es"},{"@type":"Person","@id":"https:\/\/quehacerpolitico.mx\/#\/schema\/person\/496d8ad2d1d3f8036101dca7ee39e585","name":"Redacci\u00f3n QP","image":{"@type":"ImageObject","inLanguage":"es","@id":"https:\/\/secure.gravatar.com\/avatar\/c7164ed6fdec453195284ad24a5ae5b6e1eed2b848477fa2a4787ba9adf39a41?s=96&d=mm&r=g","url":"https:\/\/secure.gravatar.com\/avatar\/c7164ed6fdec453195284ad24a5ae5b6e1eed2b848477fa2a4787ba9adf39a41?s=96&d=mm&r=g","contentUrl":"https:\/\/secure.gravatar.com\/avatar\/c7164ed6fdec453195284ad24a5ae5b6e1eed2b848477fa2a4787ba9adf39a41?s=96&d=mm&r=g","caption":"Redacci\u00f3n QP"},"url":"https:\/\/quehacerpolitico.mx\/?author=2"}]}},"featured_image_urls":{"full":["https:\/\/quehacerpolitico.mx\/wp-content\/uploads\/2023\/07\/IMG_9300.jpeg",1024,768,false],"thumbnail":["https:\/\/quehacerpolitico.mx\/wp-content\/uploads\/2023\/07\/IMG_9300-150x150.jpeg",150,150,true],"medium":["https:\/\/quehacerpolitico.mx\/wp-content\/uploads\/2023\/07\/IMG_9300-300x225.jpeg",300,225,true],"medium_large":["https:\/\/quehacerpolitico.mx\/wp-content\/uploads\/2023\/07\/IMG_9300-768x576.jpeg",640,480,true],"large":["https:\/\/quehacerpolitico.mx\/wp-content\/uploads\/2023\/07\/IMG_9300.jpeg",640,480,false],"1536x1536":["https:\/\/quehacerpolitico.mx\/wp-content\/uploads\/2023\/07\/IMG_9300.jpeg",1024,768,false],"2048x2048":["https:\/\/quehacerpolitico.mx\/wp-content\/uploads\/2023\/07\/IMG_9300.jpeg",1024,768,false],"covernews-featured":["https:\/\/quehacerpolitico.mx\/wp-content\/uploads\/2023\/07\/IMG_9300.jpeg",1024,768,false],"covernews-medium":["https:\/\/quehacerpolitico.mx\/wp-content\/uploads\/2023\/07\/IMG_9300.jpeg",453,340,false]},"author_info":{"display_name":"Redacci\u00f3n QP","author_link":"https:\/\/quehacerpolitico.mx\/?author=2"},"category_info":"<a href=\"https:\/\/quehacerpolitico.mx\/?cat=2\" rel=\"category\">Noticias<\/a>","tag_info":"Noticias","comment_count":"0","_links":{"self":[{"href":"https:\/\/quehacerpolitico.mx\/index.php?rest_route=\/wp\/v2\/posts\/103170","targetHints":{"allow":["GET"]}}],"collection":[{"href":"https:\/\/quehacerpolitico.mx\/index.php?rest_route=\/wp\/v2\/posts"}],"about":[{"href":"https:\/\/quehacerpolitico.mx\/index.php?rest_route=\/wp\/v2\/types\/post"}],"author":[{"embeddable":true,"href":"https:\/\/quehacerpolitico.mx\/index.php?rest_route=\/wp\/v2\/users\/2"}],"replies":[{"embeddable":true,"href":"https:\/\/quehacerpolitico.mx\/index.php?rest_route=%2Fwp%2Fv2%2Fcomments&post=103170"}],"version-history":[{"count":1,"href":"https:\/\/quehacerpolitico.mx\/index.php?rest_route=\/wp\/v2\/posts\/103170\/revisions"}],"predecessor-version":[{"id":103172,"href":"https:\/\/quehacerpolitico.mx\/index.php?rest_route=\/wp\/v2\/posts\/103170\/revisions\/103172"}],"wp:featuredmedia":[{"embeddable":true,"href":"https:\/\/quehacerpolitico.mx\/index.php?rest_route=\/wp\/v2\/media\/103171"}],"wp:attachment":[{"href":"https:\/\/quehacerpolitico.mx\/index.php?rest_route=%2Fwp%2Fv2%2Fmedia&parent=103170"}],"wp:term":[{"taxonomy":"category","embeddable":true,"href":"https:\/\/quehacerpolitico.mx\/index.php?rest_route=%2Fwp%2Fv2%2Fcategories&post=103170"},{"taxonomy":"post_tag","embeddable":true,"href":"https:\/\/quehacerpolitico.mx\/index.php?rest_route=%2Fwp%2Fv2%2Ftags&post=103170"}],"curies":[{"name":"wp","href":"https:\/\/api.w.org\/{rel}","templated":true}]}}