{"id":103126,"date":"2023-07-24T23:32:05","date_gmt":"2023-07-24T23:32:05","guid":{"rendered":"https:\/\/quehacerpolitico.mx\/?p=103126"},"modified":"2023-07-25T00:38:58","modified_gmt":"2023-07-25T00:38:58","slug":"muere-el-empresario-y-activista-alejandro-marti","status":"publish","type":"post","link":"https:\/\/quehacerpolitico.mx\/?p=103126","title":{"rendered":"Muere el empresario y activista Alejandro Mart\u00ed"},"content":{"rendered":"\n<p>Por Redacci\u00f3n QP<\/p>\n\n\n\n<p>La muerte de Mart\u00ed fue confirmada en redes sociales, donde amigos y familiares lamentaron la p\u00e9rdida del empresario<\/p>\n\n\n\n<p>La tarde de este lunes\u00a0<strong>falleci\u00f3 el empresario Alejandro Mart\u00ed<\/strong>, quien fue\u00a0el fundador de tiendas Mart\u00ed y que luch\u00f3 contra el secuestro luego de padecer este delito con el\u00a0<strong>asesinato de su hijo Fernando Mart\u00ed.<\/strong><\/p>\n\n\n\n<p>Comunicado de #M\u00e9xicoSOS sobre la muerte de su fundador, el empresario Alejandro Mart\u00ed<\/p>\n\n\n\n<figure class=\"wp-block-image size-full\"><img loading=\"lazy\" decoding=\"async\" width=\"417\" height=\"586\" src=\"https:\/\/quehacerpolitico.mx\/wp-content\/uploads\/2023\/07\/image-69.jpeg\" alt=\"\" class=\"wp-image-103132\" srcset=\"https:\/\/quehacerpolitico.mx\/wp-content\/uploads\/2023\/07\/image-69.jpeg 417w, https:\/\/quehacerpolitico.mx\/wp-content\/uploads\/2023\/07\/image-69-213x300.jpeg 213w, https:\/\/quehacerpolitico.mx\/wp-content\/uploads\/2023\/07\/image-69-104x146.jpeg 104w, https:\/\/quehacerpolitico.mx\/wp-content\/uploads\/2023\/07\/image-69-36x50.jpeg 36w, https:\/\/quehacerpolitico.mx\/wp-content\/uploads\/2023\/07\/image-69-53x75.jpeg 53w\" sizes=\"auto, (max-width: 417px) 100vw, 417px\" \/><\/figure>\n\n\n\n<p>La muerte de Alejandro Mart\u00ed fue confirmada en redes sociales donde&nbsp;<strong>varios amigos y familiares lamentaron la p\u00e9rdida del empresario<\/strong>.<\/p>\n\n\n\n<p><strong>Hasta el momento no se ha dado a conocer la causa de su muerte<\/strong>, pero algunos cercanos como el excandidato presidencial Jos\u00e9 Antonio Meade&nbsp;<strong>expresaron sus condolencias<\/strong>.<\/p>\n\n\n\n<p><strong>Mart\u00ed<\/strong>, due\u00f1o de las empresas de art\u00edculos deportivos&nbsp;<strong>Mart\u00ed<\/strong>, cobr\u00f3 relevancia en el \u00e1mbito nacional despu\u00e9s de que su hijo Fernando fuera&nbsp;<strong>secuestrado y asesinado<\/strong>.<\/p>\n\n\n\n<p>Fue en junio de 2008 cuando&nbsp;<strong>Fernando<\/strong>, de 14 a\u00f1os de edad, fue&nbsp;<strong>secuestrado<\/strong>&nbsp;mientras se dirig\u00eda a la secundaria. Al cabo de 53 d\u00edas fue hallado&nbsp;<strong>muerto<\/strong>&nbsp;al interior de la cajuela de un auto abandonado en Coyoac\u00e1n.<\/p>\n\n\n\n<p>Dos a\u00f1os despu\u00e9s, en 2010, fue&nbsp;<strong>detenido&nbsp;<\/strong>\u2018<strong>El Frank<\/strong>\u2018, uno de los involucrados en el caso, quien de acuerdo con investigaciones se encarg\u00f3 de ubicar el domicilio de Fernando Mart\u00ed, vigilar su rutina diaria e informar la ruta seguida por su chofer hacia su escuela.<\/p>\n\n\n\n<p>Tras la muerte de su hijo, Mart\u00ed asegur\u00f3 que dedicar\u00eda el resto de su vida a luchar por un M\u00e9xico m\u00e1s seguro por lo que parte de su atenci\u00f3n se desplaz\u00f3 al<strong>&nbsp;Sistema de Observaci\u00f3n para la Seguridad Ciudadana<\/strong>&nbsp;(SOS).<\/p>\n\n\n\n<p>Desde ese momento, Mart\u00ed se convirti\u00f3 en un referente del&nbsp;<strong>activismo<\/strong>&nbsp;en M\u00e9xico y una figura que, constantemente cuestion\u00f3 el actuar de las autoridades responsables de la seguridad en el pa\u00eds.<\/p>\n\n\n\n<p>En agosto de 2008, Mart\u00ed se abri\u00f3 paso entre los temas nacionales al pronunciar su frase \u201c<strong>Si no pueden, renuncien<\/strong>\u201c, al&nbsp;<strong>presidente<\/strong>&nbsp;as\u00ed como integrantes del Gabinete Federal, gobernadores y jefe de Gobierno de la Ciudad de M\u00e9xico quienes se encontraban reunidos en el Consejo de Seguridad Nacional.<\/p>\n\n\n\n<p>La noticia se confirm\u00f3 a trav\u00e9s de redes sociales, en donde incluso el excandidato presidencial del PRI,&nbsp;<strong>Jose Antonio Meade lament\u00f3 el suceso.<\/strong><\/p>\n\n\n\n<p>\u201cMe da mucha pena enterarme de la muerte de Alejandro Mart\u00ed. Un hombre valiente y comprometido. Convirti\u00f3 su dolor en causa y exigencia para un mejor pa\u00eds. Siempre con \u00e1nimo y empe\u00f1o constructivo, deja con su vida gran ejemplo. Ofrezco mis oraciones a sus familiares y amigos.\u201d, escribi\u00f3&nbsp;<strong>Meade.<\/strong><\/p>\n\n\n\n<figure class=\"wp-block-embed is-type-rich is-provider-twitter wp-block-embed-twitter\"><div class=\"wp-block-embed__wrapper\">\n<blockquote class=\"twitter-tweet\" data-width=\"550\" data-dnt=\"true\"><p lang=\"es\" dir=\"ltr\">Me da mucha pena enterarme de la muerte de Alejandro Mart\u00ed. Un hombre valiente y comprometido.<br>Convirti\u00f3 su dolor en causa y exigencia para un mejor pa\u00eds.<br>Siempre con \u00e1nimo y empe\u00f1o constructivo, deja con su vida gran ejemplo. Ofrezco mis oraciones a sus familiares y amigos. <a href=\"https:\/\/t.co\/MFXHXXRz4E\">pic.twitter.com\/MFXHXXRz4E<\/a><\/p>&mdash; Jos\u00e9 Antonio Meade\ud83c\uddf2\ud83c\uddfd (@JoseAMeadeK) <a href=\"https:\/\/twitter.com\/JoseAMeadeK\/status\/1683606046894596098?ref_src=twsrc%5Etfw\">July 24, 2023<\/a><\/blockquote><script async src=\"https:\/\/platform.twitter.com\/widgets.js\" charset=\"utf-8\"><\/script>\n<\/div><\/figure>\n","protected":false},"excerpt":{"rendered":"<p>Por Redacci\u00f3n QP La muerte de Mart\u00ed fue confirmada en redes sociales, donde amigos y&#8230;<\/p>\n","protected":false},"author":2,"featured_media":103127,"comment_status":"open","ping_status":"open","sticky":false,"template":"","format":"standard","meta":{"_monsterinsights_skip_tracking":false,"_monsterinsights_sitenote_active":false,"_monsterinsights_sitenote_note":"","_monsterinsights_sitenote_category":0,"footnotes":""},"categories":[2],"tags":[],"class_list":["post-103126","post","type-post","status-publish","format-standard","has-post-thumbnail","hentry","category-noticias"],"yoast_head":"<!-- This site is optimized with the Yoast SEO plugin v27.3 - https:\/\/yoast.com\/product\/yoast-seo-wordpress\/ -->\n<title>Muere el empresario y activista Alejandro Mart\u00ed -<\/title>\n<meta name=\"robots\" content=\"index, follow, max-snippet:-1, max-image-preview:large, max-video-preview:-1\" \/>\n<link rel=\"canonical\" href=\"https:\/\/quehacerpolitico.mx\/?p=103126\" \/>\n<meta property=\"og:locale\" content=\"es_MX\" \/>\n<meta property=\"og:type\" content=\"article\" \/>\n<meta property=\"og:title\" content=\"Muere el empresario y activista Alejandro Mart\u00ed -\" \/>\n<meta property=\"og:description\" content=\"Por Redacci\u00f3n QP La muerte de Mart\u00ed fue confirmada en redes sociales, donde amigos y...\" \/>\n<meta property=\"og:url\" content=\"https:\/\/quehacerpolitico.mx\/?p=103126\" \/>\n<meta property=\"article:published_time\" content=\"2023-07-24T23:32:05+00:00\" \/>\n<meta property=\"article:modified_time\" content=\"2023-07-25T00:38:58+00:00\" \/>\n<meta property=\"og:image\" content=\"https:\/\/quehacerpolitico.mx\/wp-content\/uploads\/2023\/07\/IMG_9257.jpeg\" \/>\n\t<meta property=\"og:image:width\" content=\"1200\" \/>\n\t<meta property=\"og:image:height\" content=\"675\" \/>\n\t<meta property=\"og:image:type\" content=\"image\/jpeg\" \/>\n<meta name=\"author\" content=\"Redacci\u00f3n QP\" \/>\n<meta name=\"twitter:card\" content=\"summary_large_image\" \/>\n<meta name=\"twitter:label1\" content=\"Escrito por\" \/>\n\t<meta name=\"twitter:data1\" content=\"Redacci\u00f3n QP\" \/>\n\t<meta name=\"twitter:label2\" content=\"Tiempo de lectura\" \/>\n\t<meta name=\"twitter:data2\" content=\"2 minutos\" \/>\n<script type=\"application\/ld+json\" class=\"yoast-schema-graph\">{\"@context\":\"https:\\\/\\\/schema.org\",\"@graph\":[{\"@type\":\"Article\",\"@id\":\"https:\\\/\\\/quehacerpolitico.mx\\\/?p=103126#article\",\"isPartOf\":{\"@id\":\"https:\\\/\\\/quehacerpolitico.mx\\\/?p=103126\"},\"author\":{\"name\":\"Redacci\u00f3n QP\",\"@id\":\"https:\\\/\\\/quehacerpolitico.mx\\\/#\\\/schema\\\/person\\\/496d8ad2d1d3f8036101dca7ee39e585\"},\"headline\":\"Muere el empresario y activista Alejandro Mart\u00ed\",\"datePublished\":\"2023-07-24T23:32:05+00:00\",\"dateModified\":\"2023-07-25T00:38:58+00:00\",\"mainEntityOfPage\":{\"@id\":\"https:\\\/\\\/quehacerpolitico.mx\\\/?p=103126\"},\"wordCount\":473,\"commentCount\":0,\"image\":{\"@id\":\"https:\\\/\\\/quehacerpolitico.mx\\\/?p=103126#primaryimage\"},\"thumbnailUrl\":\"https:\\\/\\\/quehacerpolitico.mx\\\/wp-content\\\/uploads\\\/2023\\\/07\\\/IMG_9257.jpeg\",\"articleSection\":[\"Noticias\"],\"inLanguage\":\"es\",\"potentialAction\":[{\"@type\":\"CommentAction\",\"name\":\"Comment\",\"target\":[\"https:\\\/\\\/quehacerpolitico.mx\\\/?p=103126#respond\"]}]},{\"@type\":\"WebPage\",\"@id\":\"https:\\\/\\\/quehacerpolitico.mx\\\/?p=103126\",\"url\":\"https:\\\/\\\/quehacerpolitico.mx\\\/?p=103126\",\"name\":\"Muere el empresario y activista Alejandro Mart\u00ed -\",\"isPartOf\":{\"@id\":\"https:\\\/\\\/quehacerpolitico.mx\\\/#website\"},\"primaryImageOfPage\":{\"@id\":\"https:\\\/\\\/quehacerpolitico.mx\\\/?p=103126#primaryimage\"},\"image\":{\"@id\":\"https:\\\/\\\/quehacerpolitico.mx\\\/?p=103126#primaryimage\"},\"thumbnailUrl\":\"https:\\\/\\\/quehacerpolitico.mx\\\/wp-content\\\/uploads\\\/2023\\\/07\\\/IMG_9257.jpeg\",\"datePublished\":\"2023-07-24T23:32:05+00:00\",\"dateModified\":\"2023-07-25T00:38:58+00:00\",\"author\":{\"@id\":\"https:\\\/\\\/quehacerpolitico.mx\\\/#\\\/schema\\\/person\\\/496d8ad2d1d3f8036101dca7ee39e585\"},\"breadcrumb\":{\"@id\":\"https:\\\/\\\/quehacerpolitico.mx\\\/?p=103126#breadcrumb\"},\"inLanguage\":\"es\",\"potentialAction\":[{\"@type\":\"ReadAction\",\"target\":[\"https:\\\/\\\/quehacerpolitico.mx\\\/?p=103126\"]}]},{\"@type\":\"ImageObject\",\"inLanguage\":\"es\",\"@id\":\"https:\\\/\\\/quehacerpolitico.mx\\\/?p=103126#primaryimage\",\"url\":\"https:\\\/\\\/quehacerpolitico.mx\\\/wp-content\\\/uploads\\\/2023\\\/07\\\/IMG_9257.jpeg\",\"contentUrl\":\"https:\\\/\\\/quehacerpolitico.mx\\\/wp-content\\\/uploads\\\/2023\\\/07\\\/IMG_9257.jpeg\",\"width\":1200,\"height\":675},{\"@type\":\"BreadcrumbList\",\"@id\":\"https:\\\/\\\/quehacerpolitico.mx\\\/?p=103126#breadcrumb\",\"itemListElement\":[{\"@type\":\"ListItem\",\"position\":1,\"name\":\"Inicio\",\"item\":\"https:\\\/\\\/quehacerpolitico.mx\\\/\"},{\"@type\":\"ListItem\",\"position\":2,\"name\":\"Muere el empresario y activista Alejandro Mart\u00ed\"}]},{\"@type\":\"WebSite\",\"@id\":\"https:\\\/\\\/quehacerpolitico.mx\\\/#website\",\"url\":\"https:\\\/\\\/quehacerpolitico.mx\\\/\",\"name\":\"\",\"description\":\"\",\"potentialAction\":[{\"@type\":\"SearchAction\",\"target\":{\"@type\":\"EntryPoint\",\"urlTemplate\":\"https:\\\/\\\/quehacerpolitico.mx\\\/?s={search_term_string}\"},\"query-input\":{\"@type\":\"PropertyValueSpecification\",\"valueRequired\":true,\"valueName\":\"search_term_string\"}}],\"inLanguage\":\"es\"},{\"@type\":\"Person\",\"@id\":\"https:\\\/\\\/quehacerpolitico.mx\\\/#\\\/schema\\\/person\\\/496d8ad2d1d3f8036101dca7ee39e585\",\"name\":\"Redacci\u00f3n QP\",\"image\":{\"@type\":\"ImageObject\",\"inLanguage\":\"es\",\"@id\":\"https:\\\/\\\/secure.gravatar.com\\\/avatar\\\/c7164ed6fdec453195284ad24a5ae5b6e1eed2b848477fa2a4787ba9adf39a41?s=96&d=mm&r=g\",\"url\":\"https:\\\/\\\/secure.gravatar.com\\\/avatar\\\/c7164ed6fdec453195284ad24a5ae5b6e1eed2b848477fa2a4787ba9adf39a41?s=96&d=mm&r=g\",\"contentUrl\":\"https:\\\/\\\/secure.gravatar.com\\\/avatar\\\/c7164ed6fdec453195284ad24a5ae5b6e1eed2b848477fa2a4787ba9adf39a41?s=96&d=mm&r=g\",\"caption\":\"Redacci\u00f3n QP\"},\"url\":\"https:\\\/\\\/quehacerpolitico.mx\\\/?author=2\"}]}<\/script>\n<!-- \/ Yoast SEO plugin. -->","yoast_head_json":{"title":"Muere el empresario y activista Alejandro Mart\u00ed -","robots":{"index":"index","follow":"follow","max-snippet":"max-snippet:-1","max-image-preview":"max-image-preview:large","max-video-preview":"max-video-preview:-1"},"canonical":"https:\/\/quehacerpolitico.mx\/?p=103126","og_locale":"es_MX","og_type":"article","og_title":"Muere el empresario y activista Alejandro Mart\u00ed -","og_description":"Por Redacci\u00f3n QP La muerte de Mart\u00ed fue confirmada en redes sociales, donde amigos y...","og_url":"https:\/\/quehacerpolitico.mx\/?p=103126","article_published_time":"2023-07-24T23:32:05+00:00","article_modified_time":"2023-07-25T00:38:58+00:00","og_image":[{"width":1200,"height":675,"url":"https:\/\/quehacerpolitico.mx\/wp-content\/uploads\/2023\/07\/IMG_9257.jpeg","type":"image\/jpeg"}],"author":"Redacci\u00f3n QP","twitter_card":"summary_large_image","twitter_misc":{"Escrito por":"Redacci\u00f3n QP","Tiempo de lectura":"2 minutos"},"schema":{"@context":"https:\/\/schema.org","@graph":[{"@type":"Article","@id":"https:\/\/quehacerpolitico.mx\/?p=103126#article","isPartOf":{"@id":"https:\/\/quehacerpolitico.mx\/?p=103126"},"author":{"name":"Redacci\u00f3n QP","@id":"https:\/\/quehacerpolitico.mx\/#\/schema\/person\/496d8ad2d1d3f8036101dca7ee39e585"},"headline":"Muere el empresario y activista Alejandro Mart\u00ed","datePublished":"2023-07-24T23:32:05+00:00","dateModified":"2023-07-25T00:38:58+00:00","mainEntityOfPage":{"@id":"https:\/\/quehacerpolitico.mx\/?p=103126"},"wordCount":473,"commentCount":0,"image":{"@id":"https:\/\/quehacerpolitico.mx\/?p=103126#primaryimage"},"thumbnailUrl":"https:\/\/quehacerpolitico.mx\/wp-content\/uploads\/2023\/07\/IMG_9257.jpeg","articleSection":["Noticias"],"inLanguage":"es","potentialAction":[{"@type":"CommentAction","name":"Comment","target":["https:\/\/quehacerpolitico.mx\/?p=103126#respond"]}]},{"@type":"WebPage","@id":"https:\/\/quehacerpolitico.mx\/?p=103126","url":"https:\/\/quehacerpolitico.mx\/?p=103126","name":"Muere el empresario y activista Alejandro Mart\u00ed -","isPartOf":{"@id":"https:\/\/quehacerpolitico.mx\/#website"},"primaryImageOfPage":{"@id":"https:\/\/quehacerpolitico.mx\/?p=103126#primaryimage"},"image":{"@id":"https:\/\/quehacerpolitico.mx\/?p=103126#primaryimage"},"thumbnailUrl":"https:\/\/quehacerpolitico.mx\/wp-content\/uploads\/2023\/07\/IMG_9257.jpeg","datePublished":"2023-07-24T23:32:05+00:00","dateModified":"2023-07-25T00:38:58+00:00","author":{"@id":"https:\/\/quehacerpolitico.mx\/#\/schema\/person\/496d8ad2d1d3f8036101dca7ee39e585"},"breadcrumb":{"@id":"https:\/\/quehacerpolitico.mx\/?p=103126#breadcrumb"},"inLanguage":"es","potentialAction":[{"@type":"ReadAction","target":["https:\/\/quehacerpolitico.mx\/?p=103126"]}]},{"@type":"ImageObject","inLanguage":"es","@id":"https:\/\/quehacerpolitico.mx\/?p=103126#primaryimage","url":"https:\/\/quehacerpolitico.mx\/wp-content\/uploads\/2023\/07\/IMG_9257.jpeg","contentUrl":"https:\/\/quehacerpolitico.mx\/wp-content\/uploads\/2023\/07\/IMG_9257.jpeg","width":1200,"height":675},{"@type":"BreadcrumbList","@id":"https:\/\/quehacerpolitico.mx\/?p=103126#breadcrumb","itemListElement":[{"@type":"ListItem","position":1,"name":"Inicio","item":"https:\/\/quehacerpolitico.mx\/"},{"@type":"ListItem","position":2,"name":"Muere el empresario y activista Alejandro Mart\u00ed"}]},{"@type":"WebSite","@id":"https:\/\/quehacerpolitico.mx\/#website","url":"https:\/\/quehacerpolitico.mx\/","name":"","description":"","potentialAction":[{"@type":"SearchAction","target":{"@type":"EntryPoint","urlTemplate":"https:\/\/quehacerpolitico.mx\/?s={search_term_string}"},"query-input":{"@type":"PropertyValueSpecification","valueRequired":true,"valueName":"search_term_string"}}],"inLanguage":"es"},{"@type":"Person","@id":"https:\/\/quehacerpolitico.mx\/#\/schema\/person\/496d8ad2d1d3f8036101dca7ee39e585","name":"Redacci\u00f3n QP","image":{"@type":"ImageObject","inLanguage":"es","@id":"https:\/\/secure.gravatar.com\/avatar\/c7164ed6fdec453195284ad24a5ae5b6e1eed2b848477fa2a4787ba9adf39a41?s=96&d=mm&r=g","url":"https:\/\/secure.gravatar.com\/avatar\/c7164ed6fdec453195284ad24a5ae5b6e1eed2b848477fa2a4787ba9adf39a41?s=96&d=mm&r=g","contentUrl":"https:\/\/secure.gravatar.com\/avatar\/c7164ed6fdec453195284ad24a5ae5b6e1eed2b848477fa2a4787ba9adf39a41?s=96&d=mm&r=g","caption":"Redacci\u00f3n QP"},"url":"https:\/\/quehacerpolitico.mx\/?author=2"}]}},"featured_image_urls":{"full":["https:\/\/quehacerpolitico.mx\/wp-content\/uploads\/2023\/07\/IMG_9257.jpeg",1200,675,false],"thumbnail":["https:\/\/quehacerpolitico.mx\/wp-content\/uploads\/2023\/07\/IMG_9257-150x150.jpeg",150,150,true],"medium":["https:\/\/quehacerpolitico.mx\/wp-content\/uploads\/2023\/07\/IMG_9257-300x169.jpeg",300,169,true],"medium_large":["https:\/\/quehacerpolitico.mx\/wp-content\/uploads\/2023\/07\/IMG_9257-768x432.jpeg",640,360,true],"large":["https:\/\/quehacerpolitico.mx\/wp-content\/uploads\/2023\/07\/IMG_9257-1024x576.jpeg",640,360,true],"1536x1536":["https:\/\/quehacerpolitico.mx\/wp-content\/uploads\/2023\/07\/IMG_9257.jpeg",1200,675,false],"2048x2048":["https:\/\/quehacerpolitico.mx\/wp-content\/uploads\/2023\/07\/IMG_9257.jpeg",1200,675,false],"covernews-featured":["https:\/\/quehacerpolitico.mx\/wp-content\/uploads\/2023\/07\/IMG_9257.jpeg",1024,576,false],"covernews-medium":["https:\/\/quehacerpolitico.mx\/wp-content\/uploads\/2023\/07\/IMG_9257.jpeg",540,304,false]},"author_info":{"display_name":"Redacci\u00f3n QP","author_link":"https:\/\/quehacerpolitico.mx\/?author=2"},"category_info":"<a href=\"https:\/\/quehacerpolitico.mx\/?cat=2\" rel=\"category\">Noticias<\/a>","tag_info":"Noticias","comment_count":"0","_links":{"self":[{"href":"https:\/\/quehacerpolitico.mx\/index.php?rest_route=\/wp\/v2\/posts\/103126","targetHints":{"allow":["GET"]}}],"collection":[{"href":"https:\/\/quehacerpolitico.mx\/index.php?rest_route=\/wp\/v2\/posts"}],"about":[{"href":"https:\/\/quehacerpolitico.mx\/index.php?rest_route=\/wp\/v2\/types\/post"}],"author":[{"embeddable":true,"href":"https:\/\/quehacerpolitico.mx\/index.php?rest_route=\/wp\/v2\/users\/2"}],"replies":[{"embeddable":true,"href":"https:\/\/quehacerpolitico.mx\/index.php?rest_route=%2Fwp%2Fv2%2Fcomments&post=103126"}],"version-history":[{"count":2,"href":"https:\/\/quehacerpolitico.mx\/index.php?rest_route=\/wp\/v2\/posts\/103126\/revisions"}],"predecessor-version":[{"id":103134,"href":"https:\/\/quehacerpolitico.mx\/index.php?rest_route=\/wp\/v2\/posts\/103126\/revisions\/103134"}],"wp:featuredmedia":[{"embeddable":true,"href":"https:\/\/quehacerpolitico.mx\/index.php?rest_route=\/wp\/v2\/media\/103127"}],"wp:attachment":[{"href":"https:\/\/quehacerpolitico.mx\/index.php?rest_route=%2Fwp%2Fv2%2Fmedia&parent=103126"}],"wp:term":[{"taxonomy":"category","embeddable":true,"href":"https:\/\/quehacerpolitico.mx\/index.php?rest_route=%2Fwp%2Fv2%2Fcategories&post=103126"},{"taxonomy":"post_tag","embeddable":true,"href":"https:\/\/quehacerpolitico.mx\/index.php?rest_route=%2Fwp%2Fv2%2Ftags&post=103126"}],"curies":[{"name":"wp","href":"https:\/\/api.w.org\/{rel}","templated":true}]}}