{"id":103117,"date":"2023-07-24T17:23:36","date_gmt":"2023-07-24T17:23:36","guid":{"rendered":"https:\/\/quehacerpolitico.mx\/?p=103117"},"modified":"2023-07-24T17:23:40","modified_gmt":"2023-07-24T17:23:40","slug":"el-presidente-lopez-obrador-se-lanzo-contra-las-calificadoras-luego-de-la-calificacion-crediticia-de-petroleos-mexicanos-pemex-de-bb-hasta-b-con-persp","status":"publish","type":"post","link":"https:\/\/quehacerpolitico.mx\/?p=103117","title":{"rendered":"El presidente L\u00f3pez Obrador se lanz\u00f3 contra las calificadoras luego de la calificaci\u00f3n crediticia de\u00a0Petr\u00f3leos Mexicanos\u00a0(Pemex) de \u201cBB-\u201d hasta \u201cB+\u201d con perspectiva negativa"},"content":{"rendered":"\n<p>Por Redacci\u00f3n QP<\/p>\n\n\n\n<p>El presidente L\u00f3pez Obrador se lanz\u00f3 contra las calificadoras este lunes, a quienes acus\u00f3 de actuar \u201cen funci\u00f3n de intereses\u201d<\/p>\n\n\n\n<p>El presidente\u00a0<strong>Andres Manuel L\u00f3pez Obrador<\/strong>\u00a0arremeti\u00f3 este lunes contra las agencias\u00a0<strong>calificadoras<\/strong>, luego de que la semana pasada\u00a0<strong>Fitch<\/strong>\u00a0rebajar\u00e1 la calificaci\u00f3n crediticia de\u00a0<strong>Petr\u00f3leos Mexicanos<\/strong>\u00a0(<strong>Pemex<\/strong>) de \u201cBB-\u201d hasta \u201cB+\u201d con perspectiva negativa.<\/p>\n\n\n\n<p>En la conferencia matutina de<strong>&nbsp;Palacio Nacional<\/strong>,<strong>&nbsp;L\u00f3pez Obrador<\/strong>dej\u00f3 en claro que las calificadoras act\u00faan \u201cen funci\u00f3n de intereses\u201d.<\/p>\n\n\n\n<p>\u201cLas calificadoras lo mismo: cuando imperaba la corrupci\u00f3n en Pemex, todas las empresas p\u00fablicas era muy buena la calificaci\u00f3n a Pemex y la CFE, me recuerda tambi\u00e9n a otra calificadora, por eso es de no tomarse en cuenta la calificadora de los aeropuertos\u201d, argument\u00f3.<\/p>\n\n\n\n<p>Nos dicen, no tiene categor\u00eda 1 \u00bfY? \u00bfY qu\u00e9 pasa?. Son calificadoras que act\u00faan en funci\u00f3n de intereses y lo peor de todo es que se les tiene que pagar. Ese es su coraje (porque ya no se les paga), como los expresidentes que ya no tienen pensiones y est\u00e1n enojad\u00edsimos, no pasa nada.<\/p>\n\n\n\n<figure class=\"wp-block-embed is-type-rich is-provider-twitter wp-block-embed-twitter\"><div class=\"wp-block-embed__wrapper\">\n<blockquote class=\"twitter-tweet\" data-width=\"550\" data-dnt=\"true\"><p lang=\"es\" dir=\"ltr\"><a href=\"https:\/\/twitter.com\/hashtag\/EnLaMa%C3%B1era?src=hash&amp;ref_src=twsrc%5Etfw\">#EnLaMa\u00f1era<\/a> | El presidente <a href=\"https:\/\/twitter.com\/lopezobrador_?ref_src=twsrc%5Etfw\">@lopezobrador_<\/a> afirm\u00f3 que la deuda de <a href=\"https:\/\/twitter.com\/Pemex?ref_src=twsrc%5Etfw\">@Pemex<\/a> es 15\u202f% m\u00e1s baja, contrario a lo que afirma la calificadora <a href=\"https:\/\/twitter.com\/FitchRatings?ref_src=twsrc%5Etfw\">@FitchRatings<\/a> y afirm\u00f3 que \u201cni el llamado <a href=\"https:\/\/twitter.com\/hashtag\/C%C3%ADrculoRojo?src=hash&amp;ref_src=twsrc%5Etfw\">#C\u00edrculoRojo<\/a> les cree\u201d. <a href=\"https:\/\/t.co\/j52OLqGr4j\">pic.twitter.com\/j52OLqGr4j<\/a><\/p>&mdash; El Financiero TV (@ElFinancieroTv) <a href=\"https:\/\/twitter.com\/ElFinancieroTv\/status\/1683487006947418113?ref_src=twsrc%5Etfw\">July 24, 2023<\/a><\/blockquote><script async src=\"https:\/\/platform.twitter.com\/widgets.js\" charset=\"utf-8\"><\/script>\n<\/div><\/figure>\n\n\n\n<p>El mandatario mexicano dej\u00f3 en claro este lunes que la deuda de Pemex ha bajado, y calific\u00f3 el an\u00e1lisis hecho por calific\u00f3 a Fitch como falso.<\/p>\n\n\n\n<p>\u201cLa deuda de Pemex ha bajado y eso lo podemos probar, a ver si nos mandan de Pemex, Octavio (Romero, director de la paraestatal), lo del comportamiento de deuda, de una vez para desmentir a la calificadora esta, para exhibirla como falsaria\u201d, expuso.<\/p>\n\n\n\n<p>Entonces es una burla todo esto de las calificadoras, sin embargo, quedan todav\u00eda esos remanentes, esa informaci\u00f3n que usaban para manipular en las \u00e9pocas del neoliberalismo. Siguen habiendo los columnistas, expertos, enga\u00f1ando, lo mejor es poder decir en cuanto a econom\u00eda para nuestro pa\u00eds\u201d, refiri\u00f3.<\/p>\n\n\n\n<p>La agencia Fitch rebaj\u00f3 la calificaci\u00f3n crediticia de Petr\u00f3leos Mexicanos de \u201cBB-\u201d hasta \u201cB+\u201d con perspectiva negativa, lo que representa m\u00e1s dificultades financieras para la petrolera m\u00e1s endeudada del mundo.<\/p>\n\n\n\n<p>La calificadora justific\u00f3 su decisi\u00f3n por el \u201cpersistente desempe\u00f1o operativo d\u00e9bil\u201d que ha resultado en la ca\u00edda de los puntajes relevantes de los criterios de medioambiente, sociedad y gobernanza (ESG, en ingl\u00e9s) de la empresa del Estado mexicano.<\/p>\n\n\n\n<p>La ca\u00edda del grado crediticio de Pemex \u201climitar\u00e1 sus fuentes de financiamiento de bancos, inversionistas y proveedores\u201d, advirti\u00f3 la agencia.<\/p>\n\n\n\n<p>La rebaja de estos puntajes relevantes refleja el impacto social y ambiental asociado con los m\u00faltiples accidentes de Pemex en sus instalaciones desde febrero de 2023, lo que ha resultado en muertos y heridos dentro de sus empleados, y en da\u00f1os a su infraestructura crucial\u201d, apunt\u00f3 Fitch en su comunicado.<\/p>\n\n\n\n<p>De hecho, la reducci\u00f3n de la calificaci\u00f3n ocurre una semana despu\u00e9s de un accidente que dej\u00f3 dos muertos en una plataforma de Pemex en Campeche, en el sureste del pa\u00eds.<\/p>\n\n\n\n<p>La \u00faltima vez que una de las grandes calificadoras internacionales disminuy\u00f3 el grado crediticio de Pemex fue en julio de 2022, cuando Moody\u2019s la rebaj\u00f3 de \u201cBa3\u201d a \u201cB1\u201d con perspectiva estable d\u00edas despu\u00e9s de bajar la calificaci\u00f3n del cr\u00e9dito soberano de M\u00e9xico a \u201cBaa2\u201d.<\/p>\n\n\n\n<p>Las calificadoras han coincidido en las dificultades de Pemex para solventar su deuda, que alcanz\u00f3 los 107.728 millones de d\u00f3lares en 2022, seg\u00fan su reporte financiero.<\/p>\n\n\n\n<p>Los retos financieros de Pemex ocurren pese a la promesa de L\u00f3pez Obrador de \u201crescatar\u201d a la empresa del Estado, a la que ha ofrecido recursos de la Secretar\u00eda de Hacienda y Cr\u00e9dito P\u00fablico (<strong>SHCP<\/strong>).<\/p>\n\n\n\n<p>La empresa report\u00f3 una ganancia neta de mil 187 millones de d\u00f3lares en todo 2022, un resultado positivo que rompi\u00f3 con 9 a\u00f1os consecutivos de p\u00e9rdidas.<\/p>\n","protected":false},"excerpt":{"rendered":"<p>Por Redacci\u00f3n QP El presidente L\u00f3pez Obrador se lanz\u00f3 contra las calificadoras este lunes, a&#8230;<\/p>\n","protected":false},"author":2,"featured_media":103118,"comment_status":"open","ping_status":"open","sticky":false,"template":"","format":"standard","meta":{"_monsterinsights_skip_tracking":false,"_monsterinsights_sitenote_active":false,"_monsterinsights_sitenote_note":"","_monsterinsights_sitenote_category":0,"footnotes":""},"categories":[56],"tags":[],"class_list":["post-103117","post","type-post","status-publish","format-standard","has-post-thumbnail","hentry","category-economia"],"yoast_head":"<!-- This site is optimized with the Yoast SEO plugin v27.3 - https:\/\/yoast.com\/product\/yoast-seo-wordpress\/ -->\n<title>El presidente L\u00f3pez Obrador se lanz\u00f3 contra las calificadoras luego de la calificaci\u00f3n crediticia de\u00a0Petr\u00f3leos Mexicanos\u00a0(Pemex) de \u201cBB-\u201d hasta \u201cB+\u201d con perspectiva negativa -<\/title>\n<meta name=\"robots\" content=\"index, follow, max-snippet:-1, max-image-preview:large, max-video-preview:-1\" \/>\n<link rel=\"canonical\" href=\"https:\/\/quehacerpolitico.mx\/?p=103117\" \/>\n<meta property=\"og:locale\" content=\"es_MX\" \/>\n<meta property=\"og:type\" content=\"article\" \/>\n<meta property=\"og:title\" content=\"El presidente L\u00f3pez Obrador se lanz\u00f3 contra las calificadoras luego de la calificaci\u00f3n crediticia de\u00a0Petr\u00f3leos Mexicanos\u00a0(Pemex) de \u201cBB-\u201d hasta \u201cB+\u201d con perspectiva negativa -\" \/>\n<meta property=\"og:description\" content=\"Por Redacci\u00f3n QP El presidente L\u00f3pez Obrador se lanz\u00f3 contra las calificadoras este lunes, a...\" \/>\n<meta property=\"og:url\" content=\"https:\/\/quehacerpolitico.mx\/?p=103117\" \/>\n<meta property=\"article:published_time\" content=\"2023-07-24T17:23:36+00:00\" \/>\n<meta property=\"article:modified_time\" content=\"2023-07-24T17:23:40+00:00\" \/>\n<meta property=\"og:image\" content=\"https:\/\/quehacerpolitico.mx\/wp-content\/uploads\/2023\/07\/photo-output-6.jpeg\" \/>\n\t<meta property=\"og:image:width\" content=\"2048\" \/>\n\t<meta property=\"og:image:height\" content=\"1096\" \/>\n\t<meta property=\"og:image:type\" content=\"image\/jpeg\" \/>\n<meta name=\"author\" content=\"Redacci\u00f3n QP\" \/>\n<meta name=\"twitter:card\" content=\"summary_large_image\" \/>\n<meta name=\"twitter:label1\" content=\"Escrito por\" \/>\n\t<meta name=\"twitter:data1\" content=\"Redacci\u00f3n QP\" \/>\n\t<meta name=\"twitter:label2\" content=\"Tiempo de lectura\" \/>\n\t<meta name=\"twitter:data2\" content=\"3 minutos\" \/>\n<script type=\"application\/ld+json\" class=\"yoast-schema-graph\">{\"@context\":\"https:\\\/\\\/schema.org\",\"@graph\":[{\"@type\":\"Article\",\"@id\":\"https:\\\/\\\/quehacerpolitico.mx\\\/?p=103117#article\",\"isPartOf\":{\"@id\":\"https:\\\/\\\/quehacerpolitico.mx\\\/?p=103117\"},\"author\":{\"name\":\"Redacci\u00f3n QP\",\"@id\":\"https:\\\/\\\/quehacerpolitico.mx\\\/#\\\/schema\\\/person\\\/496d8ad2d1d3f8036101dca7ee39e585\"},\"headline\":\"El presidente L\u00f3pez Obrador se lanz\u00f3 contra las calificadoras luego de la calificaci\u00f3n crediticia de\u00a0Petr\u00f3leos Mexicanos\u00a0(Pemex) de \u201cBB-\u201d hasta \u201cB+\u201d con perspectiva negativa\",\"datePublished\":\"2023-07-24T17:23:36+00:00\",\"dateModified\":\"2023-07-24T17:23:40+00:00\",\"mainEntityOfPage\":{\"@id\":\"https:\\\/\\\/quehacerpolitico.mx\\\/?p=103117\"},\"wordCount\":677,\"commentCount\":0,\"image\":{\"@id\":\"https:\\\/\\\/quehacerpolitico.mx\\\/?p=103117#primaryimage\"},\"thumbnailUrl\":\"https:\\\/\\\/quehacerpolitico.mx\\\/wp-content\\\/uploads\\\/2023\\\/07\\\/photo-output-6.jpeg\",\"articleSection\":[\"Econom\u00eda\"],\"inLanguage\":\"es\",\"potentialAction\":[{\"@type\":\"CommentAction\",\"name\":\"Comment\",\"target\":[\"https:\\\/\\\/quehacerpolitico.mx\\\/?p=103117#respond\"]}]},{\"@type\":\"WebPage\",\"@id\":\"https:\\\/\\\/quehacerpolitico.mx\\\/?p=103117\",\"url\":\"https:\\\/\\\/quehacerpolitico.mx\\\/?p=103117\",\"name\":\"El presidente L\u00f3pez Obrador se lanz\u00f3 contra las calificadoras luego de la calificaci\u00f3n crediticia de\u00a0Petr\u00f3leos Mexicanos\u00a0(Pemex) de \u201cBB-\u201d hasta \u201cB+\u201d con perspectiva negativa -\",\"isPartOf\":{\"@id\":\"https:\\\/\\\/quehacerpolitico.mx\\\/#website\"},\"primaryImageOfPage\":{\"@id\":\"https:\\\/\\\/quehacerpolitico.mx\\\/?p=103117#primaryimage\"},\"image\":{\"@id\":\"https:\\\/\\\/quehacerpolitico.mx\\\/?p=103117#primaryimage\"},\"thumbnailUrl\":\"https:\\\/\\\/quehacerpolitico.mx\\\/wp-content\\\/uploads\\\/2023\\\/07\\\/photo-output-6.jpeg\",\"datePublished\":\"2023-07-24T17:23:36+00:00\",\"dateModified\":\"2023-07-24T17:23:40+00:00\",\"author\":{\"@id\":\"https:\\\/\\\/quehacerpolitico.mx\\\/#\\\/schema\\\/person\\\/496d8ad2d1d3f8036101dca7ee39e585\"},\"breadcrumb\":{\"@id\":\"https:\\\/\\\/quehacerpolitico.mx\\\/?p=103117#breadcrumb\"},\"inLanguage\":\"es\",\"potentialAction\":[{\"@type\":\"ReadAction\",\"target\":[\"https:\\\/\\\/quehacerpolitico.mx\\\/?p=103117\"]}]},{\"@type\":\"ImageObject\",\"inLanguage\":\"es\",\"@id\":\"https:\\\/\\\/quehacerpolitico.mx\\\/?p=103117#primaryimage\",\"url\":\"https:\\\/\\\/quehacerpolitico.mx\\\/wp-content\\\/uploads\\\/2023\\\/07\\\/photo-output-6.jpeg\",\"contentUrl\":\"https:\\\/\\\/quehacerpolitico.mx\\\/wp-content\\\/uploads\\\/2023\\\/07\\\/photo-output-6.jpeg\",\"width\":2048,\"height\":1096},{\"@type\":\"BreadcrumbList\",\"@id\":\"https:\\\/\\\/quehacerpolitico.mx\\\/?p=103117#breadcrumb\",\"itemListElement\":[{\"@type\":\"ListItem\",\"position\":1,\"name\":\"Inicio\",\"item\":\"https:\\\/\\\/quehacerpolitico.mx\\\/\"},{\"@type\":\"ListItem\",\"position\":2,\"name\":\"El presidente L\u00f3pez Obrador se lanz\u00f3 contra las calificadoras luego de la calificaci\u00f3n crediticia de\u00a0Petr\u00f3leos Mexicanos\u00a0(Pemex) de \u201cBB-\u201d hasta \u201cB+\u201d con perspectiva negativa\"}]},{\"@type\":\"WebSite\",\"@id\":\"https:\\\/\\\/quehacerpolitico.mx\\\/#website\",\"url\":\"https:\\\/\\\/quehacerpolitico.mx\\\/\",\"name\":\"\",\"description\":\"\",\"potentialAction\":[{\"@type\":\"SearchAction\",\"target\":{\"@type\":\"EntryPoint\",\"urlTemplate\":\"https:\\\/\\\/quehacerpolitico.mx\\\/?s={search_term_string}\"},\"query-input\":{\"@type\":\"PropertyValueSpecification\",\"valueRequired\":true,\"valueName\":\"search_term_string\"}}],\"inLanguage\":\"es\"},{\"@type\":\"Person\",\"@id\":\"https:\\\/\\\/quehacerpolitico.mx\\\/#\\\/schema\\\/person\\\/496d8ad2d1d3f8036101dca7ee39e585\",\"name\":\"Redacci\u00f3n QP\",\"image\":{\"@type\":\"ImageObject\",\"inLanguage\":\"es\",\"@id\":\"https:\\\/\\\/secure.gravatar.com\\\/avatar\\\/c7164ed6fdec453195284ad24a5ae5b6e1eed2b848477fa2a4787ba9adf39a41?s=96&d=mm&r=g\",\"url\":\"https:\\\/\\\/secure.gravatar.com\\\/avatar\\\/c7164ed6fdec453195284ad24a5ae5b6e1eed2b848477fa2a4787ba9adf39a41?s=96&d=mm&r=g\",\"contentUrl\":\"https:\\\/\\\/secure.gravatar.com\\\/avatar\\\/c7164ed6fdec453195284ad24a5ae5b6e1eed2b848477fa2a4787ba9adf39a41?s=96&d=mm&r=g\",\"caption\":\"Redacci\u00f3n QP\"},\"url\":\"https:\\\/\\\/quehacerpolitico.mx\\\/?author=2\"}]}<\/script>\n<!-- \/ Yoast SEO plugin. -->","yoast_head_json":{"title":"El presidente L\u00f3pez Obrador se lanz\u00f3 contra las calificadoras luego de la calificaci\u00f3n crediticia de\u00a0Petr\u00f3leos Mexicanos\u00a0(Pemex) de \u201cBB-\u201d hasta \u201cB+\u201d con perspectiva negativa -","robots":{"index":"index","follow":"follow","max-snippet":"max-snippet:-1","max-image-preview":"max-image-preview:large","max-video-preview":"max-video-preview:-1"},"canonical":"https:\/\/quehacerpolitico.mx\/?p=103117","og_locale":"es_MX","og_type":"article","og_title":"El presidente L\u00f3pez Obrador se lanz\u00f3 contra las calificadoras luego de la calificaci\u00f3n crediticia de\u00a0Petr\u00f3leos Mexicanos\u00a0(Pemex) de \u201cBB-\u201d hasta \u201cB+\u201d con perspectiva negativa -","og_description":"Por Redacci\u00f3n QP El presidente L\u00f3pez Obrador se lanz\u00f3 contra las calificadoras este lunes, a...","og_url":"https:\/\/quehacerpolitico.mx\/?p=103117","article_published_time":"2023-07-24T17:23:36+00:00","article_modified_time":"2023-07-24T17:23:40+00:00","og_image":[{"width":2048,"height":1096,"url":"https:\/\/quehacerpolitico.mx\/wp-content\/uploads\/2023\/07\/photo-output-6.jpeg","type":"image\/jpeg"}],"author":"Redacci\u00f3n QP","twitter_card":"summary_large_image","twitter_misc":{"Escrito por":"Redacci\u00f3n QP","Tiempo de lectura":"3 minutos"},"schema":{"@context":"https:\/\/schema.org","@graph":[{"@type":"Article","@id":"https:\/\/quehacerpolitico.mx\/?p=103117#article","isPartOf":{"@id":"https:\/\/quehacerpolitico.mx\/?p=103117"},"author":{"name":"Redacci\u00f3n QP","@id":"https:\/\/quehacerpolitico.mx\/#\/schema\/person\/496d8ad2d1d3f8036101dca7ee39e585"},"headline":"El presidente L\u00f3pez Obrador se lanz\u00f3 contra las calificadoras luego de la calificaci\u00f3n crediticia de\u00a0Petr\u00f3leos Mexicanos\u00a0(Pemex) de \u201cBB-\u201d hasta \u201cB+\u201d con perspectiva negativa","datePublished":"2023-07-24T17:23:36+00:00","dateModified":"2023-07-24T17:23:40+00:00","mainEntityOfPage":{"@id":"https:\/\/quehacerpolitico.mx\/?p=103117"},"wordCount":677,"commentCount":0,"image":{"@id":"https:\/\/quehacerpolitico.mx\/?p=103117#primaryimage"},"thumbnailUrl":"https:\/\/quehacerpolitico.mx\/wp-content\/uploads\/2023\/07\/photo-output-6.jpeg","articleSection":["Econom\u00eda"],"inLanguage":"es","potentialAction":[{"@type":"CommentAction","name":"Comment","target":["https:\/\/quehacerpolitico.mx\/?p=103117#respond"]}]},{"@type":"WebPage","@id":"https:\/\/quehacerpolitico.mx\/?p=103117","url":"https:\/\/quehacerpolitico.mx\/?p=103117","name":"El presidente L\u00f3pez Obrador se lanz\u00f3 contra las calificadoras luego de la calificaci\u00f3n crediticia de\u00a0Petr\u00f3leos Mexicanos\u00a0(Pemex) de \u201cBB-\u201d hasta \u201cB+\u201d con perspectiva negativa -","isPartOf":{"@id":"https:\/\/quehacerpolitico.mx\/#website"},"primaryImageOfPage":{"@id":"https:\/\/quehacerpolitico.mx\/?p=103117#primaryimage"},"image":{"@id":"https:\/\/quehacerpolitico.mx\/?p=103117#primaryimage"},"thumbnailUrl":"https:\/\/quehacerpolitico.mx\/wp-content\/uploads\/2023\/07\/photo-output-6.jpeg","datePublished":"2023-07-24T17:23:36+00:00","dateModified":"2023-07-24T17:23:40+00:00","author":{"@id":"https:\/\/quehacerpolitico.mx\/#\/schema\/person\/496d8ad2d1d3f8036101dca7ee39e585"},"breadcrumb":{"@id":"https:\/\/quehacerpolitico.mx\/?p=103117#breadcrumb"},"inLanguage":"es","potentialAction":[{"@type":"ReadAction","target":["https:\/\/quehacerpolitico.mx\/?p=103117"]}]},{"@type":"ImageObject","inLanguage":"es","@id":"https:\/\/quehacerpolitico.mx\/?p=103117#primaryimage","url":"https:\/\/quehacerpolitico.mx\/wp-content\/uploads\/2023\/07\/photo-output-6.jpeg","contentUrl":"https:\/\/quehacerpolitico.mx\/wp-content\/uploads\/2023\/07\/photo-output-6.jpeg","width":2048,"height":1096},{"@type":"BreadcrumbList","@id":"https:\/\/quehacerpolitico.mx\/?p=103117#breadcrumb","itemListElement":[{"@type":"ListItem","position":1,"name":"Inicio","item":"https:\/\/quehacerpolitico.mx\/"},{"@type":"ListItem","position":2,"name":"El presidente L\u00f3pez Obrador se lanz\u00f3 contra las calificadoras luego de la calificaci\u00f3n crediticia de\u00a0Petr\u00f3leos Mexicanos\u00a0(Pemex) de \u201cBB-\u201d hasta \u201cB+\u201d con perspectiva negativa"}]},{"@type":"WebSite","@id":"https:\/\/quehacerpolitico.mx\/#website","url":"https:\/\/quehacerpolitico.mx\/","name":"","description":"","potentialAction":[{"@type":"SearchAction","target":{"@type":"EntryPoint","urlTemplate":"https:\/\/quehacerpolitico.mx\/?s={search_term_string}"},"query-input":{"@type":"PropertyValueSpecification","valueRequired":true,"valueName":"search_term_string"}}],"inLanguage":"es"},{"@type":"Person","@id":"https:\/\/quehacerpolitico.mx\/#\/schema\/person\/496d8ad2d1d3f8036101dca7ee39e585","name":"Redacci\u00f3n QP","image":{"@type":"ImageObject","inLanguage":"es","@id":"https:\/\/secure.gravatar.com\/avatar\/c7164ed6fdec453195284ad24a5ae5b6e1eed2b848477fa2a4787ba9adf39a41?s=96&d=mm&r=g","url":"https:\/\/secure.gravatar.com\/avatar\/c7164ed6fdec453195284ad24a5ae5b6e1eed2b848477fa2a4787ba9adf39a41?s=96&d=mm&r=g","contentUrl":"https:\/\/secure.gravatar.com\/avatar\/c7164ed6fdec453195284ad24a5ae5b6e1eed2b848477fa2a4787ba9adf39a41?s=96&d=mm&r=g","caption":"Redacci\u00f3n QP"},"url":"https:\/\/quehacerpolitico.mx\/?author=2"}]}},"featured_image_urls":{"full":["https:\/\/quehacerpolitico.mx\/wp-content\/uploads\/2023\/07\/photo-output-6.jpeg",2048,1096,false],"thumbnail":["https:\/\/quehacerpolitico.mx\/wp-content\/uploads\/2023\/07\/photo-output-6-150x150.jpeg",150,150,true],"medium":["https:\/\/quehacerpolitico.mx\/wp-content\/uploads\/2023\/07\/photo-output-6-300x161.jpeg",300,161,true],"medium_large":["https:\/\/quehacerpolitico.mx\/wp-content\/uploads\/2023\/07\/photo-output-6-768x411.jpeg",640,343,true],"large":["https:\/\/quehacerpolitico.mx\/wp-content\/uploads\/2023\/07\/photo-output-6-1024x548.jpeg",640,343,true],"1536x1536":["https:\/\/quehacerpolitico.mx\/wp-content\/uploads\/2023\/07\/photo-output-6-1536x822.jpeg",1536,822,true],"2048x2048":["https:\/\/quehacerpolitico.mx\/wp-content\/uploads\/2023\/07\/photo-output-6.jpeg",2048,1096,false],"covernews-featured":["https:\/\/quehacerpolitico.mx\/wp-content\/uploads\/2023\/07\/photo-output-6.jpeg",1024,548,false],"covernews-medium":["https:\/\/quehacerpolitico.mx\/wp-content\/uploads\/2023\/07\/photo-output-6.jpeg",540,289,false]},"author_info":{"display_name":"Redacci\u00f3n QP","author_link":"https:\/\/quehacerpolitico.mx\/?author=2"},"category_info":"<a href=\"https:\/\/quehacerpolitico.mx\/?cat=56\" rel=\"category\">Econom\u00eda<\/a>","tag_info":"Econom\u00eda","comment_count":"0","_links":{"self":[{"href":"https:\/\/quehacerpolitico.mx\/index.php?rest_route=\/wp\/v2\/posts\/103117","targetHints":{"allow":["GET"]}}],"collection":[{"href":"https:\/\/quehacerpolitico.mx\/index.php?rest_route=\/wp\/v2\/posts"}],"about":[{"href":"https:\/\/quehacerpolitico.mx\/index.php?rest_route=\/wp\/v2\/types\/post"}],"author":[{"embeddable":true,"href":"https:\/\/quehacerpolitico.mx\/index.php?rest_route=\/wp\/v2\/users\/2"}],"replies":[{"embeddable":true,"href":"https:\/\/quehacerpolitico.mx\/index.php?rest_route=%2Fwp%2Fv2%2Fcomments&post=103117"}],"version-history":[{"count":1,"href":"https:\/\/quehacerpolitico.mx\/index.php?rest_route=\/wp\/v2\/posts\/103117\/revisions"}],"predecessor-version":[{"id":103119,"href":"https:\/\/quehacerpolitico.mx\/index.php?rest_route=\/wp\/v2\/posts\/103117\/revisions\/103119"}],"wp:featuredmedia":[{"embeddable":true,"href":"https:\/\/quehacerpolitico.mx\/index.php?rest_route=\/wp\/v2\/media\/103118"}],"wp:attachment":[{"href":"https:\/\/quehacerpolitico.mx\/index.php?rest_route=%2Fwp%2Fv2%2Fmedia&parent=103117"}],"wp:term":[{"taxonomy":"category","embeddable":true,"href":"https:\/\/quehacerpolitico.mx\/index.php?rest_route=%2Fwp%2Fv2%2Fcategories&post=103117"},{"taxonomy":"post_tag","embeddable":true,"href":"https:\/\/quehacerpolitico.mx\/index.php?rest_route=%2Fwp%2Fv2%2Ftags&post=103117"}],"curies":[{"name":"wp","href":"https:\/\/api.w.org\/{rel}","templated":true}]}}