{"id":103114,"date":"2023-07-24T15:37:31","date_gmt":"2023-07-24T15:37:31","guid":{"rendered":"https:\/\/quehacerpolitico.mx\/?p=103114"},"modified":"2023-07-24T15:37:35","modified_gmt":"2023-07-24T15:37:35","slug":"el-quehacer-politico-jose-alberto-prado-angeles-en-mexico-es-ignorado-el-reclutamiento-forzado-de-ninos-ninas-y-adolescentes-por-el-crimen-organizado","status":"publish","type":"post","link":"https:\/\/quehacerpolitico.mx\/?p=103114","title":{"rendered":"El Quehacer Pol\u00edtico\/\/\/Jos\u00e9 Alberto Prado Angeles\/\/\/En M\u00e9xico es ignorado el reclutamiento forzado de ni\u00f1os, ni\u00f1as y adolescentes por el crimen organizado"},"content":{"rendered":"\n<p>Por Jos\u00e9 Alberto Prado Angeles<\/p>\n\n\n\n<p>Director General y Editor<\/p>\n\n\n\n<p>En M\u00e9xico, ni\u00f1as, ni\u00f1os y adolescentes de todas las edades son utilizados y reclutados por el crimen organizado<\/p>\n\n\n\n<p><strong>La participaci\u00f3n de adolescentes en el narcomenudeo sigue siendo una realidad. En los primeros tres a\u00f1os del actual gobierno, 15 mil 20 adolescentes fueron imputados por el delito de narcomenudeo, mientras que 75 mil 919 fueron sancionados por cometer delitos del fuero com\u00fan, de acuerdo con el Instituto Nacional de Estad\u00edstica y Geograf\u00eda (Inegi).<\/strong><\/p>\n\n\n\n<p>El organismo destaca que en 2021, la principal droga por la que se imput\u00f3 a los adolescentes fue la marihuana, seguido por la posesi\u00f3n y comercio de metanfetaminas. En su reporte Adolescentes imputados por delitos de narcomenudeo, el Inegi destaca que Guanajuato, Estado de M\u00e9xico, Nuevo Le\u00f3n, Chihuahua y Coahuila\u00a0<strong>concentraron 73% de las personas adolescentes imputadas por presuntos delitos de\u00a0narcomenudeo<\/strong>, en tanto que Baja California Sur e Hidalgo y la fiscal\u00eda de Nayarit no reportaron haber imputado adolescentes por dicho delito en 2021.<\/p>\n\n\n\n<p>Destaca que durante ese a\u00f1o, las procuradur\u00edas y fiscal\u00edas de justicia del pa\u00eds imputaron a 3 mil 260 adolescentes por presuntos delitos de narcomenudeo, lo que represent\u00f3 14.4% del total de personas adolescentes responsabilizadas por delitos del fuero com\u00fan. Precisa que los adolescentes imputados cometieron, presuntamente,<strong>\u00a03 mil 285 delitos relacionados con drogas,<\/strong>\u00a0que fue el tercer delito del fuero com\u00fan por el que m\u00e1s se culp\u00f3 a personas de este grupo poblacional, despu\u00e9s de robo y lesiones.<\/p>\n\n\n\n<p>Se\u00f1ala que 2021 cerr\u00f3 con mil 233 adolescentes privados de la libertad por la comisi\u00f3n de un il\u00edcito. De esta cifra, 16.9% (208)<strong>&nbsp;fue por&nbsp;narcomenudeo, que represent\u00f3 un aumento de 47.5%<\/strong>&nbsp;con respecto a 2015.<br>&#8220;De las mil 233 personas adolescentes internadas en los centros especializados de tratamiento o internamiento, 80% recibi\u00f3 tratamiento voluntario de desintoxicaci\u00f3n y\/o de adicciones a sustancias sicoactivas durante 2021&#8221;, refiere el informe.<\/p>\n\n\n\n<p>La directora de la Red por los Derechos de la Infancia en M\u00e9xico (Redim), Tania Ram\u00edrez, comenta que ni\u00f1as, ni\u00f1os y adolescentes contin\u00faan siendo utilizados y reclutados por el crimen organizado.<\/p>\n\n\n\n<p>&#8220;Desde Redim hemos venido denunciando e intentando que pueda haber avances en su tipificaci\u00f3n. Ojal\u00e1 pronto podamos conocer los datos complementarios a las cifras que dio a conocer el Inegi. Es decir, no cu\u00e1ntas ni cu\u00e1ntos adolescentes son imputados por narcomenudeo,&nbsp;<strong>sino cu\u00e1ntas personas adultas que los est\u00e1n utilizando y reclutando son llevados frente a la autoridad<\/strong>&nbsp;por estas pr\u00e1cticas que constituyen un delito dentro de la ley de trata. Este il\u00edcito y el reclutamiento deber\u00edan de ser reconocidos como un tipo penal en s\u00ed mismo&#8221;, dice.<\/p>\n\n\n\n<p>Asegura que el involucramiento de adolescentes en el narcomenudeo, es una realidad nacional. &#8220;Hay estados en los que puede haber mayor o menor conflictividad, pero no hay estado que no enfrente esta problem\u00e1tica&#8221;, refiere. Explica que &#8220;<strong>existen situaciones estructurales, circunstancias sist\u00e9micas a los contextos de vida\u00a0<\/strong>de las infancias y adolescencias que los dejan en mayor riesgo y a ser m\u00e1s vulnerables para ser utilizados por los diversos grupos delincuenciales o del crimen organizado&#8221;.<\/p>\n\n\n\n<p>Destaca que ni\u00f1as, ni\u00f1os y adolescentes, &#8220;incluso cuando pueden estar en conflicto con la ley penal, cuando estamos hablando de su utilizaci\u00f3n y su reclutamiento, deben de ser ubicados y tratados primeramente como v\u00edctimas.<\/p>\n\n\n\n<p>&#8220;Lo que hemos estado rescatando es que los ni\u00f1os, ni\u00f1as y adolescentes que llegan a tener este tipo de circunstancias de vida lo hacen por provenir de contextos de extrema violencia, de violencia naturalizada en sus hogares,&nbsp;<strong>pero tambi\u00e9n en sus entornos comunitarios, en sus pueblos, es decir, hay que entender esto y encuadrarlo tambi\u00e9n en la violencia&nbsp;<\/strong>que se enfrenta en la mayor\u00eda del territorio nacional&#8221;, expone. Tania Ram\u00edrez asegura que la participaci\u00f3n de personas menores de edad en el narcomenudeo o en cualquier otro delito tiene que ver con la exclusi\u00f3n.<\/p>\n\n\n\n<p>&#8220;Sabemos que la adhesi\u00f3n a este tipo de actividades est\u00e1 profundamente ligada con la falta de oportunidades de&nbsp;<strong>desarrollo, crecimiento, movilidad social y con la permanencia en el sistema educativo<\/strong>&#8220;, indica. Consultado por separado, el coordinador regional de Tejiendo Redes Infancia en Am\u00e9rica Latina y el Caribe, Juan Mart\u00edn P\u00e9rez Garc\u00eda, dice que cuando se hable de narcomenudeo o de cualquier otro delito contra la salud cometido por personas menores de edad, debe ubicarse como un hecho de reclutamiento.<\/p>\n\n\n\n<p>&#8220;Primero, porque el acceso a las sustancias t\u00f3xicas no es como ir a cualquier comercio, tiene que haber alguien que est\u00e9 distribuyendo. Entonces, un adolescente al que se le vincula con un delito de alto impacto, siempre ser\u00e1 porque hay personas adultas detr\u00e1s de \u00e9l, que est\u00e1n cometiendo el crimen de reclutamiento&#8221;, detalla.<\/p>\n\n\n\n<p><strong>Externa que a pesar de que en algunos casos las autoridades cuentan con la informaci\u00f3n, poco se hace para tomar acciones preventivas, como tratar de mantener a las ni\u00f1as, ni\u00f1os y adolescentes en las escuelas, crear redes de apoyo a trav\u00e9s de actividades recreativas y fomentar el deporte en ese sector de la poblaci\u00f3n.<\/strong><\/p>\n\n\n\n<p>As\u00ed el Quehacer Pol\u00edtico Desde 1980, inquiriendo en la pol\u00edtica de M\u00e9xico, cuestionando, exponiendo, revelando y razonando.Es cuanto.<\/p>\n","protected":false},"excerpt":{"rendered":"<p>Por Jos\u00e9 Alberto Prado Angeles Director General y Editor En M\u00e9xico, ni\u00f1as, ni\u00f1os y adolescentes&#8230;<\/p>\n","protected":false},"author":2,"featured_media":103115,"comment_status":"open","ping_status":"open","sticky":false,"template":"","format":"standard","meta":{"_monsterinsights_skip_tracking":false,"_monsterinsights_sitenote_active":false,"_monsterinsights_sitenote_note":"","_monsterinsights_sitenote_category":0,"footnotes":""},"categories":[2],"tags":[],"class_list":["post-103114","post","type-post","status-publish","format-standard","has-post-thumbnail","hentry","category-noticias"],"yoast_head":"<!-- This site is optimized with the Yoast SEO plugin v27.3 - https:\/\/yoast.com\/product\/yoast-seo-wordpress\/ -->\n<title>El Quehacer Pol\u00edtico\/\/\/Jos\u00e9 Alberto Prado Angeles\/\/\/En M\u00e9xico es ignorado el reclutamiento forzado de ni\u00f1os, ni\u00f1as y adolescentes por el crimen organizado -<\/title>\n<meta name=\"robots\" content=\"index, follow, max-snippet:-1, max-image-preview:large, max-video-preview:-1\" \/>\n<link rel=\"canonical\" href=\"https:\/\/quehacerpolitico.mx\/?p=103114\" \/>\n<meta property=\"og:locale\" content=\"es_MX\" \/>\n<meta property=\"og:type\" content=\"article\" \/>\n<meta property=\"og:title\" content=\"El Quehacer Pol\u00edtico\/\/\/Jos\u00e9 Alberto Prado Angeles\/\/\/En M\u00e9xico es ignorado el reclutamiento forzado de ni\u00f1os, ni\u00f1as y adolescentes por el crimen organizado -\" \/>\n<meta property=\"og:description\" content=\"Por Jos\u00e9 Alberto Prado Angeles Director General y Editor En M\u00e9xico, ni\u00f1as, ni\u00f1os y adolescentes...\" \/>\n<meta property=\"og:url\" content=\"https:\/\/quehacerpolitico.mx\/?p=103114\" \/>\n<meta property=\"article:published_time\" content=\"2023-07-24T15:37:31+00:00\" \/>\n<meta property=\"article:modified_time\" content=\"2023-07-24T15:37:35+00:00\" \/>\n<meta property=\"og:image\" content=\"https:\/\/quehacerpolitico.mx\/wp-content\/uploads\/2023\/07\/511bc7b1-f34b-4418-b917-5120714f846d-4.jpeg\" \/>\n\t<meta property=\"og:image:width\" content=\"963\" \/>\n\t<meta property=\"og:image:height\" content=\"493\" \/>\n\t<meta property=\"og:image:type\" content=\"image\/jpeg\" \/>\n<meta name=\"author\" content=\"Redacci\u00f3n QP\" \/>\n<meta name=\"twitter:card\" content=\"summary_large_image\" \/>\n<meta name=\"twitter:label1\" content=\"Escrito por\" \/>\n\t<meta name=\"twitter:data1\" content=\"Redacci\u00f3n QP\" \/>\n\t<meta name=\"twitter:label2\" content=\"Tiempo de lectura\" \/>\n\t<meta name=\"twitter:data2\" content=\"4 minutos\" \/>\n<script type=\"application\/ld+json\" class=\"yoast-schema-graph\">{\"@context\":\"https:\\\/\\\/schema.org\",\"@graph\":[{\"@type\":\"Article\",\"@id\":\"https:\\\/\\\/quehacerpolitico.mx\\\/?p=103114#article\",\"isPartOf\":{\"@id\":\"https:\\\/\\\/quehacerpolitico.mx\\\/?p=103114\"},\"author\":{\"name\":\"Redacci\u00f3n QP\",\"@id\":\"https:\\\/\\\/quehacerpolitico.mx\\\/#\\\/schema\\\/person\\\/496d8ad2d1d3f8036101dca7ee39e585\"},\"headline\":\"El Quehacer Pol\u00edtico\\\/\\\/\\\/Jos\u00e9 Alberto Prado Angeles\\\/\\\/\\\/En M\u00e9xico es ignorado el reclutamiento forzado de ni\u00f1os, ni\u00f1as y adolescentes por el crimen organizado\",\"datePublished\":\"2023-07-24T15:37:31+00:00\",\"dateModified\":\"2023-07-24T15:37:35+00:00\",\"mainEntityOfPage\":{\"@id\":\"https:\\\/\\\/quehacerpolitico.mx\\\/?p=103114\"},\"wordCount\":918,\"commentCount\":0,\"image\":{\"@id\":\"https:\\\/\\\/quehacerpolitico.mx\\\/?p=103114#primaryimage\"},\"thumbnailUrl\":\"https:\\\/\\\/quehacerpolitico.mx\\\/wp-content\\\/uploads\\\/2023\\\/07\\\/511bc7b1-f34b-4418-b917-5120714f846d-4.jpeg\",\"articleSection\":[\"Noticias\"],\"inLanguage\":\"es\",\"potentialAction\":[{\"@type\":\"CommentAction\",\"name\":\"Comment\",\"target\":[\"https:\\\/\\\/quehacerpolitico.mx\\\/?p=103114#respond\"]}]},{\"@type\":\"WebPage\",\"@id\":\"https:\\\/\\\/quehacerpolitico.mx\\\/?p=103114\",\"url\":\"https:\\\/\\\/quehacerpolitico.mx\\\/?p=103114\",\"name\":\"El Quehacer Pol\u00edtico\\\/\\\/\\\/Jos\u00e9 Alberto Prado Angeles\\\/\\\/\\\/En M\u00e9xico es ignorado el reclutamiento forzado de ni\u00f1os, ni\u00f1as y adolescentes por el crimen organizado -\",\"isPartOf\":{\"@id\":\"https:\\\/\\\/quehacerpolitico.mx\\\/#website\"},\"primaryImageOfPage\":{\"@id\":\"https:\\\/\\\/quehacerpolitico.mx\\\/?p=103114#primaryimage\"},\"image\":{\"@id\":\"https:\\\/\\\/quehacerpolitico.mx\\\/?p=103114#primaryimage\"},\"thumbnailUrl\":\"https:\\\/\\\/quehacerpolitico.mx\\\/wp-content\\\/uploads\\\/2023\\\/07\\\/511bc7b1-f34b-4418-b917-5120714f846d-4.jpeg\",\"datePublished\":\"2023-07-24T15:37:31+00:00\",\"dateModified\":\"2023-07-24T15:37:35+00:00\",\"author\":{\"@id\":\"https:\\\/\\\/quehacerpolitico.mx\\\/#\\\/schema\\\/person\\\/496d8ad2d1d3f8036101dca7ee39e585\"},\"breadcrumb\":{\"@id\":\"https:\\\/\\\/quehacerpolitico.mx\\\/?p=103114#breadcrumb\"},\"inLanguage\":\"es\",\"potentialAction\":[{\"@type\":\"ReadAction\",\"target\":[\"https:\\\/\\\/quehacerpolitico.mx\\\/?p=103114\"]}]},{\"@type\":\"ImageObject\",\"inLanguage\":\"es\",\"@id\":\"https:\\\/\\\/quehacerpolitico.mx\\\/?p=103114#primaryimage\",\"url\":\"https:\\\/\\\/quehacerpolitico.mx\\\/wp-content\\\/uploads\\\/2023\\\/07\\\/511bc7b1-f34b-4418-b917-5120714f846d-4.jpeg\",\"contentUrl\":\"https:\\\/\\\/quehacerpolitico.mx\\\/wp-content\\\/uploads\\\/2023\\\/07\\\/511bc7b1-f34b-4418-b917-5120714f846d-4.jpeg\",\"width\":963,\"height\":493},{\"@type\":\"BreadcrumbList\",\"@id\":\"https:\\\/\\\/quehacerpolitico.mx\\\/?p=103114#breadcrumb\",\"itemListElement\":[{\"@type\":\"ListItem\",\"position\":1,\"name\":\"Inicio\",\"item\":\"https:\\\/\\\/quehacerpolitico.mx\\\/\"},{\"@type\":\"ListItem\",\"position\":2,\"name\":\"El Quehacer Pol\u00edtico\\\/\\\/\\\/Jos\u00e9 Alberto Prado Angeles\\\/\\\/\\\/En M\u00e9xico es ignorado el reclutamiento forzado de ni\u00f1os, ni\u00f1as y adolescentes por el crimen organizado\"}]},{\"@type\":\"WebSite\",\"@id\":\"https:\\\/\\\/quehacerpolitico.mx\\\/#website\",\"url\":\"https:\\\/\\\/quehacerpolitico.mx\\\/\",\"name\":\"\",\"description\":\"\",\"potentialAction\":[{\"@type\":\"SearchAction\",\"target\":{\"@type\":\"EntryPoint\",\"urlTemplate\":\"https:\\\/\\\/quehacerpolitico.mx\\\/?s={search_term_string}\"},\"query-input\":{\"@type\":\"PropertyValueSpecification\",\"valueRequired\":true,\"valueName\":\"search_term_string\"}}],\"inLanguage\":\"es\"},{\"@type\":\"Person\",\"@id\":\"https:\\\/\\\/quehacerpolitico.mx\\\/#\\\/schema\\\/person\\\/496d8ad2d1d3f8036101dca7ee39e585\",\"name\":\"Redacci\u00f3n QP\",\"image\":{\"@type\":\"ImageObject\",\"inLanguage\":\"es\",\"@id\":\"https:\\\/\\\/secure.gravatar.com\\\/avatar\\\/c7164ed6fdec453195284ad24a5ae5b6e1eed2b848477fa2a4787ba9adf39a41?s=96&d=mm&r=g\",\"url\":\"https:\\\/\\\/secure.gravatar.com\\\/avatar\\\/c7164ed6fdec453195284ad24a5ae5b6e1eed2b848477fa2a4787ba9adf39a41?s=96&d=mm&r=g\",\"contentUrl\":\"https:\\\/\\\/secure.gravatar.com\\\/avatar\\\/c7164ed6fdec453195284ad24a5ae5b6e1eed2b848477fa2a4787ba9adf39a41?s=96&d=mm&r=g\",\"caption\":\"Redacci\u00f3n QP\"},\"url\":\"https:\\\/\\\/quehacerpolitico.mx\\\/?author=2\"}]}<\/script>\n<!-- \/ Yoast SEO plugin. -->","yoast_head_json":{"title":"El Quehacer Pol\u00edtico\/\/\/Jos\u00e9 Alberto Prado Angeles\/\/\/En M\u00e9xico es ignorado el reclutamiento forzado de ni\u00f1os, ni\u00f1as y adolescentes por el crimen organizado -","robots":{"index":"index","follow":"follow","max-snippet":"max-snippet:-1","max-image-preview":"max-image-preview:large","max-video-preview":"max-video-preview:-1"},"canonical":"https:\/\/quehacerpolitico.mx\/?p=103114","og_locale":"es_MX","og_type":"article","og_title":"El Quehacer Pol\u00edtico\/\/\/Jos\u00e9 Alberto Prado Angeles\/\/\/En M\u00e9xico es ignorado el reclutamiento forzado de ni\u00f1os, ni\u00f1as y adolescentes por el crimen organizado -","og_description":"Por Jos\u00e9 Alberto Prado Angeles Director General y Editor En M\u00e9xico, ni\u00f1as, ni\u00f1os y adolescentes...","og_url":"https:\/\/quehacerpolitico.mx\/?p=103114","article_published_time":"2023-07-24T15:37:31+00:00","article_modified_time":"2023-07-24T15:37:35+00:00","og_image":[{"width":963,"height":493,"url":"https:\/\/quehacerpolitico.mx\/wp-content\/uploads\/2023\/07\/511bc7b1-f34b-4418-b917-5120714f846d-4.jpeg","type":"image\/jpeg"}],"author":"Redacci\u00f3n QP","twitter_card":"summary_large_image","twitter_misc":{"Escrito por":"Redacci\u00f3n QP","Tiempo de lectura":"4 minutos"},"schema":{"@context":"https:\/\/schema.org","@graph":[{"@type":"Article","@id":"https:\/\/quehacerpolitico.mx\/?p=103114#article","isPartOf":{"@id":"https:\/\/quehacerpolitico.mx\/?p=103114"},"author":{"name":"Redacci\u00f3n QP","@id":"https:\/\/quehacerpolitico.mx\/#\/schema\/person\/496d8ad2d1d3f8036101dca7ee39e585"},"headline":"El Quehacer Pol\u00edtico\/\/\/Jos\u00e9 Alberto Prado Angeles\/\/\/En M\u00e9xico es ignorado el reclutamiento forzado de ni\u00f1os, ni\u00f1as y adolescentes por el crimen organizado","datePublished":"2023-07-24T15:37:31+00:00","dateModified":"2023-07-24T15:37:35+00:00","mainEntityOfPage":{"@id":"https:\/\/quehacerpolitico.mx\/?p=103114"},"wordCount":918,"commentCount":0,"image":{"@id":"https:\/\/quehacerpolitico.mx\/?p=103114#primaryimage"},"thumbnailUrl":"https:\/\/quehacerpolitico.mx\/wp-content\/uploads\/2023\/07\/511bc7b1-f34b-4418-b917-5120714f846d-4.jpeg","articleSection":["Noticias"],"inLanguage":"es","potentialAction":[{"@type":"CommentAction","name":"Comment","target":["https:\/\/quehacerpolitico.mx\/?p=103114#respond"]}]},{"@type":"WebPage","@id":"https:\/\/quehacerpolitico.mx\/?p=103114","url":"https:\/\/quehacerpolitico.mx\/?p=103114","name":"El Quehacer Pol\u00edtico\/\/\/Jos\u00e9 Alberto Prado Angeles\/\/\/En M\u00e9xico es ignorado el reclutamiento forzado de ni\u00f1os, ni\u00f1as y adolescentes por el crimen organizado -","isPartOf":{"@id":"https:\/\/quehacerpolitico.mx\/#website"},"primaryImageOfPage":{"@id":"https:\/\/quehacerpolitico.mx\/?p=103114#primaryimage"},"image":{"@id":"https:\/\/quehacerpolitico.mx\/?p=103114#primaryimage"},"thumbnailUrl":"https:\/\/quehacerpolitico.mx\/wp-content\/uploads\/2023\/07\/511bc7b1-f34b-4418-b917-5120714f846d-4.jpeg","datePublished":"2023-07-24T15:37:31+00:00","dateModified":"2023-07-24T15:37:35+00:00","author":{"@id":"https:\/\/quehacerpolitico.mx\/#\/schema\/person\/496d8ad2d1d3f8036101dca7ee39e585"},"breadcrumb":{"@id":"https:\/\/quehacerpolitico.mx\/?p=103114#breadcrumb"},"inLanguage":"es","potentialAction":[{"@type":"ReadAction","target":["https:\/\/quehacerpolitico.mx\/?p=103114"]}]},{"@type":"ImageObject","inLanguage":"es","@id":"https:\/\/quehacerpolitico.mx\/?p=103114#primaryimage","url":"https:\/\/quehacerpolitico.mx\/wp-content\/uploads\/2023\/07\/511bc7b1-f34b-4418-b917-5120714f846d-4.jpeg","contentUrl":"https:\/\/quehacerpolitico.mx\/wp-content\/uploads\/2023\/07\/511bc7b1-f34b-4418-b917-5120714f846d-4.jpeg","width":963,"height":493},{"@type":"BreadcrumbList","@id":"https:\/\/quehacerpolitico.mx\/?p=103114#breadcrumb","itemListElement":[{"@type":"ListItem","position":1,"name":"Inicio","item":"https:\/\/quehacerpolitico.mx\/"},{"@type":"ListItem","position":2,"name":"El Quehacer Pol\u00edtico\/\/\/Jos\u00e9 Alberto Prado Angeles\/\/\/En M\u00e9xico es ignorado el reclutamiento forzado de ni\u00f1os, ni\u00f1as y adolescentes por el crimen organizado"}]},{"@type":"WebSite","@id":"https:\/\/quehacerpolitico.mx\/#website","url":"https:\/\/quehacerpolitico.mx\/","name":"","description":"","potentialAction":[{"@type":"SearchAction","target":{"@type":"EntryPoint","urlTemplate":"https:\/\/quehacerpolitico.mx\/?s={search_term_string}"},"query-input":{"@type":"PropertyValueSpecification","valueRequired":true,"valueName":"search_term_string"}}],"inLanguage":"es"},{"@type":"Person","@id":"https:\/\/quehacerpolitico.mx\/#\/schema\/person\/496d8ad2d1d3f8036101dca7ee39e585","name":"Redacci\u00f3n QP","image":{"@type":"ImageObject","inLanguage":"es","@id":"https:\/\/secure.gravatar.com\/avatar\/c7164ed6fdec453195284ad24a5ae5b6e1eed2b848477fa2a4787ba9adf39a41?s=96&d=mm&r=g","url":"https:\/\/secure.gravatar.com\/avatar\/c7164ed6fdec453195284ad24a5ae5b6e1eed2b848477fa2a4787ba9adf39a41?s=96&d=mm&r=g","contentUrl":"https:\/\/secure.gravatar.com\/avatar\/c7164ed6fdec453195284ad24a5ae5b6e1eed2b848477fa2a4787ba9adf39a41?s=96&d=mm&r=g","caption":"Redacci\u00f3n QP"},"url":"https:\/\/quehacerpolitico.mx\/?author=2"}]}},"featured_image_urls":{"full":["https:\/\/quehacerpolitico.mx\/wp-content\/uploads\/2023\/07\/511bc7b1-f34b-4418-b917-5120714f846d-4.jpeg",963,493,false],"thumbnail":["https:\/\/quehacerpolitico.mx\/wp-content\/uploads\/2023\/07\/511bc7b1-f34b-4418-b917-5120714f846d-4-150x150.jpeg",150,150,true],"medium":["https:\/\/quehacerpolitico.mx\/wp-content\/uploads\/2023\/07\/511bc7b1-f34b-4418-b917-5120714f846d-4-300x154.jpeg",300,154,true],"medium_large":["https:\/\/quehacerpolitico.mx\/wp-content\/uploads\/2023\/07\/511bc7b1-f34b-4418-b917-5120714f846d-4-768x393.jpeg",640,328,true],"large":["https:\/\/quehacerpolitico.mx\/wp-content\/uploads\/2023\/07\/511bc7b1-f34b-4418-b917-5120714f846d-4.jpeg",640,328,false],"1536x1536":["https:\/\/quehacerpolitico.mx\/wp-content\/uploads\/2023\/07\/511bc7b1-f34b-4418-b917-5120714f846d-4.jpeg",963,493,false],"2048x2048":["https:\/\/quehacerpolitico.mx\/wp-content\/uploads\/2023\/07\/511bc7b1-f34b-4418-b917-5120714f846d-4.jpeg",963,493,false],"covernews-featured":["https:\/\/quehacerpolitico.mx\/wp-content\/uploads\/2023\/07\/511bc7b1-f34b-4418-b917-5120714f846d-4.jpeg",963,493,false],"covernews-medium":["https:\/\/quehacerpolitico.mx\/wp-content\/uploads\/2023\/07\/511bc7b1-f34b-4418-b917-5120714f846d-4.jpeg",540,276,false]},"author_info":{"display_name":"Redacci\u00f3n QP","author_link":"https:\/\/quehacerpolitico.mx\/?author=2"},"category_info":"<a href=\"https:\/\/quehacerpolitico.mx\/?cat=2\" rel=\"category\">Noticias<\/a>","tag_info":"Noticias","comment_count":"0","_links":{"self":[{"href":"https:\/\/quehacerpolitico.mx\/index.php?rest_route=\/wp\/v2\/posts\/103114","targetHints":{"allow":["GET"]}}],"collection":[{"href":"https:\/\/quehacerpolitico.mx\/index.php?rest_route=\/wp\/v2\/posts"}],"about":[{"href":"https:\/\/quehacerpolitico.mx\/index.php?rest_route=\/wp\/v2\/types\/post"}],"author":[{"embeddable":true,"href":"https:\/\/quehacerpolitico.mx\/index.php?rest_route=\/wp\/v2\/users\/2"}],"replies":[{"embeddable":true,"href":"https:\/\/quehacerpolitico.mx\/index.php?rest_route=%2Fwp%2Fv2%2Fcomments&post=103114"}],"version-history":[{"count":1,"href":"https:\/\/quehacerpolitico.mx\/index.php?rest_route=\/wp\/v2\/posts\/103114\/revisions"}],"predecessor-version":[{"id":103116,"href":"https:\/\/quehacerpolitico.mx\/index.php?rest_route=\/wp\/v2\/posts\/103114\/revisions\/103116"}],"wp:featuredmedia":[{"embeddable":true,"href":"https:\/\/quehacerpolitico.mx\/index.php?rest_route=\/wp\/v2\/media\/103115"}],"wp:attachment":[{"href":"https:\/\/quehacerpolitico.mx\/index.php?rest_route=%2Fwp%2Fv2%2Fmedia&parent=103114"}],"wp:term":[{"taxonomy":"category","embeddable":true,"href":"https:\/\/quehacerpolitico.mx\/index.php?rest_route=%2Fwp%2Fv2%2Fcategories&post=103114"},{"taxonomy":"post_tag","embeddable":true,"href":"https:\/\/quehacerpolitico.mx\/index.php?rest_route=%2Fwp%2Fv2%2Ftags&post=103114"}],"curies":[{"name":"wp","href":"https:\/\/api.w.org\/{rel}","templated":true}]}}