{"id":103064,"date":"2023-07-22T01:46:54","date_gmt":"2023-07-22T01:46:54","guid":{"rendered":"https:\/\/quehacerpolitico.mx\/?p=103064"},"modified":"2023-07-22T01:46:57","modified_gmt":"2023-07-22T01:46:57","slug":"internacionales-carolina-alonso-romei-unos-90-congresistas-democratas-de-ee-uu-pidieron-este-viernes-al-gobierno-biden-acciones-legales-contra-la-politica-del-gobernador-de","status":"publish","type":"post","link":"https:\/\/quehacerpolitico.mx\/?p=103064","title":{"rendered":"Internacionales\/\/\/Carolina Alonso Romei\/\/\/Unos\u00a090 congresistas dem\u00f3cratas de EE.UU.\u00a0pidieron este viernes al\u00a0Gobierno Biden\u00a0acciones legales contra la pol\u00edtica del gobernador de\u00a0Texas, Gregg Abbott"},"content":{"rendered":"\n<p>Por Carolina Alonso Romei<\/p>\n\n\n\n<p>Internacionalista<\/p>\n\n\n\n<p>\u201cPedimos que intervenga de inmediato para detener las acciones del gobernador (de Texas, Gregg) Abbott\u201d, pidieron al Gobierno de Biden<\/p>\n\n\n\n<p>Unos\u00a0<strong>90 congresistas dem\u00f3cratas de EE.UU.<\/strong>\u00a0pidieron este viernes al\u00a0<strong>Gobierno Biden<\/strong>\u00a0acciones legales contra la pol\u00edtica del gobernador de\u00a0<strong>Texas, Gregg Abbott<\/strong>, tras denuncias de medios de trato inhumano de\u00a0<strong>beb\u00e9s, ni\u00f1os y mujeres migrantes<\/strong>\u00a0en el<strong> r\u00edo Bravo<\/strong>, en la\u00a0<strong>frontera con M\u00e9xico<\/strong>, en el que adem\u00e1s se exponen a peligrosos alambres de p\u00faas.<\/p>\n\n\n\n<p>Pedimos que intervenga de inmediato para detener las acciones del gobernador Abbott dadas la serias y cre\u00edbles denuncias de lesiones para los migrantes\u201d, afirmaron en una carta encabezada por el congresista\u00a0<strong>Joaqu\u00edn Castro.<\/strong><\/p>\n\n\n\n<p>La carta cit\u00f3 informes de medios seg\u00fan los cuales tropas que hacen parte de la pol\u00e9mica pol\u00edtica migratoria\u00a0<strong>Lone Star<\/strong>\u00a0de Abbott han recibido \u00f3rdenes de empujar a ni\u00f1os y beb\u00e9s migrantes de retorno al r\u00edo Bravo.<\/p>\n\n\n\n<p>El grupo humanitario\u00a0<strong>Human Rights Watch<\/strong>\u00a0se quej\u00f3 que \u201clos polic\u00edas estatales est\u00e1n empujando deliberadamente a las personas hacia el alambre de p\u00faas, el agotamiento por calor y las peligrosas corrientes de los r\u00edos sabiendo que sufrir\u00e1n, resultar\u00e1n heridos y morir\u00e1n\u201d.<\/p>\n\n\n\n<figure class=\"wp-block-embed is-type-rich is-provider-twitter wp-block-embed-twitter\"><div class=\"wp-block-embed__wrapper\">\n<blockquote class=\"twitter-tweet\" data-width=\"550\" data-dnt=\"true\"><p lang=\"en\" dir=\"ltr\">This morning, I led a letter from 87 House Democrats, including the full Texas Democratic Delegation and chairs of the <a href=\"https:\/\/twitter.com\/HispanicCaucus?ref_src=twsrc%5Etfw\">@HispanicCaucus<\/a>, <a href=\"https:\/\/twitter.com\/TheBlackCaucus?ref_src=twsrc%5Etfw\">@TheBlackCaucus<\/a> &amp; <a href=\"https:\/\/twitter.com\/CAPAC?ref_src=twsrc%5Etfw\">@CAPAC<\/a>, calling on <a href=\"https:\/\/twitter.com\/POTUS?ref_src=twsrc%5Etfw\">@POTUS<\/a> to use his authority to stop <a href=\"https:\/\/twitter.com\/GovAbbott?ref_src=twsrc%5Etfw\">@GovAbbott<\/a>&#39;s barbaric policies at the border.<a href=\"https:\/\/t.co\/8DD54biyXf\">https:\/\/t.co\/8DD54biyXf<\/a><\/p>&mdash; Joaquin Castro (@JoaquinCastrotx) <a href=\"https:\/\/twitter.com\/JoaquinCastrotx\/status\/1682403894712778753?ref_src=twsrc%5Etfw\">July 21, 2023<\/a><\/blockquote><script async src=\"https:\/\/platform.twitter.com\/widgets.js\" charset=\"utf-8\"><\/script>\n<\/div><\/figure>\n\n\n\n<p>Los congresistas pidieron este viernes a Biden que proceda con acciones legales debido a las \u201cinterferencias con la aplicaci\u00f3n de las leyes federales sobre inmigraci\u00f3n, y la violaci\u00f3n de compromisos por tratados con M\u00e9xico\u201d.<\/p>\n\n\n\n<p>El gobernador de Texas ha ordenado la extensi\u00f3n de una ristra de boyas y alambrado en un tramo del r\u00edo Bravo para impedir el cruce de migrantes desde M\u00e9xico.<\/p>\n\n\n\n<p>Seg\u00fan las denuncias, una ni\u00f1a de 4 a\u00f1os se desmay\u00f3 por el agotamiento por calor despu\u00e9s de que los soldados la empujaran hacia el r\u00edo Bravo, y una joven embarazada qued\u00f3 atrapada en un alambre de p\u00faas y tuvo un aborto espont\u00e1neo.<\/p>\n\n\n\n<p>Adem\u00e1s otras 120 personas, incluidos ni\u00f1os peque\u00f1os y beb\u00e9s lactantes, quedaron varados entre el alambre de p\u00faas y el r\u00edo, y otro adolescente sufri\u00f3 una fractura en la pierna por desviarse por otro camino en el que no hubiera alambre de p\u00faas.<\/p>\n\n\n\n<p>Los congresistas advirtieron de que esa medida \u201ces potencialmente ilegal y puede violar numerosos tratados bilaterales entre Estados Unidos y M\u00e9xico\u201d.<\/p>\n\n\n\n<p>Lone Star es una operaci\u00f3n ordenada por Abbott en marzo de 2021 y que involucra a los departamentos de Seguridad P\u00fablica y Militar de Texas, en la cual han participado m\u00e1s de 20.000 soldados y polic\u00edas en la frontera con M\u00e9xico.<\/p>\n\n\n\n<figure class=\"wp-block-image size-large\"><img loading=\"lazy\" decoding=\"async\" width=\"1024\" height=\"683\" src=\"https:\/\/quehacerpolitico.mx\/wp-content\/uploads\/2023\/07\/image-57-1024x683.jpeg\" alt=\"\" class=\"wp-image-103066\" srcset=\"https:\/\/quehacerpolitico.mx\/wp-content\/uploads\/2023\/07\/image-57-1024x683.jpeg 1024w, https:\/\/quehacerpolitico.mx\/wp-content\/uploads\/2023\/07\/image-57-300x200.jpeg 300w, https:\/\/quehacerpolitico.mx\/wp-content\/uploads\/2023\/07\/image-57-768x512.jpeg 768w, https:\/\/quehacerpolitico.mx\/wp-content\/uploads\/2023\/07\/image-57-1536x1024.jpeg 1536w, https:\/\/quehacerpolitico.mx\/wp-content\/uploads\/2023\/07\/image-57-219x146.jpeg 219w, https:\/\/quehacerpolitico.mx\/wp-content\/uploads\/2023\/07\/image-57-50x33.jpeg 50w, https:\/\/quehacerpolitico.mx\/wp-content\/uploads\/2023\/07\/image-57-112x75.jpeg 112w, https:\/\/quehacerpolitico.mx\/wp-content\/uploads\/2023\/07\/image-57.jpeg 1660w\" sizes=\"auto, (max-width: 1024px) 100vw, 1024px\" \/><\/figure>\n\n\n\n<p>\u201cLos programas y pol\u00edticas de la&nbsp;<strong>Operaci\u00f3n Lone Star<\/strong>, espec\u00edficamente la extensi\u00f3n reciente de alambradas o boyas, presentan un peligro para los migrantes e impiden la capacidad de nuestro personal fronterizo (federal) de tratar a los migrantes de forma humana\u201d, se\u00f1al\u00f3 la carta de los congresistas.<\/p>\n\n\n\n<p>Una iniciativa similar, que instal\u00f3 contenedores en la frontera de Arizona y M\u00e9xico, fracas\u00f3 a comienzos de este a\u00f1o despu\u00e9s que el Departamento de Justicia inici\u00f3 una querella judicial contra el entonces gobernador,&nbsp;<strong>Doug Ducey<\/strong>.<\/p>\n\n\n\n<p>Con informaci\u00f3n de EFE<\/p>\n","protected":false},"excerpt":{"rendered":"<p>Por Carolina Alonso Romei Internacionalista \u201cPedimos que intervenga de inmediato para detener las acciones del&#8230;<\/p>\n","protected":false},"author":2,"featured_media":103065,"comment_status":"open","ping_status":"open","sticky":false,"template":"","format":"standard","meta":{"_monsterinsights_skip_tracking":false,"_monsterinsights_sitenote_active":false,"_monsterinsights_sitenote_note":"","_monsterinsights_sitenote_category":0,"footnotes":""},"categories":[1],"tags":[],"class_list":["post-103064","post","type-post","status-publish","format-standard","has-post-thumbnail","hentry","category-sin-categoria"],"yoast_head":"<!-- This site is optimized with the Yoast SEO plugin v27.3 - https:\/\/yoast.com\/product\/yoast-seo-wordpress\/ -->\n<title>Internacionales\/\/\/Carolina Alonso Romei\/\/\/Unos\u00a090 congresistas dem\u00f3cratas de EE.UU.\u00a0pidieron este viernes al\u00a0Gobierno Biden\u00a0acciones legales contra la pol\u00edtica del gobernador de\u00a0Texas, Gregg Abbott -<\/title>\n<meta name=\"robots\" content=\"index, follow, max-snippet:-1, max-image-preview:large, max-video-preview:-1\" \/>\n<link rel=\"canonical\" href=\"https:\/\/quehacerpolitico.mx\/?p=103064\" \/>\n<meta property=\"og:locale\" content=\"es_MX\" \/>\n<meta property=\"og:type\" content=\"article\" \/>\n<meta property=\"og:title\" content=\"Internacionales\/\/\/Carolina Alonso Romei\/\/\/Unos\u00a090 congresistas dem\u00f3cratas de EE.UU.\u00a0pidieron este viernes al\u00a0Gobierno Biden\u00a0acciones legales contra la pol\u00edtica del gobernador de\u00a0Texas, Gregg Abbott -\" \/>\n<meta property=\"og:description\" content=\"Por Carolina Alonso Romei Internacionalista \u201cPedimos que intervenga de inmediato para detener las acciones del...\" \/>\n<meta property=\"og:url\" content=\"https:\/\/quehacerpolitico.mx\/?p=103064\" \/>\n<meta property=\"article:published_time\" content=\"2023-07-22T01:46:54+00:00\" \/>\n<meta property=\"article:modified_time\" content=\"2023-07-22T01:46:57+00:00\" \/>\n<meta property=\"og:image\" content=\"https:\/\/quehacerpolitico.mx\/wp-content\/uploads\/2023\/07\/IMG_9176.jpeg\" \/>\n\t<meta property=\"og:image:width\" content=\"739\" \/>\n\t<meta property=\"og:image:height\" content=\"415\" \/>\n\t<meta property=\"og:image:type\" content=\"image\/jpeg\" \/>\n<meta name=\"author\" content=\"Redacci\u00f3n QP\" \/>\n<meta name=\"twitter:card\" content=\"summary_large_image\" \/>\n<meta name=\"twitter:label1\" content=\"Escrito por\" \/>\n\t<meta name=\"twitter:data1\" content=\"Redacci\u00f3n QP\" \/>\n\t<meta name=\"twitter:label2\" content=\"Tiempo de lectura\" \/>\n\t<meta name=\"twitter:data2\" content=\"3 minutos\" \/>\n<script type=\"application\/ld+json\" class=\"yoast-schema-graph\">{\"@context\":\"https:\\\/\\\/schema.org\",\"@graph\":[{\"@type\":\"Article\",\"@id\":\"https:\\\/\\\/quehacerpolitico.mx\\\/?p=103064#article\",\"isPartOf\":{\"@id\":\"https:\\\/\\\/quehacerpolitico.mx\\\/?p=103064\"},\"author\":{\"name\":\"Redacci\u00f3n QP\",\"@id\":\"https:\\\/\\\/quehacerpolitico.mx\\\/#\\\/schema\\\/person\\\/496d8ad2d1d3f8036101dca7ee39e585\"},\"headline\":\"Internacionales\\\/\\\/\\\/Carolina Alonso Romei\\\/\\\/\\\/Unos\u00a090 congresistas dem\u00f3cratas de EE.UU.\u00a0pidieron este viernes al\u00a0Gobierno Biden\u00a0acciones legales contra la pol\u00edtica del gobernador de\u00a0Texas, Gregg Abbott\",\"datePublished\":\"2023-07-22T01:46:54+00:00\",\"dateModified\":\"2023-07-22T01:46:57+00:00\",\"mainEntityOfPage\":{\"@id\":\"https:\\\/\\\/quehacerpolitico.mx\\\/?p=103064\"},\"wordCount\":583,\"commentCount\":0,\"image\":{\"@id\":\"https:\\\/\\\/quehacerpolitico.mx\\\/?p=103064#primaryimage\"},\"thumbnailUrl\":\"https:\\\/\\\/quehacerpolitico.mx\\\/wp-content\\\/uploads\\\/2023\\\/07\\\/IMG_9176.jpeg\",\"articleSection\":[\"Internacionales\"],\"inLanguage\":\"es\",\"potentialAction\":[{\"@type\":\"CommentAction\",\"name\":\"Comment\",\"target\":[\"https:\\\/\\\/quehacerpolitico.mx\\\/?p=103064#respond\"]}]},{\"@type\":\"WebPage\",\"@id\":\"https:\\\/\\\/quehacerpolitico.mx\\\/?p=103064\",\"url\":\"https:\\\/\\\/quehacerpolitico.mx\\\/?p=103064\",\"name\":\"Internacionales\\\/\\\/\\\/Carolina Alonso Romei\\\/\\\/\\\/Unos\u00a090 congresistas dem\u00f3cratas de EE.UU.\u00a0pidieron este viernes al\u00a0Gobierno Biden\u00a0acciones legales contra la pol\u00edtica del gobernador de\u00a0Texas, Gregg Abbott -\",\"isPartOf\":{\"@id\":\"https:\\\/\\\/quehacerpolitico.mx\\\/#website\"},\"primaryImageOfPage\":{\"@id\":\"https:\\\/\\\/quehacerpolitico.mx\\\/?p=103064#primaryimage\"},\"image\":{\"@id\":\"https:\\\/\\\/quehacerpolitico.mx\\\/?p=103064#primaryimage\"},\"thumbnailUrl\":\"https:\\\/\\\/quehacerpolitico.mx\\\/wp-content\\\/uploads\\\/2023\\\/07\\\/IMG_9176.jpeg\",\"datePublished\":\"2023-07-22T01:46:54+00:00\",\"dateModified\":\"2023-07-22T01:46:57+00:00\",\"author\":{\"@id\":\"https:\\\/\\\/quehacerpolitico.mx\\\/#\\\/schema\\\/person\\\/496d8ad2d1d3f8036101dca7ee39e585\"},\"breadcrumb\":{\"@id\":\"https:\\\/\\\/quehacerpolitico.mx\\\/?p=103064#breadcrumb\"},\"inLanguage\":\"es\",\"potentialAction\":[{\"@type\":\"ReadAction\",\"target\":[\"https:\\\/\\\/quehacerpolitico.mx\\\/?p=103064\"]}]},{\"@type\":\"ImageObject\",\"inLanguage\":\"es\",\"@id\":\"https:\\\/\\\/quehacerpolitico.mx\\\/?p=103064#primaryimage\",\"url\":\"https:\\\/\\\/quehacerpolitico.mx\\\/wp-content\\\/uploads\\\/2023\\\/07\\\/IMG_9176.jpeg\",\"contentUrl\":\"https:\\\/\\\/quehacerpolitico.mx\\\/wp-content\\\/uploads\\\/2023\\\/07\\\/IMG_9176.jpeg\",\"width\":739,\"height\":415},{\"@type\":\"BreadcrumbList\",\"@id\":\"https:\\\/\\\/quehacerpolitico.mx\\\/?p=103064#breadcrumb\",\"itemListElement\":[{\"@type\":\"ListItem\",\"position\":1,\"name\":\"Inicio\",\"item\":\"https:\\\/\\\/quehacerpolitico.mx\\\/\"},{\"@type\":\"ListItem\",\"position\":2,\"name\":\"Internacionales\\\/\\\/\\\/Carolina Alonso Romei\\\/\\\/\\\/Unos\u00a090 congresistas dem\u00f3cratas de EE.UU.\u00a0pidieron este viernes al\u00a0Gobierno Biden\u00a0acciones legales contra la pol\u00edtica del gobernador de\u00a0Texas, Gregg Abbott\"}]},{\"@type\":\"WebSite\",\"@id\":\"https:\\\/\\\/quehacerpolitico.mx\\\/#website\",\"url\":\"https:\\\/\\\/quehacerpolitico.mx\\\/\",\"name\":\"\",\"description\":\"\",\"potentialAction\":[{\"@type\":\"SearchAction\",\"target\":{\"@type\":\"EntryPoint\",\"urlTemplate\":\"https:\\\/\\\/quehacerpolitico.mx\\\/?s={search_term_string}\"},\"query-input\":{\"@type\":\"PropertyValueSpecification\",\"valueRequired\":true,\"valueName\":\"search_term_string\"}}],\"inLanguage\":\"es\"},{\"@type\":\"Person\",\"@id\":\"https:\\\/\\\/quehacerpolitico.mx\\\/#\\\/schema\\\/person\\\/496d8ad2d1d3f8036101dca7ee39e585\",\"name\":\"Redacci\u00f3n QP\",\"image\":{\"@type\":\"ImageObject\",\"inLanguage\":\"es\",\"@id\":\"https:\\\/\\\/secure.gravatar.com\\\/avatar\\\/c7164ed6fdec453195284ad24a5ae5b6e1eed2b848477fa2a4787ba9adf39a41?s=96&d=mm&r=g\",\"url\":\"https:\\\/\\\/secure.gravatar.com\\\/avatar\\\/c7164ed6fdec453195284ad24a5ae5b6e1eed2b848477fa2a4787ba9adf39a41?s=96&d=mm&r=g\",\"contentUrl\":\"https:\\\/\\\/secure.gravatar.com\\\/avatar\\\/c7164ed6fdec453195284ad24a5ae5b6e1eed2b848477fa2a4787ba9adf39a41?s=96&d=mm&r=g\",\"caption\":\"Redacci\u00f3n QP\"},\"url\":\"https:\\\/\\\/quehacerpolitico.mx\\\/?author=2\"}]}<\/script>\n<!-- \/ Yoast SEO plugin. -->","yoast_head_json":{"title":"Internacionales\/\/\/Carolina Alonso Romei\/\/\/Unos\u00a090 congresistas dem\u00f3cratas de EE.UU.\u00a0pidieron este viernes al\u00a0Gobierno Biden\u00a0acciones legales contra la pol\u00edtica del gobernador de\u00a0Texas, Gregg Abbott -","robots":{"index":"index","follow":"follow","max-snippet":"max-snippet:-1","max-image-preview":"max-image-preview:large","max-video-preview":"max-video-preview:-1"},"canonical":"https:\/\/quehacerpolitico.mx\/?p=103064","og_locale":"es_MX","og_type":"article","og_title":"Internacionales\/\/\/Carolina Alonso Romei\/\/\/Unos\u00a090 congresistas dem\u00f3cratas de EE.UU.\u00a0pidieron este viernes al\u00a0Gobierno Biden\u00a0acciones legales contra la pol\u00edtica del gobernador de\u00a0Texas, Gregg Abbott -","og_description":"Por Carolina Alonso Romei Internacionalista \u201cPedimos que intervenga de inmediato para detener las acciones del...","og_url":"https:\/\/quehacerpolitico.mx\/?p=103064","article_published_time":"2023-07-22T01:46:54+00:00","article_modified_time":"2023-07-22T01:46:57+00:00","og_image":[{"width":739,"height":415,"url":"https:\/\/quehacerpolitico.mx\/wp-content\/uploads\/2023\/07\/IMG_9176.jpeg","type":"image\/jpeg"}],"author":"Redacci\u00f3n QP","twitter_card":"summary_large_image","twitter_misc":{"Escrito por":"Redacci\u00f3n QP","Tiempo de lectura":"3 minutos"},"schema":{"@context":"https:\/\/schema.org","@graph":[{"@type":"Article","@id":"https:\/\/quehacerpolitico.mx\/?p=103064#article","isPartOf":{"@id":"https:\/\/quehacerpolitico.mx\/?p=103064"},"author":{"name":"Redacci\u00f3n QP","@id":"https:\/\/quehacerpolitico.mx\/#\/schema\/person\/496d8ad2d1d3f8036101dca7ee39e585"},"headline":"Internacionales\/\/\/Carolina Alonso Romei\/\/\/Unos\u00a090 congresistas dem\u00f3cratas de EE.UU.\u00a0pidieron este viernes al\u00a0Gobierno Biden\u00a0acciones legales contra la pol\u00edtica del gobernador de\u00a0Texas, Gregg Abbott","datePublished":"2023-07-22T01:46:54+00:00","dateModified":"2023-07-22T01:46:57+00:00","mainEntityOfPage":{"@id":"https:\/\/quehacerpolitico.mx\/?p=103064"},"wordCount":583,"commentCount":0,"image":{"@id":"https:\/\/quehacerpolitico.mx\/?p=103064#primaryimage"},"thumbnailUrl":"https:\/\/quehacerpolitico.mx\/wp-content\/uploads\/2023\/07\/IMG_9176.jpeg","articleSection":["Internacionales"],"inLanguage":"es","potentialAction":[{"@type":"CommentAction","name":"Comment","target":["https:\/\/quehacerpolitico.mx\/?p=103064#respond"]}]},{"@type":"WebPage","@id":"https:\/\/quehacerpolitico.mx\/?p=103064","url":"https:\/\/quehacerpolitico.mx\/?p=103064","name":"Internacionales\/\/\/Carolina Alonso Romei\/\/\/Unos\u00a090 congresistas dem\u00f3cratas de EE.UU.\u00a0pidieron este viernes al\u00a0Gobierno Biden\u00a0acciones legales contra la pol\u00edtica del gobernador de\u00a0Texas, Gregg Abbott -","isPartOf":{"@id":"https:\/\/quehacerpolitico.mx\/#website"},"primaryImageOfPage":{"@id":"https:\/\/quehacerpolitico.mx\/?p=103064#primaryimage"},"image":{"@id":"https:\/\/quehacerpolitico.mx\/?p=103064#primaryimage"},"thumbnailUrl":"https:\/\/quehacerpolitico.mx\/wp-content\/uploads\/2023\/07\/IMG_9176.jpeg","datePublished":"2023-07-22T01:46:54+00:00","dateModified":"2023-07-22T01:46:57+00:00","author":{"@id":"https:\/\/quehacerpolitico.mx\/#\/schema\/person\/496d8ad2d1d3f8036101dca7ee39e585"},"breadcrumb":{"@id":"https:\/\/quehacerpolitico.mx\/?p=103064#breadcrumb"},"inLanguage":"es","potentialAction":[{"@type":"ReadAction","target":["https:\/\/quehacerpolitico.mx\/?p=103064"]}]},{"@type":"ImageObject","inLanguage":"es","@id":"https:\/\/quehacerpolitico.mx\/?p=103064#primaryimage","url":"https:\/\/quehacerpolitico.mx\/wp-content\/uploads\/2023\/07\/IMG_9176.jpeg","contentUrl":"https:\/\/quehacerpolitico.mx\/wp-content\/uploads\/2023\/07\/IMG_9176.jpeg","width":739,"height":415},{"@type":"BreadcrumbList","@id":"https:\/\/quehacerpolitico.mx\/?p=103064#breadcrumb","itemListElement":[{"@type":"ListItem","position":1,"name":"Inicio","item":"https:\/\/quehacerpolitico.mx\/"},{"@type":"ListItem","position":2,"name":"Internacionales\/\/\/Carolina Alonso Romei\/\/\/Unos\u00a090 congresistas dem\u00f3cratas de EE.UU.\u00a0pidieron este viernes al\u00a0Gobierno Biden\u00a0acciones legales contra la pol\u00edtica del gobernador de\u00a0Texas, Gregg Abbott"}]},{"@type":"WebSite","@id":"https:\/\/quehacerpolitico.mx\/#website","url":"https:\/\/quehacerpolitico.mx\/","name":"","description":"","potentialAction":[{"@type":"SearchAction","target":{"@type":"EntryPoint","urlTemplate":"https:\/\/quehacerpolitico.mx\/?s={search_term_string}"},"query-input":{"@type":"PropertyValueSpecification","valueRequired":true,"valueName":"search_term_string"}}],"inLanguage":"es"},{"@type":"Person","@id":"https:\/\/quehacerpolitico.mx\/#\/schema\/person\/496d8ad2d1d3f8036101dca7ee39e585","name":"Redacci\u00f3n QP","image":{"@type":"ImageObject","inLanguage":"es","@id":"https:\/\/secure.gravatar.com\/avatar\/c7164ed6fdec453195284ad24a5ae5b6e1eed2b848477fa2a4787ba9adf39a41?s=96&d=mm&r=g","url":"https:\/\/secure.gravatar.com\/avatar\/c7164ed6fdec453195284ad24a5ae5b6e1eed2b848477fa2a4787ba9adf39a41?s=96&d=mm&r=g","contentUrl":"https:\/\/secure.gravatar.com\/avatar\/c7164ed6fdec453195284ad24a5ae5b6e1eed2b848477fa2a4787ba9adf39a41?s=96&d=mm&r=g","caption":"Redacci\u00f3n QP"},"url":"https:\/\/quehacerpolitico.mx\/?author=2"}]}},"featured_image_urls":{"full":["https:\/\/quehacerpolitico.mx\/wp-content\/uploads\/2023\/07\/IMG_9176.jpeg",739,415,false],"thumbnail":["https:\/\/quehacerpolitico.mx\/wp-content\/uploads\/2023\/07\/IMG_9176-150x150.jpeg",150,150,true],"medium":["https:\/\/quehacerpolitico.mx\/wp-content\/uploads\/2023\/07\/IMG_9176-300x168.jpeg",300,168,true],"medium_large":["https:\/\/quehacerpolitico.mx\/wp-content\/uploads\/2023\/07\/IMG_9176.jpeg",640,359,false],"large":["https:\/\/quehacerpolitico.mx\/wp-content\/uploads\/2023\/07\/IMG_9176.jpeg",640,359,false],"1536x1536":["https:\/\/quehacerpolitico.mx\/wp-content\/uploads\/2023\/07\/IMG_9176.jpeg",739,415,false],"2048x2048":["https:\/\/quehacerpolitico.mx\/wp-content\/uploads\/2023\/07\/IMG_9176.jpeg",739,415,false],"covernews-featured":["https:\/\/quehacerpolitico.mx\/wp-content\/uploads\/2023\/07\/IMG_9176.jpeg",739,415,false],"covernews-medium":["https:\/\/quehacerpolitico.mx\/wp-content\/uploads\/2023\/07\/IMG_9176.jpeg",540,303,false]},"author_info":{"display_name":"Redacci\u00f3n QP","author_link":"https:\/\/quehacerpolitico.mx\/?author=2"},"category_info":"<a href=\"https:\/\/quehacerpolitico.mx\/?cat=1\" rel=\"category\">Internacionales<\/a>","tag_info":"Internacionales","comment_count":"0","_links":{"self":[{"href":"https:\/\/quehacerpolitico.mx\/index.php?rest_route=\/wp\/v2\/posts\/103064","targetHints":{"allow":["GET"]}}],"collection":[{"href":"https:\/\/quehacerpolitico.mx\/index.php?rest_route=\/wp\/v2\/posts"}],"about":[{"href":"https:\/\/quehacerpolitico.mx\/index.php?rest_route=\/wp\/v2\/types\/post"}],"author":[{"embeddable":true,"href":"https:\/\/quehacerpolitico.mx\/index.php?rest_route=\/wp\/v2\/users\/2"}],"replies":[{"embeddable":true,"href":"https:\/\/quehacerpolitico.mx\/index.php?rest_route=%2Fwp%2Fv2%2Fcomments&post=103064"}],"version-history":[{"count":1,"href":"https:\/\/quehacerpolitico.mx\/index.php?rest_route=\/wp\/v2\/posts\/103064\/revisions"}],"predecessor-version":[{"id":103067,"href":"https:\/\/quehacerpolitico.mx\/index.php?rest_route=\/wp\/v2\/posts\/103064\/revisions\/103067"}],"wp:featuredmedia":[{"embeddable":true,"href":"https:\/\/quehacerpolitico.mx\/index.php?rest_route=\/wp\/v2\/media\/103065"}],"wp:attachment":[{"href":"https:\/\/quehacerpolitico.mx\/index.php?rest_route=%2Fwp%2Fv2%2Fmedia&parent=103064"}],"wp:term":[{"taxonomy":"category","embeddable":true,"href":"https:\/\/quehacerpolitico.mx\/index.php?rest_route=%2Fwp%2Fv2%2Fcategories&post=103064"},{"taxonomy":"post_tag","embeddable":true,"href":"https:\/\/quehacerpolitico.mx\/index.php?rest_route=%2Fwp%2Fv2%2Ftags&post=103064"}],"curies":[{"name":"wp","href":"https:\/\/api.w.org\/{rel}","templated":true}]}}