{"id":103060,"date":"2023-07-22T01:03:49","date_gmt":"2023-07-22T01:03:49","guid":{"rendered":"https:\/\/quehacerpolitico.mx\/?p=103060"},"modified":"2023-07-22T01:22:25","modified_gmt":"2023-07-22T01:22:25","slug":"dictan-prision-preventiva-para-jesus-n-y-laura-n-la-pareja-que-agredio-a-una-profesora-de-kinder-en-cuautitlanizcalli","status":"publish","type":"post","link":"https:\/\/quehacerpolitico.mx\/?p=103060","title":{"rendered":"Dictan prisi\u00f3n preventiva para Jes\u00fas &#8220;N&#8221; y Laura &#8220;N&#8221;, la pareja que agredi\u00f3 a una profesora de k\u00ednder en #CuautitlanIzcalli"},"content":{"rendered":"\n<p>Por Redacci\u00f3n QP<\/p>\n\n\n\n<p>Jes\u00fas \u201cN\u201d y Ver\u00f3nica \u201cN\u201d agredieron esta semana a una maestra y una trabajadora del&nbsp;k\u00ednder&nbsp;Frida Kahlo, en Cuautitl\u00e1n Izcalli<\/p>\n\n\n\n<p>Una juez dict\u00f3 en audiencia este viernes&nbsp;<strong>prisi\u00f3n preventiva<\/strong>&nbsp;a&nbsp;<strong>Jes\u00fas \u201cN\u201d<\/strong>&nbsp;y&nbsp;<strong>Laura \u201cN\u201d<\/strong>, padres que agredieron a una maestra y una trabajadora del&nbsp;<strong>k\u00ednder&nbsp;Frida Kahlo<\/strong>&nbsp;en el municipio de&nbsp;<strong>Cuautitl\u00e1n Izcalli<\/strong>, en el&nbsp;<strong>Estado de M\u00e9xico,&nbsp;<\/strong>esta semana.<\/p>\n\n\n\n<p>La pareja es se\u00f1alada por autoridades del Estado de M\u00e9xico por el delito de extorsi\u00f3n, debido a que ofrecieron cinco mil pesos a oficiales que fueron a detenerlos por agredir a la maestra y otra empleada del k\u00ednder.<\/p>\n\n\n\n<figure class=\"wp-block-embed is-type-rich is-provider-twitter wp-block-embed-twitter\"><div class=\"wp-block-embed__wrapper\">\n<blockquote class=\"twitter-tweet\" data-width=\"550\" data-dnt=\"true\"><p lang=\"es\" dir=\"ltr\">\u201cY h\u00e1blale a quien quieras\u201d, dice padre de menor a maestra, tras agredirla. <br><br>Ocurri\u00f3 en la escuela Frida Kahlo, en el municipio de Cuautitl\u00e1n Izcalli, donde los padres de un menor, ingresaron al plantel y frente a \u00e9l golpearon a la docente, quien adem\u00e1s asegur\u00f3 que el sujeto\u2026 <a href=\"https:\/\/t.co\/7NUUVz95m7\">pic.twitter.com\/7NUUVz95m7<\/a><\/p>&mdash; JORGE BECERRIL JB\/8 (@MrElDiablo8) <a href=\"https:\/\/twitter.com\/MrElDiablo8\/status\/1681321537398272001?ref_src=twsrc%5Etfw\">July 18, 2023<\/a><\/blockquote><script async src=\"https:\/\/platform.twitter.com\/widgets.js\" charset=\"utf-8\"><\/script>\n<\/div><\/figure>\n\n\n\n<p>Adem\u00e1s, la juzgadora consider\u00f3 que los padres tienen riesgo de fuga, debido a que proporcionaron domicilios distintos.<\/p>\n\n\n\n<p>Al escuchar que la jueza de los Juzgados Penales de Cuautitl\u00e1n les daba prisi\u00f3n preventiva tras audiencia de cuatro horas y media, Jes\u00fas y Laura se abrazaron y comenzaron a llorar.<\/p>\n\n\n\n<figure class=\"wp-block-embed is-type-rich is-provider-twitter wp-block-embed-twitter\"><div class=\"wp-block-embed__wrapper\">\n<blockquote class=\"twitter-tweet\" data-width=\"550\" data-dnt=\"true\"><p lang=\"es\" dir=\"ltr\">&quot;Estamos arrepentidos&quot;, dice la pareja agresora de una maestra de k\u00ednder en <a href=\"https:\/\/twitter.com\/hashtag\/CuautitlanIzcalli?src=hash&amp;ref_src=twsrc%5Etfw\">#CuautitlanIzcalli<\/a> <br><br>El abogado C\u00e9sar S\u00e1nchez asegura que sus defendidos &quot;piden una disculpa p\u00fablica&quot;<a href=\"https:\/\/t.co\/7HYAENR632\">pic.twitter.com\/7HYAENR632<\/a><\/p>&mdash; Manuel Lopez San Martin (@MLopezSanMartin) <a href=\"https:\/\/twitter.com\/MLopezSanMartin\/status\/1682560639955353600?ref_src=twsrc%5Etfw\">July 22, 2023<\/a><\/blockquote><script async src=\"https:\/\/platform.twitter.com\/widgets.js\" charset=\"utf-8\"><\/script>\n<\/div><\/figure>\n\n\n\n<p>La Fiscal\u00eda General de Justicia del Estado de M\u00e9xico cumpliment\u00f3 el jueves 2 de abril una orden de aprehensi\u00f3n en contra Jes\u00fas Abid \u201cN\u201d y Laura \u201cN\u201d, se\u00f1alados por su probable intervenci\u00f3n en el delito de extorsi\u00f3n, hechos presuntamente perpetrados en contra de una educadora y de una empleada en un k\u00ednder en el municipio de Cuautitl\u00e1n Izcalli.<\/p>\n\n\n\n<figure class=\"wp-block-embed is-type-rich is-provider-twitter wp-block-embed-twitter\"><div class=\"wp-block-embed__wrapper\">\nhttps:\/\/twitter.com\/c4jimenez\/status\/1682224550040203264?s=46&#038;t=pyttrToxhaPYSt_hljQQ_g\n<\/div><\/figure>\n\n\n\n<p>Presuntamente, el pasado 17 de julio, ambas personas en compa\u00f1\u00eda de su hijo ingresaron a una instituci\u00f3n educativa de nivel preescolar, donde agredieron f\u00edsica y verbalmente a una educadora en el plantel y la habr\u00edan amenazado para hincarse y disculparse con el menor hijo de la pareja a cambio de no causarle da\u00f1o o incluso la muerte,<\/p>\n\n\n\n<p>En tanto que la trabajadora, al percatarse de la agresi\u00f3n a la maestra intent\u00f3 solicitar ayuda, sin embargo Jes\u00fas Abid \u201cN\u201d tambi\u00e9n la amag\u00f3 con arma de fuego y de igual manera la oblig\u00f3 a hincarse.<\/p>\n\n\n\n<figure class=\"wp-block-embed is-type-rich is-provider-twitter wp-block-embed-twitter\"><div class=\"wp-block-embed__wrapper\">\nhttps:\/\/twitter.com\/c4jimenez\/status\/1682548571340513280?s=46&#038;t=pyttrToxhaPYSt_hljQQ_g\n<\/div><\/figure>\n\n\n\n<p>Estos hechos que quedaron registrado en un video que fue dado a conocer en redes sociales y que ya forma parte de la investigaci\u00f3n.<\/p>\n\n\n\n<p>Al darse a conocer los hechos en redes sociales la Fiscal\u00eda inici\u00f3 una investigaci\u00f3n de oficio.<\/p>\n\n\n\n<figure class=\"wp-block-embed is-type-rich is-provider-twitter wp-block-embed-twitter\"><div class=\"wp-block-embed__wrapper\">\n<blockquote class=\"twitter-tweet\" data-width=\"550\" data-dnt=\"true\"><p lang=\"es\" dir=\"ltr\">As\u00ed el ingreso de Jes\u00fas al penal de Cuautitl\u00e1n y Laura al de Barrientos, en Tlalnepantla. <a href=\"https:\/\/twitter.com\/Edomex?ref_src=twsrc%5Etfw\">@Edomex<\/a>. <a href=\"https:\/\/twitter.com\/hashtag\/Video?src=hash&amp;ref_src=twsrc%5Etfw\">#Video<\/a> \ud83c\udfa5\ud83d\udc47\ud83c\udffd <a href=\"https:\/\/t.co\/1bvceqyRzY\">pic.twitter.com\/1bvceqyRzY<\/a><\/p>&mdash; JORGE BECERRIL JB\/8 (@MrElDiablo8) <a href=\"https:\/\/twitter.com\/MrElDiablo8\/status\/1682209717026783236?ref_src=twsrc%5Etfw\">July 21, 2023<\/a><\/blockquote><script async src=\"https:\/\/platform.twitter.com\/widgets.js\" charset=\"utf-8\"><\/script>\n<\/div><\/figure>\n","protected":false},"excerpt":{"rendered":"<p>Por Redacci\u00f3n QP Jes\u00fas \u201cN\u201d y Ver\u00f3nica \u201cN\u201d agredieron esta semana a una maestra y&#8230;<\/p>\n","protected":false},"author":2,"featured_media":103061,"comment_status":"open","ping_status":"open","sticky":false,"template":"","format":"standard","meta":{"_monsterinsights_skip_tracking":false,"_monsterinsights_sitenote_active":false,"_monsterinsights_sitenote_note":"","_monsterinsights_sitenote_category":0,"footnotes":""},"categories":[2],"tags":[],"class_list":["post-103060","post","type-post","status-publish","format-standard","has-post-thumbnail","hentry","category-noticias"],"yoast_head":"<!-- This site is optimized with the Yoast SEO plugin v27.3 - https:\/\/yoast.com\/product\/yoast-seo-wordpress\/ -->\n<title>Dictan prisi\u00f3n preventiva para Jes\u00fas &quot;N&quot; y Laura &quot;N&quot;, la pareja que agredi\u00f3 a una profesora de k\u00ednder en #CuautitlanIzcalli -<\/title>\n<meta name=\"robots\" content=\"index, follow, max-snippet:-1, max-image-preview:large, max-video-preview:-1\" \/>\n<link rel=\"canonical\" href=\"https:\/\/quehacerpolitico.mx\/?p=103060\" \/>\n<meta property=\"og:locale\" content=\"es_MX\" \/>\n<meta property=\"og:type\" content=\"article\" \/>\n<meta property=\"og:title\" content=\"Dictan prisi\u00f3n preventiva para Jes\u00fas &quot;N&quot; y Laura &quot;N&quot;, la pareja que agredi\u00f3 a una profesora de k\u00ednder en #CuautitlanIzcalli -\" \/>\n<meta property=\"og:description\" content=\"Por Redacci\u00f3n QP Jes\u00fas \u201cN\u201d y Ver\u00f3nica \u201cN\u201d agredieron esta semana a una maestra y...\" \/>\n<meta property=\"og:url\" content=\"https:\/\/quehacerpolitico.mx\/?p=103060\" \/>\n<meta property=\"article:published_time\" content=\"2023-07-22T01:03:49+00:00\" \/>\n<meta property=\"article:modified_time\" content=\"2023-07-22T01:22:25+00:00\" \/>\n<meta property=\"og:image\" content=\"https:\/\/quehacerpolitico.mx\/wp-content\/uploads\/2023\/07\/IMG_9175.jpeg\" \/>\n\t<meta property=\"og:image:width\" content=\"998\" \/>\n\t<meta property=\"og:image:height\" content=\"518\" \/>\n\t<meta property=\"og:image:type\" content=\"image\/jpeg\" \/>\n<meta name=\"author\" content=\"Redacci\u00f3n QP\" \/>\n<meta name=\"twitter:card\" content=\"summary_large_image\" \/>\n<meta name=\"twitter:label1\" content=\"Escrito por\" \/>\n\t<meta name=\"twitter:data1\" content=\"Redacci\u00f3n QP\" \/>\n\t<meta name=\"twitter:label2\" content=\"Tiempo de lectura\" \/>\n\t<meta name=\"twitter:data2\" content=\"2 minutos\" \/>\n<script type=\"application\/ld+json\" class=\"yoast-schema-graph\">{\"@context\":\"https:\\\/\\\/schema.org\",\"@graph\":[{\"@type\":\"Article\",\"@id\":\"https:\\\/\\\/quehacerpolitico.mx\\\/?p=103060#article\",\"isPartOf\":{\"@id\":\"https:\\\/\\\/quehacerpolitico.mx\\\/?p=103060\"},\"author\":{\"name\":\"Redacci\u00f3n QP\",\"@id\":\"https:\\\/\\\/quehacerpolitico.mx\\\/#\\\/schema\\\/person\\\/496d8ad2d1d3f8036101dca7ee39e585\"},\"headline\":\"Dictan prisi\u00f3n preventiva para Jes\u00fas &#8220;N&#8221; y Laura &#8220;N&#8221;, la pareja que agredi\u00f3 a una profesora de k\u00ednder en #CuautitlanIzcalli\",\"datePublished\":\"2023-07-22T01:03:49+00:00\",\"dateModified\":\"2023-07-22T01:22:25+00:00\",\"mainEntityOfPage\":{\"@id\":\"https:\\\/\\\/quehacerpolitico.mx\\\/?p=103060\"},\"wordCount\":471,\"commentCount\":0,\"image\":{\"@id\":\"https:\\\/\\\/quehacerpolitico.mx\\\/?p=103060#primaryimage\"},\"thumbnailUrl\":\"https:\\\/\\\/quehacerpolitico.mx\\\/wp-content\\\/uploads\\\/2023\\\/07\\\/IMG_9175.jpeg\",\"articleSection\":[\"Noticias\"],\"inLanguage\":\"es\",\"potentialAction\":[{\"@type\":\"CommentAction\",\"name\":\"Comment\",\"target\":[\"https:\\\/\\\/quehacerpolitico.mx\\\/?p=103060#respond\"]}]},{\"@type\":\"WebPage\",\"@id\":\"https:\\\/\\\/quehacerpolitico.mx\\\/?p=103060\",\"url\":\"https:\\\/\\\/quehacerpolitico.mx\\\/?p=103060\",\"name\":\"Dictan prisi\u00f3n preventiva para Jes\u00fas \\\"N\\\" y Laura \\\"N\\\", la pareja que agredi\u00f3 a una profesora de k\u00ednder en #CuautitlanIzcalli -\",\"isPartOf\":{\"@id\":\"https:\\\/\\\/quehacerpolitico.mx\\\/#website\"},\"primaryImageOfPage\":{\"@id\":\"https:\\\/\\\/quehacerpolitico.mx\\\/?p=103060#primaryimage\"},\"image\":{\"@id\":\"https:\\\/\\\/quehacerpolitico.mx\\\/?p=103060#primaryimage\"},\"thumbnailUrl\":\"https:\\\/\\\/quehacerpolitico.mx\\\/wp-content\\\/uploads\\\/2023\\\/07\\\/IMG_9175.jpeg\",\"datePublished\":\"2023-07-22T01:03:49+00:00\",\"dateModified\":\"2023-07-22T01:22:25+00:00\",\"author\":{\"@id\":\"https:\\\/\\\/quehacerpolitico.mx\\\/#\\\/schema\\\/person\\\/496d8ad2d1d3f8036101dca7ee39e585\"},\"breadcrumb\":{\"@id\":\"https:\\\/\\\/quehacerpolitico.mx\\\/?p=103060#breadcrumb\"},\"inLanguage\":\"es\",\"potentialAction\":[{\"@type\":\"ReadAction\",\"target\":[\"https:\\\/\\\/quehacerpolitico.mx\\\/?p=103060\"]}]},{\"@type\":\"ImageObject\",\"inLanguage\":\"es\",\"@id\":\"https:\\\/\\\/quehacerpolitico.mx\\\/?p=103060#primaryimage\",\"url\":\"https:\\\/\\\/quehacerpolitico.mx\\\/wp-content\\\/uploads\\\/2023\\\/07\\\/IMG_9175.jpeg\",\"contentUrl\":\"https:\\\/\\\/quehacerpolitico.mx\\\/wp-content\\\/uploads\\\/2023\\\/07\\\/IMG_9175.jpeg\",\"width\":998,\"height\":518},{\"@type\":\"BreadcrumbList\",\"@id\":\"https:\\\/\\\/quehacerpolitico.mx\\\/?p=103060#breadcrumb\",\"itemListElement\":[{\"@type\":\"ListItem\",\"position\":1,\"name\":\"Inicio\",\"item\":\"https:\\\/\\\/quehacerpolitico.mx\\\/\"},{\"@type\":\"ListItem\",\"position\":2,\"name\":\"Dictan prisi\u00f3n preventiva para Jes\u00fas &#8220;N&#8221; y Laura &#8220;N&#8221;, la pareja que agredi\u00f3 a una profesora de k\u00ednder en #CuautitlanIzcalli\"}]},{\"@type\":\"WebSite\",\"@id\":\"https:\\\/\\\/quehacerpolitico.mx\\\/#website\",\"url\":\"https:\\\/\\\/quehacerpolitico.mx\\\/\",\"name\":\"\",\"description\":\"\",\"potentialAction\":[{\"@type\":\"SearchAction\",\"target\":{\"@type\":\"EntryPoint\",\"urlTemplate\":\"https:\\\/\\\/quehacerpolitico.mx\\\/?s={search_term_string}\"},\"query-input\":{\"@type\":\"PropertyValueSpecification\",\"valueRequired\":true,\"valueName\":\"search_term_string\"}}],\"inLanguage\":\"es\"},{\"@type\":\"Person\",\"@id\":\"https:\\\/\\\/quehacerpolitico.mx\\\/#\\\/schema\\\/person\\\/496d8ad2d1d3f8036101dca7ee39e585\",\"name\":\"Redacci\u00f3n QP\",\"image\":{\"@type\":\"ImageObject\",\"inLanguage\":\"es\",\"@id\":\"https:\\\/\\\/secure.gravatar.com\\\/avatar\\\/c7164ed6fdec453195284ad24a5ae5b6e1eed2b848477fa2a4787ba9adf39a41?s=96&d=mm&r=g\",\"url\":\"https:\\\/\\\/secure.gravatar.com\\\/avatar\\\/c7164ed6fdec453195284ad24a5ae5b6e1eed2b848477fa2a4787ba9adf39a41?s=96&d=mm&r=g\",\"contentUrl\":\"https:\\\/\\\/secure.gravatar.com\\\/avatar\\\/c7164ed6fdec453195284ad24a5ae5b6e1eed2b848477fa2a4787ba9adf39a41?s=96&d=mm&r=g\",\"caption\":\"Redacci\u00f3n QP\"},\"url\":\"https:\\\/\\\/quehacerpolitico.mx\\\/?author=2\"}]}<\/script>\n<!-- \/ Yoast SEO plugin. -->","yoast_head_json":{"title":"Dictan prisi\u00f3n preventiva para Jes\u00fas \"N\" y Laura \"N\", la pareja que agredi\u00f3 a una profesora de k\u00ednder en #CuautitlanIzcalli -","robots":{"index":"index","follow":"follow","max-snippet":"max-snippet:-1","max-image-preview":"max-image-preview:large","max-video-preview":"max-video-preview:-1"},"canonical":"https:\/\/quehacerpolitico.mx\/?p=103060","og_locale":"es_MX","og_type":"article","og_title":"Dictan prisi\u00f3n preventiva para Jes\u00fas \"N\" y Laura \"N\", la pareja que agredi\u00f3 a una profesora de k\u00ednder en #CuautitlanIzcalli -","og_description":"Por Redacci\u00f3n QP Jes\u00fas \u201cN\u201d y Ver\u00f3nica \u201cN\u201d agredieron esta semana a una maestra y...","og_url":"https:\/\/quehacerpolitico.mx\/?p=103060","article_published_time":"2023-07-22T01:03:49+00:00","article_modified_time":"2023-07-22T01:22:25+00:00","og_image":[{"width":998,"height":518,"url":"https:\/\/quehacerpolitico.mx\/wp-content\/uploads\/2023\/07\/IMG_9175.jpeg","type":"image\/jpeg"}],"author":"Redacci\u00f3n QP","twitter_card":"summary_large_image","twitter_misc":{"Escrito por":"Redacci\u00f3n QP","Tiempo de lectura":"2 minutos"},"schema":{"@context":"https:\/\/schema.org","@graph":[{"@type":"Article","@id":"https:\/\/quehacerpolitico.mx\/?p=103060#article","isPartOf":{"@id":"https:\/\/quehacerpolitico.mx\/?p=103060"},"author":{"name":"Redacci\u00f3n QP","@id":"https:\/\/quehacerpolitico.mx\/#\/schema\/person\/496d8ad2d1d3f8036101dca7ee39e585"},"headline":"Dictan prisi\u00f3n preventiva para Jes\u00fas &#8220;N&#8221; y Laura &#8220;N&#8221;, la pareja que agredi\u00f3 a una profesora de k\u00ednder en #CuautitlanIzcalli","datePublished":"2023-07-22T01:03:49+00:00","dateModified":"2023-07-22T01:22:25+00:00","mainEntityOfPage":{"@id":"https:\/\/quehacerpolitico.mx\/?p=103060"},"wordCount":471,"commentCount":0,"image":{"@id":"https:\/\/quehacerpolitico.mx\/?p=103060#primaryimage"},"thumbnailUrl":"https:\/\/quehacerpolitico.mx\/wp-content\/uploads\/2023\/07\/IMG_9175.jpeg","articleSection":["Noticias"],"inLanguage":"es","potentialAction":[{"@type":"CommentAction","name":"Comment","target":["https:\/\/quehacerpolitico.mx\/?p=103060#respond"]}]},{"@type":"WebPage","@id":"https:\/\/quehacerpolitico.mx\/?p=103060","url":"https:\/\/quehacerpolitico.mx\/?p=103060","name":"Dictan prisi\u00f3n preventiva para Jes\u00fas \"N\" y Laura \"N\", la pareja que agredi\u00f3 a una profesora de k\u00ednder en #CuautitlanIzcalli -","isPartOf":{"@id":"https:\/\/quehacerpolitico.mx\/#website"},"primaryImageOfPage":{"@id":"https:\/\/quehacerpolitico.mx\/?p=103060#primaryimage"},"image":{"@id":"https:\/\/quehacerpolitico.mx\/?p=103060#primaryimage"},"thumbnailUrl":"https:\/\/quehacerpolitico.mx\/wp-content\/uploads\/2023\/07\/IMG_9175.jpeg","datePublished":"2023-07-22T01:03:49+00:00","dateModified":"2023-07-22T01:22:25+00:00","author":{"@id":"https:\/\/quehacerpolitico.mx\/#\/schema\/person\/496d8ad2d1d3f8036101dca7ee39e585"},"breadcrumb":{"@id":"https:\/\/quehacerpolitico.mx\/?p=103060#breadcrumb"},"inLanguage":"es","potentialAction":[{"@type":"ReadAction","target":["https:\/\/quehacerpolitico.mx\/?p=103060"]}]},{"@type":"ImageObject","inLanguage":"es","@id":"https:\/\/quehacerpolitico.mx\/?p=103060#primaryimage","url":"https:\/\/quehacerpolitico.mx\/wp-content\/uploads\/2023\/07\/IMG_9175.jpeg","contentUrl":"https:\/\/quehacerpolitico.mx\/wp-content\/uploads\/2023\/07\/IMG_9175.jpeg","width":998,"height":518},{"@type":"BreadcrumbList","@id":"https:\/\/quehacerpolitico.mx\/?p=103060#breadcrumb","itemListElement":[{"@type":"ListItem","position":1,"name":"Inicio","item":"https:\/\/quehacerpolitico.mx\/"},{"@type":"ListItem","position":2,"name":"Dictan prisi\u00f3n preventiva para Jes\u00fas &#8220;N&#8221; y Laura &#8220;N&#8221;, la pareja que agredi\u00f3 a una profesora de k\u00ednder en #CuautitlanIzcalli"}]},{"@type":"WebSite","@id":"https:\/\/quehacerpolitico.mx\/#website","url":"https:\/\/quehacerpolitico.mx\/","name":"","description":"","potentialAction":[{"@type":"SearchAction","target":{"@type":"EntryPoint","urlTemplate":"https:\/\/quehacerpolitico.mx\/?s={search_term_string}"},"query-input":{"@type":"PropertyValueSpecification","valueRequired":true,"valueName":"search_term_string"}}],"inLanguage":"es"},{"@type":"Person","@id":"https:\/\/quehacerpolitico.mx\/#\/schema\/person\/496d8ad2d1d3f8036101dca7ee39e585","name":"Redacci\u00f3n QP","image":{"@type":"ImageObject","inLanguage":"es","@id":"https:\/\/secure.gravatar.com\/avatar\/c7164ed6fdec453195284ad24a5ae5b6e1eed2b848477fa2a4787ba9adf39a41?s=96&d=mm&r=g","url":"https:\/\/secure.gravatar.com\/avatar\/c7164ed6fdec453195284ad24a5ae5b6e1eed2b848477fa2a4787ba9adf39a41?s=96&d=mm&r=g","contentUrl":"https:\/\/secure.gravatar.com\/avatar\/c7164ed6fdec453195284ad24a5ae5b6e1eed2b848477fa2a4787ba9adf39a41?s=96&d=mm&r=g","caption":"Redacci\u00f3n QP"},"url":"https:\/\/quehacerpolitico.mx\/?author=2"}]}},"featured_image_urls":{"full":["https:\/\/quehacerpolitico.mx\/wp-content\/uploads\/2023\/07\/IMG_9175.jpeg",998,518,false],"thumbnail":["https:\/\/quehacerpolitico.mx\/wp-content\/uploads\/2023\/07\/IMG_9175-150x150.jpeg",150,150,true],"medium":["https:\/\/quehacerpolitico.mx\/wp-content\/uploads\/2023\/07\/IMG_9175-300x156.jpeg",300,156,true],"medium_large":["https:\/\/quehacerpolitico.mx\/wp-content\/uploads\/2023\/07\/IMG_9175-768x399.jpeg",640,333,true],"large":["https:\/\/quehacerpolitico.mx\/wp-content\/uploads\/2023\/07\/IMG_9175.jpeg",640,332,false],"1536x1536":["https:\/\/quehacerpolitico.mx\/wp-content\/uploads\/2023\/07\/IMG_9175.jpeg",998,518,false],"2048x2048":["https:\/\/quehacerpolitico.mx\/wp-content\/uploads\/2023\/07\/IMG_9175.jpeg",998,518,false],"covernews-featured":["https:\/\/quehacerpolitico.mx\/wp-content\/uploads\/2023\/07\/IMG_9175.jpeg",998,518,false],"covernews-medium":["https:\/\/quehacerpolitico.mx\/wp-content\/uploads\/2023\/07\/IMG_9175.jpeg",540,280,false]},"author_info":{"display_name":"Redacci\u00f3n QP","author_link":"https:\/\/quehacerpolitico.mx\/?author=2"},"category_info":"<a href=\"https:\/\/quehacerpolitico.mx\/?cat=2\" rel=\"category\">Noticias<\/a>","tag_info":"Noticias","comment_count":"0","_links":{"self":[{"href":"https:\/\/quehacerpolitico.mx\/index.php?rest_route=\/wp\/v2\/posts\/103060","targetHints":{"allow":["GET"]}}],"collection":[{"href":"https:\/\/quehacerpolitico.mx\/index.php?rest_route=\/wp\/v2\/posts"}],"about":[{"href":"https:\/\/quehacerpolitico.mx\/index.php?rest_route=\/wp\/v2\/types\/post"}],"author":[{"embeddable":true,"href":"https:\/\/quehacerpolitico.mx\/index.php?rest_route=\/wp\/v2\/users\/2"}],"replies":[{"embeddable":true,"href":"https:\/\/quehacerpolitico.mx\/index.php?rest_route=%2Fwp%2Fv2%2Fcomments&post=103060"}],"version-history":[{"count":2,"href":"https:\/\/quehacerpolitico.mx\/index.php?rest_route=\/wp\/v2\/posts\/103060\/revisions"}],"predecessor-version":[{"id":103063,"href":"https:\/\/quehacerpolitico.mx\/index.php?rest_route=\/wp\/v2\/posts\/103060\/revisions\/103063"}],"wp:featuredmedia":[{"embeddable":true,"href":"https:\/\/quehacerpolitico.mx\/index.php?rest_route=\/wp\/v2\/media\/103061"}],"wp:attachment":[{"href":"https:\/\/quehacerpolitico.mx\/index.php?rest_route=%2Fwp%2Fv2%2Fmedia&parent=103060"}],"wp:term":[{"taxonomy":"category","embeddable":true,"href":"https:\/\/quehacerpolitico.mx\/index.php?rest_route=%2Fwp%2Fv2%2Fcategories&post=103060"},{"taxonomy":"post_tag","embeddable":true,"href":"https:\/\/quehacerpolitico.mx\/index.php?rest_route=%2Fwp%2Fv2%2Ftags&post=103060"}],"curies":[{"name":"wp","href":"https:\/\/api.w.org\/{rel}","templated":true}]}}