{"id":103051,"date":"2023-07-21T23:12:40","date_gmt":"2023-07-21T23:12:40","guid":{"rendered":"https:\/\/quehacerpolitico.mx\/?p=103051"},"modified":"2023-07-21T23:12:42","modified_gmt":"2023-07-21T23:12:42","slug":"un-hombre-le-disparo-y-mato-a-un-perrito-en-eje-central-en-cdmx-habria-intentado-defender-a-su-dueno-de-un-asalto","status":"publish","type":"post","link":"https:\/\/quehacerpolitico.mx\/?p=103051","title":{"rendered":"Un hombre le dispar\u00f3 y mat\u00f3 a un perrito en Eje Central en #CDMX, habr\u00eda intentado defender a su due\u00f1o de un asalto"},"content":{"rendered":"\n<p>Por Redacci\u00f3n QP<\/p>\n\n\n\n<p>Zeus, un perro Pastor Alem\u00e1n, fue asesinado en la Ciudad de M\u00e9xico al defender a su due\u00f1o de un asalto<\/p>\n\n\n\n<p>En el D\u00eda Mundial del Perro un sujeto\u00a0<strong>asesin\u00f3<\/strong>\u00a0a disparos a un\u00a0<strong>canino<\/strong>\u00a0en la\u00a0<strong>Ciudad de M\u00e9xico<\/strong>.<\/p>\n\n\n\n<p>Los hechos ocurrieron en la\u00a0<strong>colonia Ex-Hip\u00f3dromo de Peralvillo<\/strong> de la alcald\u00eda Cuauht\u00e9moc.<\/p>\n\n\n\n<p>Un&nbsp;<strong>hombre<\/strong>&nbsp;que caminaba en compa\u00f1\u00eda de sus&nbsp;<strong>tres perros<\/strong>&nbsp;fue&nbsp;<strong>interceptado<\/strong>&nbsp;por&nbsp;<strong>cinco<\/strong>&nbsp;<strong>sujetos<\/strong>, uno de ellos armado.<\/p>\n\n\n\n<p>Los agresores buscaban&nbsp;<strong>asaltar<\/strong>&nbsp;al&nbsp;<strong>hombre<\/strong>&nbsp;cuando uno de sus&nbsp;<strong>perros<\/strong>&nbsp;lo defendi\u00f3, ladrando y soltando mordidas.<\/p>\n\n\n\n<p>Ante el peligro que representaba la mascota, uno de los sujetos le\u00a0<strong>dispar\u00f3<\/strong>. Acto seguido, los agresores huyeron del lugar.<\/p>\n\n\n\n<figure class=\"wp-block-embed is-type-rich is-provider-twitter wp-block-embed-twitter\"><div class=\"wp-block-embed__wrapper\">\n<blockquote class=\"twitter-tweet\" data-width=\"550\" data-dnt=\"true\"><p lang=\"es\" dir=\"ltr\">Gracias a una denuncia ciudadana y al <a href=\"https:\/\/twitter.com\/C5_CDMX?ref_src=twsrc%5Etfw\">@C5_CDMX<\/a> , <a href=\"https:\/\/twitter.com\/SSC_CDMX?ref_src=twsrc%5Etfw\">@SSC_CDMX<\/a> detuvo a una persona que cobardemente mat\u00f3 a un perrito indefenso en la calle. Estas personas siempre buscan escalar la violencia, y lastimar en ocasiones a seres humanos. <a href=\"https:\/\/t.co\/zxf8sI6h9I\">pic.twitter.com\/zxf8sI6h9I<\/a><\/p>&mdash; Omar H Garcia Harfuch (@OHarfuch) <a href=\"https:\/\/twitter.com\/OHarfuch\/status\/1682425976230408194?ref_src=twsrc%5Etfw\">July 21, 2023<\/a><\/blockquote><script async src=\"https:\/\/platform.twitter.com\/widgets.js\" charset=\"utf-8\"><\/script>\n<\/div><\/figure>\n\n\n\n<p><strong>Zeus<\/strong>, un Pastor Alem\u00e1n,\u00a0<strong>muri\u00f3<\/strong>\u00a0en el sitio.<\/p>\n\n\n\n<p>El secretario de Seguridad Ciudadana capitalino,\u00a0<strong>Omar Garc\u00eda Harfuch<\/strong>, inform\u00f3 la\u00a0<strong>detenci\u00f3n<\/strong>\u00a0del\u00a0<strong>responsable<\/strong>\u00a0del\u00a0<strong>asesinato<\/strong> del <strong>perro<\/strong>.<\/p>\n\n\n\n<p>No se vale. Ese chavo nos quiso robar, lleg\u00f3 con una pistola y lo balace\u00f3, eso no es justo, solo por defenderme\u201d, lament\u00f3 el due\u00f1o de Zeus mientras sus otras dos mascotas ladraban y aullaban a un costado del cuerpo de su compa\u00f1ero.<\/p>\n\n\n\n<p>El cuerpo de la mascota permaneci\u00f3 tendido sobre la cinta asf\u00e1ltica durante al menos cuatro horas, en espera de peritos para el levantamiento de indicios.<\/p>\n\n\n\n<p>Los responsables fueron identificados como miembros de una banda delictiva liderada por \u2018el Fabi\u00e1n\u2019.<\/p>\n","protected":false},"excerpt":{"rendered":"<p>Por Redacci\u00f3n QP Zeus, un perro Pastor Alem\u00e1n, fue asesinado en la Ciudad de M\u00e9xico&#8230;<\/p>\n","protected":false},"author":2,"featured_media":103052,"comment_status":"open","ping_status":"open","sticky":false,"template":"","format":"standard","meta":{"_monsterinsights_skip_tracking":false,"_monsterinsights_sitenote_active":false,"_monsterinsights_sitenote_note":"","_monsterinsights_sitenote_category":0,"footnotes":""},"categories":[55],"tags":[],"class_list":["post-103051","post","type-post","status-publish","format-standard","has-post-thumbnail","hentry","category-cdmx"],"yoast_head":"<!-- This site is optimized with the Yoast SEO plugin v27.3 - https:\/\/yoast.com\/product\/yoast-seo-wordpress\/ -->\n<title>Un hombre le dispar\u00f3 y mat\u00f3 a un perrito en Eje Central en #CDMX, habr\u00eda intentado defender a su due\u00f1o de un asalto -<\/title>\n<meta name=\"robots\" content=\"index, follow, max-snippet:-1, max-image-preview:large, max-video-preview:-1\" \/>\n<link rel=\"canonical\" href=\"https:\/\/quehacerpolitico.mx\/?p=103051\" \/>\n<meta property=\"og:locale\" content=\"es_MX\" \/>\n<meta property=\"og:type\" content=\"article\" \/>\n<meta property=\"og:title\" content=\"Un hombre le dispar\u00f3 y mat\u00f3 a un perrito en Eje Central en #CDMX, habr\u00eda intentado defender a su due\u00f1o de un asalto -\" \/>\n<meta property=\"og:description\" content=\"Por Redacci\u00f3n QP Zeus, un perro Pastor Alem\u00e1n, fue asesinado en la Ciudad de M\u00e9xico...\" \/>\n<meta property=\"og:url\" content=\"https:\/\/quehacerpolitico.mx\/?p=103051\" \/>\n<meta property=\"article:published_time\" content=\"2023-07-21T23:12:40+00:00\" \/>\n<meta property=\"article:modified_time\" content=\"2023-07-21T23:12:42+00:00\" \/>\n<meta property=\"og:image\" content=\"https:\/\/quehacerpolitico.mx\/wp-content\/uploads\/2023\/07\/IMG_9172.jpeg\" \/>\n\t<meta property=\"og:image:width\" content=\"1132\" \/>\n\t<meta property=\"og:image:height\" content=\"543\" \/>\n\t<meta property=\"og:image:type\" content=\"image\/jpeg\" \/>\n<meta name=\"author\" content=\"Redacci\u00f3n QP\" \/>\n<meta name=\"twitter:card\" content=\"summary_large_image\" \/>\n<meta name=\"twitter:label1\" content=\"Escrito por\" \/>\n\t<meta name=\"twitter:data1\" content=\"Redacci\u00f3n QP\" \/>\n\t<meta name=\"twitter:label2\" content=\"Tiempo de lectura\" \/>\n\t<meta name=\"twitter:data2\" content=\"1 minuto\" \/>\n<script type=\"application\/ld+json\" class=\"yoast-schema-graph\">{\"@context\":\"https:\\\/\\\/schema.org\",\"@graph\":[{\"@type\":\"Article\",\"@id\":\"https:\\\/\\\/quehacerpolitico.mx\\\/?p=103051#article\",\"isPartOf\":{\"@id\":\"https:\\\/\\\/quehacerpolitico.mx\\\/?p=103051\"},\"author\":{\"name\":\"Redacci\u00f3n QP\",\"@id\":\"https:\\\/\\\/quehacerpolitico.mx\\\/#\\\/schema\\\/person\\\/496d8ad2d1d3f8036101dca7ee39e585\"},\"headline\":\"Un hombre le dispar\u00f3 y mat\u00f3 a un perrito en Eje Central en #CDMX, habr\u00eda intentado defender a su due\u00f1o de un asalto\",\"datePublished\":\"2023-07-21T23:12:40+00:00\",\"dateModified\":\"2023-07-21T23:12:42+00:00\",\"mainEntityOfPage\":{\"@id\":\"https:\\\/\\\/quehacerpolitico.mx\\\/?p=103051\"},\"wordCount\":286,\"commentCount\":0,\"image\":{\"@id\":\"https:\\\/\\\/quehacerpolitico.mx\\\/?p=103051#primaryimage\"},\"thumbnailUrl\":\"https:\\\/\\\/quehacerpolitico.mx\\\/wp-content\\\/uploads\\\/2023\\\/07\\\/IMG_9172.jpeg\",\"articleSection\":[\"CDMX\"],\"inLanguage\":\"es\",\"potentialAction\":[{\"@type\":\"CommentAction\",\"name\":\"Comment\",\"target\":[\"https:\\\/\\\/quehacerpolitico.mx\\\/?p=103051#respond\"]}]},{\"@type\":\"WebPage\",\"@id\":\"https:\\\/\\\/quehacerpolitico.mx\\\/?p=103051\",\"url\":\"https:\\\/\\\/quehacerpolitico.mx\\\/?p=103051\",\"name\":\"Un hombre le dispar\u00f3 y mat\u00f3 a un perrito en Eje Central en #CDMX, habr\u00eda intentado defender a su due\u00f1o de un asalto -\",\"isPartOf\":{\"@id\":\"https:\\\/\\\/quehacerpolitico.mx\\\/#website\"},\"primaryImageOfPage\":{\"@id\":\"https:\\\/\\\/quehacerpolitico.mx\\\/?p=103051#primaryimage\"},\"image\":{\"@id\":\"https:\\\/\\\/quehacerpolitico.mx\\\/?p=103051#primaryimage\"},\"thumbnailUrl\":\"https:\\\/\\\/quehacerpolitico.mx\\\/wp-content\\\/uploads\\\/2023\\\/07\\\/IMG_9172.jpeg\",\"datePublished\":\"2023-07-21T23:12:40+00:00\",\"dateModified\":\"2023-07-21T23:12:42+00:00\",\"author\":{\"@id\":\"https:\\\/\\\/quehacerpolitico.mx\\\/#\\\/schema\\\/person\\\/496d8ad2d1d3f8036101dca7ee39e585\"},\"breadcrumb\":{\"@id\":\"https:\\\/\\\/quehacerpolitico.mx\\\/?p=103051#breadcrumb\"},\"inLanguage\":\"es\",\"potentialAction\":[{\"@type\":\"ReadAction\",\"target\":[\"https:\\\/\\\/quehacerpolitico.mx\\\/?p=103051\"]}]},{\"@type\":\"ImageObject\",\"inLanguage\":\"es\",\"@id\":\"https:\\\/\\\/quehacerpolitico.mx\\\/?p=103051#primaryimage\",\"url\":\"https:\\\/\\\/quehacerpolitico.mx\\\/wp-content\\\/uploads\\\/2023\\\/07\\\/IMG_9172.jpeg\",\"contentUrl\":\"https:\\\/\\\/quehacerpolitico.mx\\\/wp-content\\\/uploads\\\/2023\\\/07\\\/IMG_9172.jpeg\",\"width\":1132,\"height\":543},{\"@type\":\"BreadcrumbList\",\"@id\":\"https:\\\/\\\/quehacerpolitico.mx\\\/?p=103051#breadcrumb\",\"itemListElement\":[{\"@type\":\"ListItem\",\"position\":1,\"name\":\"Inicio\",\"item\":\"https:\\\/\\\/quehacerpolitico.mx\\\/\"},{\"@type\":\"ListItem\",\"position\":2,\"name\":\"Un hombre le dispar\u00f3 y mat\u00f3 a un perrito en Eje Central en #CDMX, habr\u00eda intentado defender a su due\u00f1o de un asalto\"}]},{\"@type\":\"WebSite\",\"@id\":\"https:\\\/\\\/quehacerpolitico.mx\\\/#website\",\"url\":\"https:\\\/\\\/quehacerpolitico.mx\\\/\",\"name\":\"\",\"description\":\"\",\"potentialAction\":[{\"@type\":\"SearchAction\",\"target\":{\"@type\":\"EntryPoint\",\"urlTemplate\":\"https:\\\/\\\/quehacerpolitico.mx\\\/?s={search_term_string}\"},\"query-input\":{\"@type\":\"PropertyValueSpecification\",\"valueRequired\":true,\"valueName\":\"search_term_string\"}}],\"inLanguage\":\"es\"},{\"@type\":\"Person\",\"@id\":\"https:\\\/\\\/quehacerpolitico.mx\\\/#\\\/schema\\\/person\\\/496d8ad2d1d3f8036101dca7ee39e585\",\"name\":\"Redacci\u00f3n QP\",\"image\":{\"@type\":\"ImageObject\",\"inLanguage\":\"es\",\"@id\":\"https:\\\/\\\/secure.gravatar.com\\\/avatar\\\/c7164ed6fdec453195284ad24a5ae5b6e1eed2b848477fa2a4787ba9adf39a41?s=96&d=mm&r=g\",\"url\":\"https:\\\/\\\/secure.gravatar.com\\\/avatar\\\/c7164ed6fdec453195284ad24a5ae5b6e1eed2b848477fa2a4787ba9adf39a41?s=96&d=mm&r=g\",\"contentUrl\":\"https:\\\/\\\/secure.gravatar.com\\\/avatar\\\/c7164ed6fdec453195284ad24a5ae5b6e1eed2b848477fa2a4787ba9adf39a41?s=96&d=mm&r=g\",\"caption\":\"Redacci\u00f3n QP\"},\"url\":\"https:\\\/\\\/quehacerpolitico.mx\\\/?author=2\"}]}<\/script>\n<!-- \/ Yoast SEO plugin. -->","yoast_head_json":{"title":"Un hombre le dispar\u00f3 y mat\u00f3 a un perrito en Eje Central en #CDMX, habr\u00eda intentado defender a su due\u00f1o de un asalto -","robots":{"index":"index","follow":"follow","max-snippet":"max-snippet:-1","max-image-preview":"max-image-preview:large","max-video-preview":"max-video-preview:-1"},"canonical":"https:\/\/quehacerpolitico.mx\/?p=103051","og_locale":"es_MX","og_type":"article","og_title":"Un hombre le dispar\u00f3 y mat\u00f3 a un perrito en Eje Central en #CDMX, habr\u00eda intentado defender a su due\u00f1o de un asalto -","og_description":"Por Redacci\u00f3n QP Zeus, un perro Pastor Alem\u00e1n, fue asesinado en la Ciudad de M\u00e9xico...","og_url":"https:\/\/quehacerpolitico.mx\/?p=103051","article_published_time":"2023-07-21T23:12:40+00:00","article_modified_time":"2023-07-21T23:12:42+00:00","og_image":[{"width":1132,"height":543,"url":"https:\/\/quehacerpolitico.mx\/wp-content\/uploads\/2023\/07\/IMG_9172.jpeg","type":"image\/jpeg"}],"author":"Redacci\u00f3n QP","twitter_card":"summary_large_image","twitter_misc":{"Escrito por":"Redacci\u00f3n QP","Tiempo de lectura":"1 minuto"},"schema":{"@context":"https:\/\/schema.org","@graph":[{"@type":"Article","@id":"https:\/\/quehacerpolitico.mx\/?p=103051#article","isPartOf":{"@id":"https:\/\/quehacerpolitico.mx\/?p=103051"},"author":{"name":"Redacci\u00f3n QP","@id":"https:\/\/quehacerpolitico.mx\/#\/schema\/person\/496d8ad2d1d3f8036101dca7ee39e585"},"headline":"Un hombre le dispar\u00f3 y mat\u00f3 a un perrito en Eje Central en #CDMX, habr\u00eda intentado defender a su due\u00f1o de un asalto","datePublished":"2023-07-21T23:12:40+00:00","dateModified":"2023-07-21T23:12:42+00:00","mainEntityOfPage":{"@id":"https:\/\/quehacerpolitico.mx\/?p=103051"},"wordCount":286,"commentCount":0,"image":{"@id":"https:\/\/quehacerpolitico.mx\/?p=103051#primaryimage"},"thumbnailUrl":"https:\/\/quehacerpolitico.mx\/wp-content\/uploads\/2023\/07\/IMG_9172.jpeg","articleSection":["CDMX"],"inLanguage":"es","potentialAction":[{"@type":"CommentAction","name":"Comment","target":["https:\/\/quehacerpolitico.mx\/?p=103051#respond"]}]},{"@type":"WebPage","@id":"https:\/\/quehacerpolitico.mx\/?p=103051","url":"https:\/\/quehacerpolitico.mx\/?p=103051","name":"Un hombre le dispar\u00f3 y mat\u00f3 a un perrito en Eje Central en #CDMX, habr\u00eda intentado defender a su due\u00f1o de un asalto -","isPartOf":{"@id":"https:\/\/quehacerpolitico.mx\/#website"},"primaryImageOfPage":{"@id":"https:\/\/quehacerpolitico.mx\/?p=103051#primaryimage"},"image":{"@id":"https:\/\/quehacerpolitico.mx\/?p=103051#primaryimage"},"thumbnailUrl":"https:\/\/quehacerpolitico.mx\/wp-content\/uploads\/2023\/07\/IMG_9172.jpeg","datePublished":"2023-07-21T23:12:40+00:00","dateModified":"2023-07-21T23:12:42+00:00","author":{"@id":"https:\/\/quehacerpolitico.mx\/#\/schema\/person\/496d8ad2d1d3f8036101dca7ee39e585"},"breadcrumb":{"@id":"https:\/\/quehacerpolitico.mx\/?p=103051#breadcrumb"},"inLanguage":"es","potentialAction":[{"@type":"ReadAction","target":["https:\/\/quehacerpolitico.mx\/?p=103051"]}]},{"@type":"ImageObject","inLanguage":"es","@id":"https:\/\/quehacerpolitico.mx\/?p=103051#primaryimage","url":"https:\/\/quehacerpolitico.mx\/wp-content\/uploads\/2023\/07\/IMG_9172.jpeg","contentUrl":"https:\/\/quehacerpolitico.mx\/wp-content\/uploads\/2023\/07\/IMG_9172.jpeg","width":1132,"height":543},{"@type":"BreadcrumbList","@id":"https:\/\/quehacerpolitico.mx\/?p=103051#breadcrumb","itemListElement":[{"@type":"ListItem","position":1,"name":"Inicio","item":"https:\/\/quehacerpolitico.mx\/"},{"@type":"ListItem","position":2,"name":"Un hombre le dispar\u00f3 y mat\u00f3 a un perrito en Eje Central en #CDMX, habr\u00eda intentado defender a su due\u00f1o de un asalto"}]},{"@type":"WebSite","@id":"https:\/\/quehacerpolitico.mx\/#website","url":"https:\/\/quehacerpolitico.mx\/","name":"","description":"","potentialAction":[{"@type":"SearchAction","target":{"@type":"EntryPoint","urlTemplate":"https:\/\/quehacerpolitico.mx\/?s={search_term_string}"},"query-input":{"@type":"PropertyValueSpecification","valueRequired":true,"valueName":"search_term_string"}}],"inLanguage":"es"},{"@type":"Person","@id":"https:\/\/quehacerpolitico.mx\/#\/schema\/person\/496d8ad2d1d3f8036101dca7ee39e585","name":"Redacci\u00f3n QP","image":{"@type":"ImageObject","inLanguage":"es","@id":"https:\/\/secure.gravatar.com\/avatar\/c7164ed6fdec453195284ad24a5ae5b6e1eed2b848477fa2a4787ba9adf39a41?s=96&d=mm&r=g","url":"https:\/\/secure.gravatar.com\/avatar\/c7164ed6fdec453195284ad24a5ae5b6e1eed2b848477fa2a4787ba9adf39a41?s=96&d=mm&r=g","contentUrl":"https:\/\/secure.gravatar.com\/avatar\/c7164ed6fdec453195284ad24a5ae5b6e1eed2b848477fa2a4787ba9adf39a41?s=96&d=mm&r=g","caption":"Redacci\u00f3n QP"},"url":"https:\/\/quehacerpolitico.mx\/?author=2"}]}},"featured_image_urls":{"full":["https:\/\/quehacerpolitico.mx\/wp-content\/uploads\/2023\/07\/IMG_9172.jpeg",1132,543,false],"thumbnail":["https:\/\/quehacerpolitico.mx\/wp-content\/uploads\/2023\/07\/IMG_9172-150x150.jpeg",150,150,true],"medium":["https:\/\/quehacerpolitico.mx\/wp-content\/uploads\/2023\/07\/IMG_9172-300x144.jpeg",300,144,true],"medium_large":["https:\/\/quehacerpolitico.mx\/wp-content\/uploads\/2023\/07\/IMG_9172-768x368.jpeg",640,307,true],"large":["https:\/\/quehacerpolitico.mx\/wp-content\/uploads\/2023\/07\/IMG_9172-1024x491.jpeg",640,307,true],"1536x1536":["https:\/\/quehacerpolitico.mx\/wp-content\/uploads\/2023\/07\/IMG_9172.jpeg",1132,543,false],"2048x2048":["https:\/\/quehacerpolitico.mx\/wp-content\/uploads\/2023\/07\/IMG_9172.jpeg",1132,543,false],"covernews-featured":["https:\/\/quehacerpolitico.mx\/wp-content\/uploads\/2023\/07\/IMG_9172.jpeg",1024,491,false],"covernews-medium":["https:\/\/quehacerpolitico.mx\/wp-content\/uploads\/2023\/07\/IMG_9172.jpeg",540,259,false]},"author_info":{"display_name":"Redacci\u00f3n QP","author_link":"https:\/\/quehacerpolitico.mx\/?author=2"},"category_info":"<a href=\"https:\/\/quehacerpolitico.mx\/?cat=55\" rel=\"category\">CDMX<\/a>","tag_info":"CDMX","comment_count":"0","_links":{"self":[{"href":"https:\/\/quehacerpolitico.mx\/index.php?rest_route=\/wp\/v2\/posts\/103051","targetHints":{"allow":["GET"]}}],"collection":[{"href":"https:\/\/quehacerpolitico.mx\/index.php?rest_route=\/wp\/v2\/posts"}],"about":[{"href":"https:\/\/quehacerpolitico.mx\/index.php?rest_route=\/wp\/v2\/types\/post"}],"author":[{"embeddable":true,"href":"https:\/\/quehacerpolitico.mx\/index.php?rest_route=\/wp\/v2\/users\/2"}],"replies":[{"embeddable":true,"href":"https:\/\/quehacerpolitico.mx\/index.php?rest_route=%2Fwp%2Fv2%2Fcomments&post=103051"}],"version-history":[{"count":1,"href":"https:\/\/quehacerpolitico.mx\/index.php?rest_route=\/wp\/v2\/posts\/103051\/revisions"}],"predecessor-version":[{"id":103053,"href":"https:\/\/quehacerpolitico.mx\/index.php?rest_route=\/wp\/v2\/posts\/103051\/revisions\/103053"}],"wp:featuredmedia":[{"embeddable":true,"href":"https:\/\/quehacerpolitico.mx\/index.php?rest_route=\/wp\/v2\/media\/103052"}],"wp:attachment":[{"href":"https:\/\/quehacerpolitico.mx\/index.php?rest_route=%2Fwp%2Fv2%2Fmedia&parent=103051"}],"wp:term":[{"taxonomy":"category","embeddable":true,"href":"https:\/\/quehacerpolitico.mx\/index.php?rest_route=%2Fwp%2Fv2%2Fcategories&post=103051"},{"taxonomy":"post_tag","embeddable":true,"href":"https:\/\/quehacerpolitico.mx\/index.php?rest_route=%2Fwp%2Fv2%2Ftags&post=103051"}],"curies":[{"name":"wp","href":"https:\/\/api.w.org\/{rel}","templated":true}]}}