{"id":103033,"date":"2023-07-21T15:21:53","date_gmt":"2023-07-21T15:21:53","guid":{"rendered":"https:\/\/quehacerpolitico.mx\/?p=103033"},"modified":"2023-07-21T15:21:56","modified_gmt":"2023-07-21T15:21:56","slug":"checo-perez-pierde-el-control-y-choca-su-carro-en-el-gp-de-hungria","status":"publish","type":"post","link":"https:\/\/quehacerpolitico.mx\/?p=103033","title":{"rendered":"Checo Perez pierde el control y choca su carro en el GP de Hungr\u00eda"},"content":{"rendered":"\n<p>Por Redacci\u00f3n QP<\/p>\n\n\n\n<p>\u2018Checo\u2019 P\u00e9rez perdi\u00f3 el control de su monoplaza entre la cuarta y la quinta de las 14 curvas del circuito del GP de Hungr\u00eda<\/p>\n\n\n\n<p>El ingl\u00e9s\u00a0<strong>George Russell<\/strong>\u00a0(Mercedes) lider\u00f3 el\u00a0<strong>primer libre<\/strong>\u00a0para el\u00a0<strong>Gran Premio de Hungr\u00eda<\/strong>, el und\u00e9cimo del Mundial de F1, que se disputa en el Hungaroring, en una sesi\u00f3n en la que apenas se rod\u00f3, con el asfalto mojado, en la que el espa\u00f1ol Fernando Alonso (Aston Martin) marc\u00f3 el quinto tiempo y en la que su compatriota Carlos Sainz (Ferrari) y el mexicano\u00a0<strong>Sergio P\u00e9rez<\/strong>(Red Bull) se accidentaron, sin mayores consecuencias f\u00edsicas.<\/p>\n\n\n\n<p>En la mejor de sus trece vueltas, Russell cubri\u00f3 los 4 mil 381 metros de la pista h\u00fangara en un minuto, 38 segundos y 795 mil\u00e9simas, 359 menos que el australiano Oscar Piastri (McLaren) y con un segundo y dos d\u00e9cimas de ventaja sobre el canadiense Lance Stroll (Aston Martin), todos con el neum\u00e1tico de compuesto intermedio.<\/p>\n\n\n\n<figure class=\"wp-block-embed is-type-rich is-provider-twitter wp-block-embed-twitter\"><div class=\"wp-block-embed__wrapper\">\n<blockquote class=\"twitter-tweet\" data-width=\"550\" data-dnt=\"true\"><p lang=\"en\" dir=\"ltr\">Sergio Perez clips the grass and his FP1 ends in the barriers \ud83d\udca5<a href=\"https:\/\/twitter.com\/hashtag\/HungarianGP?src=hash&amp;ref_src=twsrc%5Etfw\">#HungarianGP<\/a> <a href=\"https:\/\/twitter.com\/hashtag\/F1?src=hash&amp;ref_src=twsrc%5Etfw\">#F1<\/a> <a href=\"https:\/\/t.co\/2sWABZXYQl\">pic.twitter.com\/2sWABZXYQl<\/a><\/p>&mdash; Formula 1 (@F1) <a href=\"https:\/\/twitter.com\/F1\/status\/1682372508282937344?ref_src=twsrc%5Etfw\">July 21, 2023<\/a><\/blockquote><script async src=\"https:\/\/platform.twitter.com\/widgets.js\" charset=\"utf-8\"><\/script>\n<\/div><\/figure>\n\n\n\n<p>Alonso, tercero en el campeonato, marc\u00f3 el quinto tiempo en el escenario de la primera de sus 32 victorias, hace ya casi 20 a\u00f1os. El doble campe\u00f3n del mundo asturiano, se qued\u00f3, en la mejor de sus ocho vueltas, a un segundo y ocho d\u00e9cimas de Russell y a cuatro d\u00e9cimas del ingl\u00e9s Lando Norris (McLaren), que firm\u00f3 el cuarto crono de una sesi\u00f3n intrascendente, asimismo con el neum\u00e1tico intermedio.<\/p>\n\n\n\n<p>Por si fuera poco, en un entrenamiento en el que apenas se rod\u00f3, la sesi\u00f3n estuvo interrumpida en dos ocasiones, con&nbsp;<strong>bandera roja<\/strong>, a causa de los accidentes de \u2018<strong>Checo<\/strong>\u2018 -segundo en el Mundial, a 99 puntos del l\u00edder, su compa\u00f1ero, el neerland\u00e9s Max Verstappen- y de Sainz, quinto en el certamen, a 172 del que fuera su primer vecino de garaje en la F1.<\/p>\n\n\n\n<p>\u2018<strong>Checo<\/strong>\u2018 se accident\u00f3 a las primeras de cambio, cuando nadie hab\u00eda marcado tiempo a\u00fan. El mexicano toc\u00f3 la hierba y&nbsp;<strong>perdi\u00f3<\/strong><strong>el control<\/strong>&nbsp;de su monoplaza entre la cuarta y la quinta de las 14 curvas del circuito de las afueras de Budapest, da\u00f1ando la parte delantera izquierda del mismo.<\/p>\n\n\n\n<p>El percance de Carlos, que da\u00f1\u00f3 la rueda trasera izquierda de su Ferrari, provoc\u00f3 otra interrupci\u00f3n -con bandera roja- de la sesi\u00f3n, aunque este mucho menor que la anterior. El madrile\u00f1o perdi\u00f3 el control de su coche despu\u00e9s de la tercera curva, a falta de quince minutos, cuando s\u00f3lo hab\u00edan marcado tiempo tres pilotos.<\/p>\n\n\n\n<p>Al final, solo trece de los veinte pilotos registraron una marca; en un ensayo completamente in\u00fatil.<\/p>\n\n\n\n<p>El segundo entrenamiento libre se disputar\u00e1 a partir de las cinco de la tarde hora local.<\/p>\n\n\n\n<p>\u2013 Tabla de tiempos del primer libre para el GP de Hungr\u00eda:<\/p>\n\n\n\n<figure class=\"wp-block-table\"><table><tbody><tr><td>.1.<\/td><td>George Russell<\/td><td>GBR<\/td><td>Mercedes<\/td><td>1:38.795<\/td><\/tr><tr><td>.2.<\/td><td>Oscar Piastri<\/td><td>AUS<\/td><td>McLaren<\/td><td>a 0.359<\/td><\/tr><tr><td>.3.<\/td><td>Lance Stroll<\/td><td>CAN<\/td><td>Aston Martin<\/td><td>&nbsp; &nbsp;1.218<\/td><\/tr><tr><td>.4.<\/td><td>Lando Norris<\/td><td>GBR<\/td><td>McLaren<\/td><td>&nbsp; 1.482<\/td><\/tr><tr><td>.5.<\/td><td>Fernando Alonso<\/td><td>ESP<\/td><td>Aston Martin<\/td><td>&nbsp; 1.892<\/td><\/tr><tr><td>.6.<\/td><td>Valtteri Bottas<\/td><td>FIN<\/td><td>Alfa Romeo<\/td><td>&nbsp; 2.237<\/td><\/tr><tr><td>.7.<\/td><td>Charles Leclerc<\/td><td>MON<\/td><td>Ferrari<\/td><td>&nbsp; 2.347<\/td><\/tr><tr><td>.8.<\/td><td>Zhou Guanyu<\/td><td>CHN<\/td><td>Alfa Romeo<\/td><td>&nbsp; 2.568<\/td><\/tr><tr><td>.9.<\/td><td>Logan Sargeant<\/td><td>USA<\/td><td>Williams<\/td><td>&nbsp; 2.621<\/td><\/tr><tr><td>10.<\/td><td>Nico H\u00fclkenberg<\/td><td>GER<\/td><td>Haas<\/td><td>&nbsp; 3.911<\/td><\/tr><tr><td>11.<\/td><td>Kevin Magnussen<\/td><td>DIN<\/td><td>Haas<\/td><td>&nbsp; 4.111<\/td><\/tr><tr><td>12.<\/td><td>Yuki Tsunoda<\/td><td>JPN<\/td><td>Alpha Tauri<\/td><td>&nbsp; 6.780<\/td><\/tr><tr><td>13.<\/td><td>Alexander Albon<\/td><td>THA<\/td><td>Williams<\/td><td>&nbsp; 8.608<\/td><\/tr><tr><td>14.<\/td><td>Daniel Ricciardo<\/td><td>AUS<\/td><td>Alpha Tauri<\/td><td>sin tiempo<\/td><\/tr><tr><td>. .<\/td><td>Carlos Sainz<\/td><td>ESP<\/td><td>Ferrari<\/td><td>&nbsp; s.t.<\/td><\/tr><tr><td>. .<\/td><td>Sergio P\u00e9rez<\/td><td>MEX<\/td><td>Red Bull<\/td><td>&nbsp; s.t.<\/td><\/tr><tr><td>. .<\/td><td>Esteban Ocon<\/td><td>FRA<\/td><td>Alpine<\/td><td>&nbsp; s.t.<\/td><\/tr><tr><td>. .<\/td><td>Pierre Gasly<\/td><td>FRA<\/td><td>Alpine<\/td><td>&nbsp; s.t.<\/td><\/tr><tr><td>. .<\/td><td>Max Verstappen<\/td><td>NED<\/td><td>Red Bull<\/td><td>&nbsp; s.t.<\/td><\/tr><tr><td>. .<\/td><td>Lewis Hamilton<\/td><td>GBR<\/td><td>Mercedes<\/td><td>&nbsp; s.t.<\/td><\/tr><\/tbody><\/table><\/figure>\n\n\n\n<p>Con informaci\u00f3n de EFE<\/p>\n","protected":false},"excerpt":{"rendered":"<p>Por Redacci\u00f3n QP \u2018Checo\u2019 P\u00e9rez perdi\u00f3 el control de su monoplaza entre la cuarta y&#8230;<\/p>\n","protected":false},"author":2,"featured_media":103034,"comment_status":"open","ping_status":"open","sticky":false,"template":"","format":"standard","meta":{"_monsterinsights_skip_tracking":false,"_monsterinsights_sitenote_active":false,"_monsterinsights_sitenote_note":"","_monsterinsights_sitenote_category":0,"footnotes":""},"categories":[54],"tags":[],"class_list":["post-103033","post","type-post","status-publish","format-standard","has-post-thumbnail","hentry","category-deportes"],"yoast_head":"<!-- This site is optimized with the Yoast SEO plugin v27.3 - https:\/\/yoast.com\/product\/yoast-seo-wordpress\/ -->\n<title>Checo Perez pierde el control y choca su carro en el GP de Hungr\u00eda -<\/title>\n<meta name=\"robots\" content=\"index, follow, max-snippet:-1, max-image-preview:large, max-video-preview:-1\" \/>\n<link rel=\"canonical\" href=\"https:\/\/quehacerpolitico.mx\/?p=103033\" \/>\n<meta property=\"og:locale\" content=\"es_MX\" \/>\n<meta property=\"og:type\" content=\"article\" \/>\n<meta property=\"og:title\" content=\"Checo Perez pierde el control y choca su carro en el GP de Hungr\u00eda -\" \/>\n<meta property=\"og:description\" content=\"Por Redacci\u00f3n QP \u2018Checo\u2019 P\u00e9rez perdi\u00f3 el control de su monoplaza entre la cuarta y...\" \/>\n<meta property=\"og:url\" content=\"https:\/\/quehacerpolitico.mx\/?p=103033\" \/>\n<meta property=\"article:published_time\" content=\"2023-07-21T15:21:53+00:00\" \/>\n<meta property=\"article:modified_time\" content=\"2023-07-21T15:21:56+00:00\" \/>\n<meta property=\"og:image\" content=\"https:\/\/quehacerpolitico.mx\/wp-content\/uploads\/2023\/07\/IMG_9163.jpeg\" \/>\n\t<meta property=\"og:image:width\" content=\"919\" \/>\n\t<meta property=\"og:image:height\" content=\"879\" \/>\n\t<meta property=\"og:image:type\" content=\"image\/jpeg\" \/>\n<meta name=\"author\" content=\"Redacci\u00f3n QP\" \/>\n<meta name=\"twitter:card\" content=\"summary_large_image\" \/>\n<meta name=\"twitter:label1\" content=\"Escrito por\" \/>\n\t<meta name=\"twitter:data1\" content=\"Redacci\u00f3n QP\" \/>\n\t<meta name=\"twitter:label2\" content=\"Tiempo de lectura\" \/>\n\t<meta name=\"twitter:data2\" content=\"3 minutos\" \/>\n<script type=\"application\/ld+json\" class=\"yoast-schema-graph\">{\"@context\":\"https:\\\/\\\/schema.org\",\"@graph\":[{\"@type\":\"Article\",\"@id\":\"https:\\\/\\\/quehacerpolitico.mx\\\/?p=103033#article\",\"isPartOf\":{\"@id\":\"https:\\\/\\\/quehacerpolitico.mx\\\/?p=103033\"},\"author\":{\"name\":\"Redacci\u00f3n QP\",\"@id\":\"https:\\\/\\\/quehacerpolitico.mx\\\/#\\\/schema\\\/person\\\/496d8ad2d1d3f8036101dca7ee39e585\"},\"headline\":\"Checo Perez pierde el control y choca su carro en el GP de Hungr\u00eda\",\"datePublished\":\"2023-07-21T15:21:53+00:00\",\"dateModified\":\"2023-07-21T15:21:56+00:00\",\"mainEntityOfPage\":{\"@id\":\"https:\\\/\\\/quehacerpolitico.mx\\\/?p=103033\"},\"wordCount\":623,\"commentCount\":0,\"image\":{\"@id\":\"https:\\\/\\\/quehacerpolitico.mx\\\/?p=103033#primaryimage\"},\"thumbnailUrl\":\"https:\\\/\\\/quehacerpolitico.mx\\\/wp-content\\\/uploads\\\/2023\\\/07\\\/IMG_9163.jpeg\",\"articleSection\":[\"Deportes\"],\"inLanguage\":\"es\",\"potentialAction\":[{\"@type\":\"CommentAction\",\"name\":\"Comment\",\"target\":[\"https:\\\/\\\/quehacerpolitico.mx\\\/?p=103033#respond\"]}]},{\"@type\":\"WebPage\",\"@id\":\"https:\\\/\\\/quehacerpolitico.mx\\\/?p=103033\",\"url\":\"https:\\\/\\\/quehacerpolitico.mx\\\/?p=103033\",\"name\":\"Checo Perez pierde el control y choca su carro en el GP de Hungr\u00eda -\",\"isPartOf\":{\"@id\":\"https:\\\/\\\/quehacerpolitico.mx\\\/#website\"},\"primaryImageOfPage\":{\"@id\":\"https:\\\/\\\/quehacerpolitico.mx\\\/?p=103033#primaryimage\"},\"image\":{\"@id\":\"https:\\\/\\\/quehacerpolitico.mx\\\/?p=103033#primaryimage\"},\"thumbnailUrl\":\"https:\\\/\\\/quehacerpolitico.mx\\\/wp-content\\\/uploads\\\/2023\\\/07\\\/IMG_9163.jpeg\",\"datePublished\":\"2023-07-21T15:21:53+00:00\",\"dateModified\":\"2023-07-21T15:21:56+00:00\",\"author\":{\"@id\":\"https:\\\/\\\/quehacerpolitico.mx\\\/#\\\/schema\\\/person\\\/496d8ad2d1d3f8036101dca7ee39e585\"},\"breadcrumb\":{\"@id\":\"https:\\\/\\\/quehacerpolitico.mx\\\/?p=103033#breadcrumb\"},\"inLanguage\":\"es\",\"potentialAction\":[{\"@type\":\"ReadAction\",\"target\":[\"https:\\\/\\\/quehacerpolitico.mx\\\/?p=103033\"]}]},{\"@type\":\"ImageObject\",\"inLanguage\":\"es\",\"@id\":\"https:\\\/\\\/quehacerpolitico.mx\\\/?p=103033#primaryimage\",\"url\":\"https:\\\/\\\/quehacerpolitico.mx\\\/wp-content\\\/uploads\\\/2023\\\/07\\\/IMG_9163.jpeg\",\"contentUrl\":\"https:\\\/\\\/quehacerpolitico.mx\\\/wp-content\\\/uploads\\\/2023\\\/07\\\/IMG_9163.jpeg\",\"width\":919,\"height\":879},{\"@type\":\"BreadcrumbList\",\"@id\":\"https:\\\/\\\/quehacerpolitico.mx\\\/?p=103033#breadcrumb\",\"itemListElement\":[{\"@type\":\"ListItem\",\"position\":1,\"name\":\"Inicio\",\"item\":\"https:\\\/\\\/quehacerpolitico.mx\\\/\"},{\"@type\":\"ListItem\",\"position\":2,\"name\":\"Checo Perez pierde el control y choca su carro en el GP de Hungr\u00eda\"}]},{\"@type\":\"WebSite\",\"@id\":\"https:\\\/\\\/quehacerpolitico.mx\\\/#website\",\"url\":\"https:\\\/\\\/quehacerpolitico.mx\\\/\",\"name\":\"\",\"description\":\"\",\"potentialAction\":[{\"@type\":\"SearchAction\",\"target\":{\"@type\":\"EntryPoint\",\"urlTemplate\":\"https:\\\/\\\/quehacerpolitico.mx\\\/?s={search_term_string}\"},\"query-input\":{\"@type\":\"PropertyValueSpecification\",\"valueRequired\":true,\"valueName\":\"search_term_string\"}}],\"inLanguage\":\"es\"},{\"@type\":\"Person\",\"@id\":\"https:\\\/\\\/quehacerpolitico.mx\\\/#\\\/schema\\\/person\\\/496d8ad2d1d3f8036101dca7ee39e585\",\"name\":\"Redacci\u00f3n QP\",\"image\":{\"@type\":\"ImageObject\",\"inLanguage\":\"es\",\"@id\":\"https:\\\/\\\/secure.gravatar.com\\\/avatar\\\/c7164ed6fdec453195284ad24a5ae5b6e1eed2b848477fa2a4787ba9adf39a41?s=96&d=mm&r=g\",\"url\":\"https:\\\/\\\/secure.gravatar.com\\\/avatar\\\/c7164ed6fdec453195284ad24a5ae5b6e1eed2b848477fa2a4787ba9adf39a41?s=96&d=mm&r=g\",\"contentUrl\":\"https:\\\/\\\/secure.gravatar.com\\\/avatar\\\/c7164ed6fdec453195284ad24a5ae5b6e1eed2b848477fa2a4787ba9adf39a41?s=96&d=mm&r=g\",\"caption\":\"Redacci\u00f3n QP\"},\"url\":\"https:\\\/\\\/quehacerpolitico.mx\\\/?author=2\"}]}<\/script>\n<!-- \/ Yoast SEO plugin. -->","yoast_head_json":{"title":"Checo Perez pierde el control y choca su carro en el GP de Hungr\u00eda -","robots":{"index":"index","follow":"follow","max-snippet":"max-snippet:-1","max-image-preview":"max-image-preview:large","max-video-preview":"max-video-preview:-1"},"canonical":"https:\/\/quehacerpolitico.mx\/?p=103033","og_locale":"es_MX","og_type":"article","og_title":"Checo Perez pierde el control y choca su carro en el GP de Hungr\u00eda -","og_description":"Por Redacci\u00f3n QP \u2018Checo\u2019 P\u00e9rez perdi\u00f3 el control de su monoplaza entre la cuarta y...","og_url":"https:\/\/quehacerpolitico.mx\/?p=103033","article_published_time":"2023-07-21T15:21:53+00:00","article_modified_time":"2023-07-21T15:21:56+00:00","og_image":[{"width":919,"height":879,"url":"https:\/\/quehacerpolitico.mx\/wp-content\/uploads\/2023\/07\/IMG_9163.jpeg","type":"image\/jpeg"}],"author":"Redacci\u00f3n QP","twitter_card":"summary_large_image","twitter_misc":{"Escrito por":"Redacci\u00f3n QP","Tiempo de lectura":"3 minutos"},"schema":{"@context":"https:\/\/schema.org","@graph":[{"@type":"Article","@id":"https:\/\/quehacerpolitico.mx\/?p=103033#article","isPartOf":{"@id":"https:\/\/quehacerpolitico.mx\/?p=103033"},"author":{"name":"Redacci\u00f3n QP","@id":"https:\/\/quehacerpolitico.mx\/#\/schema\/person\/496d8ad2d1d3f8036101dca7ee39e585"},"headline":"Checo Perez pierde el control y choca su carro en el GP de Hungr\u00eda","datePublished":"2023-07-21T15:21:53+00:00","dateModified":"2023-07-21T15:21:56+00:00","mainEntityOfPage":{"@id":"https:\/\/quehacerpolitico.mx\/?p=103033"},"wordCount":623,"commentCount":0,"image":{"@id":"https:\/\/quehacerpolitico.mx\/?p=103033#primaryimage"},"thumbnailUrl":"https:\/\/quehacerpolitico.mx\/wp-content\/uploads\/2023\/07\/IMG_9163.jpeg","articleSection":["Deportes"],"inLanguage":"es","potentialAction":[{"@type":"CommentAction","name":"Comment","target":["https:\/\/quehacerpolitico.mx\/?p=103033#respond"]}]},{"@type":"WebPage","@id":"https:\/\/quehacerpolitico.mx\/?p=103033","url":"https:\/\/quehacerpolitico.mx\/?p=103033","name":"Checo Perez pierde el control y choca su carro en el GP de Hungr\u00eda -","isPartOf":{"@id":"https:\/\/quehacerpolitico.mx\/#website"},"primaryImageOfPage":{"@id":"https:\/\/quehacerpolitico.mx\/?p=103033#primaryimage"},"image":{"@id":"https:\/\/quehacerpolitico.mx\/?p=103033#primaryimage"},"thumbnailUrl":"https:\/\/quehacerpolitico.mx\/wp-content\/uploads\/2023\/07\/IMG_9163.jpeg","datePublished":"2023-07-21T15:21:53+00:00","dateModified":"2023-07-21T15:21:56+00:00","author":{"@id":"https:\/\/quehacerpolitico.mx\/#\/schema\/person\/496d8ad2d1d3f8036101dca7ee39e585"},"breadcrumb":{"@id":"https:\/\/quehacerpolitico.mx\/?p=103033#breadcrumb"},"inLanguage":"es","potentialAction":[{"@type":"ReadAction","target":["https:\/\/quehacerpolitico.mx\/?p=103033"]}]},{"@type":"ImageObject","inLanguage":"es","@id":"https:\/\/quehacerpolitico.mx\/?p=103033#primaryimage","url":"https:\/\/quehacerpolitico.mx\/wp-content\/uploads\/2023\/07\/IMG_9163.jpeg","contentUrl":"https:\/\/quehacerpolitico.mx\/wp-content\/uploads\/2023\/07\/IMG_9163.jpeg","width":919,"height":879},{"@type":"BreadcrumbList","@id":"https:\/\/quehacerpolitico.mx\/?p=103033#breadcrumb","itemListElement":[{"@type":"ListItem","position":1,"name":"Inicio","item":"https:\/\/quehacerpolitico.mx\/"},{"@type":"ListItem","position":2,"name":"Checo Perez pierde el control y choca su carro en el GP de Hungr\u00eda"}]},{"@type":"WebSite","@id":"https:\/\/quehacerpolitico.mx\/#website","url":"https:\/\/quehacerpolitico.mx\/","name":"","description":"","potentialAction":[{"@type":"SearchAction","target":{"@type":"EntryPoint","urlTemplate":"https:\/\/quehacerpolitico.mx\/?s={search_term_string}"},"query-input":{"@type":"PropertyValueSpecification","valueRequired":true,"valueName":"search_term_string"}}],"inLanguage":"es"},{"@type":"Person","@id":"https:\/\/quehacerpolitico.mx\/#\/schema\/person\/496d8ad2d1d3f8036101dca7ee39e585","name":"Redacci\u00f3n QP","image":{"@type":"ImageObject","inLanguage":"es","@id":"https:\/\/secure.gravatar.com\/avatar\/c7164ed6fdec453195284ad24a5ae5b6e1eed2b848477fa2a4787ba9adf39a41?s=96&d=mm&r=g","url":"https:\/\/secure.gravatar.com\/avatar\/c7164ed6fdec453195284ad24a5ae5b6e1eed2b848477fa2a4787ba9adf39a41?s=96&d=mm&r=g","contentUrl":"https:\/\/secure.gravatar.com\/avatar\/c7164ed6fdec453195284ad24a5ae5b6e1eed2b848477fa2a4787ba9adf39a41?s=96&d=mm&r=g","caption":"Redacci\u00f3n QP"},"url":"https:\/\/quehacerpolitico.mx\/?author=2"}]}},"featured_image_urls":{"full":["https:\/\/quehacerpolitico.mx\/wp-content\/uploads\/2023\/07\/IMG_9163.jpeg",919,879,false],"thumbnail":["https:\/\/quehacerpolitico.mx\/wp-content\/uploads\/2023\/07\/IMG_9163-150x150.jpeg",150,150,true],"medium":["https:\/\/quehacerpolitico.mx\/wp-content\/uploads\/2023\/07\/IMG_9163-300x287.jpeg",300,287,true],"medium_large":["https:\/\/quehacerpolitico.mx\/wp-content\/uploads\/2023\/07\/IMG_9163-768x735.jpeg",640,613,true],"large":["https:\/\/quehacerpolitico.mx\/wp-content\/uploads\/2023\/07\/IMG_9163.jpeg",640,612,false],"1536x1536":["https:\/\/quehacerpolitico.mx\/wp-content\/uploads\/2023\/07\/IMG_9163.jpeg",919,879,false],"2048x2048":["https:\/\/quehacerpolitico.mx\/wp-content\/uploads\/2023\/07\/IMG_9163.jpeg",919,879,false],"covernews-featured":["https:\/\/quehacerpolitico.mx\/wp-content\/uploads\/2023\/07\/IMG_9163.jpeg",919,879,false],"covernews-medium":["https:\/\/quehacerpolitico.mx\/wp-content\/uploads\/2023\/07\/IMG_9163.jpeg",355,340,false]},"author_info":{"display_name":"Redacci\u00f3n QP","author_link":"https:\/\/quehacerpolitico.mx\/?author=2"},"category_info":"<a href=\"https:\/\/quehacerpolitico.mx\/?cat=54\" rel=\"category\">Deportes<\/a>","tag_info":"Deportes","comment_count":"0","_links":{"self":[{"href":"https:\/\/quehacerpolitico.mx\/index.php?rest_route=\/wp\/v2\/posts\/103033","targetHints":{"allow":["GET"]}}],"collection":[{"href":"https:\/\/quehacerpolitico.mx\/index.php?rest_route=\/wp\/v2\/posts"}],"about":[{"href":"https:\/\/quehacerpolitico.mx\/index.php?rest_route=\/wp\/v2\/types\/post"}],"author":[{"embeddable":true,"href":"https:\/\/quehacerpolitico.mx\/index.php?rest_route=\/wp\/v2\/users\/2"}],"replies":[{"embeddable":true,"href":"https:\/\/quehacerpolitico.mx\/index.php?rest_route=%2Fwp%2Fv2%2Fcomments&post=103033"}],"version-history":[{"count":1,"href":"https:\/\/quehacerpolitico.mx\/index.php?rest_route=\/wp\/v2\/posts\/103033\/revisions"}],"predecessor-version":[{"id":103035,"href":"https:\/\/quehacerpolitico.mx\/index.php?rest_route=\/wp\/v2\/posts\/103033\/revisions\/103035"}],"wp:featuredmedia":[{"embeddable":true,"href":"https:\/\/quehacerpolitico.mx\/index.php?rest_route=\/wp\/v2\/media\/103034"}],"wp:attachment":[{"href":"https:\/\/quehacerpolitico.mx\/index.php?rest_route=%2Fwp%2Fv2%2Fmedia&parent=103033"}],"wp:term":[{"taxonomy":"category","embeddable":true,"href":"https:\/\/quehacerpolitico.mx\/index.php?rest_route=%2Fwp%2Fv2%2Fcategories&post=103033"},{"taxonomy":"post_tag","embeddable":true,"href":"https:\/\/quehacerpolitico.mx\/index.php?rest_route=%2Fwp%2Fv2%2Ftags&post=103033"}],"curies":[{"name":"wp","href":"https:\/\/api.w.org\/{rel}","templated":true}]}}