{"id":103024,"date":"2023-07-21T02:52:47","date_gmt":"2023-07-21T02:52:47","guid":{"rendered":"https:\/\/quehacerpolitico.mx\/?p=103024"},"modified":"2023-07-21T02:52:48","modified_gmt":"2023-07-21T02:52:48","slug":"en-el-frente-amplio-por-mexico-estan-listas-las-estrategias-para-contener-los-ataques-del-actual-gobierno","status":"publish","type":"post","link":"https:\/\/quehacerpolitico.mx\/?p=103024","title":{"rendered":"En el Frente Amplio por M\u00e9xico est\u00e1n listas las estrategias para contener los ataques del actual gobierno"},"content":{"rendered":"\n<p>Por Redacci\u00f3n QP<\/p>\n\n\n\n<p>El Frente Amplio por M\u00e9xico present\u00f3 las estrategias para construir alianzas internacionales con el objetivo de evitar la creciente polarizaci\u00f3n<\/p>\n\n\n\n<p>El opositor\u00a0<strong>Frente Amplio por M\u00e9xico<\/strong>\u00a0(FAM), integrado por los partidos\u00a0<strong>Acci\u00f3n Nacional<\/strong>\u00a0(PAN),\u00a0<strong>Revolucionario Institucional<\/strong>(PRI) y de la\u00a0<strong>Revoluci\u00f3n Democr\u00e1tica<\/strong>\u00a0(PRD), present\u00f3 las estrategias para construir alianzas internacionales con el objetivo de evitar la creciente polarizaci\u00f3n que, dijo, est\u00e1 fomentando el actual Gobierno.<\/p>\n\n\n\n<figure class=\"wp-block-embed is-type-rich is-provider-twitter wp-block-embed-twitter\"><div class=\"wp-block-embed__wrapper\">\n<blockquote class=\"twitter-tweet\" data-width=\"550\" data-dnt=\"true\"><p lang=\"es\" dir=\"ltr\">Arrancamos los trabajos con un grupo de expertos para construir la plataforma conjunta y el proyecto de naci\u00f3n del <a href=\"https:\/\/twitter.com\/hashtag\/FrenteAmplioPorM%C3%A9xico?src=hash&amp;ref_src=twsrc%5Etfw\">#FrenteAmplioPorM\u00e9xico<\/a>, escuchando a la ciudadan\u00eda e integrando sus propuestas y demandas.<br><br>\ud83d\udd35\ud83d\udd34\ud83d\udfe1 <a href=\"https:\/\/t.co\/KMFIfi1NIe\">https:\/\/t.co\/KMFIfi1NIe<\/a> <a href=\"https:\/\/t.co\/dEFYmGGDE7\">pic.twitter.com\/dEFYmGGDE7<\/a><\/p>&mdash; Acci\u00f3n Nacional (@AccionNacional) <a href=\"https:\/\/twitter.com\/AccionNacional\/status\/1682038280798470144?ref_src=twsrc%5Etfw\">July 20, 2023<\/a><\/blockquote><script async src=\"https:\/\/platform.twitter.com\/widgets.js\" charset=\"utf-8\"><\/script>\n<\/div><\/figure>\n\n\n\n<p>El diputado Ildefonso Guajardo, director de\u00a0<strong>Vinculaci\u00f3n Internacional de la alianza<\/strong>, destac\u00f3 -respondiendo en una conferencia de prensa- la importancia de la nueva estrategia internacional presentada para continuar progresando en el proceso de posicionar a M\u00e9xico en un plano relevante a nivel internacional.<\/p>\n\n\n\n<p>\u201cQueremos dejar atr\u00e1s el pasado, asumir nuevas&nbsp;<strong>estrategias<\/strong>&nbsp;y una nueva&nbsp;<strong>representatividad<\/strong>&nbsp;para que los tres partidos pol\u00edticos sean m\u00e1s completos y estructurados\u201d, remarc\u00f3.<\/p>\n\n\n\n<p>El diputado Guajardo expres\u00f3 que lo importante de estas&nbsp;<strong>alianzas<\/strong>&nbsp;es que est\u00e1n respaldadas por organizaciones ciudadanas, mientras que el partido de Morena no tiene una apertura hacia la participaci\u00f3n de la ciudadan\u00eda.<\/p>\n\n\n\n<p>Seg\u00fan Guajardo, durante un viaje que realiz\u00f3 a&nbsp;<strong>Estados Unidos<\/strong>en el que tuvo un encuentro con el expresidente Donald Trump, el mandatario estadounidense se refer\u00eda al presidente&nbsp;<strong>L\u00f3pez Obrador<\/strong>&nbsp;como \u201cJuan Trump\u201d, debido a las notables similitudes que percib\u00eda entre ambos mandatarios.<\/p>\n\n\n\n<p>Mariana G\u00f3mez, secretaria de&nbsp;<strong>Asuntos Internacionales del PAN<\/strong>, afirm\u00f3 que la posibilidad de establecer un gobierno de coalici\u00f3n en el pa\u00eds ser\u00eda un acontecimiento hist\u00f3rico.<\/p>\n\n\n\n<p>\u201cEs un proceso innovador e in\u00e9dito, donde tres partidos pol\u00edticos que hace tiempo eran rivales, se han unido en un frente que va de la mano de la sociedad civil\u201d, enfatiz\u00f3\u00a0<strong>G\u00f3mez<\/strong><\/p>\n\n\n\n<p>\u00c1ngel \u00c1vila Romero, presidente de la secretar\u00eda de<strong>&nbsp;Relaciones Internacionales<\/strong>&nbsp;del PRD recalc\u00f3 que el reto del FAM es ir a por los abstencionistas.<\/p>\n\n\n\n<p>\u201cHay que incentivar a la gente que no vota porque si las personas salen a votar, L\u00f3pez Obrador va a perder las elecciones\u201d, manifest\u00f3.<\/p>\n\n\n\n<p><strong>\u00c1vila<\/strong>&nbsp;subray\u00f3 que lo importante es que hoy en M\u00e9xico existe una oposici\u00f3n con una alternativa real.<\/p>\n\n\n\n<p>Con informaci\u00f3n de EFE<\/p>\n","protected":false},"excerpt":{"rendered":"<p>Por Redacci\u00f3n QP El Frente Amplio por M\u00e9xico present\u00f3 las estrategias para construir alianzas internacionales&#8230;<\/p>\n","protected":false},"author":2,"featured_media":103025,"comment_status":"open","ping_status":"open","sticky":false,"template":"","format":"standard","meta":{"_monsterinsights_skip_tracking":false,"_monsterinsights_sitenote_active":false,"_monsterinsights_sitenote_note":"","_monsterinsights_sitenote_category":0,"footnotes":""},"categories":[2],"tags":[],"class_list":["post-103024","post","type-post","status-publish","format-standard","has-post-thumbnail","hentry","category-noticias"],"yoast_head":"<!-- This site is optimized with the Yoast SEO plugin v27.3 - https:\/\/yoast.com\/product\/yoast-seo-wordpress\/ -->\n<title>En el Frente Amplio por M\u00e9xico est\u00e1n listas las estrategias para contener los ataques del actual gobierno -<\/title>\n<meta name=\"robots\" content=\"index, follow, max-snippet:-1, max-image-preview:large, max-video-preview:-1\" \/>\n<link rel=\"canonical\" href=\"https:\/\/quehacerpolitico.mx\/?p=103024\" \/>\n<meta property=\"og:locale\" content=\"es_MX\" \/>\n<meta property=\"og:type\" content=\"article\" \/>\n<meta property=\"og:title\" content=\"En el Frente Amplio por M\u00e9xico est\u00e1n listas las estrategias para contener los ataques del actual gobierno -\" \/>\n<meta property=\"og:description\" content=\"Por Redacci\u00f3n QP El Frente Amplio por M\u00e9xico present\u00f3 las estrategias para construir alianzas internacionales...\" \/>\n<meta property=\"og:url\" content=\"https:\/\/quehacerpolitico.mx\/?p=103024\" \/>\n<meta property=\"article:published_time\" content=\"2023-07-21T02:52:47+00:00\" \/>\n<meta property=\"article:modified_time\" content=\"2023-07-21T02:52:48+00:00\" \/>\n<meta property=\"og:image\" content=\"https:\/\/quehacerpolitico.mx\/wp-content\/uploads\/2023\/07\/IMG_9158.jpeg\" \/>\n\t<meta property=\"og:image:width\" content=\"1280\" \/>\n\t<meta property=\"og:image:height\" content=\"853\" \/>\n\t<meta property=\"og:image:type\" content=\"image\/jpeg\" \/>\n<meta name=\"author\" content=\"Redacci\u00f3n QP\" \/>\n<meta name=\"twitter:card\" content=\"summary_large_image\" \/>\n<meta name=\"twitter:label1\" content=\"Escrito por\" \/>\n\t<meta name=\"twitter:data1\" content=\"Redacci\u00f3n QP\" \/>\n\t<meta name=\"twitter:label2\" content=\"Tiempo de lectura\" \/>\n\t<meta name=\"twitter:data2\" content=\"2 minutos\" \/>\n<script type=\"application\/ld+json\" class=\"yoast-schema-graph\">{\"@context\":\"https:\\\/\\\/schema.org\",\"@graph\":[{\"@type\":\"Article\",\"@id\":\"https:\\\/\\\/quehacerpolitico.mx\\\/?p=103024#article\",\"isPartOf\":{\"@id\":\"https:\\\/\\\/quehacerpolitico.mx\\\/?p=103024\"},\"author\":{\"name\":\"Redacci\u00f3n QP\",\"@id\":\"https:\\\/\\\/quehacerpolitico.mx\\\/#\\\/schema\\\/person\\\/496d8ad2d1d3f8036101dca7ee39e585\"},\"headline\":\"En el Frente Amplio por M\u00e9xico est\u00e1n listas las estrategias para contener los ataques del actual gobierno\",\"datePublished\":\"2023-07-21T02:52:47+00:00\",\"dateModified\":\"2023-07-21T02:52:48+00:00\",\"mainEntityOfPage\":{\"@id\":\"https:\\\/\\\/quehacerpolitico.mx\\\/?p=103024\"},\"wordCount\":412,\"commentCount\":0,\"image\":{\"@id\":\"https:\\\/\\\/quehacerpolitico.mx\\\/?p=103024#primaryimage\"},\"thumbnailUrl\":\"https:\\\/\\\/quehacerpolitico.mx\\\/wp-content\\\/uploads\\\/2023\\\/07\\\/IMG_9158.jpeg\",\"articleSection\":[\"Noticias\"],\"inLanguage\":\"es\",\"potentialAction\":[{\"@type\":\"CommentAction\",\"name\":\"Comment\",\"target\":[\"https:\\\/\\\/quehacerpolitico.mx\\\/?p=103024#respond\"]}]},{\"@type\":\"WebPage\",\"@id\":\"https:\\\/\\\/quehacerpolitico.mx\\\/?p=103024\",\"url\":\"https:\\\/\\\/quehacerpolitico.mx\\\/?p=103024\",\"name\":\"En el Frente Amplio por M\u00e9xico est\u00e1n listas las estrategias para contener los ataques del actual gobierno -\",\"isPartOf\":{\"@id\":\"https:\\\/\\\/quehacerpolitico.mx\\\/#website\"},\"primaryImageOfPage\":{\"@id\":\"https:\\\/\\\/quehacerpolitico.mx\\\/?p=103024#primaryimage\"},\"image\":{\"@id\":\"https:\\\/\\\/quehacerpolitico.mx\\\/?p=103024#primaryimage\"},\"thumbnailUrl\":\"https:\\\/\\\/quehacerpolitico.mx\\\/wp-content\\\/uploads\\\/2023\\\/07\\\/IMG_9158.jpeg\",\"datePublished\":\"2023-07-21T02:52:47+00:00\",\"dateModified\":\"2023-07-21T02:52:48+00:00\",\"author\":{\"@id\":\"https:\\\/\\\/quehacerpolitico.mx\\\/#\\\/schema\\\/person\\\/496d8ad2d1d3f8036101dca7ee39e585\"},\"breadcrumb\":{\"@id\":\"https:\\\/\\\/quehacerpolitico.mx\\\/?p=103024#breadcrumb\"},\"inLanguage\":\"es\",\"potentialAction\":[{\"@type\":\"ReadAction\",\"target\":[\"https:\\\/\\\/quehacerpolitico.mx\\\/?p=103024\"]}]},{\"@type\":\"ImageObject\",\"inLanguage\":\"es\",\"@id\":\"https:\\\/\\\/quehacerpolitico.mx\\\/?p=103024#primaryimage\",\"url\":\"https:\\\/\\\/quehacerpolitico.mx\\\/wp-content\\\/uploads\\\/2023\\\/07\\\/IMG_9158.jpeg\",\"contentUrl\":\"https:\\\/\\\/quehacerpolitico.mx\\\/wp-content\\\/uploads\\\/2023\\\/07\\\/IMG_9158.jpeg\",\"width\":1280,\"height\":853},{\"@type\":\"BreadcrumbList\",\"@id\":\"https:\\\/\\\/quehacerpolitico.mx\\\/?p=103024#breadcrumb\",\"itemListElement\":[{\"@type\":\"ListItem\",\"position\":1,\"name\":\"Inicio\",\"item\":\"https:\\\/\\\/quehacerpolitico.mx\\\/\"},{\"@type\":\"ListItem\",\"position\":2,\"name\":\"En el Frente Amplio por M\u00e9xico est\u00e1n listas las estrategias para contener los ataques del actual gobierno\"}]},{\"@type\":\"WebSite\",\"@id\":\"https:\\\/\\\/quehacerpolitico.mx\\\/#website\",\"url\":\"https:\\\/\\\/quehacerpolitico.mx\\\/\",\"name\":\"\",\"description\":\"\",\"potentialAction\":[{\"@type\":\"SearchAction\",\"target\":{\"@type\":\"EntryPoint\",\"urlTemplate\":\"https:\\\/\\\/quehacerpolitico.mx\\\/?s={search_term_string}\"},\"query-input\":{\"@type\":\"PropertyValueSpecification\",\"valueRequired\":true,\"valueName\":\"search_term_string\"}}],\"inLanguage\":\"es\"},{\"@type\":\"Person\",\"@id\":\"https:\\\/\\\/quehacerpolitico.mx\\\/#\\\/schema\\\/person\\\/496d8ad2d1d3f8036101dca7ee39e585\",\"name\":\"Redacci\u00f3n QP\",\"image\":{\"@type\":\"ImageObject\",\"inLanguage\":\"es\",\"@id\":\"https:\\\/\\\/secure.gravatar.com\\\/avatar\\\/c7164ed6fdec453195284ad24a5ae5b6e1eed2b848477fa2a4787ba9adf39a41?s=96&d=mm&r=g\",\"url\":\"https:\\\/\\\/secure.gravatar.com\\\/avatar\\\/c7164ed6fdec453195284ad24a5ae5b6e1eed2b848477fa2a4787ba9adf39a41?s=96&d=mm&r=g\",\"contentUrl\":\"https:\\\/\\\/secure.gravatar.com\\\/avatar\\\/c7164ed6fdec453195284ad24a5ae5b6e1eed2b848477fa2a4787ba9adf39a41?s=96&d=mm&r=g\",\"caption\":\"Redacci\u00f3n QP\"},\"url\":\"https:\\\/\\\/quehacerpolitico.mx\\\/?author=2\"}]}<\/script>\n<!-- \/ Yoast SEO plugin. -->","yoast_head_json":{"title":"En el Frente Amplio por M\u00e9xico est\u00e1n listas las estrategias para contener los ataques del actual gobierno -","robots":{"index":"index","follow":"follow","max-snippet":"max-snippet:-1","max-image-preview":"max-image-preview:large","max-video-preview":"max-video-preview:-1"},"canonical":"https:\/\/quehacerpolitico.mx\/?p=103024","og_locale":"es_MX","og_type":"article","og_title":"En el Frente Amplio por M\u00e9xico est\u00e1n listas las estrategias para contener los ataques del actual gobierno -","og_description":"Por Redacci\u00f3n QP El Frente Amplio por M\u00e9xico present\u00f3 las estrategias para construir alianzas internacionales...","og_url":"https:\/\/quehacerpolitico.mx\/?p=103024","article_published_time":"2023-07-21T02:52:47+00:00","article_modified_time":"2023-07-21T02:52:48+00:00","og_image":[{"width":1280,"height":853,"url":"https:\/\/quehacerpolitico.mx\/wp-content\/uploads\/2023\/07\/IMG_9158.jpeg","type":"image\/jpeg"}],"author":"Redacci\u00f3n QP","twitter_card":"summary_large_image","twitter_misc":{"Escrito por":"Redacci\u00f3n QP","Tiempo de lectura":"2 minutos"},"schema":{"@context":"https:\/\/schema.org","@graph":[{"@type":"Article","@id":"https:\/\/quehacerpolitico.mx\/?p=103024#article","isPartOf":{"@id":"https:\/\/quehacerpolitico.mx\/?p=103024"},"author":{"name":"Redacci\u00f3n QP","@id":"https:\/\/quehacerpolitico.mx\/#\/schema\/person\/496d8ad2d1d3f8036101dca7ee39e585"},"headline":"En el Frente Amplio por M\u00e9xico est\u00e1n listas las estrategias para contener los ataques del actual gobierno","datePublished":"2023-07-21T02:52:47+00:00","dateModified":"2023-07-21T02:52:48+00:00","mainEntityOfPage":{"@id":"https:\/\/quehacerpolitico.mx\/?p=103024"},"wordCount":412,"commentCount":0,"image":{"@id":"https:\/\/quehacerpolitico.mx\/?p=103024#primaryimage"},"thumbnailUrl":"https:\/\/quehacerpolitico.mx\/wp-content\/uploads\/2023\/07\/IMG_9158.jpeg","articleSection":["Noticias"],"inLanguage":"es","potentialAction":[{"@type":"CommentAction","name":"Comment","target":["https:\/\/quehacerpolitico.mx\/?p=103024#respond"]}]},{"@type":"WebPage","@id":"https:\/\/quehacerpolitico.mx\/?p=103024","url":"https:\/\/quehacerpolitico.mx\/?p=103024","name":"En el Frente Amplio por M\u00e9xico est\u00e1n listas las estrategias para contener los ataques del actual gobierno -","isPartOf":{"@id":"https:\/\/quehacerpolitico.mx\/#website"},"primaryImageOfPage":{"@id":"https:\/\/quehacerpolitico.mx\/?p=103024#primaryimage"},"image":{"@id":"https:\/\/quehacerpolitico.mx\/?p=103024#primaryimage"},"thumbnailUrl":"https:\/\/quehacerpolitico.mx\/wp-content\/uploads\/2023\/07\/IMG_9158.jpeg","datePublished":"2023-07-21T02:52:47+00:00","dateModified":"2023-07-21T02:52:48+00:00","author":{"@id":"https:\/\/quehacerpolitico.mx\/#\/schema\/person\/496d8ad2d1d3f8036101dca7ee39e585"},"breadcrumb":{"@id":"https:\/\/quehacerpolitico.mx\/?p=103024#breadcrumb"},"inLanguage":"es","potentialAction":[{"@type":"ReadAction","target":["https:\/\/quehacerpolitico.mx\/?p=103024"]}]},{"@type":"ImageObject","inLanguage":"es","@id":"https:\/\/quehacerpolitico.mx\/?p=103024#primaryimage","url":"https:\/\/quehacerpolitico.mx\/wp-content\/uploads\/2023\/07\/IMG_9158.jpeg","contentUrl":"https:\/\/quehacerpolitico.mx\/wp-content\/uploads\/2023\/07\/IMG_9158.jpeg","width":1280,"height":853},{"@type":"BreadcrumbList","@id":"https:\/\/quehacerpolitico.mx\/?p=103024#breadcrumb","itemListElement":[{"@type":"ListItem","position":1,"name":"Inicio","item":"https:\/\/quehacerpolitico.mx\/"},{"@type":"ListItem","position":2,"name":"En el Frente Amplio por M\u00e9xico est\u00e1n listas las estrategias para contener los ataques del actual gobierno"}]},{"@type":"WebSite","@id":"https:\/\/quehacerpolitico.mx\/#website","url":"https:\/\/quehacerpolitico.mx\/","name":"","description":"","potentialAction":[{"@type":"SearchAction","target":{"@type":"EntryPoint","urlTemplate":"https:\/\/quehacerpolitico.mx\/?s={search_term_string}"},"query-input":{"@type":"PropertyValueSpecification","valueRequired":true,"valueName":"search_term_string"}}],"inLanguage":"es"},{"@type":"Person","@id":"https:\/\/quehacerpolitico.mx\/#\/schema\/person\/496d8ad2d1d3f8036101dca7ee39e585","name":"Redacci\u00f3n QP","image":{"@type":"ImageObject","inLanguage":"es","@id":"https:\/\/secure.gravatar.com\/avatar\/c7164ed6fdec453195284ad24a5ae5b6e1eed2b848477fa2a4787ba9adf39a41?s=96&d=mm&r=g","url":"https:\/\/secure.gravatar.com\/avatar\/c7164ed6fdec453195284ad24a5ae5b6e1eed2b848477fa2a4787ba9adf39a41?s=96&d=mm&r=g","contentUrl":"https:\/\/secure.gravatar.com\/avatar\/c7164ed6fdec453195284ad24a5ae5b6e1eed2b848477fa2a4787ba9adf39a41?s=96&d=mm&r=g","caption":"Redacci\u00f3n QP"},"url":"https:\/\/quehacerpolitico.mx\/?author=2"}]}},"featured_image_urls":{"full":["https:\/\/quehacerpolitico.mx\/wp-content\/uploads\/2023\/07\/IMG_9158.jpeg",1280,853,false],"thumbnail":["https:\/\/quehacerpolitico.mx\/wp-content\/uploads\/2023\/07\/IMG_9158-150x150.jpeg",150,150,true],"medium":["https:\/\/quehacerpolitico.mx\/wp-content\/uploads\/2023\/07\/IMG_9158-300x200.jpeg",300,200,true],"medium_large":["https:\/\/quehacerpolitico.mx\/wp-content\/uploads\/2023\/07\/IMG_9158-768x512.jpeg",640,427,true],"large":["https:\/\/quehacerpolitico.mx\/wp-content\/uploads\/2023\/07\/IMG_9158-1024x682.jpeg",640,426,true],"1536x1536":["https:\/\/quehacerpolitico.mx\/wp-content\/uploads\/2023\/07\/IMG_9158.jpeg",1280,853,false],"2048x2048":["https:\/\/quehacerpolitico.mx\/wp-content\/uploads\/2023\/07\/IMG_9158.jpeg",1280,853,false],"covernews-featured":["https:\/\/quehacerpolitico.mx\/wp-content\/uploads\/2023\/07\/IMG_9158.jpeg",1024,682,false],"covernews-medium":["https:\/\/quehacerpolitico.mx\/wp-content\/uploads\/2023\/07\/IMG_9158.jpeg",510,340,false]},"author_info":{"display_name":"Redacci\u00f3n QP","author_link":"https:\/\/quehacerpolitico.mx\/?author=2"},"category_info":"<a href=\"https:\/\/quehacerpolitico.mx\/?cat=2\" rel=\"category\">Noticias<\/a>","tag_info":"Noticias","comment_count":"0","_links":{"self":[{"href":"https:\/\/quehacerpolitico.mx\/index.php?rest_route=\/wp\/v2\/posts\/103024","targetHints":{"allow":["GET"]}}],"collection":[{"href":"https:\/\/quehacerpolitico.mx\/index.php?rest_route=\/wp\/v2\/posts"}],"about":[{"href":"https:\/\/quehacerpolitico.mx\/index.php?rest_route=\/wp\/v2\/types\/post"}],"author":[{"embeddable":true,"href":"https:\/\/quehacerpolitico.mx\/index.php?rest_route=\/wp\/v2\/users\/2"}],"replies":[{"embeddable":true,"href":"https:\/\/quehacerpolitico.mx\/index.php?rest_route=%2Fwp%2Fv2%2Fcomments&post=103024"}],"version-history":[{"count":1,"href":"https:\/\/quehacerpolitico.mx\/index.php?rest_route=\/wp\/v2\/posts\/103024\/revisions"}],"predecessor-version":[{"id":103026,"href":"https:\/\/quehacerpolitico.mx\/index.php?rest_route=\/wp\/v2\/posts\/103024\/revisions\/103026"}],"wp:featuredmedia":[{"embeddable":true,"href":"https:\/\/quehacerpolitico.mx\/index.php?rest_route=\/wp\/v2\/media\/103025"}],"wp:attachment":[{"href":"https:\/\/quehacerpolitico.mx\/index.php?rest_route=%2Fwp%2Fv2%2Fmedia&parent=103024"}],"wp:term":[{"taxonomy":"category","embeddable":true,"href":"https:\/\/quehacerpolitico.mx\/index.php?rest_route=%2Fwp%2Fv2%2Fcategories&post=103024"},{"taxonomy":"post_tag","embeddable":true,"href":"https:\/\/quehacerpolitico.mx\/index.php?rest_route=%2Fwp%2Fv2%2Ftags&post=103024"}],"curies":[{"name":"wp","href":"https:\/\/api.w.org\/{rel}","templated":true}]}}