{"id":103020,"date":"2023-07-21T02:29:20","date_gmt":"2023-07-21T02:29:20","guid":{"rendered":"https:\/\/quehacerpolitico.mx\/?p=103020"},"modified":"2023-07-21T02:29:23","modified_gmt":"2023-07-21T02:29:23","slug":"hay-quienes-definen-la-independencia-del-poder-judicial-como-un-privilegio-para-mermar-su-legitimidad-norma-pina","status":"publish","type":"post","link":"https:\/\/quehacerpolitico.mx\/?p=103020","title":{"rendered":"Hay quienes definen la independencia del Poder Judicial como un privilegio para mermar su legitimidad: Norma Pi\u00f1a"},"content":{"rendered":"\n<p>Por Redacci\u00f3n QP<\/p>\n\n\n\n<p>La ministra presidenta de la Suprema Corte de Justicia de la Naci\u00f3n (<strong>SCJN<\/strong>),&nbsp;<strong>Norma Pi\u00f1a Hern\u00e1ndez<\/strong>,&nbsp;se\u00f1al\u00f3 este jueves que tanto en M\u00e9xico como&nbsp;en gran parte del mundo&nbsp;surgen movimientos que intentan mermar la independencia del Poder Judicial.<\/p>\n\n\n\n<p>\u201cNo s\u00f3lo en mi pa\u00eds, sino, lamentablemente, en gran parte del mundo, surgen voces y movimientos que intentan poner en entredicho la legitimidad de la funci\u00f3n judicial. Pretenden mermar \u2014a veces de forma sutil, otras de forma directa\u2014 la independencia de los\u00a0<strong>poderes judiciales<\/strong>\u201d, dijo.<\/p>\n\n\n\n<figure class=\"wp-block-embed is-type-rich is-provider-twitter wp-block-embed-twitter\"><div class=\"wp-block-embed__wrapper\">\n<blockquote class=\"twitter-tweet\" data-width=\"550\" data-dnt=\"true\"><p lang=\"es\" dir=\"ltr\">\ud83d\udd34 Desde el Congreso Mundial de Derecho en Nueva York, la presidenta de la <a href=\"https:\/\/twitter.com\/hashtag\/SCJN?src=hash&amp;ref_src=twsrc%5Etfw\">#SCJN<\/a>, Norma Pi\u00f1a, advirti\u00f3 sobre el surgimiento de grupos en M\u00e9xico y gran parte del mundo, que ponen en riesgo la independencia judicial y la divisi\u00f3n de poderes. <a href=\"https:\/\/t.co\/3TlqDG8oVN\">pic.twitter.com\/3TlqDG8oVN<\/a><\/p>&mdash; LupitaJuarez (@LupitaJuarezH) <a href=\"https:\/\/twitter.com\/LupitaJuarezH\/status\/1682200738791825408?ref_src=twsrc%5Etfw\">July 21, 2023<\/a><\/blockquote><script async src=\"https:\/\/platform.twitter.com\/widgets.js\" charset=\"utf-8\"><\/script>\n<\/div><\/figure>\n\n\n\n<p>Durante una ponencia que ofreci\u00f3 en<strong>&nbsp;Nueva York<\/strong>, Estados Unidos, Norma Pi\u00f1a afirm\u00f3 que las pretensiones de los movimientos \u201cvulneran no s\u00f3lo uno de los pilares m\u00e1s b\u00e1sicos de nuestras democracias, sino tambi\u00e9n, directamente, los<strong>&nbsp;derechos humanos<\/strong>\u201c.<\/p>\n\n\n\n<p><strong>Norma Pi\u00f1a<\/strong>&nbsp;tambi\u00e9n afirm\u00f3 que la independencia del&nbsp;<strong>Poder Judicial<\/strong>&nbsp;\u201cno es un privilegio, una ventaja excesiva o una concesi\u00f3n superior para los juzgadores, sino campo f\u00e9rtil para que surja la justicia que demanda la sociedad\u201d.<\/p>\n\n\n\n<p>\u201cCon el \u00e1nimo de deslegitimar a los poderes judiciales, se tiende a definir a la independencia judicial, ya no digamos como un \u2018espacio de libertad\u2019 para los juzgadores, sino como un privilegio. Privilegio en el mal sentido, como una ventaja excesiva, como una concesi\u00f3n superior para los juzgadores\u201d, acus\u00f3.&nbsp;<\/p>\n\n\n\n<p>La ministra presidenta de la Suprema Corte asegur\u00f3 que \u201ceste discurso \u2014sin duda atractivo frente a una poblaci\u00f3n que no tiene cubiertas las necesidades m\u00e1s b\u00e1sicas para garantizar su dignidad\u2014 no s\u00f3lo merma la\u00a0<strong>legitimidad judicial<\/strong>, sino que tiene una repercusi\u00f3n muy concreta en el acceso a la justicia de las personas\u201d.<\/p>\n\n\n\n<figure class=\"wp-block-image size-large\"><img loading=\"lazy\" decoding=\"async\" width=\"768\" height=\"1024\" src=\"https:\/\/quehacerpolitico.mx\/wp-content\/uploads\/2023\/07\/image-56-768x1024.jpeg\" alt=\"\" class=\"wp-image-103022\" srcset=\"https:\/\/quehacerpolitico.mx\/wp-content\/uploads\/2023\/07\/image-56-768x1024.jpeg 768w, https:\/\/quehacerpolitico.mx\/wp-content\/uploads\/2023\/07\/image-56-225x300.jpeg 225w, https:\/\/quehacerpolitico.mx\/wp-content\/uploads\/2023\/07\/image-56-1152x1536.jpeg 1152w, https:\/\/quehacerpolitico.mx\/wp-content\/uploads\/2023\/07\/image-56-110x146.jpeg 110w, https:\/\/quehacerpolitico.mx\/wp-content\/uploads\/2023\/07\/image-56-38x50.jpeg 38w, https:\/\/quehacerpolitico.mx\/wp-content\/uploads\/2023\/07\/image-56-56x75.jpeg 56w, https:\/\/quehacerpolitico.mx\/wp-content\/uploads\/2023\/07\/image-56.jpeg 1200w\" sizes=\"auto, (max-width: 768px) 100vw, 768px\" \/><\/figure>\n\n\n\n<p>Y agreg\u00f3: \u201c\u201cDig\u00e1moslo claro, sin independencia judicial no hay justicia\u201d.<\/p>\n\n\n\n<p>El mi\u00e9rcoles, diputados de&nbsp;<strong>Morena<\/strong>&nbsp;anunciaron la solicitud de juicio pol\u00edtico en contra de ministros de la Suprema Corte de Justicia de la Naci\u00f3n, bajo el argumento de que no han cumplido con la reducci\u00f3n salarial que estipula la ley.<\/p>\n\n\n\n<p>\u201cPresentamos esta demanda de juicio pol\u00edtico precisamente porque no es un planteamiento o un capricho presidencial, es una definici\u00f3n de la voluntad del pueblo de M\u00e9xico, y para eso nos eligieron\u201d, dijo el diputado&nbsp;<strong>Alejandro Robles&nbsp;<\/strong>en conferencia de prensa<a href=\"https:\/\/twitter.com\/latinus_us\" target=\"_blank\" rel=\"noreferrer noopener\">.<\/a><\/p>\n","protected":false},"excerpt":{"rendered":"<p>Por Redacci\u00f3n QP La ministra presidenta de la Suprema Corte de Justicia de la Naci\u00f3n&#8230;<\/p>\n","protected":false},"author":2,"featured_media":103021,"comment_status":"open","ping_status":"open","sticky":false,"template":"","format":"standard","meta":{"_monsterinsights_skip_tracking":false,"_monsterinsights_sitenote_active":false,"_monsterinsights_sitenote_note":"","_monsterinsights_sitenote_category":0,"footnotes":""},"categories":[2],"tags":[],"class_list":["post-103020","post","type-post","status-publish","format-standard","has-post-thumbnail","hentry","category-noticias"],"yoast_head":"<!-- This site is optimized with the Yoast SEO plugin v27.3 - https:\/\/yoast.com\/product\/yoast-seo-wordpress\/ -->\n<title>Hay quienes definen la independencia del Poder Judicial como un privilegio para mermar su legitimidad: Norma Pi\u00f1a -<\/title>\n<meta name=\"robots\" content=\"index, follow, max-snippet:-1, max-image-preview:large, max-video-preview:-1\" \/>\n<link rel=\"canonical\" href=\"https:\/\/quehacerpolitico.mx\/?p=103020\" \/>\n<meta property=\"og:locale\" content=\"es_MX\" \/>\n<meta property=\"og:type\" content=\"article\" \/>\n<meta property=\"og:title\" content=\"Hay quienes definen la independencia del Poder Judicial como un privilegio para mermar su legitimidad: Norma Pi\u00f1a -\" \/>\n<meta property=\"og:description\" content=\"Por Redacci\u00f3n QP La ministra presidenta de la Suprema Corte de Justicia de la Naci\u00f3n...\" \/>\n<meta property=\"og:url\" content=\"https:\/\/quehacerpolitico.mx\/?p=103020\" \/>\n<meta property=\"article:published_time\" content=\"2023-07-21T02:29:20+00:00\" \/>\n<meta property=\"article:modified_time\" content=\"2023-07-21T02:29:23+00:00\" \/>\n<meta property=\"og:image\" content=\"https:\/\/quehacerpolitico.mx\/wp-content\/uploads\/2023\/07\/IMG_9156.jpeg\" \/>\n\t<meta property=\"og:image:width\" content=\"1600\" \/>\n\t<meta property=\"og:image:height\" content=\"900\" \/>\n\t<meta property=\"og:image:type\" content=\"image\/jpeg\" \/>\n<meta name=\"author\" content=\"Redacci\u00f3n QP\" \/>\n<meta name=\"twitter:card\" content=\"summary_large_image\" \/>\n<meta name=\"twitter:label1\" content=\"Escrito por\" \/>\n\t<meta name=\"twitter:data1\" content=\"Redacci\u00f3n QP\" \/>\n\t<meta name=\"twitter:label2\" content=\"Tiempo de lectura\" \/>\n\t<meta name=\"twitter:data2\" content=\"2 minutos\" \/>\n<script type=\"application\/ld+json\" class=\"yoast-schema-graph\">{\"@context\":\"https:\\\/\\\/schema.org\",\"@graph\":[{\"@type\":\"Article\",\"@id\":\"https:\\\/\\\/quehacerpolitico.mx\\\/?p=103020#article\",\"isPartOf\":{\"@id\":\"https:\\\/\\\/quehacerpolitico.mx\\\/?p=103020\"},\"author\":{\"name\":\"Redacci\u00f3n QP\",\"@id\":\"https:\\\/\\\/quehacerpolitico.mx\\\/#\\\/schema\\\/person\\\/496d8ad2d1d3f8036101dca7ee39e585\"},\"headline\":\"Hay quienes definen la independencia del Poder Judicial como un privilegio para mermar su legitimidad: Norma Pi\u00f1a\",\"datePublished\":\"2023-07-21T02:29:20+00:00\",\"dateModified\":\"2023-07-21T02:29:23+00:00\",\"mainEntityOfPage\":{\"@id\":\"https:\\\/\\\/quehacerpolitico.mx\\\/?p=103020\"},\"wordCount\":426,\"commentCount\":0,\"image\":{\"@id\":\"https:\\\/\\\/quehacerpolitico.mx\\\/?p=103020#primaryimage\"},\"thumbnailUrl\":\"https:\\\/\\\/quehacerpolitico.mx\\\/wp-content\\\/uploads\\\/2023\\\/07\\\/IMG_9156.jpeg\",\"articleSection\":[\"Noticias\"],\"inLanguage\":\"es\",\"potentialAction\":[{\"@type\":\"CommentAction\",\"name\":\"Comment\",\"target\":[\"https:\\\/\\\/quehacerpolitico.mx\\\/?p=103020#respond\"]}]},{\"@type\":\"WebPage\",\"@id\":\"https:\\\/\\\/quehacerpolitico.mx\\\/?p=103020\",\"url\":\"https:\\\/\\\/quehacerpolitico.mx\\\/?p=103020\",\"name\":\"Hay quienes definen la independencia del Poder Judicial como un privilegio para mermar su legitimidad: Norma Pi\u00f1a -\",\"isPartOf\":{\"@id\":\"https:\\\/\\\/quehacerpolitico.mx\\\/#website\"},\"primaryImageOfPage\":{\"@id\":\"https:\\\/\\\/quehacerpolitico.mx\\\/?p=103020#primaryimage\"},\"image\":{\"@id\":\"https:\\\/\\\/quehacerpolitico.mx\\\/?p=103020#primaryimage\"},\"thumbnailUrl\":\"https:\\\/\\\/quehacerpolitico.mx\\\/wp-content\\\/uploads\\\/2023\\\/07\\\/IMG_9156.jpeg\",\"datePublished\":\"2023-07-21T02:29:20+00:00\",\"dateModified\":\"2023-07-21T02:29:23+00:00\",\"author\":{\"@id\":\"https:\\\/\\\/quehacerpolitico.mx\\\/#\\\/schema\\\/person\\\/496d8ad2d1d3f8036101dca7ee39e585\"},\"breadcrumb\":{\"@id\":\"https:\\\/\\\/quehacerpolitico.mx\\\/?p=103020#breadcrumb\"},\"inLanguage\":\"es\",\"potentialAction\":[{\"@type\":\"ReadAction\",\"target\":[\"https:\\\/\\\/quehacerpolitico.mx\\\/?p=103020\"]}]},{\"@type\":\"ImageObject\",\"inLanguage\":\"es\",\"@id\":\"https:\\\/\\\/quehacerpolitico.mx\\\/?p=103020#primaryimage\",\"url\":\"https:\\\/\\\/quehacerpolitico.mx\\\/wp-content\\\/uploads\\\/2023\\\/07\\\/IMG_9156.jpeg\",\"contentUrl\":\"https:\\\/\\\/quehacerpolitico.mx\\\/wp-content\\\/uploads\\\/2023\\\/07\\\/IMG_9156.jpeg\",\"width\":1600,\"height\":900},{\"@type\":\"BreadcrumbList\",\"@id\":\"https:\\\/\\\/quehacerpolitico.mx\\\/?p=103020#breadcrumb\",\"itemListElement\":[{\"@type\":\"ListItem\",\"position\":1,\"name\":\"Inicio\",\"item\":\"https:\\\/\\\/quehacerpolitico.mx\\\/\"},{\"@type\":\"ListItem\",\"position\":2,\"name\":\"Hay quienes definen la independencia del Poder Judicial como un privilegio para mermar su legitimidad: Norma Pi\u00f1a\"}]},{\"@type\":\"WebSite\",\"@id\":\"https:\\\/\\\/quehacerpolitico.mx\\\/#website\",\"url\":\"https:\\\/\\\/quehacerpolitico.mx\\\/\",\"name\":\"\",\"description\":\"\",\"potentialAction\":[{\"@type\":\"SearchAction\",\"target\":{\"@type\":\"EntryPoint\",\"urlTemplate\":\"https:\\\/\\\/quehacerpolitico.mx\\\/?s={search_term_string}\"},\"query-input\":{\"@type\":\"PropertyValueSpecification\",\"valueRequired\":true,\"valueName\":\"search_term_string\"}}],\"inLanguage\":\"es\"},{\"@type\":\"Person\",\"@id\":\"https:\\\/\\\/quehacerpolitico.mx\\\/#\\\/schema\\\/person\\\/496d8ad2d1d3f8036101dca7ee39e585\",\"name\":\"Redacci\u00f3n QP\",\"image\":{\"@type\":\"ImageObject\",\"inLanguage\":\"es\",\"@id\":\"https:\\\/\\\/secure.gravatar.com\\\/avatar\\\/c7164ed6fdec453195284ad24a5ae5b6e1eed2b848477fa2a4787ba9adf39a41?s=96&d=mm&r=g\",\"url\":\"https:\\\/\\\/secure.gravatar.com\\\/avatar\\\/c7164ed6fdec453195284ad24a5ae5b6e1eed2b848477fa2a4787ba9adf39a41?s=96&d=mm&r=g\",\"contentUrl\":\"https:\\\/\\\/secure.gravatar.com\\\/avatar\\\/c7164ed6fdec453195284ad24a5ae5b6e1eed2b848477fa2a4787ba9adf39a41?s=96&d=mm&r=g\",\"caption\":\"Redacci\u00f3n QP\"},\"url\":\"https:\\\/\\\/quehacerpolitico.mx\\\/?author=2\"}]}<\/script>\n<!-- \/ Yoast SEO plugin. -->","yoast_head_json":{"title":"Hay quienes definen la independencia del Poder Judicial como un privilegio para mermar su legitimidad: Norma Pi\u00f1a -","robots":{"index":"index","follow":"follow","max-snippet":"max-snippet:-1","max-image-preview":"max-image-preview:large","max-video-preview":"max-video-preview:-1"},"canonical":"https:\/\/quehacerpolitico.mx\/?p=103020","og_locale":"es_MX","og_type":"article","og_title":"Hay quienes definen la independencia del Poder Judicial como un privilegio para mermar su legitimidad: Norma Pi\u00f1a -","og_description":"Por Redacci\u00f3n QP La ministra presidenta de la Suprema Corte de Justicia de la Naci\u00f3n...","og_url":"https:\/\/quehacerpolitico.mx\/?p=103020","article_published_time":"2023-07-21T02:29:20+00:00","article_modified_time":"2023-07-21T02:29:23+00:00","og_image":[{"width":1600,"height":900,"url":"https:\/\/quehacerpolitico.mx\/wp-content\/uploads\/2023\/07\/IMG_9156.jpeg","type":"image\/jpeg"}],"author":"Redacci\u00f3n QP","twitter_card":"summary_large_image","twitter_misc":{"Escrito por":"Redacci\u00f3n QP","Tiempo de lectura":"2 minutos"},"schema":{"@context":"https:\/\/schema.org","@graph":[{"@type":"Article","@id":"https:\/\/quehacerpolitico.mx\/?p=103020#article","isPartOf":{"@id":"https:\/\/quehacerpolitico.mx\/?p=103020"},"author":{"name":"Redacci\u00f3n QP","@id":"https:\/\/quehacerpolitico.mx\/#\/schema\/person\/496d8ad2d1d3f8036101dca7ee39e585"},"headline":"Hay quienes definen la independencia del Poder Judicial como un privilegio para mermar su legitimidad: Norma Pi\u00f1a","datePublished":"2023-07-21T02:29:20+00:00","dateModified":"2023-07-21T02:29:23+00:00","mainEntityOfPage":{"@id":"https:\/\/quehacerpolitico.mx\/?p=103020"},"wordCount":426,"commentCount":0,"image":{"@id":"https:\/\/quehacerpolitico.mx\/?p=103020#primaryimage"},"thumbnailUrl":"https:\/\/quehacerpolitico.mx\/wp-content\/uploads\/2023\/07\/IMG_9156.jpeg","articleSection":["Noticias"],"inLanguage":"es","potentialAction":[{"@type":"CommentAction","name":"Comment","target":["https:\/\/quehacerpolitico.mx\/?p=103020#respond"]}]},{"@type":"WebPage","@id":"https:\/\/quehacerpolitico.mx\/?p=103020","url":"https:\/\/quehacerpolitico.mx\/?p=103020","name":"Hay quienes definen la independencia del Poder Judicial como un privilegio para mermar su legitimidad: Norma Pi\u00f1a -","isPartOf":{"@id":"https:\/\/quehacerpolitico.mx\/#website"},"primaryImageOfPage":{"@id":"https:\/\/quehacerpolitico.mx\/?p=103020#primaryimage"},"image":{"@id":"https:\/\/quehacerpolitico.mx\/?p=103020#primaryimage"},"thumbnailUrl":"https:\/\/quehacerpolitico.mx\/wp-content\/uploads\/2023\/07\/IMG_9156.jpeg","datePublished":"2023-07-21T02:29:20+00:00","dateModified":"2023-07-21T02:29:23+00:00","author":{"@id":"https:\/\/quehacerpolitico.mx\/#\/schema\/person\/496d8ad2d1d3f8036101dca7ee39e585"},"breadcrumb":{"@id":"https:\/\/quehacerpolitico.mx\/?p=103020#breadcrumb"},"inLanguage":"es","potentialAction":[{"@type":"ReadAction","target":["https:\/\/quehacerpolitico.mx\/?p=103020"]}]},{"@type":"ImageObject","inLanguage":"es","@id":"https:\/\/quehacerpolitico.mx\/?p=103020#primaryimage","url":"https:\/\/quehacerpolitico.mx\/wp-content\/uploads\/2023\/07\/IMG_9156.jpeg","contentUrl":"https:\/\/quehacerpolitico.mx\/wp-content\/uploads\/2023\/07\/IMG_9156.jpeg","width":1600,"height":900},{"@type":"BreadcrumbList","@id":"https:\/\/quehacerpolitico.mx\/?p=103020#breadcrumb","itemListElement":[{"@type":"ListItem","position":1,"name":"Inicio","item":"https:\/\/quehacerpolitico.mx\/"},{"@type":"ListItem","position":2,"name":"Hay quienes definen la independencia del Poder Judicial como un privilegio para mermar su legitimidad: Norma Pi\u00f1a"}]},{"@type":"WebSite","@id":"https:\/\/quehacerpolitico.mx\/#website","url":"https:\/\/quehacerpolitico.mx\/","name":"","description":"","potentialAction":[{"@type":"SearchAction","target":{"@type":"EntryPoint","urlTemplate":"https:\/\/quehacerpolitico.mx\/?s={search_term_string}"},"query-input":{"@type":"PropertyValueSpecification","valueRequired":true,"valueName":"search_term_string"}}],"inLanguage":"es"},{"@type":"Person","@id":"https:\/\/quehacerpolitico.mx\/#\/schema\/person\/496d8ad2d1d3f8036101dca7ee39e585","name":"Redacci\u00f3n QP","image":{"@type":"ImageObject","inLanguage":"es","@id":"https:\/\/secure.gravatar.com\/avatar\/c7164ed6fdec453195284ad24a5ae5b6e1eed2b848477fa2a4787ba9adf39a41?s=96&d=mm&r=g","url":"https:\/\/secure.gravatar.com\/avatar\/c7164ed6fdec453195284ad24a5ae5b6e1eed2b848477fa2a4787ba9adf39a41?s=96&d=mm&r=g","contentUrl":"https:\/\/secure.gravatar.com\/avatar\/c7164ed6fdec453195284ad24a5ae5b6e1eed2b848477fa2a4787ba9adf39a41?s=96&d=mm&r=g","caption":"Redacci\u00f3n QP"},"url":"https:\/\/quehacerpolitico.mx\/?author=2"}]}},"featured_image_urls":{"full":["https:\/\/quehacerpolitico.mx\/wp-content\/uploads\/2023\/07\/IMG_9156.jpeg",1600,900,false],"thumbnail":["https:\/\/quehacerpolitico.mx\/wp-content\/uploads\/2023\/07\/IMG_9156-150x150.jpeg",150,150,true],"medium":["https:\/\/quehacerpolitico.mx\/wp-content\/uploads\/2023\/07\/IMG_9156-300x169.jpeg",300,169,true],"medium_large":["https:\/\/quehacerpolitico.mx\/wp-content\/uploads\/2023\/07\/IMG_9156-768x432.jpeg",640,360,true],"large":["https:\/\/quehacerpolitico.mx\/wp-content\/uploads\/2023\/07\/IMG_9156-1024x576.jpeg",640,360,true],"1536x1536":["https:\/\/quehacerpolitico.mx\/wp-content\/uploads\/2023\/07\/IMG_9156-1536x864.jpeg",1536,864,true],"2048x2048":["https:\/\/quehacerpolitico.mx\/wp-content\/uploads\/2023\/07\/IMG_9156.jpeg",1600,900,false],"covernews-featured":["https:\/\/quehacerpolitico.mx\/wp-content\/uploads\/2023\/07\/IMG_9156.jpeg",1024,576,false],"covernews-medium":["https:\/\/quehacerpolitico.mx\/wp-content\/uploads\/2023\/07\/IMG_9156.jpeg",540,304,false]},"author_info":{"display_name":"Redacci\u00f3n QP","author_link":"https:\/\/quehacerpolitico.mx\/?author=2"},"category_info":"<a href=\"https:\/\/quehacerpolitico.mx\/?cat=2\" rel=\"category\">Noticias<\/a>","tag_info":"Noticias","comment_count":"0","_links":{"self":[{"href":"https:\/\/quehacerpolitico.mx\/index.php?rest_route=\/wp\/v2\/posts\/103020","targetHints":{"allow":["GET"]}}],"collection":[{"href":"https:\/\/quehacerpolitico.mx\/index.php?rest_route=\/wp\/v2\/posts"}],"about":[{"href":"https:\/\/quehacerpolitico.mx\/index.php?rest_route=\/wp\/v2\/types\/post"}],"author":[{"embeddable":true,"href":"https:\/\/quehacerpolitico.mx\/index.php?rest_route=\/wp\/v2\/users\/2"}],"replies":[{"embeddable":true,"href":"https:\/\/quehacerpolitico.mx\/index.php?rest_route=%2Fwp%2Fv2%2Fcomments&post=103020"}],"version-history":[{"count":1,"href":"https:\/\/quehacerpolitico.mx\/index.php?rest_route=\/wp\/v2\/posts\/103020\/revisions"}],"predecessor-version":[{"id":103023,"href":"https:\/\/quehacerpolitico.mx\/index.php?rest_route=\/wp\/v2\/posts\/103020\/revisions\/103023"}],"wp:featuredmedia":[{"embeddable":true,"href":"https:\/\/quehacerpolitico.mx\/index.php?rest_route=\/wp\/v2\/media\/103021"}],"wp:attachment":[{"href":"https:\/\/quehacerpolitico.mx\/index.php?rest_route=%2Fwp%2Fv2%2Fmedia&parent=103020"}],"wp:term":[{"taxonomy":"category","embeddable":true,"href":"https:\/\/quehacerpolitico.mx\/index.php?rest_route=%2Fwp%2Fv2%2Fcategories&post=103020"},{"taxonomy":"post_tag","embeddable":true,"href":"https:\/\/quehacerpolitico.mx\/index.php?rest_route=%2Fwp%2Fv2%2Ftags&post=103020"}],"curies":[{"name":"wp","href":"https:\/\/api.w.org\/{rel}","templated":true}]}}