{"id":103016,"date":"2023-07-21T01:14:22","date_gmt":"2023-07-21T01:14:22","guid":{"rendered":"https:\/\/quehacerpolitico.mx\/?p=103016"},"modified":"2023-07-21T01:14:25","modified_gmt":"2023-07-21T01:14:25","slug":"asi-seran-las-casas-de-infonavit-en-el-futuro-segun-la-inteligencia-artificial","status":"publish","type":"post","link":"https:\/\/quehacerpolitico.mx\/?p=103016","title":{"rendered":"As\u00ed ser\u00e1n las casas de Infonavit en el futuro, seg\u00fan la Inteligencia Artificial"},"content":{"rendered":"\n<p>Por Redacci\u00f3n NotiExpress | La Revista del Sector Inmobiliario<\/p>\n\n\n\n<p>Las dimensiones de las viviendas Infonavit del futuro son m\u00e1s grandes, pues la IA present\u00f3 casas de cerca de 150 metros de construcci\u00f3n<\/p>\n\n\n\n<p>Uno de los mayores sue\u00f1os de todos\u00a0<strong>es tener una casa propia<\/strong>, que sea bonita, amplia y con amenidades.<\/p>\n\n\n\n<p><strong>Para la mayor\u00eda de los empleados formales,<\/strong>\u00a0la principal opci\u00f3n con la que cuentan para poder adquirir una casa es a trav\u00e9s del\u00a0<strong>cr\u00e9dito del Instituto del\u00a0Fondo Nacional de la Vivienda para los Trabajadores<\/strong>\u00a0(Infonavit).<\/p>\n\n\n\n<p><strong>Por medio de esta prestaci\u00f3n de ley se puede comprar una casa<\/strong>, nueva o usada, pero probablemente no re\u00fana los requerimientos que uno tenga en su lista de deseos. Adem\u00e1s, una vez que adquieres la deuda\u00a0<strong>tienes que pagar por 20 o 30 a\u00f1os<\/strong>.<\/p>\n\n\n\n<figure class=\"wp-block-embed is-type-video is-provider-youtube wp-block-embed-youtube wp-embed-aspect-16-9 wp-has-aspect-ratio\"><div class=\"wp-block-embed__wrapper\">\n<iframe loading=\"lazy\" title=\"As\u00ed ser\u00e1n las casas de Infonavit en el futuro\" width=\"640\" height=\"360\" src=\"https:\/\/www.youtube.com\/embed\/rEIjIh_NTRI?feature=oembed\" frameborder=\"0\" allow=\"accelerometer; autoplay; clipboard-write; encrypted-media; gyroscope; picture-in-picture; web-share\" referrerpolicy=\"strict-origin-when-cross-origin\" allowfullscreen><\/iframe>\n<\/div><\/figure>\n\n\n\n<p>Por lo general,&nbsp;<strong>las casas de Infonavit son propiedades peque\u00f1as de 45 a 65 metros cuadrados<\/strong>&nbsp;de construcci\u00f3n, con sala-comedor, dos rec\u00e1maras sin cl\u00f3set, un ba\u00f1o, una peque\u00f1a cocina y una azotehuela.<\/p>\n\n\n\n<p><strong>Casi siempre son departamentos en edificios de 3 o 4 pisos<\/strong>, donde debes compartir \u00e1reas verdes, estacionamiento y patio de servicio. En el mejor de los casos,\u00a0<strong>en lugar de departamento son casas tipo d\u00faplex<\/strong>.<\/p>\n\n\n\n<p><strong>Para conocer la tendencia de este tipo de viviendas en el futuro<\/strong>, el portal&nbsp;Hoy Dinero&nbsp;recurri\u00f3 al uso de la Inteligencia Artificial, la cual arroj\u00f3 resultados sorprendentes.<\/p>\n\n\n\n<p><strong>La aplicaci\u00f3n revel\u00f3 cambios importantes<\/strong>\u00a0que se pueden lograr en este tipo de inmuebles, considerando el\u00a0<strong>uso de nuevas tecnolog\u00edas<\/strong>, nuevos materiales de construcci\u00f3n y tomando en cuenta el cuidado del medio ambiente.<\/p>\n\n\n\n<p>Para comenzar,&nbsp;<strong>las dimensiones de las viviendas Infonavit del futuro son m\u00e1s grandes<\/strong>, pues la IA present\u00f3 casas de&nbsp;<strong>cerca de 150 metros de construcci\u00f3n<\/strong>, en un predio rodeado de \u00e1rea verde.<\/p>\n\n\n\n<figure class=\"wp-block-image\"><img decoding=\"async\" src=\"https:\/\/www.informador.mx\/export\/sites\/elinformador\/img\/2023\/07\/20\/casa_2.jpg_1151807935.jpg\" alt=\"\" title=\"\"\/><figcaption class=\"wp-element-caption\">Seg\u00fan la IA, las casas son m\u00e1s grandes. ESPECIAL&nbsp;<\/figcaption><\/figure>\n\n\n\n<p><strong>Cuentan con dos o tres rec\u00e1maras perfectamente distribuidas<\/strong>&nbsp;y el espacio del resto de las habitaciones est\u00e1 debidamente dividido para la cocina, la sala, el comedor y la cochera para el auto.<\/p>\n\n\n\n<p>En las im\u00e1genes de las\u00a0<strong>viviendas del futuro resaltan los grandes ventanales<\/strong>\u00a0que permiten la entrada de la luz natural, as\u00ed contribuye al ahorro de energ\u00eda el\u00e9ctrica mientras sea de d\u00eda, pero tambi\u00e9n muestra\u00a0<strong>dise\u00f1os de viviendas con el uso de paneles solares<\/strong>.<\/p>\n\n\n\n<figure class=\"wp-block-image\"><img decoding=\"async\" src=\"https:\/\/www.informador.mx\/export\/sites\/elinformador\/img\/2023\/07\/20\/casa_3.jpg_1151807935.jpg\" alt=\"\" title=\"\"\/><figcaption class=\"wp-element-caption\">Tienen dise\u00f1os vanguardistas. ESPECIAL&nbsp;<\/figcaption><\/figure>\n\n\n\n<p><strong>Las casas no son ostentosas residencias<\/strong>, pero s\u00ed dise\u00f1os vanguardistas de un solo nivel que hacen uso de materiales sustentables que pueden combinar&nbsp;<strong>menor concreto y m\u00e1s vidrio, columnas de acero<\/strong>&nbsp;y revestimientos de madera o reciclados.<\/p>\n\n\n\n<p>Adem\u00e1s de los paneles solares, tambi\u00e9n&nbsp;<strong>presentan sistemas de captaci\u00f3n de agua, amplio jard\u00edn trasero, \u00e1reas verdes al lado&nbsp;<\/strong>y frente de la vivienda, as\u00ed como l\u00e1mparas solares que iluminan el sendero de entrada y salida de la casa.<\/p>\n\n\n\n<figure class=\"wp-block-image\"><img decoding=\"async\" src=\"https:\/\/www.informador.mx\/export\/sites\/elinformador\/img\/2023\/07\/20\/casa_2_1.jpg_1151807935.jpg\" alt=\"\" title=\"\"\/><figcaption class=\"wp-element-caption\">Cuentan con ventanales para que entre m\u00e1s luz natural. ESPECIAL&nbsp;<\/figcaption><\/figure>\n\n\n\n<p><strong>Lo que no pudo revelar la\u00a0Inteligencia Artificial\u00a0fue el costo de estas viviendas Infonavit del futuro<\/strong>, pues actualmente el instituto ofrece cinco distintos tipos de cr\u00e9dito para comprar casa nueva o usada\u00a0con montos que van desde los\u00a0<strong>440 mil pesos hasta 2 millones 200 mil pesos<\/strong>\u00a0y con una tasa de inter\u00e9s anual de 12 por ciento.<\/p>\n\n\n\n<p>No se te olvide que?<\/p>\n\n\n\n<p>En\u00a0NotiExpress | La Revista del Sector Inmobiliario nos ocupamos en la difusi\u00f3n de la industria inmobiliaria generamos contenidos que te ayudar\u00e1n a mantenerte a la vanguardia en tecnolog\u00eda y en tendencias del sector inmobiliario para que puedas ofrecer el mejor servicio y generar m\u00e1s clientes.<\/p>\n\n\n\n<p>\u00c9chale una miradita a nuestra revista mensual donde encontrar\u00e1s la informaci\u00f3n precisa y oportuna con todo lo relacionado al sector inmobiliario aqu\u00ed\u00a0?<a href=\"https:\/\/issuu.com\/notiexpressmx\/docs\/notiexpress_07\">https:\/\/issuu.com\/notiexpressmx\/docs\/notiexpress_07\u00a0<\/a>\u00a0NotiExpress | La Revista del Sector Inmobiliario<\/p>\n\n\n\n<figure class=\"wp-block-image size-large\"><img loading=\"lazy\" decoding=\"async\" width=\"1024\" height=\"378\" src=\"https:\/\/quehacerpolitico.mx\/wp-content\/uploads\/2023\/07\/image-55-1024x378.jpeg\" alt=\"\" class=\"wp-image-103017\" srcset=\"https:\/\/quehacerpolitico.mx\/wp-content\/uploads\/2023\/07\/image-55-1024x378.jpeg 1024w, https:\/\/quehacerpolitico.mx\/wp-content\/uploads\/2023\/07\/image-55-300x111.jpeg 300w, https:\/\/quehacerpolitico.mx\/wp-content\/uploads\/2023\/07\/image-55-768x284.jpeg 768w, https:\/\/quehacerpolitico.mx\/wp-content\/uploads\/2023\/07\/image-55-260x96.jpeg 260w, https:\/\/quehacerpolitico.mx\/wp-content\/uploads\/2023\/07\/image-55-50x18.jpeg 50w, https:\/\/quehacerpolitico.mx\/wp-content\/uploads\/2023\/07\/image-55-150x55.jpeg 150w, https:\/\/quehacerpolitico.mx\/wp-content\/uploads\/2023\/07\/image-55.jpeg 1280w\" sizes=\"auto, (max-width: 1024px) 100vw, 1024px\" \/><\/figure>\n","protected":false},"excerpt":{"rendered":"<p>Por Redacci\u00f3n NotiExpress | La Revista del Sector Inmobiliario Las dimensiones de las viviendas Infonavit&#8230;<\/p>\n","protected":false},"author":2,"featured_media":103018,"comment_status":"open","ping_status":"open","sticky":false,"template":"","format":"standard","meta":{"_monsterinsights_skip_tracking":false,"_monsterinsights_sitenote_active":false,"_monsterinsights_sitenote_note":"","_monsterinsights_sitenote_category":0,"footnotes":""},"categories":[56],"tags":[],"class_list":["post-103016","post","type-post","status-publish","format-standard","has-post-thumbnail","hentry","category-economia"],"yoast_head":"<!-- This site is optimized with the Yoast SEO plugin v27.3 - https:\/\/yoast.com\/product\/yoast-seo-wordpress\/ -->\n<title>As\u00ed ser\u00e1n las casas de Infonavit en el futuro, seg\u00fan la Inteligencia Artificial -<\/title>\n<meta name=\"robots\" content=\"index, follow, max-snippet:-1, max-image-preview:large, max-video-preview:-1\" \/>\n<link rel=\"canonical\" href=\"https:\/\/quehacerpolitico.mx\/?p=103016\" \/>\n<meta property=\"og:locale\" content=\"es_MX\" \/>\n<meta property=\"og:type\" content=\"article\" \/>\n<meta property=\"og:title\" content=\"As\u00ed ser\u00e1n las casas de Infonavit en el futuro, seg\u00fan la Inteligencia Artificial -\" \/>\n<meta property=\"og:description\" content=\"Por Redacci\u00f3n NotiExpress | La Revista del Sector Inmobiliario Las dimensiones de las viviendas Infonavit...\" \/>\n<meta property=\"og:url\" content=\"https:\/\/quehacerpolitico.mx\/?p=103016\" \/>\n<meta property=\"article:published_time\" content=\"2023-07-21T01:14:22+00:00\" \/>\n<meta property=\"article:modified_time\" content=\"2023-07-21T01:14:25+00:00\" \/>\n<meta property=\"og:image\" content=\"https:\/\/quehacerpolitico.mx\/wp-content\/uploads\/2023\/07\/photo-output-4.jpeg\" \/>\n\t<meta property=\"og:image:width\" content=\"2048\" \/>\n\t<meta property=\"og:image:height\" content=\"1148\" \/>\n\t<meta property=\"og:image:type\" content=\"image\/jpeg\" \/>\n<meta name=\"author\" content=\"Redacci\u00f3n QP\" \/>\n<meta name=\"twitter:card\" content=\"summary_large_image\" \/>\n<meta name=\"twitter:label1\" content=\"Escrito por\" \/>\n\t<meta name=\"twitter:data1\" content=\"Redacci\u00f3n QP\" \/>\n\t<meta name=\"twitter:label2\" content=\"Tiempo de lectura\" \/>\n\t<meta name=\"twitter:data2\" content=\"3 minutos\" \/>\n<script type=\"application\/ld+json\" class=\"yoast-schema-graph\">{\"@context\":\"https:\\\/\\\/schema.org\",\"@graph\":[{\"@type\":\"Article\",\"@id\":\"https:\\\/\\\/quehacerpolitico.mx\\\/?p=103016#article\",\"isPartOf\":{\"@id\":\"https:\\\/\\\/quehacerpolitico.mx\\\/?p=103016\"},\"author\":{\"name\":\"Redacci\u00f3n QP\",\"@id\":\"https:\\\/\\\/quehacerpolitico.mx\\\/#\\\/schema\\\/person\\\/496d8ad2d1d3f8036101dca7ee39e585\"},\"headline\":\"As\u00ed ser\u00e1n las casas de Infonavit en el futuro, seg\u00fan la Inteligencia Artificial\",\"datePublished\":\"2023-07-21T01:14:22+00:00\",\"dateModified\":\"2023-07-21T01:14:25+00:00\",\"mainEntityOfPage\":{\"@id\":\"https:\\\/\\\/quehacerpolitico.mx\\\/?p=103016\"},\"wordCount\":679,\"commentCount\":0,\"image\":{\"@id\":\"https:\\\/\\\/quehacerpolitico.mx\\\/?p=103016#primaryimage\"},\"thumbnailUrl\":\"https:\\\/\\\/quehacerpolitico.mx\\\/wp-content\\\/uploads\\\/2023\\\/07\\\/photo-output-4.jpeg\",\"articleSection\":[\"Econom\u00eda\"],\"inLanguage\":\"es\",\"potentialAction\":[{\"@type\":\"CommentAction\",\"name\":\"Comment\",\"target\":[\"https:\\\/\\\/quehacerpolitico.mx\\\/?p=103016#respond\"]}]},{\"@type\":\"WebPage\",\"@id\":\"https:\\\/\\\/quehacerpolitico.mx\\\/?p=103016\",\"url\":\"https:\\\/\\\/quehacerpolitico.mx\\\/?p=103016\",\"name\":\"As\u00ed ser\u00e1n las casas de Infonavit en el futuro, seg\u00fan la Inteligencia Artificial -\",\"isPartOf\":{\"@id\":\"https:\\\/\\\/quehacerpolitico.mx\\\/#website\"},\"primaryImageOfPage\":{\"@id\":\"https:\\\/\\\/quehacerpolitico.mx\\\/?p=103016#primaryimage\"},\"image\":{\"@id\":\"https:\\\/\\\/quehacerpolitico.mx\\\/?p=103016#primaryimage\"},\"thumbnailUrl\":\"https:\\\/\\\/quehacerpolitico.mx\\\/wp-content\\\/uploads\\\/2023\\\/07\\\/photo-output-4.jpeg\",\"datePublished\":\"2023-07-21T01:14:22+00:00\",\"dateModified\":\"2023-07-21T01:14:25+00:00\",\"author\":{\"@id\":\"https:\\\/\\\/quehacerpolitico.mx\\\/#\\\/schema\\\/person\\\/496d8ad2d1d3f8036101dca7ee39e585\"},\"breadcrumb\":{\"@id\":\"https:\\\/\\\/quehacerpolitico.mx\\\/?p=103016#breadcrumb\"},\"inLanguage\":\"es\",\"potentialAction\":[{\"@type\":\"ReadAction\",\"target\":[\"https:\\\/\\\/quehacerpolitico.mx\\\/?p=103016\"]}]},{\"@type\":\"ImageObject\",\"inLanguage\":\"es\",\"@id\":\"https:\\\/\\\/quehacerpolitico.mx\\\/?p=103016#primaryimage\",\"url\":\"https:\\\/\\\/quehacerpolitico.mx\\\/wp-content\\\/uploads\\\/2023\\\/07\\\/photo-output-4.jpeg\",\"contentUrl\":\"https:\\\/\\\/quehacerpolitico.mx\\\/wp-content\\\/uploads\\\/2023\\\/07\\\/photo-output-4.jpeg\",\"width\":2048,\"height\":1148},{\"@type\":\"BreadcrumbList\",\"@id\":\"https:\\\/\\\/quehacerpolitico.mx\\\/?p=103016#breadcrumb\",\"itemListElement\":[{\"@type\":\"ListItem\",\"position\":1,\"name\":\"Inicio\",\"item\":\"https:\\\/\\\/quehacerpolitico.mx\\\/\"},{\"@type\":\"ListItem\",\"position\":2,\"name\":\"As\u00ed ser\u00e1n las casas de Infonavit en el futuro, seg\u00fan la Inteligencia Artificial\"}]},{\"@type\":\"WebSite\",\"@id\":\"https:\\\/\\\/quehacerpolitico.mx\\\/#website\",\"url\":\"https:\\\/\\\/quehacerpolitico.mx\\\/\",\"name\":\"\",\"description\":\"\",\"potentialAction\":[{\"@type\":\"SearchAction\",\"target\":{\"@type\":\"EntryPoint\",\"urlTemplate\":\"https:\\\/\\\/quehacerpolitico.mx\\\/?s={search_term_string}\"},\"query-input\":{\"@type\":\"PropertyValueSpecification\",\"valueRequired\":true,\"valueName\":\"search_term_string\"}}],\"inLanguage\":\"es\"},{\"@type\":\"Person\",\"@id\":\"https:\\\/\\\/quehacerpolitico.mx\\\/#\\\/schema\\\/person\\\/496d8ad2d1d3f8036101dca7ee39e585\",\"name\":\"Redacci\u00f3n QP\",\"image\":{\"@type\":\"ImageObject\",\"inLanguage\":\"es\",\"@id\":\"https:\\\/\\\/secure.gravatar.com\\\/avatar\\\/c7164ed6fdec453195284ad24a5ae5b6e1eed2b848477fa2a4787ba9adf39a41?s=96&d=mm&r=g\",\"url\":\"https:\\\/\\\/secure.gravatar.com\\\/avatar\\\/c7164ed6fdec453195284ad24a5ae5b6e1eed2b848477fa2a4787ba9adf39a41?s=96&d=mm&r=g\",\"contentUrl\":\"https:\\\/\\\/secure.gravatar.com\\\/avatar\\\/c7164ed6fdec453195284ad24a5ae5b6e1eed2b848477fa2a4787ba9adf39a41?s=96&d=mm&r=g\",\"caption\":\"Redacci\u00f3n QP\"},\"url\":\"https:\\\/\\\/quehacerpolitico.mx\\\/?author=2\"}]}<\/script>\n<!-- \/ Yoast SEO plugin. -->","yoast_head_json":{"title":"As\u00ed ser\u00e1n las casas de Infonavit en el futuro, seg\u00fan la Inteligencia Artificial -","robots":{"index":"index","follow":"follow","max-snippet":"max-snippet:-1","max-image-preview":"max-image-preview:large","max-video-preview":"max-video-preview:-1"},"canonical":"https:\/\/quehacerpolitico.mx\/?p=103016","og_locale":"es_MX","og_type":"article","og_title":"As\u00ed ser\u00e1n las casas de Infonavit en el futuro, seg\u00fan la Inteligencia Artificial -","og_description":"Por Redacci\u00f3n NotiExpress | La Revista del Sector Inmobiliario Las dimensiones de las viviendas Infonavit...","og_url":"https:\/\/quehacerpolitico.mx\/?p=103016","article_published_time":"2023-07-21T01:14:22+00:00","article_modified_time":"2023-07-21T01:14:25+00:00","og_image":[{"width":2048,"height":1148,"url":"https:\/\/quehacerpolitico.mx\/wp-content\/uploads\/2023\/07\/photo-output-4.jpeg","type":"image\/jpeg"}],"author":"Redacci\u00f3n QP","twitter_card":"summary_large_image","twitter_misc":{"Escrito por":"Redacci\u00f3n QP","Tiempo de lectura":"3 minutos"},"schema":{"@context":"https:\/\/schema.org","@graph":[{"@type":"Article","@id":"https:\/\/quehacerpolitico.mx\/?p=103016#article","isPartOf":{"@id":"https:\/\/quehacerpolitico.mx\/?p=103016"},"author":{"name":"Redacci\u00f3n QP","@id":"https:\/\/quehacerpolitico.mx\/#\/schema\/person\/496d8ad2d1d3f8036101dca7ee39e585"},"headline":"As\u00ed ser\u00e1n las casas de Infonavit en el futuro, seg\u00fan la Inteligencia Artificial","datePublished":"2023-07-21T01:14:22+00:00","dateModified":"2023-07-21T01:14:25+00:00","mainEntityOfPage":{"@id":"https:\/\/quehacerpolitico.mx\/?p=103016"},"wordCount":679,"commentCount":0,"image":{"@id":"https:\/\/quehacerpolitico.mx\/?p=103016#primaryimage"},"thumbnailUrl":"https:\/\/quehacerpolitico.mx\/wp-content\/uploads\/2023\/07\/photo-output-4.jpeg","articleSection":["Econom\u00eda"],"inLanguage":"es","potentialAction":[{"@type":"CommentAction","name":"Comment","target":["https:\/\/quehacerpolitico.mx\/?p=103016#respond"]}]},{"@type":"WebPage","@id":"https:\/\/quehacerpolitico.mx\/?p=103016","url":"https:\/\/quehacerpolitico.mx\/?p=103016","name":"As\u00ed ser\u00e1n las casas de Infonavit en el futuro, seg\u00fan la Inteligencia Artificial -","isPartOf":{"@id":"https:\/\/quehacerpolitico.mx\/#website"},"primaryImageOfPage":{"@id":"https:\/\/quehacerpolitico.mx\/?p=103016#primaryimage"},"image":{"@id":"https:\/\/quehacerpolitico.mx\/?p=103016#primaryimage"},"thumbnailUrl":"https:\/\/quehacerpolitico.mx\/wp-content\/uploads\/2023\/07\/photo-output-4.jpeg","datePublished":"2023-07-21T01:14:22+00:00","dateModified":"2023-07-21T01:14:25+00:00","author":{"@id":"https:\/\/quehacerpolitico.mx\/#\/schema\/person\/496d8ad2d1d3f8036101dca7ee39e585"},"breadcrumb":{"@id":"https:\/\/quehacerpolitico.mx\/?p=103016#breadcrumb"},"inLanguage":"es","potentialAction":[{"@type":"ReadAction","target":["https:\/\/quehacerpolitico.mx\/?p=103016"]}]},{"@type":"ImageObject","inLanguage":"es","@id":"https:\/\/quehacerpolitico.mx\/?p=103016#primaryimage","url":"https:\/\/quehacerpolitico.mx\/wp-content\/uploads\/2023\/07\/photo-output-4.jpeg","contentUrl":"https:\/\/quehacerpolitico.mx\/wp-content\/uploads\/2023\/07\/photo-output-4.jpeg","width":2048,"height":1148},{"@type":"BreadcrumbList","@id":"https:\/\/quehacerpolitico.mx\/?p=103016#breadcrumb","itemListElement":[{"@type":"ListItem","position":1,"name":"Inicio","item":"https:\/\/quehacerpolitico.mx\/"},{"@type":"ListItem","position":2,"name":"As\u00ed ser\u00e1n las casas de Infonavit en el futuro, seg\u00fan la Inteligencia Artificial"}]},{"@type":"WebSite","@id":"https:\/\/quehacerpolitico.mx\/#website","url":"https:\/\/quehacerpolitico.mx\/","name":"","description":"","potentialAction":[{"@type":"SearchAction","target":{"@type":"EntryPoint","urlTemplate":"https:\/\/quehacerpolitico.mx\/?s={search_term_string}"},"query-input":{"@type":"PropertyValueSpecification","valueRequired":true,"valueName":"search_term_string"}}],"inLanguage":"es"},{"@type":"Person","@id":"https:\/\/quehacerpolitico.mx\/#\/schema\/person\/496d8ad2d1d3f8036101dca7ee39e585","name":"Redacci\u00f3n QP","image":{"@type":"ImageObject","inLanguage":"es","@id":"https:\/\/secure.gravatar.com\/avatar\/c7164ed6fdec453195284ad24a5ae5b6e1eed2b848477fa2a4787ba9adf39a41?s=96&d=mm&r=g","url":"https:\/\/secure.gravatar.com\/avatar\/c7164ed6fdec453195284ad24a5ae5b6e1eed2b848477fa2a4787ba9adf39a41?s=96&d=mm&r=g","contentUrl":"https:\/\/secure.gravatar.com\/avatar\/c7164ed6fdec453195284ad24a5ae5b6e1eed2b848477fa2a4787ba9adf39a41?s=96&d=mm&r=g","caption":"Redacci\u00f3n QP"},"url":"https:\/\/quehacerpolitico.mx\/?author=2"}]}},"featured_image_urls":{"full":["https:\/\/quehacerpolitico.mx\/wp-content\/uploads\/2023\/07\/photo-output-4.jpeg",2048,1148,false],"thumbnail":["https:\/\/quehacerpolitico.mx\/wp-content\/uploads\/2023\/07\/photo-output-4-150x150.jpeg",150,150,true],"medium":["https:\/\/quehacerpolitico.mx\/wp-content\/uploads\/2023\/07\/photo-output-4-300x168.jpeg",300,168,true],"medium_large":["https:\/\/quehacerpolitico.mx\/wp-content\/uploads\/2023\/07\/photo-output-4-768x431.jpeg",640,359,true],"large":["https:\/\/quehacerpolitico.mx\/wp-content\/uploads\/2023\/07\/photo-output-4-1024x574.jpeg",640,359,true],"1536x1536":["https:\/\/quehacerpolitico.mx\/wp-content\/uploads\/2023\/07\/photo-output-4-1536x861.jpeg",1536,861,true],"2048x2048":["https:\/\/quehacerpolitico.mx\/wp-content\/uploads\/2023\/07\/photo-output-4.jpeg",2048,1148,false],"covernews-featured":["https:\/\/quehacerpolitico.mx\/wp-content\/uploads\/2023\/07\/photo-output-4.jpeg",1024,574,false],"covernews-medium":["https:\/\/quehacerpolitico.mx\/wp-content\/uploads\/2023\/07\/photo-output-4.jpeg",540,303,false]},"author_info":{"display_name":"Redacci\u00f3n QP","author_link":"https:\/\/quehacerpolitico.mx\/?author=2"},"category_info":"<a href=\"https:\/\/quehacerpolitico.mx\/?cat=56\" rel=\"category\">Econom\u00eda<\/a>","tag_info":"Econom\u00eda","comment_count":"0","_links":{"self":[{"href":"https:\/\/quehacerpolitico.mx\/index.php?rest_route=\/wp\/v2\/posts\/103016","targetHints":{"allow":["GET"]}}],"collection":[{"href":"https:\/\/quehacerpolitico.mx\/index.php?rest_route=\/wp\/v2\/posts"}],"about":[{"href":"https:\/\/quehacerpolitico.mx\/index.php?rest_route=\/wp\/v2\/types\/post"}],"author":[{"embeddable":true,"href":"https:\/\/quehacerpolitico.mx\/index.php?rest_route=\/wp\/v2\/users\/2"}],"replies":[{"embeddable":true,"href":"https:\/\/quehacerpolitico.mx\/index.php?rest_route=%2Fwp%2Fv2%2Fcomments&post=103016"}],"version-history":[{"count":1,"href":"https:\/\/quehacerpolitico.mx\/index.php?rest_route=\/wp\/v2\/posts\/103016\/revisions"}],"predecessor-version":[{"id":103019,"href":"https:\/\/quehacerpolitico.mx\/index.php?rest_route=\/wp\/v2\/posts\/103016\/revisions\/103019"}],"wp:featuredmedia":[{"embeddable":true,"href":"https:\/\/quehacerpolitico.mx\/index.php?rest_route=\/wp\/v2\/media\/103018"}],"wp:attachment":[{"href":"https:\/\/quehacerpolitico.mx\/index.php?rest_route=%2Fwp%2Fv2%2Fmedia&parent=103016"}],"wp:term":[{"taxonomy":"category","embeddable":true,"href":"https:\/\/quehacerpolitico.mx\/index.php?rest_route=%2Fwp%2Fv2%2Fcategories&post=103016"},{"taxonomy":"post_tag","embeddable":true,"href":"https:\/\/quehacerpolitico.mx\/index.php?rest_route=%2Fwp%2Fv2%2Ftags&post=103016"}],"curies":[{"name":"wp","href":"https:\/\/api.w.org\/{rel}","templated":true}]}}