{"id":103006,"date":"2023-07-20T23:45:46","date_gmt":"2023-07-20T23:45:46","guid":{"rendered":"https:\/\/quehacerpolitico.mx\/?p=103006"},"modified":"2023-07-21T00:44:36","modified_gmt":"2023-07-21T00:44:36","slug":"borron-y-cuenta-nueva-de-infonavit-como-puedes-aplicar-este-beneficio","status":"publish","type":"post","link":"https:\/\/quehacerpolitico.mx\/?p=103006","title":{"rendered":"Borr\u00f3n y cuenta nueva de Infonavit c\u00f3mo puedes aplicar este beneficio"},"content":{"rendered":"\n<p>Por Redacci\u00f3n NotiExpress | La Revista del Sector Inmobiliario<\/p>\n\n\n\n<p>El Infonavit cuenta con varias opciones para quienes tienen problemas econ\u00f3micos y no pueden pagar su cr\u00e9dito hipotecario con regularidad<\/p>\n\n\n\n<p>El programa del Infonavit&nbsp;<strong>Borr\u00f3n y cuenta nueva&nbsp;<\/strong>tiene como objetivo que las personas que&nbsp;<strong>no pueden pagar su casa<\/strong>&nbsp;logren un acuerdo con la instituci\u00f3n para no afectar su historial crediticio<\/p>\n\n\n\n<p><strong>El Infonavit cuenta con varias opciones<\/strong>&nbsp;para quienes tienen problemas econ\u00f3micos y no pueden pagar su cr\u00e9dito hipotecario con regularidad.<\/p>\n\n\n\n<figure class=\"wp-block-embed is-type-video is-provider-youtube wp-block-embed-youtube wp-embed-aspect-16-9 wp-has-aspect-ratio\"><div class=\"wp-block-embed__wrapper\">\n<iframe loading=\"lazy\" title=\"\u00bfDEBES TU CR\u00c9DITO? HAZ BORR\u00d3N Y CUENTA NUEVA\" width=\"640\" height=\"360\" src=\"https:\/\/www.youtube.com\/embed\/_a1qSVvX4LQ?feature=oembed\" frameborder=\"0\" allow=\"accelerometer; autoplay; clipboard-write; encrypted-media; gyroscope; picture-in-picture; web-share\" referrerpolicy=\"strict-origin-when-cross-origin\" allowfullscreen><\/iframe>\n<\/div><\/figure>\n\n\n\n<p><strong>Si ya obtuviste tu cr\u00e9dito hipotecario<\/strong>&nbsp;a trav\u00e9s del&nbsp;Instituto del Fondo Nacional de la Vivienda para los Trabajadores (Infonavit),&nbsp;<strong>pero los \u00faltimos meses tienes problemas en tus finanzas personales<\/strong>, que te orillan a dejar de pagarlo por alg\u00fan tiempo, te tenemos noticias.<\/p>\n\n\n\n<p><strong>Cuando dejas de pagar tu cr\u00e9dito Infonavit se acumulan intereses<\/strong>&nbsp;y se afecta tu historial crediticio, con Borr\u00f3n y Cuanta Nueva los puedes sumar al total de tu deuda.<\/p>\n\n\n\n<h2 class=\"wp-block-heading\">\u00bfC\u00f3mo funciona el programa?<\/h2>\n\n\n\n<p><strong>El Infonavit te apoya al sumar las mensualidades que no pagaste al saldo de tu cr\u00e9dito<\/strong>, para que est\u00e9s al corriente de los pagos una vez que pase la mala racha econ\u00f3mica que atraviesas.<\/p>\n\n\n\n<p>De esta manera&nbsp;<strong>estar\u00e1s pagando poco a poco y el monto de tu mensualidad seguir\u00e1 siendo el mismo.<\/strong>Adem\u00e1s,&nbsp;tu cr\u00e9dito no ser\u00e1 considerado como un estatus moratorio.<\/p>\n\n\n\n<h2 class=\"wp-block-heading\">\u00bfC\u00f3mo se solicita en programa?<\/h2>\n\n\n\n<p>El programa aplica de&nbsp;<strong>forma autom\u00e1tica<\/strong>&nbsp;si:<\/p>\n\n\n\n<p><strong>Tienes empleo<\/strong>&nbsp;y has pagado al menos dos bimestres.<\/p>\n\n\n\n<p><strong>No tienes empleo,<\/strong>&nbsp;pero has realizado por tu cuenta al menos&nbsp;<strong>3 pagos continuos&nbsp;<\/strong>efectivos.<\/p>\n\n\n\n<p><strong>No tienes una reestructura<\/strong>&nbsp;vigente a tu cr\u00e9dito.<\/p>\n\n\n\n<p>Si cumples con estas condiciones,&nbsp;<strong>el Infonavit se pondr\u00e1 en contacto contigo para compartirte un aviso de regularizaci\u00f3n<\/strong>&nbsp;y as\u00ed seguir con los tr\u00e1mites correspondientes.<\/p>\n\n\n\n<figure class=\"wp-block-image size-full\"><img loading=\"lazy\" decoding=\"async\" width=\"554\" height=\"554\" src=\"https:\/\/quehacerpolitico.mx\/wp-content\/uploads\/2023\/07\/image-1.png\" alt=\"\" class=\"wp-image-103007\" srcset=\"https:\/\/quehacerpolitico.mx\/wp-content\/uploads\/2023\/07\/image-1.png 554w, https:\/\/quehacerpolitico.mx\/wp-content\/uploads\/2023\/07\/image-1-300x300.png 300w, https:\/\/quehacerpolitico.mx\/wp-content\/uploads\/2023\/07\/image-1-150x150.png 150w, https:\/\/quehacerpolitico.mx\/wp-content\/uploads\/2023\/07\/image-1-146x146.png 146w, https:\/\/quehacerpolitico.mx\/wp-content\/uploads\/2023\/07\/image-1-50x50.png 50w, https:\/\/quehacerpolitico.mx\/wp-content\/uploads\/2023\/07\/image-1-75x75.png 75w, https:\/\/quehacerpolitico.mx\/wp-content\/uploads\/2023\/07\/image-1-85x85.png 85w, https:\/\/quehacerpolitico.mx\/wp-content\/uploads\/2023\/07\/image-1-80x80.png 80w\" sizes=\"auto, (max-width: 554px) 100vw, 554px\" \/><\/figure>\n\n\n\n<p><strong>Si no cumples con las caracter\u00edsticas<\/strong>&nbsp;antes mencionadas,&nbsp;<strong>deber\u00e1s firmar un convenio<\/strong>&nbsp;para que el Infonavit te apoye.<\/p>\n\n\n\n<p><strong>Dir\u00edgete al \u00e1rea de cobranza<\/strong>&nbsp;de la delegaci\u00f3n del Infonavit que te corresponda o donde tramitaste tu cr\u00e9dito.<\/p>\n\n\n\n<p><strong>Presenta estos documentos<\/strong>:&nbsp;N\u00famero de Seguridad Social (NSS), n\u00famero de cr\u00e9dito, copia de una identificaci\u00f3n oficial y comprobante de domicilio.<\/p>\n\n\n\n<p>Tambi\u00e9n puedes consultar detalles en el sitio web&nbsp;<strong>Mi Cuenta Infonavit,<\/strong>&nbsp;en el apartado&nbsp;Apoyos y Beneficios.<\/p>\n\n\n\n<p><strong>Solicita la visita de alg\u00fan asesor<\/strong>&nbsp;certificado de cobranza, que podr\u00e1 darte la soluci\u00f3n m\u00e1s adecuada, seg\u00fan sea tu caso. Comun\u00edcate a los tel\u00e9fonos:&nbsp;<strong><a href=\"tel:55 9171 5050\">55 9171 5050<\/a>&nbsp;y&nbsp;<a href=\"tel:800 008 3900\">800 008 3900<\/a>.<\/strong><\/p>\n\n\n\n<h2 class=\"wp-block-heading\">\u00bfQu\u00e9 otras opciones tiene el Infonavit?<\/h2>\n\n\n\n<p>El Infonavit cuenta con algunas&nbsp;<strong>otras opciones que se pueden adaptar<\/strong>&nbsp;a tus circunstancias:<\/p>\n\n\n\n<p><strong>Flexipago<\/strong>&nbsp;por desempleo<\/p>\n\n\n\n<p>A trav\u00e9s de esta opci\u00f3n,&nbsp;<strong>la instituci\u00f3n te permite elegir cada mes<\/strong>&nbsp;entre las tres siguientes opciones para estabilizar la situaci\u00f3n de tu cr\u00e9dito y mantenerlo al corriente:<\/p>\n\n\n\n<p><strong>El pago mensual regular se utiliza<\/strong>&nbsp;si puedes cubrir el monto total de tu mensualidad, con ello tu cr\u00e9dito se mantiene corriente.<\/p>\n\n\n\n<p><strong>El Pago de Fondo de Protecci\u00f3n<\/strong>&nbsp;de Pago para el Desempleado&nbsp;te ayuda aportando la parte de la mensualidad que&nbsp;<strong>no puedes cubrir hasta por seis meses cada cinco a\u00f1os<\/strong>; sin embargo, solo aplica para los cr\u00e9ditos otorgados de 2009 en adelante.<\/p>\n\n\n\n<p><strong>Pr\u00f3rroga:<\/strong>&nbsp;puedes utilizar esta opci\u00f3n en caso de no poder utilizar las dos anteriores.<\/p>\n\n\n\n<figure class=\"wp-block-image size-full\"><img loading=\"lazy\" decoding=\"async\" width=\"571\" height=\"537\" src=\"https:\/\/quehacerpolitico.mx\/wp-content\/uploads\/2023\/07\/image-53.jpeg\" alt=\"\" class=\"wp-image-103008\" srcset=\"https:\/\/quehacerpolitico.mx\/wp-content\/uploads\/2023\/07\/image-53.jpeg 571w, https:\/\/quehacerpolitico.mx\/wp-content\/uploads\/2023\/07\/image-53-300x282.jpeg 300w, https:\/\/quehacerpolitico.mx\/wp-content\/uploads\/2023\/07\/image-53-155x146.jpeg 155w, https:\/\/quehacerpolitico.mx\/wp-content\/uploads\/2023\/07\/image-53-50x47.jpeg 50w, https:\/\/quehacerpolitico.mx\/wp-content\/uploads\/2023\/07\/image-53-80x75.jpeg 80w\" sizes=\"auto, (max-width: 571px) 100vw, 571px\" \/><\/figure>\n\n\n\n<h2 class=\"wp-block-heading\">Opciones del Infonavit cuando tus ingresos disminuyen<\/h2>\n\n\n\n<p><strong>Paro t\u00e9cnico<\/strong>:&nbsp;Se realiza cuando la empresa donde laboras se encuentra en paro t\u00e9cnico y&nbsp;<strong>tu cr\u00e9dito est\u00e1 al corriente y sin reestructura vigente<\/strong>, el instituto te brinda un apoyo hasta por 12 meses para reducir tus pagos en un 25 por ciento.<\/p>\n\n\n\n<p><strong>Dictamen de Capacidad de Pago:<\/strong>&nbsp;Realiza una reducci\u00f3n temporal en tu pago mensual y su determinaci\u00f3n, esta se realiza con base en tus ingresos y gastos.<\/p>\n\n\n\n<p><strong>Soluci\u00f3n a tu medida:\u00a0<\/strong>El Infonavit te permite ponerte al corriente con tu cr\u00e9dito solicitando una reestructura, en la cual\u00a0<strong>se fijar\u00e1 la cantidad que pagar\u00e1s durante 12 meses,\u00a0<\/strong>considerando tu adeudo y capacidad de pago.<\/p>\n\n\n\n<p>No se te olvide que?<\/p>\n\n\n\n<p>En\u00a0NotiExpress | La Revista del Sector Inmobiliario nos ocupamos en la difusi\u00f3n de la industria inmobiliaria generamos contenidos que te ayudar\u00e1n a mantenerte a la vanguardia en tecnolog\u00eda y en tendencias del sector inmobiliario para que puedas ofrecer el mejor servicio y generar m\u00e1s clientes.<\/p>\n\n\n\n<p>\u00c9chale una miradita a nuestra revista mensual donde encontrar\u00e1s la informaci\u00f3n precisa y oportuna con todo lo relacionado al sector inmobiliario aqu\u00ed\u00a0?<a href=\"https:\/\/issuu.com\/notiexpressmx\/docs\/notiexpress_07\">https:\/\/issuu.com\/notiexpressmx\/docs\/notiexpress_07\u00a0<\/a>\u00a0NotiExpress | La Revista del Sector Inmobiliario<\/p>\n\n\n\n<figure class=\"wp-block-image size-large\"><img loading=\"lazy\" decoding=\"async\" width=\"1024\" height=\"378\" src=\"https:\/\/quehacerpolitico.mx\/wp-content\/uploads\/2023\/07\/image-54-1024x378.jpeg\" alt=\"\" class=\"wp-image-103012\" srcset=\"https:\/\/quehacerpolitico.mx\/wp-content\/uploads\/2023\/07\/image-54-1024x378.jpeg 1024w, https:\/\/quehacerpolitico.mx\/wp-content\/uploads\/2023\/07\/image-54-300x111.jpeg 300w, https:\/\/quehacerpolitico.mx\/wp-content\/uploads\/2023\/07\/image-54-768x284.jpeg 768w, https:\/\/quehacerpolitico.mx\/wp-content\/uploads\/2023\/07\/image-54-260x96.jpeg 260w, https:\/\/quehacerpolitico.mx\/wp-content\/uploads\/2023\/07\/image-54-50x18.jpeg 50w, https:\/\/quehacerpolitico.mx\/wp-content\/uploads\/2023\/07\/image-54-150x55.jpeg 150w, https:\/\/quehacerpolitico.mx\/wp-content\/uploads\/2023\/07\/image-54.jpeg 1280w\" sizes=\"auto, (max-width: 1024px) 100vw, 1024px\" \/><\/figure>\n","protected":false},"excerpt":{"rendered":"<p>Por Redacci\u00f3n NotiExpress | La Revista del Sector Inmobiliario El Infonavit cuenta con varias opciones&#8230;<\/p>\n","protected":false},"author":2,"featured_media":103009,"comment_status":"open","ping_status":"open","sticky":false,"template":"","format":"standard","meta":{"_monsterinsights_skip_tracking":false,"_monsterinsights_sitenote_active":false,"_monsterinsights_sitenote_note":"","_monsterinsights_sitenote_category":0,"footnotes":""},"categories":[56],"tags":[],"class_list":["post-103006","post","type-post","status-publish","format-standard","has-post-thumbnail","hentry","category-economia"],"yoast_head":"<!-- This site is optimized with the Yoast SEO plugin v27.3 - https:\/\/yoast.com\/product\/yoast-seo-wordpress\/ -->\n<title>Borr\u00f3n y cuenta nueva de Infonavit c\u00f3mo puedes aplicar este beneficio -<\/title>\n<meta name=\"robots\" content=\"index, follow, max-snippet:-1, max-image-preview:large, max-video-preview:-1\" \/>\n<link rel=\"canonical\" href=\"https:\/\/quehacerpolitico.mx\/?p=103006\" \/>\n<meta property=\"og:locale\" content=\"es_MX\" \/>\n<meta property=\"og:type\" content=\"article\" \/>\n<meta property=\"og:title\" content=\"Borr\u00f3n y cuenta nueva de Infonavit c\u00f3mo puedes aplicar este beneficio -\" \/>\n<meta property=\"og:description\" content=\"Por Redacci\u00f3n NotiExpress | La Revista del Sector Inmobiliario El Infonavit cuenta con varias opciones...\" \/>\n<meta property=\"og:url\" content=\"https:\/\/quehacerpolitico.mx\/?p=103006\" \/>\n<meta property=\"article:published_time\" content=\"2023-07-20T23:45:46+00:00\" \/>\n<meta property=\"article:modified_time\" content=\"2023-07-21T00:44:36+00:00\" \/>\n<meta property=\"og:image\" content=\"https:\/\/quehacerpolitico.mx\/wp-content\/uploads\/2023\/07\/photo-output-3.jpeg\" \/>\n\t<meta property=\"og:image:width\" content=\"2048\" \/>\n\t<meta property=\"og:image:height\" content=\"1148\" \/>\n\t<meta property=\"og:image:type\" content=\"image\/jpeg\" \/>\n<meta name=\"author\" content=\"Redacci\u00f3n QP\" \/>\n<meta name=\"twitter:card\" content=\"summary_large_image\" \/>\n<meta name=\"twitter:label1\" content=\"Escrito por\" \/>\n\t<meta name=\"twitter:data1\" content=\"Redacci\u00f3n QP\" \/>\n\t<meta name=\"twitter:label2\" content=\"Tiempo de lectura\" \/>\n\t<meta name=\"twitter:data2\" content=\"4 minutos\" \/>\n<script type=\"application\/ld+json\" class=\"yoast-schema-graph\">{\"@context\":\"https:\\\/\\\/schema.org\",\"@graph\":[{\"@type\":\"Article\",\"@id\":\"https:\\\/\\\/quehacerpolitico.mx\\\/?p=103006#article\",\"isPartOf\":{\"@id\":\"https:\\\/\\\/quehacerpolitico.mx\\\/?p=103006\"},\"author\":{\"name\":\"Redacci\u00f3n QP\",\"@id\":\"https:\\\/\\\/quehacerpolitico.mx\\\/#\\\/schema\\\/person\\\/496d8ad2d1d3f8036101dca7ee39e585\"},\"headline\":\"Borr\u00f3n y cuenta nueva de Infonavit c\u00f3mo puedes aplicar este beneficio\",\"datePublished\":\"2023-07-20T23:45:46+00:00\",\"dateModified\":\"2023-07-21T00:44:36+00:00\",\"mainEntityOfPage\":{\"@id\":\"https:\\\/\\\/quehacerpolitico.mx\\\/?p=103006\"},\"wordCount\":834,\"commentCount\":0,\"image\":{\"@id\":\"https:\\\/\\\/quehacerpolitico.mx\\\/?p=103006#primaryimage\"},\"thumbnailUrl\":\"https:\\\/\\\/quehacerpolitico.mx\\\/wp-content\\\/uploads\\\/2023\\\/07\\\/photo-output-3.jpeg\",\"articleSection\":[\"Econom\u00eda\"],\"inLanguage\":\"es\",\"potentialAction\":[{\"@type\":\"CommentAction\",\"name\":\"Comment\",\"target\":[\"https:\\\/\\\/quehacerpolitico.mx\\\/?p=103006#respond\"]}]},{\"@type\":\"WebPage\",\"@id\":\"https:\\\/\\\/quehacerpolitico.mx\\\/?p=103006\",\"url\":\"https:\\\/\\\/quehacerpolitico.mx\\\/?p=103006\",\"name\":\"Borr\u00f3n y cuenta nueva de Infonavit c\u00f3mo puedes aplicar este beneficio -\",\"isPartOf\":{\"@id\":\"https:\\\/\\\/quehacerpolitico.mx\\\/#website\"},\"primaryImageOfPage\":{\"@id\":\"https:\\\/\\\/quehacerpolitico.mx\\\/?p=103006#primaryimage\"},\"image\":{\"@id\":\"https:\\\/\\\/quehacerpolitico.mx\\\/?p=103006#primaryimage\"},\"thumbnailUrl\":\"https:\\\/\\\/quehacerpolitico.mx\\\/wp-content\\\/uploads\\\/2023\\\/07\\\/photo-output-3.jpeg\",\"datePublished\":\"2023-07-20T23:45:46+00:00\",\"dateModified\":\"2023-07-21T00:44:36+00:00\",\"author\":{\"@id\":\"https:\\\/\\\/quehacerpolitico.mx\\\/#\\\/schema\\\/person\\\/496d8ad2d1d3f8036101dca7ee39e585\"},\"breadcrumb\":{\"@id\":\"https:\\\/\\\/quehacerpolitico.mx\\\/?p=103006#breadcrumb\"},\"inLanguage\":\"es\",\"potentialAction\":[{\"@type\":\"ReadAction\",\"target\":[\"https:\\\/\\\/quehacerpolitico.mx\\\/?p=103006\"]}]},{\"@type\":\"ImageObject\",\"inLanguage\":\"es\",\"@id\":\"https:\\\/\\\/quehacerpolitico.mx\\\/?p=103006#primaryimage\",\"url\":\"https:\\\/\\\/quehacerpolitico.mx\\\/wp-content\\\/uploads\\\/2023\\\/07\\\/photo-output-3.jpeg\",\"contentUrl\":\"https:\\\/\\\/quehacerpolitico.mx\\\/wp-content\\\/uploads\\\/2023\\\/07\\\/photo-output-3.jpeg\",\"width\":2048,\"height\":1148},{\"@type\":\"BreadcrumbList\",\"@id\":\"https:\\\/\\\/quehacerpolitico.mx\\\/?p=103006#breadcrumb\",\"itemListElement\":[{\"@type\":\"ListItem\",\"position\":1,\"name\":\"Inicio\",\"item\":\"https:\\\/\\\/quehacerpolitico.mx\\\/\"},{\"@type\":\"ListItem\",\"position\":2,\"name\":\"Borr\u00f3n y cuenta nueva de Infonavit c\u00f3mo puedes aplicar este beneficio\"}]},{\"@type\":\"WebSite\",\"@id\":\"https:\\\/\\\/quehacerpolitico.mx\\\/#website\",\"url\":\"https:\\\/\\\/quehacerpolitico.mx\\\/\",\"name\":\"\",\"description\":\"\",\"potentialAction\":[{\"@type\":\"SearchAction\",\"target\":{\"@type\":\"EntryPoint\",\"urlTemplate\":\"https:\\\/\\\/quehacerpolitico.mx\\\/?s={search_term_string}\"},\"query-input\":{\"@type\":\"PropertyValueSpecification\",\"valueRequired\":true,\"valueName\":\"search_term_string\"}}],\"inLanguage\":\"es\"},{\"@type\":\"Person\",\"@id\":\"https:\\\/\\\/quehacerpolitico.mx\\\/#\\\/schema\\\/person\\\/496d8ad2d1d3f8036101dca7ee39e585\",\"name\":\"Redacci\u00f3n QP\",\"image\":{\"@type\":\"ImageObject\",\"inLanguage\":\"es\",\"@id\":\"https:\\\/\\\/secure.gravatar.com\\\/avatar\\\/c7164ed6fdec453195284ad24a5ae5b6e1eed2b848477fa2a4787ba9adf39a41?s=96&d=mm&r=g\",\"url\":\"https:\\\/\\\/secure.gravatar.com\\\/avatar\\\/c7164ed6fdec453195284ad24a5ae5b6e1eed2b848477fa2a4787ba9adf39a41?s=96&d=mm&r=g\",\"contentUrl\":\"https:\\\/\\\/secure.gravatar.com\\\/avatar\\\/c7164ed6fdec453195284ad24a5ae5b6e1eed2b848477fa2a4787ba9adf39a41?s=96&d=mm&r=g\",\"caption\":\"Redacci\u00f3n QP\"},\"url\":\"https:\\\/\\\/quehacerpolitico.mx\\\/?author=2\"}]}<\/script>\n<!-- \/ Yoast SEO plugin. -->","yoast_head_json":{"title":"Borr\u00f3n y cuenta nueva de Infonavit c\u00f3mo puedes aplicar este beneficio -","robots":{"index":"index","follow":"follow","max-snippet":"max-snippet:-1","max-image-preview":"max-image-preview:large","max-video-preview":"max-video-preview:-1"},"canonical":"https:\/\/quehacerpolitico.mx\/?p=103006","og_locale":"es_MX","og_type":"article","og_title":"Borr\u00f3n y cuenta nueva de Infonavit c\u00f3mo puedes aplicar este beneficio -","og_description":"Por Redacci\u00f3n NotiExpress | La Revista del Sector Inmobiliario El Infonavit cuenta con varias opciones...","og_url":"https:\/\/quehacerpolitico.mx\/?p=103006","article_published_time":"2023-07-20T23:45:46+00:00","article_modified_time":"2023-07-21T00:44:36+00:00","og_image":[{"width":2048,"height":1148,"url":"https:\/\/quehacerpolitico.mx\/wp-content\/uploads\/2023\/07\/photo-output-3.jpeg","type":"image\/jpeg"}],"author":"Redacci\u00f3n QP","twitter_card":"summary_large_image","twitter_misc":{"Escrito por":"Redacci\u00f3n QP","Tiempo de lectura":"4 minutos"},"schema":{"@context":"https:\/\/schema.org","@graph":[{"@type":"Article","@id":"https:\/\/quehacerpolitico.mx\/?p=103006#article","isPartOf":{"@id":"https:\/\/quehacerpolitico.mx\/?p=103006"},"author":{"name":"Redacci\u00f3n QP","@id":"https:\/\/quehacerpolitico.mx\/#\/schema\/person\/496d8ad2d1d3f8036101dca7ee39e585"},"headline":"Borr\u00f3n y cuenta nueva de Infonavit c\u00f3mo puedes aplicar este beneficio","datePublished":"2023-07-20T23:45:46+00:00","dateModified":"2023-07-21T00:44:36+00:00","mainEntityOfPage":{"@id":"https:\/\/quehacerpolitico.mx\/?p=103006"},"wordCount":834,"commentCount":0,"image":{"@id":"https:\/\/quehacerpolitico.mx\/?p=103006#primaryimage"},"thumbnailUrl":"https:\/\/quehacerpolitico.mx\/wp-content\/uploads\/2023\/07\/photo-output-3.jpeg","articleSection":["Econom\u00eda"],"inLanguage":"es","potentialAction":[{"@type":"CommentAction","name":"Comment","target":["https:\/\/quehacerpolitico.mx\/?p=103006#respond"]}]},{"@type":"WebPage","@id":"https:\/\/quehacerpolitico.mx\/?p=103006","url":"https:\/\/quehacerpolitico.mx\/?p=103006","name":"Borr\u00f3n y cuenta nueva de Infonavit c\u00f3mo puedes aplicar este beneficio -","isPartOf":{"@id":"https:\/\/quehacerpolitico.mx\/#website"},"primaryImageOfPage":{"@id":"https:\/\/quehacerpolitico.mx\/?p=103006#primaryimage"},"image":{"@id":"https:\/\/quehacerpolitico.mx\/?p=103006#primaryimage"},"thumbnailUrl":"https:\/\/quehacerpolitico.mx\/wp-content\/uploads\/2023\/07\/photo-output-3.jpeg","datePublished":"2023-07-20T23:45:46+00:00","dateModified":"2023-07-21T00:44:36+00:00","author":{"@id":"https:\/\/quehacerpolitico.mx\/#\/schema\/person\/496d8ad2d1d3f8036101dca7ee39e585"},"breadcrumb":{"@id":"https:\/\/quehacerpolitico.mx\/?p=103006#breadcrumb"},"inLanguage":"es","potentialAction":[{"@type":"ReadAction","target":["https:\/\/quehacerpolitico.mx\/?p=103006"]}]},{"@type":"ImageObject","inLanguage":"es","@id":"https:\/\/quehacerpolitico.mx\/?p=103006#primaryimage","url":"https:\/\/quehacerpolitico.mx\/wp-content\/uploads\/2023\/07\/photo-output-3.jpeg","contentUrl":"https:\/\/quehacerpolitico.mx\/wp-content\/uploads\/2023\/07\/photo-output-3.jpeg","width":2048,"height":1148},{"@type":"BreadcrumbList","@id":"https:\/\/quehacerpolitico.mx\/?p=103006#breadcrumb","itemListElement":[{"@type":"ListItem","position":1,"name":"Inicio","item":"https:\/\/quehacerpolitico.mx\/"},{"@type":"ListItem","position":2,"name":"Borr\u00f3n y cuenta nueva de Infonavit c\u00f3mo puedes aplicar este beneficio"}]},{"@type":"WebSite","@id":"https:\/\/quehacerpolitico.mx\/#website","url":"https:\/\/quehacerpolitico.mx\/","name":"","description":"","potentialAction":[{"@type":"SearchAction","target":{"@type":"EntryPoint","urlTemplate":"https:\/\/quehacerpolitico.mx\/?s={search_term_string}"},"query-input":{"@type":"PropertyValueSpecification","valueRequired":true,"valueName":"search_term_string"}}],"inLanguage":"es"},{"@type":"Person","@id":"https:\/\/quehacerpolitico.mx\/#\/schema\/person\/496d8ad2d1d3f8036101dca7ee39e585","name":"Redacci\u00f3n QP","image":{"@type":"ImageObject","inLanguage":"es","@id":"https:\/\/secure.gravatar.com\/avatar\/c7164ed6fdec453195284ad24a5ae5b6e1eed2b848477fa2a4787ba9adf39a41?s=96&d=mm&r=g","url":"https:\/\/secure.gravatar.com\/avatar\/c7164ed6fdec453195284ad24a5ae5b6e1eed2b848477fa2a4787ba9adf39a41?s=96&d=mm&r=g","contentUrl":"https:\/\/secure.gravatar.com\/avatar\/c7164ed6fdec453195284ad24a5ae5b6e1eed2b848477fa2a4787ba9adf39a41?s=96&d=mm&r=g","caption":"Redacci\u00f3n QP"},"url":"https:\/\/quehacerpolitico.mx\/?author=2"}]}},"featured_image_urls":{"full":["https:\/\/quehacerpolitico.mx\/wp-content\/uploads\/2023\/07\/photo-output-3.jpeg",2048,1148,false],"thumbnail":["https:\/\/quehacerpolitico.mx\/wp-content\/uploads\/2023\/07\/photo-output-3-150x150.jpeg",150,150,true],"medium":["https:\/\/quehacerpolitico.mx\/wp-content\/uploads\/2023\/07\/photo-output-3-300x168.jpeg",300,168,true],"medium_large":["https:\/\/quehacerpolitico.mx\/wp-content\/uploads\/2023\/07\/photo-output-3-768x431.jpeg",640,359,true],"large":["https:\/\/quehacerpolitico.mx\/wp-content\/uploads\/2023\/07\/photo-output-3-1024x574.jpeg",640,359,true],"1536x1536":["https:\/\/quehacerpolitico.mx\/wp-content\/uploads\/2023\/07\/photo-output-3-1536x861.jpeg",1536,861,true],"2048x2048":["https:\/\/quehacerpolitico.mx\/wp-content\/uploads\/2023\/07\/photo-output-3.jpeg",2048,1148,false],"covernews-featured":["https:\/\/quehacerpolitico.mx\/wp-content\/uploads\/2023\/07\/photo-output-3.jpeg",1024,574,false],"covernews-medium":["https:\/\/quehacerpolitico.mx\/wp-content\/uploads\/2023\/07\/photo-output-3.jpeg",540,303,false]},"author_info":{"display_name":"Redacci\u00f3n QP","author_link":"https:\/\/quehacerpolitico.mx\/?author=2"},"category_info":"<a href=\"https:\/\/quehacerpolitico.mx\/?cat=56\" rel=\"category\">Econom\u00eda<\/a>","tag_info":"Econom\u00eda","comment_count":"0","_links":{"self":[{"href":"https:\/\/quehacerpolitico.mx\/index.php?rest_route=\/wp\/v2\/posts\/103006","targetHints":{"allow":["GET"]}}],"collection":[{"href":"https:\/\/quehacerpolitico.mx\/index.php?rest_route=\/wp\/v2\/posts"}],"about":[{"href":"https:\/\/quehacerpolitico.mx\/index.php?rest_route=\/wp\/v2\/types\/post"}],"author":[{"embeddable":true,"href":"https:\/\/quehacerpolitico.mx\/index.php?rest_route=\/wp\/v2\/users\/2"}],"replies":[{"embeddable":true,"href":"https:\/\/quehacerpolitico.mx\/index.php?rest_route=%2Fwp%2Fv2%2Fcomments&post=103006"}],"version-history":[{"count":2,"href":"https:\/\/quehacerpolitico.mx\/index.php?rest_route=\/wp\/v2\/posts\/103006\/revisions"}],"predecessor-version":[{"id":103013,"href":"https:\/\/quehacerpolitico.mx\/index.php?rest_route=\/wp\/v2\/posts\/103006\/revisions\/103013"}],"wp:featuredmedia":[{"embeddable":true,"href":"https:\/\/quehacerpolitico.mx\/index.php?rest_route=\/wp\/v2\/media\/103009"}],"wp:attachment":[{"href":"https:\/\/quehacerpolitico.mx\/index.php?rest_route=%2Fwp%2Fv2%2Fmedia&parent=103006"}],"wp:term":[{"taxonomy":"category","embeddable":true,"href":"https:\/\/quehacerpolitico.mx\/index.php?rest_route=%2Fwp%2Fv2%2Fcategories&post=103006"},{"taxonomy":"post_tag","embeddable":true,"href":"https:\/\/quehacerpolitico.mx\/index.php?rest_route=%2Fwp%2Fv2%2Ftags&post=103006"}],"curies":[{"name":"wp","href":"https:\/\/api.w.org\/{rel}","templated":true}]}}