{"id":103002,"date":"2023-07-20T23:22:12","date_gmt":"2023-07-20T23:22:12","guid":{"rendered":"https:\/\/quehacerpolitico.mx\/?p=103002"},"modified":"2023-07-21T00:58:33","modified_gmt":"2023-07-21T00:58:33","slug":"trasladan-a-penales-mexiquenses-a-padres-que-agredieron-a-maestra-de-kinder","status":"publish","type":"post","link":"https:\/\/quehacerpolitico.mx\/?p=103002","title":{"rendered":"Trasladan a penales mexiquenses a padres que agredieron a maestra de k\u00ednder"},"content":{"rendered":"\n<p>Por Redacci\u00f3n QP<\/p>\n\n\n\n<p>La pareja primero fue llevada al Centro de Justicia para las Mujeres en Cuautitl\u00e1n Izcalli presuntamente para una certificaci\u00f3n m\u00e9dica<\/p>\n\n\n\n<figure class=\"wp-block-embed is-type-rich is-provider-twitter wp-block-embed-twitter\"><div class=\"wp-block-embed__wrapper\">\nhttps:\/\/twitter.com\/c4jimenez\/status\/1682173724718399488?s=46&#038;t=pyttrToxhaPYSt_hljQQ_g\n<\/div><\/figure>\n\n\n\n<p><strong>La pareja de padres<\/strong>, Jes\u00fas y Laura, que fue&nbsp;captada&nbsp;en un video&nbsp;<strong>golpeando a una profesora dentro de la escuela Frida Kalho<\/strong>, fueron trasladados esta tarde a penales mexiquenses.<\/p>\n\n\n\n<figure class=\"wp-block-embed is-type-rich is-provider-twitter wp-block-embed-twitter\"><div class=\"wp-block-embed__wrapper\">\n<blockquote class=\"twitter-tweet\" data-width=\"550\" data-dnt=\"true\"><p lang=\"es\" dir=\"ltr\">\u201cY h\u00e1blale a quien quieras\u201d, dice padre de menor a maestra, tras agredirla. <br><br>Ocurri\u00f3 en la escuela Frida Kahlo, en el municipio de Cuautitl\u00e1n Izcalli, donde los padres de un menor, ingresaron al plantel y frente a \u00e9l golpearon a la docente, quien adem\u00e1s asegur\u00f3 que el sujeto\u2026 <a href=\"https:\/\/t.co\/7NUUVz95m7\">pic.twitter.com\/7NUUVz95m7<\/a><\/p>&mdash; JORGE BECERRIL JB\/8 (@MrElDiablo8) <a href=\"https:\/\/twitter.com\/MrElDiablo8\/status\/1681321537398272001?ref_src=twsrc%5Etfw\">July 18, 2023<\/a><\/blockquote><script async src=\"https:\/\/platform.twitter.com\/widgets.js\" charset=\"utf-8\"><\/script>\n<\/div><\/figure>\n\n\n\n<p>La pareja sali\u00f3 a las 3 de la tarde&nbsp;<strong>en medio de un fuerte dispositivo<\/strong>&nbsp;de vigilancia&nbsp;del Centro de Justicia de Cuautitl\u00e1n Izcalli, donde permaneci\u00f3 48 horas.<\/p>\n\n\n\n<p><strong>Jes\u00fas fue trasladado al penal de Cuautitl\u00e1n<\/strong>&nbsp;y&nbsp;<strong>Laura<\/strong>&nbsp;presumiblemente&nbsp;<strong>a Barrientos en Tlalnepantla,<\/strong>&nbsp;toda vez que en Cuautitl\u00e1n no hay anexo femenil.<\/p>\n\n\n\n<figure class=\"wp-block-embed is-type-rich is-provider-twitter wp-block-embed-twitter\"><div class=\"wp-block-embed__wrapper\">\n<blockquote class=\"twitter-tweet\" data-width=\"550\" data-dnt=\"true\"><p lang=\"es\" dir=\"ltr\"><a href=\"https:\/\/twitter.com\/hashtag\/IMPORTANTE?src=hash&amp;ref_src=twsrc%5Etfw\">#IMPORTANTE<\/a> | Trasladan al penal de <a href=\"https:\/\/twitter.com\/hashtag\/CuautitlanIzcalli?src=hash&amp;ref_src=twsrc%5Etfw\">#CuautitlanIzcalli<\/a>, en el <a href=\"https:\/\/twitter.com\/hashtag\/Edomex?src=hash&amp;ref_src=twsrc%5Etfw\">#Edomex<\/a>, a los padres que agredieron a una maestra y una empleada de cocina en un k\u00ednder de dicho municipio. <a href=\"https:\/\/t.co\/WInTYU0gBD\">pic.twitter.com\/WInTYU0gBD<\/a><\/p>&mdash; Fuerza Informativa Azteca (@AztecaNoticias) <a href=\"https:\/\/twitter.com\/AztecaNoticias\/status\/1682149736709599234?ref_src=twsrc%5Etfw\">July 20, 2023<\/a><\/blockquote><script async src=\"https:\/\/platform.twitter.com\/widgets.js\" charset=\"utf-8\"><\/script>\n<\/div><\/figure>\n\n\n\n<p><strong>En este caso, hasta este jueves la Fiscal\u00eda<\/strong>mexiquense no ha emitido informaci\u00f3n oficial sobre el delito que se le imputa a la pareja, que puede ser&nbsp;<strong>lesiones, amenazas y o tentativa de homicidio.<\/strong><\/p>\n\n\n\n<p><strong>La pareja de padres de familia<\/strong>&nbsp;ingres\u00f3 a la escuela privada ubicada en Lomas de Cuautitl\u00e1n, en hechos captados por una c\u00e1mara de seguridad,&nbsp;<strong>donde se observa y escucha c\u00f3mo golpean y amenazan a la maestra<\/strong>&nbsp;y a una empleada, a las 9:41 de la ma\u00f1ana del lunes 17 de julio.<\/p>\n\n\n\n<p><strong>&#8220;Me hincaron y me hicieron pedirle perd\u00f3n a su hijo de rodillas&#8221;<\/strong>, mientras el ni\u00f1o re\u00eda, relat\u00f3 la profesora luego de denunciar la agresi\u00f3n ante el Ministerio P\u00fablico de la Fiscal\u00eda General de Justicia del Estado de M\u00e9xico, con sede en Cuautitl\u00e1n Izcalli.<\/p>\n\n\n\n<p><strong>Una empleada de la cocina sali\u00f3 al o\u00edr los gritos de auxilio de la maestra<\/strong>, pero tambi\u00e9n fue enca\u00f1onada con un arma por el padre del ni\u00f1o, quien adem\u00e1s le exigi\u00f3 le diera su celular.<\/p>\n\n\n\n<p>Los&nbsp;<strong>padres de familia reclamaban&nbsp;<\/strong>que su hijo hab\u00eda sido agredido.<\/p>\n\n\n\n<figure class=\"wp-block-embed is-type-rich is-provider-twitter wp-block-embed-twitter\"><div class=\"wp-block-embed__wrapper\">\n<blockquote class=\"twitter-tweet\" data-width=\"550\" data-dnt=\"true\"><p lang=\"es\" dir=\"ltr\">Laura &quot;N&quot;, madre agresora de la maestra de kinder en Cuautitl\u00e1n Izcalli ser\u00e1 trasladada al penal de Barrientos, se\u00f1alada junto con su esposo, por su probable intervenci\u00f3n en el delito de extorsi\u00f3n<a href=\"https:\/\/twitter.com\/hashtag\/Video?src=hash&amp;ref_src=twsrc%5Etfw\">#Video<\/a>: Atenea Campuzano &#8211; El Universal <a href=\"https:\/\/t.co\/F1SZiLwn3X\">pic.twitter.com\/F1SZiLwn3X<\/a><\/p>&mdash; El Universal (@El_Universal_Mx) <a href=\"https:\/\/twitter.com\/El_Universal_Mx\/status\/1682169136183377920?ref_src=twsrc%5Etfw\">July 20, 2023<\/a><\/blockquote><script async src=\"https:\/\/platform.twitter.com\/widgets.js\" charset=\"utf-8\"><\/script>\n<\/div><\/figure>\n\n\n\n<figure class=\"wp-block-embed is-type-rich is-provider-twitter wp-block-embed-twitter\"><div class=\"wp-block-embed__wrapper\">\nhttps:\/\/twitter.com\/fernandocruzfr7\/status\/1682145718151286784?s=46&#038;t=pyttrToxhaPYSt_hljQQ_g\n<\/div><\/figure>\n\n\n\n<p>La Fiscal\u00eda del EdoMex est\u00e1 averiguando ya que en su tel\u00e9fono celular del sujeto encontraron videos que incriminan al padre agresor donde se ve a un joven secuestrado<\/p>\n\n\n\n<figure class=\"wp-block-embed is-type-rich is-provider-twitter wp-block-embed-twitter\"><div class=\"wp-block-embed__wrapper\">\nhttps:\/\/twitter.com\/c4jimenez\/status\/1682185053818765313?s=46&#038;t=pyttrToxhaPYSt_hljQQ_g\n<\/div><\/figure>\n\n\n\n<p>Hasta beneficiado con una beca Benito Ju\u00e1rez ten\u00eda este sujeto<\/p>\n\n\n\n<figure class=\"wp-block-embed is-type-rich is-provider-twitter wp-block-embed-twitter\"><div class=\"wp-block-embed__wrapper\">\n<blockquote class=\"twitter-tweet\" data-width=\"550\" data-dnt=\"true\"><p lang=\"es\" dir=\"ltr\">Jes\u00fas Adid, el pap\u00e1 que enca\u00f1on\u00f3 a una maestra en Cuautitl\u00e1n Izcalli, era beneficiario de una beca Benito Ju\u00e1rez. <a href=\"https:\/\/t.co\/26KkDNP9U4\">pic.twitter.com\/26KkDNP9U4<\/a><\/p>&mdash; Le\u00f3n Economista (@LeonEconomista) <a href=\"https:\/\/twitter.com\/LeonEconomista\/status\/1682066993736826886?ref_src=twsrc%5Etfw\">July 20, 2023<\/a><\/blockquote><script async src=\"https:\/\/platform.twitter.com\/widgets.js\" charset=\"utf-8\"><\/script>\n<\/div><\/figure>\n","protected":false},"excerpt":{"rendered":"<p>Por Redacci\u00f3n QP La pareja primero fue llevada al Centro de Justicia para las Mujeres&#8230;<\/p>\n","protected":false},"author":2,"featured_media":103003,"comment_status":"open","ping_status":"open","sticky":false,"template":"","format":"standard","meta":{"_monsterinsights_skip_tracking":false,"_monsterinsights_sitenote_active":false,"_monsterinsights_sitenote_note":"","_monsterinsights_sitenote_category":0,"footnotes":""},"categories":[2],"tags":[],"class_list":["post-103002","post","type-post","status-publish","format-standard","has-post-thumbnail","hentry","category-noticias"],"yoast_head":"<!-- This site is optimized with the Yoast SEO plugin v27.3 - https:\/\/yoast.com\/product\/yoast-seo-wordpress\/ -->\n<title>Trasladan a penales mexiquenses a padres que agredieron a maestra de k\u00ednder -<\/title>\n<meta name=\"robots\" content=\"index, follow, max-snippet:-1, max-image-preview:large, max-video-preview:-1\" \/>\n<link rel=\"canonical\" href=\"https:\/\/quehacerpolitico.mx\/?p=103002\" \/>\n<meta property=\"og:locale\" content=\"es_MX\" \/>\n<meta property=\"og:type\" content=\"article\" \/>\n<meta property=\"og:title\" content=\"Trasladan a penales mexiquenses a padres que agredieron a maestra de k\u00ednder -\" \/>\n<meta property=\"og:description\" content=\"Por Redacci\u00f3n QP La pareja primero fue llevada al Centro de Justicia para las Mujeres...\" \/>\n<meta property=\"og:url\" content=\"https:\/\/quehacerpolitico.mx\/?p=103002\" \/>\n<meta property=\"article:published_time\" content=\"2023-07-20T23:22:12+00:00\" \/>\n<meta property=\"article:modified_time\" content=\"2023-07-21T00:58:33+00:00\" \/>\n<meta property=\"og:image\" content=\"https:\/\/quehacerpolitico.mx\/wp-content\/uploads\/2023\/07\/IMG_9149.jpeg\" \/>\n\t<meta property=\"og:image:width\" content=\"762\" \/>\n\t<meta property=\"og:image:height\" content=\"589\" \/>\n\t<meta property=\"og:image:type\" content=\"image\/jpeg\" \/>\n<meta name=\"author\" content=\"Redacci\u00f3n QP\" \/>\n<meta name=\"twitter:card\" content=\"summary_large_image\" \/>\n<meta name=\"twitter:label1\" content=\"Escrito por\" \/>\n\t<meta name=\"twitter:data1\" content=\"Redacci\u00f3n QP\" \/>\n\t<meta name=\"twitter:label2\" content=\"Tiempo de lectura\" \/>\n\t<meta name=\"twitter:data2\" content=\"2 minutos\" \/>\n<script type=\"application\/ld+json\" class=\"yoast-schema-graph\">{\"@context\":\"https:\\\/\\\/schema.org\",\"@graph\":[{\"@type\":\"Article\",\"@id\":\"https:\\\/\\\/quehacerpolitico.mx\\\/?p=103002#article\",\"isPartOf\":{\"@id\":\"https:\\\/\\\/quehacerpolitico.mx\\\/?p=103002\"},\"author\":{\"name\":\"Redacci\u00f3n QP\",\"@id\":\"https:\\\/\\\/quehacerpolitico.mx\\\/#\\\/schema\\\/person\\\/496d8ad2d1d3f8036101dca7ee39e585\"},\"headline\":\"Trasladan a penales mexiquenses a padres que agredieron a maestra de k\u00ednder\",\"datePublished\":\"2023-07-20T23:22:12+00:00\",\"dateModified\":\"2023-07-21T00:58:33+00:00\",\"mainEntityOfPage\":{\"@id\":\"https:\\\/\\\/quehacerpolitico.mx\\\/?p=103002\"},\"wordCount\":455,\"commentCount\":0,\"image\":{\"@id\":\"https:\\\/\\\/quehacerpolitico.mx\\\/?p=103002#primaryimage\"},\"thumbnailUrl\":\"https:\\\/\\\/quehacerpolitico.mx\\\/wp-content\\\/uploads\\\/2023\\\/07\\\/IMG_9149.jpeg\",\"articleSection\":[\"Noticias\"],\"inLanguage\":\"es\",\"potentialAction\":[{\"@type\":\"CommentAction\",\"name\":\"Comment\",\"target\":[\"https:\\\/\\\/quehacerpolitico.mx\\\/?p=103002#respond\"]}]},{\"@type\":\"WebPage\",\"@id\":\"https:\\\/\\\/quehacerpolitico.mx\\\/?p=103002\",\"url\":\"https:\\\/\\\/quehacerpolitico.mx\\\/?p=103002\",\"name\":\"Trasladan a penales mexiquenses a padres que agredieron a maestra de k\u00ednder -\",\"isPartOf\":{\"@id\":\"https:\\\/\\\/quehacerpolitico.mx\\\/#website\"},\"primaryImageOfPage\":{\"@id\":\"https:\\\/\\\/quehacerpolitico.mx\\\/?p=103002#primaryimage\"},\"image\":{\"@id\":\"https:\\\/\\\/quehacerpolitico.mx\\\/?p=103002#primaryimage\"},\"thumbnailUrl\":\"https:\\\/\\\/quehacerpolitico.mx\\\/wp-content\\\/uploads\\\/2023\\\/07\\\/IMG_9149.jpeg\",\"datePublished\":\"2023-07-20T23:22:12+00:00\",\"dateModified\":\"2023-07-21T00:58:33+00:00\",\"author\":{\"@id\":\"https:\\\/\\\/quehacerpolitico.mx\\\/#\\\/schema\\\/person\\\/496d8ad2d1d3f8036101dca7ee39e585\"},\"breadcrumb\":{\"@id\":\"https:\\\/\\\/quehacerpolitico.mx\\\/?p=103002#breadcrumb\"},\"inLanguage\":\"es\",\"potentialAction\":[{\"@type\":\"ReadAction\",\"target\":[\"https:\\\/\\\/quehacerpolitico.mx\\\/?p=103002\"]}]},{\"@type\":\"ImageObject\",\"inLanguage\":\"es\",\"@id\":\"https:\\\/\\\/quehacerpolitico.mx\\\/?p=103002#primaryimage\",\"url\":\"https:\\\/\\\/quehacerpolitico.mx\\\/wp-content\\\/uploads\\\/2023\\\/07\\\/IMG_9149.jpeg\",\"contentUrl\":\"https:\\\/\\\/quehacerpolitico.mx\\\/wp-content\\\/uploads\\\/2023\\\/07\\\/IMG_9149.jpeg\",\"width\":762,\"height\":589},{\"@type\":\"BreadcrumbList\",\"@id\":\"https:\\\/\\\/quehacerpolitico.mx\\\/?p=103002#breadcrumb\",\"itemListElement\":[{\"@type\":\"ListItem\",\"position\":1,\"name\":\"Inicio\",\"item\":\"https:\\\/\\\/quehacerpolitico.mx\\\/\"},{\"@type\":\"ListItem\",\"position\":2,\"name\":\"Trasladan a penales mexiquenses a padres que agredieron a maestra de k\u00ednder\"}]},{\"@type\":\"WebSite\",\"@id\":\"https:\\\/\\\/quehacerpolitico.mx\\\/#website\",\"url\":\"https:\\\/\\\/quehacerpolitico.mx\\\/\",\"name\":\"\",\"description\":\"\",\"potentialAction\":[{\"@type\":\"SearchAction\",\"target\":{\"@type\":\"EntryPoint\",\"urlTemplate\":\"https:\\\/\\\/quehacerpolitico.mx\\\/?s={search_term_string}\"},\"query-input\":{\"@type\":\"PropertyValueSpecification\",\"valueRequired\":true,\"valueName\":\"search_term_string\"}}],\"inLanguage\":\"es\"},{\"@type\":\"Person\",\"@id\":\"https:\\\/\\\/quehacerpolitico.mx\\\/#\\\/schema\\\/person\\\/496d8ad2d1d3f8036101dca7ee39e585\",\"name\":\"Redacci\u00f3n QP\",\"image\":{\"@type\":\"ImageObject\",\"inLanguage\":\"es\",\"@id\":\"https:\\\/\\\/secure.gravatar.com\\\/avatar\\\/c7164ed6fdec453195284ad24a5ae5b6e1eed2b848477fa2a4787ba9adf39a41?s=96&d=mm&r=g\",\"url\":\"https:\\\/\\\/secure.gravatar.com\\\/avatar\\\/c7164ed6fdec453195284ad24a5ae5b6e1eed2b848477fa2a4787ba9adf39a41?s=96&d=mm&r=g\",\"contentUrl\":\"https:\\\/\\\/secure.gravatar.com\\\/avatar\\\/c7164ed6fdec453195284ad24a5ae5b6e1eed2b848477fa2a4787ba9adf39a41?s=96&d=mm&r=g\",\"caption\":\"Redacci\u00f3n QP\"},\"url\":\"https:\\\/\\\/quehacerpolitico.mx\\\/?author=2\"}]}<\/script>\n<!-- \/ Yoast SEO plugin. -->","yoast_head_json":{"title":"Trasladan a penales mexiquenses a padres que agredieron a maestra de k\u00ednder -","robots":{"index":"index","follow":"follow","max-snippet":"max-snippet:-1","max-image-preview":"max-image-preview:large","max-video-preview":"max-video-preview:-1"},"canonical":"https:\/\/quehacerpolitico.mx\/?p=103002","og_locale":"es_MX","og_type":"article","og_title":"Trasladan a penales mexiquenses a padres que agredieron a maestra de k\u00ednder -","og_description":"Por Redacci\u00f3n QP La pareja primero fue llevada al Centro de Justicia para las Mujeres...","og_url":"https:\/\/quehacerpolitico.mx\/?p=103002","article_published_time":"2023-07-20T23:22:12+00:00","article_modified_time":"2023-07-21T00:58:33+00:00","og_image":[{"width":762,"height":589,"url":"https:\/\/quehacerpolitico.mx\/wp-content\/uploads\/2023\/07\/IMG_9149.jpeg","type":"image\/jpeg"}],"author":"Redacci\u00f3n QP","twitter_card":"summary_large_image","twitter_misc":{"Escrito por":"Redacci\u00f3n QP","Tiempo de lectura":"2 minutos"},"schema":{"@context":"https:\/\/schema.org","@graph":[{"@type":"Article","@id":"https:\/\/quehacerpolitico.mx\/?p=103002#article","isPartOf":{"@id":"https:\/\/quehacerpolitico.mx\/?p=103002"},"author":{"name":"Redacci\u00f3n QP","@id":"https:\/\/quehacerpolitico.mx\/#\/schema\/person\/496d8ad2d1d3f8036101dca7ee39e585"},"headline":"Trasladan a penales mexiquenses a padres que agredieron a maestra de k\u00ednder","datePublished":"2023-07-20T23:22:12+00:00","dateModified":"2023-07-21T00:58:33+00:00","mainEntityOfPage":{"@id":"https:\/\/quehacerpolitico.mx\/?p=103002"},"wordCount":455,"commentCount":0,"image":{"@id":"https:\/\/quehacerpolitico.mx\/?p=103002#primaryimage"},"thumbnailUrl":"https:\/\/quehacerpolitico.mx\/wp-content\/uploads\/2023\/07\/IMG_9149.jpeg","articleSection":["Noticias"],"inLanguage":"es","potentialAction":[{"@type":"CommentAction","name":"Comment","target":["https:\/\/quehacerpolitico.mx\/?p=103002#respond"]}]},{"@type":"WebPage","@id":"https:\/\/quehacerpolitico.mx\/?p=103002","url":"https:\/\/quehacerpolitico.mx\/?p=103002","name":"Trasladan a penales mexiquenses a padres que agredieron a maestra de k\u00ednder -","isPartOf":{"@id":"https:\/\/quehacerpolitico.mx\/#website"},"primaryImageOfPage":{"@id":"https:\/\/quehacerpolitico.mx\/?p=103002#primaryimage"},"image":{"@id":"https:\/\/quehacerpolitico.mx\/?p=103002#primaryimage"},"thumbnailUrl":"https:\/\/quehacerpolitico.mx\/wp-content\/uploads\/2023\/07\/IMG_9149.jpeg","datePublished":"2023-07-20T23:22:12+00:00","dateModified":"2023-07-21T00:58:33+00:00","author":{"@id":"https:\/\/quehacerpolitico.mx\/#\/schema\/person\/496d8ad2d1d3f8036101dca7ee39e585"},"breadcrumb":{"@id":"https:\/\/quehacerpolitico.mx\/?p=103002#breadcrumb"},"inLanguage":"es","potentialAction":[{"@type":"ReadAction","target":["https:\/\/quehacerpolitico.mx\/?p=103002"]}]},{"@type":"ImageObject","inLanguage":"es","@id":"https:\/\/quehacerpolitico.mx\/?p=103002#primaryimage","url":"https:\/\/quehacerpolitico.mx\/wp-content\/uploads\/2023\/07\/IMG_9149.jpeg","contentUrl":"https:\/\/quehacerpolitico.mx\/wp-content\/uploads\/2023\/07\/IMG_9149.jpeg","width":762,"height":589},{"@type":"BreadcrumbList","@id":"https:\/\/quehacerpolitico.mx\/?p=103002#breadcrumb","itemListElement":[{"@type":"ListItem","position":1,"name":"Inicio","item":"https:\/\/quehacerpolitico.mx\/"},{"@type":"ListItem","position":2,"name":"Trasladan a penales mexiquenses a padres que agredieron a maestra de k\u00ednder"}]},{"@type":"WebSite","@id":"https:\/\/quehacerpolitico.mx\/#website","url":"https:\/\/quehacerpolitico.mx\/","name":"","description":"","potentialAction":[{"@type":"SearchAction","target":{"@type":"EntryPoint","urlTemplate":"https:\/\/quehacerpolitico.mx\/?s={search_term_string}"},"query-input":{"@type":"PropertyValueSpecification","valueRequired":true,"valueName":"search_term_string"}}],"inLanguage":"es"},{"@type":"Person","@id":"https:\/\/quehacerpolitico.mx\/#\/schema\/person\/496d8ad2d1d3f8036101dca7ee39e585","name":"Redacci\u00f3n QP","image":{"@type":"ImageObject","inLanguage":"es","@id":"https:\/\/secure.gravatar.com\/avatar\/c7164ed6fdec453195284ad24a5ae5b6e1eed2b848477fa2a4787ba9adf39a41?s=96&d=mm&r=g","url":"https:\/\/secure.gravatar.com\/avatar\/c7164ed6fdec453195284ad24a5ae5b6e1eed2b848477fa2a4787ba9adf39a41?s=96&d=mm&r=g","contentUrl":"https:\/\/secure.gravatar.com\/avatar\/c7164ed6fdec453195284ad24a5ae5b6e1eed2b848477fa2a4787ba9adf39a41?s=96&d=mm&r=g","caption":"Redacci\u00f3n QP"},"url":"https:\/\/quehacerpolitico.mx\/?author=2"}]}},"featured_image_urls":{"full":["https:\/\/quehacerpolitico.mx\/wp-content\/uploads\/2023\/07\/IMG_9149.jpeg",762,589,false],"thumbnail":["https:\/\/quehacerpolitico.mx\/wp-content\/uploads\/2023\/07\/IMG_9149-150x150.jpeg",150,150,true],"medium":["https:\/\/quehacerpolitico.mx\/wp-content\/uploads\/2023\/07\/IMG_9149-300x232.jpeg",300,232,true],"medium_large":["https:\/\/quehacerpolitico.mx\/wp-content\/uploads\/2023\/07\/IMG_9149.jpeg",640,495,false],"large":["https:\/\/quehacerpolitico.mx\/wp-content\/uploads\/2023\/07\/IMG_9149.jpeg",640,495,false],"1536x1536":["https:\/\/quehacerpolitico.mx\/wp-content\/uploads\/2023\/07\/IMG_9149.jpeg",762,589,false],"2048x2048":["https:\/\/quehacerpolitico.mx\/wp-content\/uploads\/2023\/07\/IMG_9149.jpeg",762,589,false],"covernews-featured":["https:\/\/quehacerpolitico.mx\/wp-content\/uploads\/2023\/07\/IMG_9149.jpeg",762,589,false],"covernews-medium":["https:\/\/quehacerpolitico.mx\/wp-content\/uploads\/2023\/07\/IMG_9149.jpeg",440,340,false]},"author_info":{"display_name":"Redacci\u00f3n QP","author_link":"https:\/\/quehacerpolitico.mx\/?author=2"},"category_info":"<a href=\"https:\/\/quehacerpolitico.mx\/?cat=2\" rel=\"category\">Noticias<\/a>","tag_info":"Noticias","comment_count":"0","_links":{"self":[{"href":"https:\/\/quehacerpolitico.mx\/index.php?rest_route=\/wp\/v2\/posts\/103002","targetHints":{"allow":["GET"]}}],"collection":[{"href":"https:\/\/quehacerpolitico.mx\/index.php?rest_route=\/wp\/v2\/posts"}],"about":[{"href":"https:\/\/quehacerpolitico.mx\/index.php?rest_route=\/wp\/v2\/types\/post"}],"author":[{"embeddable":true,"href":"https:\/\/quehacerpolitico.mx\/index.php?rest_route=\/wp\/v2\/users\/2"}],"replies":[{"embeddable":true,"href":"https:\/\/quehacerpolitico.mx\/index.php?rest_route=%2Fwp%2Fv2%2Fcomments&post=103002"}],"version-history":[{"count":3,"href":"https:\/\/quehacerpolitico.mx\/index.php?rest_route=\/wp\/v2\/posts\/103002\/revisions"}],"predecessor-version":[{"id":103015,"href":"https:\/\/quehacerpolitico.mx\/index.php?rest_route=\/wp\/v2\/posts\/103002\/revisions\/103015"}],"wp:featuredmedia":[{"embeddable":true,"href":"https:\/\/quehacerpolitico.mx\/index.php?rest_route=\/wp\/v2\/media\/103003"}],"wp:attachment":[{"href":"https:\/\/quehacerpolitico.mx\/index.php?rest_route=%2Fwp%2Fv2%2Fmedia&parent=103002"}],"wp:term":[{"taxonomy":"category","embeddable":true,"href":"https:\/\/quehacerpolitico.mx\/index.php?rest_route=%2Fwp%2Fv2%2Fcategories&post=103002"},{"taxonomy":"post_tag","embeddable":true,"href":"https:\/\/quehacerpolitico.mx\/index.php?rest_route=%2Fwp%2Fv2%2Ftags&post=103002"}],"curies":[{"name":"wp","href":"https:\/\/api.w.org\/{rel}","templated":true}]}}