{"id":102999,"date":"2023-07-20T22:53:07","date_gmt":"2023-07-20T22:53:07","guid":{"rendered":"https:\/\/quehacerpolitico.mx\/?p=102999"},"modified":"2023-07-20T22:53:10","modified_gmt":"2023-07-20T22:53:10","slug":"internacionales-carolina-alonso-romei-eu-pregunta-por-soldado-que-cruzo-la-frontera-pero-corea-del-norte-no-responde","status":"publish","type":"post","link":"https:\/\/quehacerpolitico.mx\/?p=102999","title":{"rendered":"Internacionales\/\/\/Carolina Alonso Romei\/\/\/EU pregunta por soldado que cruz\u00f3 la frontera, pero Corea del Norte no responde"},"content":{"rendered":"\n<p>Por Carolina Alonso Romei<\/p>\n\n\n\n<p>Internacionalista <\/p>\n\n\n\n<p>La representante del Departamento de Defensa explic\u00f3 que no puede confirmar el estado de salud del soldado ni tan siquiera si se encuentra con vida<\/p>\n\n\n\n<p>Estados Unidos\u00a0ha enviado mensajes a Corea del Norte\u00a0<strong>para que le informe al menos de c\u00f3mo est\u00e1 el soldado<\/strong>\u00a0estadounidense que cruz\u00f3 la frontera de ese pa\u00eds y que presuntamente se encuentra detenido, pero no ha recibido respuesta de Pionyang.<\/p>\n\n\n\n<p>&#8220;Lamentablemente, no hemos tenido ninguna comunicaci\u00f3n o correspondencia por parte de los norcoreanos&#8221; ni de forma directa ni con la intermediaci\u00f3n de otros pa\u00edses, expres\u00f3 en una rueda de prensa la viceportavoz del Pent\u00e1gono, Sabrina Singh.<\/p>\n\n\n\n<figure class=\"wp-block-embed is-type-video is-provider-youtube wp-block-embed-youtube wp-embed-aspect-16-9 wp-has-aspect-ratio\"><div class=\"wp-block-embed__wrapper\">\n<iframe loading=\"lazy\" title=\"Un soldado estadounidense cruz\u00f3 de manera ilegal la frontera entre Corea del Sur y Corea del Norte\" width=\"640\" height=\"360\" src=\"https:\/\/www.youtube.com\/embed\/X6zWFn2uHzk?feature=oembed\" frameborder=\"0\" allow=\"accelerometer; autoplay; clipboard-write; encrypted-media; gyroscope; picture-in-picture; web-share\" referrerpolicy=\"strict-origin-when-cross-origin\" allowfullscreen><\/iframe>\n<\/div><\/figure>\n\n\n\n<p>La representante del Departamento de Defensa explic\u00f3 que\u00a0<strong>no puede confirmar el estado de salud del soldado ni tan siquiera si se encuentra con vida.<\/strong><\/p>\n\n\n\n<p>&#8220;No sabemos ni sus condiciones, ni d\u00f3nde est\u00e1 detenido, ni su estado de salud&#8221;, dijo Singh, quien asegur\u00f3 que Estados Unidos ha puesto a trabajar a sus agencias federales al m\u00e1s alto nivel para &#8220;tratar de averiguar algo m\u00e1s&#8221;.<\/p>\n\n\n\n<p>En otra conferencia de prensa, el vocero del Departamento de Estado, Matthew Miller, confirm\u00f3 que Washington ha enviado mensajes a Pionyang aunque no quiso dar detalles de los canales utilizados.<\/p>\n\n\n\n<p><strong>&#8220;Les hemos pedido informaci\u00f3n sobre el estado de salud&#8221; del soldado y tambi\u00e9n que lo dejen &#8220;volver de forma segura&#8221;,<\/strong>&nbsp;dijo a los periodistas.<\/p>\n\n\n\n<p>Miller reconoci\u00f3 en este sentido que el gobierno estadounidense est\u00e1 &#8220;preocupado&#8221; por el soldado y su estado f\u00edsico, &#8220;dado el tratamiento&#8221; que\u00a0Corea del Norte ha tenido en el pasado con otros prisioneros.<\/p>\n\n\n\n<p>El vocero&nbsp;admiti\u00f3 en cualquier caso que las comunicaciones entre los dos pa\u00edses siempre son &#8220;limitadas&#8221;, a pesar de los intentos de Washington, asegur\u00f3, de hablar con Pionyang de cuestiones como el programa nuclear norcoreano o su &#8220;violaci\u00f3n&#8221; de las resoluciones de la ONU.<\/p>\n\n\n\n<p>Insisti\u00f3 en que los mensajes relativos al soldado se han enviado y confi\u00f3 en que hayan sido recibidos, y asegur\u00f3 que no le consta que el soldado mantuviese alg\u00fan contacto con Corea del Norte antes de decidir cruzar la frontera.<\/p>\n\n\n\n<p>El soldado raso de segunda clase\u00a0<strong>Travis T. King, de 23 a\u00f1os, cruz\u00f3 el pasado martes la L\u00ednea de Demarcaci\u00f3n Militar (MDL) y entr\u00f3 en territorio norcoreano mientras realizaba una visita tur\u00edstica de la Zona de Seguridad Conjunta (JSA) en el coraz\u00f3n de la frontera entre las dos Coreas, que t\u00e9cnicamente siguen en guerra.<\/strong><\/p>\n\n\n\n<figure class=\"wp-block-embed is-type-video is-provider-youtube wp-block-embed-youtube wp-embed-aspect-16-9 wp-has-aspect-ratio\"><div class=\"wp-block-embed__wrapper\">\n<iframe loading=\"lazy\" title=\"Corea del Norte detiene a soldado de EU tras cruzar la frontera sin autorizaci\u00f3n \u00bfLo ejecutar\u00e1n?\" width=\"640\" height=\"360\" src=\"https:\/\/www.youtube.com\/embed\/2o82HtOiwcM?feature=oembed\" frameborder=\"0\" allow=\"accelerometer; autoplay; clipboard-write; encrypted-media; gyroscope; picture-in-picture; web-share\" referrerpolicy=\"strict-origin-when-cross-origin\" allowfullscreen><\/iframe>\n<\/div><\/figure>\n\n\n\n<p>Este jueves trascendi\u00f3 que King hab\u00eda pasado 48 d\u00edas en un taller penitenciario de Corea del Sur debido a que, seg\u00fan los medios, no pag\u00f3 la multa que se le impuso en febrero por patear y da\u00f1ar un autom\u00f3vil de polic\u00eda en Se\u00fal.<\/p>\n\n\n\n<p>Como medida disciplinaria, Estados Unidos decidi\u00f3 retornarlo a su pa\u00eds, pero el pasado lunes King huy\u00f3 del aeropuerto internacional de Incheon, que da servicio a Se\u00fal, donde deb\u00eda tomar un vuelo a Estados Unidos.<\/p>\n\n\n\n<p>La viceportavoz del Pent\u00e1gono explic\u00f3 que cuando King se fue del aeropuerto surcoreano sin abordar su vuelo no se encontraba bajo custodia.<\/p>\n\n\n\n<p>Con Informaci\u00f3n de EFE<\/p>\n","protected":false},"excerpt":{"rendered":"<p>Por Carolina Alonso Romei Internacionalista La representante del Departamento de Defensa explic\u00f3 que no puede&#8230;<\/p>\n","protected":false},"author":2,"featured_media":103000,"comment_status":"open","ping_status":"open","sticky":false,"template":"","format":"standard","meta":{"_monsterinsights_skip_tracking":false,"_monsterinsights_sitenote_active":false,"_monsterinsights_sitenote_note":"","_monsterinsights_sitenote_category":0,"footnotes":""},"categories":[1],"tags":[],"class_list":["post-102999","post","type-post","status-publish","format-standard","has-post-thumbnail","hentry","category-sin-categoria"],"yoast_head":"<!-- This site is optimized with the Yoast SEO plugin v27.3 - https:\/\/yoast.com\/product\/yoast-seo-wordpress\/ -->\n<title>Internacionales\/\/\/Carolina Alonso Romei\/\/\/EU pregunta por soldado que cruz\u00f3 la frontera, pero Corea del Norte no responde -<\/title>\n<meta name=\"robots\" content=\"index, follow, max-snippet:-1, max-image-preview:large, max-video-preview:-1\" \/>\n<link rel=\"canonical\" href=\"https:\/\/quehacerpolitico.mx\/?p=102999\" \/>\n<meta property=\"og:locale\" content=\"es_MX\" \/>\n<meta property=\"og:type\" content=\"article\" \/>\n<meta property=\"og:title\" content=\"Internacionales\/\/\/Carolina Alonso Romei\/\/\/EU pregunta por soldado que cruz\u00f3 la frontera, pero Corea del Norte no responde -\" \/>\n<meta property=\"og:description\" content=\"Por Carolina Alonso Romei Internacionalista La representante del Departamento de Defensa explic\u00f3 que no puede...\" \/>\n<meta property=\"og:url\" content=\"https:\/\/quehacerpolitico.mx\/?p=102999\" \/>\n<meta property=\"article:published_time\" content=\"2023-07-20T22:53:07+00:00\" \/>\n<meta property=\"article:modified_time\" content=\"2023-07-20T22:53:10+00:00\" \/>\n<meta property=\"og:image\" content=\"https:\/\/quehacerpolitico.mx\/wp-content\/uploads\/2023\/07\/IMG_9147.jpeg\" \/>\n\t<meta property=\"og:image:width\" content=\"1284\" \/>\n\t<meta property=\"og:image:height\" content=\"687\" \/>\n\t<meta property=\"og:image:type\" content=\"image\/jpeg\" \/>\n<meta name=\"author\" content=\"Redacci\u00f3n QP\" \/>\n<meta name=\"twitter:card\" content=\"summary_large_image\" \/>\n<meta name=\"twitter:label1\" content=\"Escrito por\" \/>\n\t<meta name=\"twitter:data1\" content=\"Redacci\u00f3n QP\" \/>\n\t<meta name=\"twitter:label2\" content=\"Tiempo de lectura\" \/>\n\t<meta name=\"twitter:data2\" content=\"3 minutos\" \/>\n<script type=\"application\/ld+json\" class=\"yoast-schema-graph\">{\"@context\":\"https:\\\/\\\/schema.org\",\"@graph\":[{\"@type\":\"Article\",\"@id\":\"https:\\\/\\\/quehacerpolitico.mx\\\/?p=102999#article\",\"isPartOf\":{\"@id\":\"https:\\\/\\\/quehacerpolitico.mx\\\/?p=102999\"},\"author\":{\"name\":\"Redacci\u00f3n QP\",\"@id\":\"https:\\\/\\\/quehacerpolitico.mx\\\/#\\\/schema\\\/person\\\/496d8ad2d1d3f8036101dca7ee39e585\"},\"headline\":\"Internacionales\\\/\\\/\\\/Carolina Alonso Romei\\\/\\\/\\\/EU pregunta por soldado que cruz\u00f3 la frontera, pero Corea del Norte no responde\",\"datePublished\":\"2023-07-20T22:53:07+00:00\",\"dateModified\":\"2023-07-20T22:53:10+00:00\",\"mainEntityOfPage\":{\"@id\":\"https:\\\/\\\/quehacerpolitico.mx\\\/?p=102999\"},\"wordCount\":561,\"commentCount\":0,\"image\":{\"@id\":\"https:\\\/\\\/quehacerpolitico.mx\\\/?p=102999#primaryimage\"},\"thumbnailUrl\":\"https:\\\/\\\/quehacerpolitico.mx\\\/wp-content\\\/uploads\\\/2023\\\/07\\\/IMG_9147.jpeg\",\"articleSection\":[\"Internacionales\"],\"inLanguage\":\"es\",\"potentialAction\":[{\"@type\":\"CommentAction\",\"name\":\"Comment\",\"target\":[\"https:\\\/\\\/quehacerpolitico.mx\\\/?p=102999#respond\"]}]},{\"@type\":\"WebPage\",\"@id\":\"https:\\\/\\\/quehacerpolitico.mx\\\/?p=102999\",\"url\":\"https:\\\/\\\/quehacerpolitico.mx\\\/?p=102999\",\"name\":\"Internacionales\\\/\\\/\\\/Carolina Alonso Romei\\\/\\\/\\\/EU pregunta por soldado que cruz\u00f3 la frontera, pero Corea del Norte no responde -\",\"isPartOf\":{\"@id\":\"https:\\\/\\\/quehacerpolitico.mx\\\/#website\"},\"primaryImageOfPage\":{\"@id\":\"https:\\\/\\\/quehacerpolitico.mx\\\/?p=102999#primaryimage\"},\"image\":{\"@id\":\"https:\\\/\\\/quehacerpolitico.mx\\\/?p=102999#primaryimage\"},\"thumbnailUrl\":\"https:\\\/\\\/quehacerpolitico.mx\\\/wp-content\\\/uploads\\\/2023\\\/07\\\/IMG_9147.jpeg\",\"datePublished\":\"2023-07-20T22:53:07+00:00\",\"dateModified\":\"2023-07-20T22:53:10+00:00\",\"author\":{\"@id\":\"https:\\\/\\\/quehacerpolitico.mx\\\/#\\\/schema\\\/person\\\/496d8ad2d1d3f8036101dca7ee39e585\"},\"breadcrumb\":{\"@id\":\"https:\\\/\\\/quehacerpolitico.mx\\\/?p=102999#breadcrumb\"},\"inLanguage\":\"es\",\"potentialAction\":[{\"@type\":\"ReadAction\",\"target\":[\"https:\\\/\\\/quehacerpolitico.mx\\\/?p=102999\"]}]},{\"@type\":\"ImageObject\",\"inLanguage\":\"es\",\"@id\":\"https:\\\/\\\/quehacerpolitico.mx\\\/?p=102999#primaryimage\",\"url\":\"https:\\\/\\\/quehacerpolitico.mx\\\/wp-content\\\/uploads\\\/2023\\\/07\\\/IMG_9147.jpeg\",\"contentUrl\":\"https:\\\/\\\/quehacerpolitico.mx\\\/wp-content\\\/uploads\\\/2023\\\/07\\\/IMG_9147.jpeg\",\"width\":1284,\"height\":687},{\"@type\":\"BreadcrumbList\",\"@id\":\"https:\\\/\\\/quehacerpolitico.mx\\\/?p=102999#breadcrumb\",\"itemListElement\":[{\"@type\":\"ListItem\",\"position\":1,\"name\":\"Inicio\",\"item\":\"https:\\\/\\\/quehacerpolitico.mx\\\/\"},{\"@type\":\"ListItem\",\"position\":2,\"name\":\"Internacionales\\\/\\\/\\\/Carolina Alonso Romei\\\/\\\/\\\/EU pregunta por soldado que cruz\u00f3 la frontera, pero Corea del Norte no responde\"}]},{\"@type\":\"WebSite\",\"@id\":\"https:\\\/\\\/quehacerpolitico.mx\\\/#website\",\"url\":\"https:\\\/\\\/quehacerpolitico.mx\\\/\",\"name\":\"\",\"description\":\"\",\"potentialAction\":[{\"@type\":\"SearchAction\",\"target\":{\"@type\":\"EntryPoint\",\"urlTemplate\":\"https:\\\/\\\/quehacerpolitico.mx\\\/?s={search_term_string}\"},\"query-input\":{\"@type\":\"PropertyValueSpecification\",\"valueRequired\":true,\"valueName\":\"search_term_string\"}}],\"inLanguage\":\"es\"},{\"@type\":\"Person\",\"@id\":\"https:\\\/\\\/quehacerpolitico.mx\\\/#\\\/schema\\\/person\\\/496d8ad2d1d3f8036101dca7ee39e585\",\"name\":\"Redacci\u00f3n QP\",\"image\":{\"@type\":\"ImageObject\",\"inLanguage\":\"es\",\"@id\":\"https:\\\/\\\/secure.gravatar.com\\\/avatar\\\/c7164ed6fdec453195284ad24a5ae5b6e1eed2b848477fa2a4787ba9adf39a41?s=96&d=mm&r=g\",\"url\":\"https:\\\/\\\/secure.gravatar.com\\\/avatar\\\/c7164ed6fdec453195284ad24a5ae5b6e1eed2b848477fa2a4787ba9adf39a41?s=96&d=mm&r=g\",\"contentUrl\":\"https:\\\/\\\/secure.gravatar.com\\\/avatar\\\/c7164ed6fdec453195284ad24a5ae5b6e1eed2b848477fa2a4787ba9adf39a41?s=96&d=mm&r=g\",\"caption\":\"Redacci\u00f3n QP\"},\"url\":\"https:\\\/\\\/quehacerpolitico.mx\\\/?author=2\"}]}<\/script>\n<!-- \/ Yoast SEO plugin. -->","yoast_head_json":{"title":"Internacionales\/\/\/Carolina Alonso Romei\/\/\/EU pregunta por soldado que cruz\u00f3 la frontera, pero Corea del Norte no responde -","robots":{"index":"index","follow":"follow","max-snippet":"max-snippet:-1","max-image-preview":"max-image-preview:large","max-video-preview":"max-video-preview:-1"},"canonical":"https:\/\/quehacerpolitico.mx\/?p=102999","og_locale":"es_MX","og_type":"article","og_title":"Internacionales\/\/\/Carolina Alonso Romei\/\/\/EU pregunta por soldado que cruz\u00f3 la frontera, pero Corea del Norte no responde -","og_description":"Por Carolina Alonso Romei Internacionalista La representante del Departamento de Defensa explic\u00f3 que no puede...","og_url":"https:\/\/quehacerpolitico.mx\/?p=102999","article_published_time":"2023-07-20T22:53:07+00:00","article_modified_time":"2023-07-20T22:53:10+00:00","og_image":[{"width":1284,"height":687,"url":"https:\/\/quehacerpolitico.mx\/wp-content\/uploads\/2023\/07\/IMG_9147.jpeg","type":"image\/jpeg"}],"author":"Redacci\u00f3n QP","twitter_card":"summary_large_image","twitter_misc":{"Escrito por":"Redacci\u00f3n QP","Tiempo de lectura":"3 minutos"},"schema":{"@context":"https:\/\/schema.org","@graph":[{"@type":"Article","@id":"https:\/\/quehacerpolitico.mx\/?p=102999#article","isPartOf":{"@id":"https:\/\/quehacerpolitico.mx\/?p=102999"},"author":{"name":"Redacci\u00f3n QP","@id":"https:\/\/quehacerpolitico.mx\/#\/schema\/person\/496d8ad2d1d3f8036101dca7ee39e585"},"headline":"Internacionales\/\/\/Carolina Alonso Romei\/\/\/EU pregunta por soldado que cruz\u00f3 la frontera, pero Corea del Norte no responde","datePublished":"2023-07-20T22:53:07+00:00","dateModified":"2023-07-20T22:53:10+00:00","mainEntityOfPage":{"@id":"https:\/\/quehacerpolitico.mx\/?p=102999"},"wordCount":561,"commentCount":0,"image":{"@id":"https:\/\/quehacerpolitico.mx\/?p=102999#primaryimage"},"thumbnailUrl":"https:\/\/quehacerpolitico.mx\/wp-content\/uploads\/2023\/07\/IMG_9147.jpeg","articleSection":["Internacionales"],"inLanguage":"es","potentialAction":[{"@type":"CommentAction","name":"Comment","target":["https:\/\/quehacerpolitico.mx\/?p=102999#respond"]}]},{"@type":"WebPage","@id":"https:\/\/quehacerpolitico.mx\/?p=102999","url":"https:\/\/quehacerpolitico.mx\/?p=102999","name":"Internacionales\/\/\/Carolina Alonso Romei\/\/\/EU pregunta por soldado que cruz\u00f3 la frontera, pero Corea del Norte no responde -","isPartOf":{"@id":"https:\/\/quehacerpolitico.mx\/#website"},"primaryImageOfPage":{"@id":"https:\/\/quehacerpolitico.mx\/?p=102999#primaryimage"},"image":{"@id":"https:\/\/quehacerpolitico.mx\/?p=102999#primaryimage"},"thumbnailUrl":"https:\/\/quehacerpolitico.mx\/wp-content\/uploads\/2023\/07\/IMG_9147.jpeg","datePublished":"2023-07-20T22:53:07+00:00","dateModified":"2023-07-20T22:53:10+00:00","author":{"@id":"https:\/\/quehacerpolitico.mx\/#\/schema\/person\/496d8ad2d1d3f8036101dca7ee39e585"},"breadcrumb":{"@id":"https:\/\/quehacerpolitico.mx\/?p=102999#breadcrumb"},"inLanguage":"es","potentialAction":[{"@type":"ReadAction","target":["https:\/\/quehacerpolitico.mx\/?p=102999"]}]},{"@type":"ImageObject","inLanguage":"es","@id":"https:\/\/quehacerpolitico.mx\/?p=102999#primaryimage","url":"https:\/\/quehacerpolitico.mx\/wp-content\/uploads\/2023\/07\/IMG_9147.jpeg","contentUrl":"https:\/\/quehacerpolitico.mx\/wp-content\/uploads\/2023\/07\/IMG_9147.jpeg","width":1284,"height":687},{"@type":"BreadcrumbList","@id":"https:\/\/quehacerpolitico.mx\/?p=102999#breadcrumb","itemListElement":[{"@type":"ListItem","position":1,"name":"Inicio","item":"https:\/\/quehacerpolitico.mx\/"},{"@type":"ListItem","position":2,"name":"Internacionales\/\/\/Carolina Alonso Romei\/\/\/EU pregunta por soldado que cruz\u00f3 la frontera, pero Corea del Norte no responde"}]},{"@type":"WebSite","@id":"https:\/\/quehacerpolitico.mx\/#website","url":"https:\/\/quehacerpolitico.mx\/","name":"","description":"","potentialAction":[{"@type":"SearchAction","target":{"@type":"EntryPoint","urlTemplate":"https:\/\/quehacerpolitico.mx\/?s={search_term_string}"},"query-input":{"@type":"PropertyValueSpecification","valueRequired":true,"valueName":"search_term_string"}}],"inLanguage":"es"},{"@type":"Person","@id":"https:\/\/quehacerpolitico.mx\/#\/schema\/person\/496d8ad2d1d3f8036101dca7ee39e585","name":"Redacci\u00f3n QP","image":{"@type":"ImageObject","inLanguage":"es","@id":"https:\/\/secure.gravatar.com\/avatar\/c7164ed6fdec453195284ad24a5ae5b6e1eed2b848477fa2a4787ba9adf39a41?s=96&d=mm&r=g","url":"https:\/\/secure.gravatar.com\/avatar\/c7164ed6fdec453195284ad24a5ae5b6e1eed2b848477fa2a4787ba9adf39a41?s=96&d=mm&r=g","contentUrl":"https:\/\/secure.gravatar.com\/avatar\/c7164ed6fdec453195284ad24a5ae5b6e1eed2b848477fa2a4787ba9adf39a41?s=96&d=mm&r=g","caption":"Redacci\u00f3n QP"},"url":"https:\/\/quehacerpolitico.mx\/?author=2"}]}},"featured_image_urls":{"full":["https:\/\/quehacerpolitico.mx\/wp-content\/uploads\/2023\/07\/IMG_9147.jpeg",1284,687,false],"thumbnail":["https:\/\/quehacerpolitico.mx\/wp-content\/uploads\/2023\/07\/IMG_9147-150x150.jpeg",150,150,true],"medium":["https:\/\/quehacerpolitico.mx\/wp-content\/uploads\/2023\/07\/IMG_9147-300x161.jpeg",300,161,true],"medium_large":["https:\/\/quehacerpolitico.mx\/wp-content\/uploads\/2023\/07\/IMG_9147-768x411.jpeg",640,343,true],"large":["https:\/\/quehacerpolitico.mx\/wp-content\/uploads\/2023\/07\/IMG_9147-1024x548.jpeg",640,343,true],"1536x1536":["https:\/\/quehacerpolitico.mx\/wp-content\/uploads\/2023\/07\/IMG_9147.jpeg",1284,687,false],"2048x2048":["https:\/\/quehacerpolitico.mx\/wp-content\/uploads\/2023\/07\/IMG_9147.jpeg",1284,687,false],"covernews-featured":["https:\/\/quehacerpolitico.mx\/wp-content\/uploads\/2023\/07\/IMG_9147.jpeg",1024,548,false],"covernews-medium":["https:\/\/quehacerpolitico.mx\/wp-content\/uploads\/2023\/07\/IMG_9147.jpeg",540,289,false]},"author_info":{"display_name":"Redacci\u00f3n QP","author_link":"https:\/\/quehacerpolitico.mx\/?author=2"},"category_info":"<a href=\"https:\/\/quehacerpolitico.mx\/?cat=1\" rel=\"category\">Internacionales<\/a>","tag_info":"Internacionales","comment_count":"0","_links":{"self":[{"href":"https:\/\/quehacerpolitico.mx\/index.php?rest_route=\/wp\/v2\/posts\/102999","targetHints":{"allow":["GET"]}}],"collection":[{"href":"https:\/\/quehacerpolitico.mx\/index.php?rest_route=\/wp\/v2\/posts"}],"about":[{"href":"https:\/\/quehacerpolitico.mx\/index.php?rest_route=\/wp\/v2\/types\/post"}],"author":[{"embeddable":true,"href":"https:\/\/quehacerpolitico.mx\/index.php?rest_route=\/wp\/v2\/users\/2"}],"replies":[{"embeddable":true,"href":"https:\/\/quehacerpolitico.mx\/index.php?rest_route=%2Fwp%2Fv2%2Fcomments&post=102999"}],"version-history":[{"count":1,"href":"https:\/\/quehacerpolitico.mx\/index.php?rest_route=\/wp\/v2\/posts\/102999\/revisions"}],"predecessor-version":[{"id":103001,"href":"https:\/\/quehacerpolitico.mx\/index.php?rest_route=\/wp\/v2\/posts\/102999\/revisions\/103001"}],"wp:featuredmedia":[{"embeddable":true,"href":"https:\/\/quehacerpolitico.mx\/index.php?rest_route=\/wp\/v2\/media\/103000"}],"wp:attachment":[{"href":"https:\/\/quehacerpolitico.mx\/index.php?rest_route=%2Fwp%2Fv2%2Fmedia&parent=102999"}],"wp:term":[{"taxonomy":"category","embeddable":true,"href":"https:\/\/quehacerpolitico.mx\/index.php?rest_route=%2Fwp%2Fv2%2Fcategories&post=102999"},{"taxonomy":"post_tag","embeddable":true,"href":"https:\/\/quehacerpolitico.mx\/index.php?rest_route=%2Fwp%2Fv2%2Ftags&post=102999"}],"curies":[{"name":"wp","href":"https:\/\/api.w.org\/{rel}","templated":true}]}}