{"id":102937,"date":"2023-07-20T01:36:24","date_gmt":"2023-07-20T01:36:24","guid":{"rendered":"https:\/\/quehacerpolitico.mx\/?p=102937"},"modified":"2023-07-20T01:36:29","modified_gmt":"2023-07-20T01:36:29","slug":"el-senador-morenista-eduardo-ramirez-aguilar-vive-de-manera-austera-en-un-penthouse-de-20-millones-de-pesos-en-polanco","status":"publish","type":"post","link":"https:\/\/quehacerpolitico.mx\/?p=102937","title":{"rendered":"El senador morenista Eduardo Ram\u00edrez Aguilar vive de manera austera en un penthouse de 20 millones de pesos en polanco"},"content":{"rendered":"\n<p>Por Redacci\u00f3n QP<\/p>\n\n\n\n<p>Reforma dio a conocer que el senador de Morena Eduardo Ram\u00edrez Aguilar tiene un millonario penthouse en Polanco; una de las zonas m\u00e1s exclusivas de la Ciudad de M\u00e9xico (CDMX).<\/p>\n\n\n\n<p>El morenista Ram\u00edrez Aguilar afirm\u00f3 que renta la propiedad, la cual fue comprada por 18.5 millones de pesos (mdp) \u2013actualmente est\u00e1 valuada en hasta 22 mdp\u2013; el 20 de diciembre de 2018&nbsp; y que no conoce a los due\u00f1os.<\/p>\n\n\n\n<h3 class=\"wp-block-heading\"><strong>As\u00ed es el millonario penthouse del morenista Eduardo Ram\u00edrez<\/strong><\/h3>\n\n\n\n<p>La propiedad donde vive Eduardo Ram\u00edrez, tambi\u00e9n presidente de la Junta de Coordinaci\u00f3n Pol\u00edtica (JUCOPO) en la C\u00e1mara de Senadores; est\u00e1 conformada por dos pisos.<\/p>\n\n\n\n<figure class=\"wp-block-image size-full\"><img loading=\"lazy\" decoding=\"async\" width=\"1024\" height=\"768\" src=\"https:\/\/quehacerpolitico.mx\/wp-content\/uploads\/2023\/07\/image-50.jpeg\" alt=\"\" class=\"wp-image-102946\" srcset=\"https:\/\/quehacerpolitico.mx\/wp-content\/uploads\/2023\/07\/image-50.jpeg 1024w, https:\/\/quehacerpolitico.mx\/wp-content\/uploads\/2023\/07\/image-50-300x225.jpeg 300w, https:\/\/quehacerpolitico.mx\/wp-content\/uploads\/2023\/07\/image-50-768x576.jpeg 768w, https:\/\/quehacerpolitico.mx\/wp-content\/uploads\/2023\/07\/image-50-195x146.jpeg 195w, https:\/\/quehacerpolitico.mx\/wp-content\/uploads\/2023\/07\/image-50-50x38.jpeg 50w, https:\/\/quehacerpolitico.mx\/wp-content\/uploads\/2023\/07\/image-50-100x75.jpeg 100w, https:\/\/quehacerpolitico.mx\/wp-content\/uploads\/2023\/07\/image-50-960x720.jpeg 960w\" sizes=\"auto, (max-width: 1024px) 100vw, 1024px\" \/><\/figure>\n\n\n\n<figure class=\"wp-block-image size-full\"><img loading=\"lazy\" decoding=\"async\" width=\"1024\" height=\"768\" src=\"https:\/\/quehacerpolitico.mx\/wp-content\/uploads\/2023\/07\/image-45.jpeg\" alt=\"\" class=\"wp-image-102941\" srcset=\"https:\/\/quehacerpolitico.mx\/wp-content\/uploads\/2023\/07\/image-45.jpeg 1024w, https:\/\/quehacerpolitico.mx\/wp-content\/uploads\/2023\/07\/image-45-300x225.jpeg 300w, https:\/\/quehacerpolitico.mx\/wp-content\/uploads\/2023\/07\/image-45-768x576.jpeg 768w, https:\/\/quehacerpolitico.mx\/wp-content\/uploads\/2023\/07\/image-45-195x146.jpeg 195w, https:\/\/quehacerpolitico.mx\/wp-content\/uploads\/2023\/07\/image-45-50x38.jpeg 50w, https:\/\/quehacerpolitico.mx\/wp-content\/uploads\/2023\/07\/image-45-100x75.jpeg 100w, https:\/\/quehacerpolitico.mx\/wp-content\/uploads\/2023\/07\/image-45-960x720.jpeg 960w\" sizes=\"auto, (max-width: 1024px) 100vw, 1024px\" \/><\/figure>\n\n\n\n<figure class=\"wp-block-image size-full\"><img loading=\"lazy\" decoding=\"async\" width=\"1024\" height=\"768\" src=\"https:\/\/quehacerpolitico.mx\/wp-content\/uploads\/2023\/07\/image-44.jpeg\" alt=\"\" class=\"wp-image-102940\" srcset=\"https:\/\/quehacerpolitico.mx\/wp-content\/uploads\/2023\/07\/image-44.jpeg 1024w, https:\/\/quehacerpolitico.mx\/wp-content\/uploads\/2023\/07\/image-44-300x225.jpeg 300w, https:\/\/quehacerpolitico.mx\/wp-content\/uploads\/2023\/07\/image-44-768x576.jpeg 768w, https:\/\/quehacerpolitico.mx\/wp-content\/uploads\/2023\/07\/image-44-195x146.jpeg 195w, https:\/\/quehacerpolitico.mx\/wp-content\/uploads\/2023\/07\/image-44-50x38.jpeg 50w, https:\/\/quehacerpolitico.mx\/wp-content\/uploads\/2023\/07\/image-44-100x75.jpeg 100w, https:\/\/quehacerpolitico.mx\/wp-content\/uploads\/2023\/07\/image-44-960x720.jpeg 960w\" sizes=\"auto, (max-width: 1024px) 100vw, 1024px\" \/><\/figure>\n\n\n\n<figure class=\"wp-block-image size-full\"><img loading=\"lazy\" decoding=\"async\" width=\"1024\" height=\"768\" src=\"https:\/\/quehacerpolitico.mx\/wp-content\/uploads\/2023\/07\/image-43.jpeg\" alt=\"\" class=\"wp-image-102939\" srcset=\"https:\/\/quehacerpolitico.mx\/wp-content\/uploads\/2023\/07\/image-43.jpeg 1024w, https:\/\/quehacerpolitico.mx\/wp-content\/uploads\/2023\/07\/image-43-300x225.jpeg 300w, https:\/\/quehacerpolitico.mx\/wp-content\/uploads\/2023\/07\/image-43-768x576.jpeg 768w, https:\/\/quehacerpolitico.mx\/wp-content\/uploads\/2023\/07\/image-43-195x146.jpeg 195w, https:\/\/quehacerpolitico.mx\/wp-content\/uploads\/2023\/07\/image-43-50x38.jpeg 50w, https:\/\/quehacerpolitico.mx\/wp-content\/uploads\/2023\/07\/image-43-100x75.jpeg 100w, https:\/\/quehacerpolitico.mx\/wp-content\/uploads\/2023\/07\/image-43-960x720.jpeg 960w\" sizes=\"auto, (max-width: 1024px) 100vw, 1024px\" \/><\/figure>\n\n\n\n<figure class=\"wp-block-image size-full\"><img loading=\"lazy\" decoding=\"async\" width=\"1024\" height=\"768\" src=\"https:\/\/quehacerpolitico.mx\/wp-content\/uploads\/2023\/07\/image-42.jpeg\" alt=\"\" class=\"wp-image-102938\" srcset=\"https:\/\/quehacerpolitico.mx\/wp-content\/uploads\/2023\/07\/image-42.jpeg 1024w, https:\/\/quehacerpolitico.mx\/wp-content\/uploads\/2023\/07\/image-42-300x225.jpeg 300w, https:\/\/quehacerpolitico.mx\/wp-content\/uploads\/2023\/07\/image-42-768x576.jpeg 768w, https:\/\/quehacerpolitico.mx\/wp-content\/uploads\/2023\/07\/image-42-195x146.jpeg 195w, https:\/\/quehacerpolitico.mx\/wp-content\/uploads\/2023\/07\/image-42-50x38.jpeg 50w, https:\/\/quehacerpolitico.mx\/wp-content\/uploads\/2023\/07\/image-42-100x75.jpeg 100w, https:\/\/quehacerpolitico.mx\/wp-content\/uploads\/2023\/07\/image-42-960x720.jpeg 960w\" sizes=\"auto, (max-width: 1024px) 100vw, 1024px\" \/><\/figure>\n\n\n\n<p>Primer piso:<\/p>\n\n\n\n<ul class=\"wp-block-list\">\n<li>Cuarto de lavado<\/li>\n\n\n\n<li>Cuarto de servicio con ba\u00f1o<\/li>\n\n\n\n<li>Toilette<\/li>\n\n\n\n<li>Dos Terrazas<\/li>\n\n\n\n<li>Rec\u00e1mara con ba\u00f1o<\/li>\n\n\n\n<li>Rec\u00e1mara con ba\u00f1o y vestidor<\/li>\n<\/ul>\n\n\n\n<p>Segundo piso:<\/p>\n\n\n\n<ul class=\"wp-block-list\">\n<li>Rec\u00e1mara con ba\u00f1o y vestidor<\/li>\n\n\n\n<li>Family-Room<\/li>\n\n\n\n<li>Dos terrazas<\/li>\n<\/ul>\n\n\n\n<p>El millonario penthouse presuntamente lo compr\u00f3 una empresa llamada \u201cAtlanticonstrucciones SA de CV\u201d; cuyo representante legal es un hombre llamado Julio Hern\u00e1ndez Dom\u00ednguez con domicilio en el peque\u00f1o poblado Nuevo Chapultepec, en la Sierra de Chiapas.<\/p>\n\n\n\n<p>Grupo Reforma corrobor\u00f3 que el domicilio fiscal de la empresa existe en el peque\u00f1o poblado; sin embargo, los pobladores no conocen la empresa y en el lugar solamente existe una casa de l\u00e1mina, donde presuntamente vive Julio Hern\u00e1ndez. Adem\u00e1s, los habitantes indican que dicha persona no es un empresario sino un campesino.<\/p>\n\n\n\n<figure class=\"wp-block-image size-full\"><img loading=\"lazy\" decoding=\"async\" width=\"1024\" height=\"768\" src=\"https:\/\/quehacerpolitico.mx\/wp-content\/uploads\/2023\/07\/image-49.jpeg\" alt=\"\" class=\"wp-image-102945\" srcset=\"https:\/\/quehacerpolitico.mx\/wp-content\/uploads\/2023\/07\/image-49.jpeg 1024w, https:\/\/quehacerpolitico.mx\/wp-content\/uploads\/2023\/07\/image-49-300x225.jpeg 300w, https:\/\/quehacerpolitico.mx\/wp-content\/uploads\/2023\/07\/image-49-768x576.jpeg 768w, https:\/\/quehacerpolitico.mx\/wp-content\/uploads\/2023\/07\/image-49-195x146.jpeg 195w, https:\/\/quehacerpolitico.mx\/wp-content\/uploads\/2023\/07\/image-49-50x38.jpeg 50w, https:\/\/quehacerpolitico.mx\/wp-content\/uploads\/2023\/07\/image-49-100x75.jpeg 100w, https:\/\/quehacerpolitico.mx\/wp-content\/uploads\/2023\/07\/image-49-960x720.jpeg 960w\" sizes=\"auto, (max-width: 1024px) 100vw, 1024px\" \/><\/figure>\n\n\n\n<figure class=\"wp-block-image size-full\"><img loading=\"lazy\" decoding=\"async\" width=\"1024\" height=\"768\" src=\"https:\/\/quehacerpolitico.mx\/wp-content\/uploads\/2023\/07\/image-48.jpeg\" alt=\"\" class=\"wp-image-102944\" srcset=\"https:\/\/quehacerpolitico.mx\/wp-content\/uploads\/2023\/07\/image-48.jpeg 1024w, https:\/\/quehacerpolitico.mx\/wp-content\/uploads\/2023\/07\/image-48-300x225.jpeg 300w, https:\/\/quehacerpolitico.mx\/wp-content\/uploads\/2023\/07\/image-48-768x576.jpeg 768w, https:\/\/quehacerpolitico.mx\/wp-content\/uploads\/2023\/07\/image-48-195x146.jpeg 195w, https:\/\/quehacerpolitico.mx\/wp-content\/uploads\/2023\/07\/image-48-50x38.jpeg 50w, https:\/\/quehacerpolitico.mx\/wp-content\/uploads\/2023\/07\/image-48-100x75.jpeg 100w, https:\/\/quehacerpolitico.mx\/wp-content\/uploads\/2023\/07\/image-48-960x720.jpeg 960w\" sizes=\"auto, (max-width: 1024px) 100vw, 1024px\" \/><\/figure>\n\n\n\n<figure class=\"wp-block-image size-full\"><img loading=\"lazy\" decoding=\"async\" width=\"1024\" height=\"768\" src=\"https:\/\/quehacerpolitico.mx\/wp-content\/uploads\/2023\/07\/image-47.jpeg\" alt=\"\" class=\"wp-image-102943\" srcset=\"https:\/\/quehacerpolitico.mx\/wp-content\/uploads\/2023\/07\/image-47.jpeg 1024w, https:\/\/quehacerpolitico.mx\/wp-content\/uploads\/2023\/07\/image-47-300x225.jpeg 300w, https:\/\/quehacerpolitico.mx\/wp-content\/uploads\/2023\/07\/image-47-768x576.jpeg 768w, https:\/\/quehacerpolitico.mx\/wp-content\/uploads\/2023\/07\/image-47-195x146.jpeg 195w, https:\/\/quehacerpolitico.mx\/wp-content\/uploads\/2023\/07\/image-47-50x38.jpeg 50w, https:\/\/quehacerpolitico.mx\/wp-content\/uploads\/2023\/07\/image-47-100x75.jpeg 100w, https:\/\/quehacerpolitico.mx\/wp-content\/uploads\/2023\/07\/image-47-960x720.jpeg 960w\" sizes=\"auto, (max-width: 1024px) 100vw, 1024px\" \/><\/figure>\n\n\n\n<figure class=\"wp-block-image size-full\"><img loading=\"lazy\" decoding=\"async\" width=\"1024\" height=\"768\" src=\"https:\/\/quehacerpolitico.mx\/wp-content\/uploads\/2023\/07\/image-46.jpeg\" alt=\"\" class=\"wp-image-102942\" srcset=\"https:\/\/quehacerpolitico.mx\/wp-content\/uploads\/2023\/07\/image-46.jpeg 1024w, https:\/\/quehacerpolitico.mx\/wp-content\/uploads\/2023\/07\/image-46-300x225.jpeg 300w, https:\/\/quehacerpolitico.mx\/wp-content\/uploads\/2023\/07\/image-46-768x576.jpeg 768w, https:\/\/quehacerpolitico.mx\/wp-content\/uploads\/2023\/07\/image-46-195x146.jpeg 195w, https:\/\/quehacerpolitico.mx\/wp-content\/uploads\/2023\/07\/image-46-50x38.jpeg 50w, https:\/\/quehacerpolitico.mx\/wp-content\/uploads\/2023\/07\/image-46-100x75.jpeg 100w, https:\/\/quehacerpolitico.mx\/wp-content\/uploads\/2023\/07\/image-46-960x720.jpeg 960w\" sizes=\"auto, (max-width: 1024px) 100vw, 1024px\" \/><\/figure>\n\n\n\n<p>Con Informaci\u00f3n de Reforma<\/p>\n","protected":false},"excerpt":{"rendered":"<p>Por Redacci\u00f3n QP Reforma dio a conocer que el senador de Morena Eduardo Ram\u00edrez Aguilar&#8230;<\/p>\n","protected":false},"author":2,"featured_media":102947,"comment_status":"open","ping_status":"open","sticky":false,"template":"","format":"standard","meta":{"_monsterinsights_skip_tracking":false,"_monsterinsights_sitenote_active":false,"_monsterinsights_sitenote_note":"","_monsterinsights_sitenote_category":0,"footnotes":""},"categories":[2],"tags":[],"class_list":["post-102937","post","type-post","status-publish","format-standard","has-post-thumbnail","hentry","category-noticias"],"yoast_head":"<!-- This site is optimized with the Yoast SEO plugin v27.3 - https:\/\/yoast.com\/product\/yoast-seo-wordpress\/ -->\n<title>El senador morenista Eduardo Ram\u00edrez Aguilar vive de manera austera en un penthouse de 20 millones de pesos en polanco -<\/title>\n<meta name=\"robots\" content=\"index, follow, max-snippet:-1, max-image-preview:large, max-video-preview:-1\" \/>\n<link rel=\"canonical\" href=\"https:\/\/quehacerpolitico.mx\/?p=102937\" \/>\n<meta property=\"og:locale\" content=\"es_MX\" \/>\n<meta property=\"og:type\" content=\"article\" \/>\n<meta property=\"og:title\" content=\"El senador morenista Eduardo Ram\u00edrez Aguilar vive de manera austera en un penthouse de 20 millones de pesos en polanco -\" \/>\n<meta property=\"og:description\" content=\"Por Redacci\u00f3n QP Reforma dio a conocer que el senador de Morena Eduardo Ram\u00edrez Aguilar...\" \/>\n<meta property=\"og:url\" content=\"https:\/\/quehacerpolitico.mx\/?p=102937\" \/>\n<meta property=\"article:published_time\" content=\"2023-07-20T01:36:24+00:00\" \/>\n<meta property=\"article:modified_time\" content=\"2023-07-20T01:36:29+00:00\" \/>\n<meta property=\"og:image\" content=\"https:\/\/quehacerpolitico.mx\/wp-content\/uploads\/2023\/07\/IMG_9125.jpeg\" \/>\n\t<meta property=\"og:image:width\" content=\"800\" \/>\n\t<meta property=\"og:image:height\" content=\"350\" \/>\n\t<meta property=\"og:image:type\" content=\"image\/jpeg\" \/>\n<meta name=\"author\" content=\"Redacci\u00f3n QP\" \/>\n<meta name=\"twitter:card\" content=\"summary_large_image\" \/>\n<meta name=\"twitter:label1\" content=\"Escrito por\" \/>\n\t<meta name=\"twitter:data1\" content=\"Redacci\u00f3n QP\" \/>\n\t<meta name=\"twitter:label2\" content=\"Tiempo de lectura\" \/>\n\t<meta name=\"twitter:data2\" content=\"1 minuto\" \/>\n<script type=\"application\/ld+json\" class=\"yoast-schema-graph\">{\"@context\":\"https:\\\/\\\/schema.org\",\"@graph\":[{\"@type\":\"Article\",\"@id\":\"https:\\\/\\\/quehacerpolitico.mx\\\/?p=102937#article\",\"isPartOf\":{\"@id\":\"https:\\\/\\\/quehacerpolitico.mx\\\/?p=102937\"},\"author\":{\"name\":\"Redacci\u00f3n QP\",\"@id\":\"https:\\\/\\\/quehacerpolitico.mx\\\/#\\\/schema\\\/person\\\/496d8ad2d1d3f8036101dca7ee39e585\"},\"headline\":\"El senador morenista Eduardo Ram\u00edrez Aguilar vive de manera austera en un penthouse de 20 millones de pesos en polanco\",\"datePublished\":\"2023-07-20T01:36:24+00:00\",\"dateModified\":\"2023-07-20T01:36:29+00:00\",\"mainEntityOfPage\":{\"@id\":\"https:\\\/\\\/quehacerpolitico.mx\\\/?p=102937\"},\"wordCount\":273,\"commentCount\":0,\"image\":{\"@id\":\"https:\\\/\\\/quehacerpolitico.mx\\\/?p=102937#primaryimage\"},\"thumbnailUrl\":\"https:\\\/\\\/quehacerpolitico.mx\\\/wp-content\\\/uploads\\\/2023\\\/07\\\/IMG_9125.jpeg\",\"articleSection\":[\"Noticias\"],\"inLanguage\":\"es\",\"potentialAction\":[{\"@type\":\"CommentAction\",\"name\":\"Comment\",\"target\":[\"https:\\\/\\\/quehacerpolitico.mx\\\/?p=102937#respond\"]}]},{\"@type\":\"WebPage\",\"@id\":\"https:\\\/\\\/quehacerpolitico.mx\\\/?p=102937\",\"url\":\"https:\\\/\\\/quehacerpolitico.mx\\\/?p=102937\",\"name\":\"El senador morenista Eduardo Ram\u00edrez Aguilar vive de manera austera en un penthouse de 20 millones de pesos en polanco -\",\"isPartOf\":{\"@id\":\"https:\\\/\\\/quehacerpolitico.mx\\\/#website\"},\"primaryImageOfPage\":{\"@id\":\"https:\\\/\\\/quehacerpolitico.mx\\\/?p=102937#primaryimage\"},\"image\":{\"@id\":\"https:\\\/\\\/quehacerpolitico.mx\\\/?p=102937#primaryimage\"},\"thumbnailUrl\":\"https:\\\/\\\/quehacerpolitico.mx\\\/wp-content\\\/uploads\\\/2023\\\/07\\\/IMG_9125.jpeg\",\"datePublished\":\"2023-07-20T01:36:24+00:00\",\"dateModified\":\"2023-07-20T01:36:29+00:00\",\"author\":{\"@id\":\"https:\\\/\\\/quehacerpolitico.mx\\\/#\\\/schema\\\/person\\\/496d8ad2d1d3f8036101dca7ee39e585\"},\"breadcrumb\":{\"@id\":\"https:\\\/\\\/quehacerpolitico.mx\\\/?p=102937#breadcrumb\"},\"inLanguage\":\"es\",\"potentialAction\":[{\"@type\":\"ReadAction\",\"target\":[\"https:\\\/\\\/quehacerpolitico.mx\\\/?p=102937\"]}]},{\"@type\":\"ImageObject\",\"inLanguage\":\"es\",\"@id\":\"https:\\\/\\\/quehacerpolitico.mx\\\/?p=102937#primaryimage\",\"url\":\"https:\\\/\\\/quehacerpolitico.mx\\\/wp-content\\\/uploads\\\/2023\\\/07\\\/IMG_9125.jpeg\",\"contentUrl\":\"https:\\\/\\\/quehacerpolitico.mx\\\/wp-content\\\/uploads\\\/2023\\\/07\\\/IMG_9125.jpeg\",\"width\":800,\"height\":350},{\"@type\":\"BreadcrumbList\",\"@id\":\"https:\\\/\\\/quehacerpolitico.mx\\\/?p=102937#breadcrumb\",\"itemListElement\":[{\"@type\":\"ListItem\",\"position\":1,\"name\":\"Inicio\",\"item\":\"https:\\\/\\\/quehacerpolitico.mx\\\/\"},{\"@type\":\"ListItem\",\"position\":2,\"name\":\"El senador morenista Eduardo Ram\u00edrez Aguilar vive de manera austera en un penthouse de 20 millones de pesos en polanco\"}]},{\"@type\":\"WebSite\",\"@id\":\"https:\\\/\\\/quehacerpolitico.mx\\\/#website\",\"url\":\"https:\\\/\\\/quehacerpolitico.mx\\\/\",\"name\":\"\",\"description\":\"\",\"potentialAction\":[{\"@type\":\"SearchAction\",\"target\":{\"@type\":\"EntryPoint\",\"urlTemplate\":\"https:\\\/\\\/quehacerpolitico.mx\\\/?s={search_term_string}\"},\"query-input\":{\"@type\":\"PropertyValueSpecification\",\"valueRequired\":true,\"valueName\":\"search_term_string\"}}],\"inLanguage\":\"es\"},{\"@type\":\"Person\",\"@id\":\"https:\\\/\\\/quehacerpolitico.mx\\\/#\\\/schema\\\/person\\\/496d8ad2d1d3f8036101dca7ee39e585\",\"name\":\"Redacci\u00f3n QP\",\"image\":{\"@type\":\"ImageObject\",\"inLanguage\":\"es\",\"@id\":\"https:\\\/\\\/secure.gravatar.com\\\/avatar\\\/c7164ed6fdec453195284ad24a5ae5b6e1eed2b848477fa2a4787ba9adf39a41?s=96&d=mm&r=g\",\"url\":\"https:\\\/\\\/secure.gravatar.com\\\/avatar\\\/c7164ed6fdec453195284ad24a5ae5b6e1eed2b848477fa2a4787ba9adf39a41?s=96&d=mm&r=g\",\"contentUrl\":\"https:\\\/\\\/secure.gravatar.com\\\/avatar\\\/c7164ed6fdec453195284ad24a5ae5b6e1eed2b848477fa2a4787ba9adf39a41?s=96&d=mm&r=g\",\"caption\":\"Redacci\u00f3n QP\"},\"url\":\"https:\\\/\\\/quehacerpolitico.mx\\\/?author=2\"}]}<\/script>\n<!-- \/ Yoast SEO plugin. -->","yoast_head_json":{"title":"El senador morenista Eduardo Ram\u00edrez Aguilar vive de manera austera en un penthouse de 20 millones de pesos en polanco -","robots":{"index":"index","follow":"follow","max-snippet":"max-snippet:-1","max-image-preview":"max-image-preview:large","max-video-preview":"max-video-preview:-1"},"canonical":"https:\/\/quehacerpolitico.mx\/?p=102937","og_locale":"es_MX","og_type":"article","og_title":"El senador morenista Eduardo Ram\u00edrez Aguilar vive de manera austera en un penthouse de 20 millones de pesos en polanco -","og_description":"Por Redacci\u00f3n QP Reforma dio a conocer que el senador de Morena Eduardo Ram\u00edrez Aguilar...","og_url":"https:\/\/quehacerpolitico.mx\/?p=102937","article_published_time":"2023-07-20T01:36:24+00:00","article_modified_time":"2023-07-20T01:36:29+00:00","og_image":[{"width":800,"height":350,"url":"https:\/\/quehacerpolitico.mx\/wp-content\/uploads\/2023\/07\/IMG_9125.jpeg","type":"image\/jpeg"}],"author":"Redacci\u00f3n QP","twitter_card":"summary_large_image","twitter_misc":{"Escrito por":"Redacci\u00f3n QP","Tiempo de lectura":"1 minuto"},"schema":{"@context":"https:\/\/schema.org","@graph":[{"@type":"Article","@id":"https:\/\/quehacerpolitico.mx\/?p=102937#article","isPartOf":{"@id":"https:\/\/quehacerpolitico.mx\/?p=102937"},"author":{"name":"Redacci\u00f3n QP","@id":"https:\/\/quehacerpolitico.mx\/#\/schema\/person\/496d8ad2d1d3f8036101dca7ee39e585"},"headline":"El senador morenista Eduardo Ram\u00edrez Aguilar vive de manera austera en un penthouse de 20 millones de pesos en polanco","datePublished":"2023-07-20T01:36:24+00:00","dateModified":"2023-07-20T01:36:29+00:00","mainEntityOfPage":{"@id":"https:\/\/quehacerpolitico.mx\/?p=102937"},"wordCount":273,"commentCount":0,"image":{"@id":"https:\/\/quehacerpolitico.mx\/?p=102937#primaryimage"},"thumbnailUrl":"https:\/\/quehacerpolitico.mx\/wp-content\/uploads\/2023\/07\/IMG_9125.jpeg","articleSection":["Noticias"],"inLanguage":"es","potentialAction":[{"@type":"CommentAction","name":"Comment","target":["https:\/\/quehacerpolitico.mx\/?p=102937#respond"]}]},{"@type":"WebPage","@id":"https:\/\/quehacerpolitico.mx\/?p=102937","url":"https:\/\/quehacerpolitico.mx\/?p=102937","name":"El senador morenista Eduardo Ram\u00edrez Aguilar vive de manera austera en un penthouse de 20 millones de pesos en polanco -","isPartOf":{"@id":"https:\/\/quehacerpolitico.mx\/#website"},"primaryImageOfPage":{"@id":"https:\/\/quehacerpolitico.mx\/?p=102937#primaryimage"},"image":{"@id":"https:\/\/quehacerpolitico.mx\/?p=102937#primaryimage"},"thumbnailUrl":"https:\/\/quehacerpolitico.mx\/wp-content\/uploads\/2023\/07\/IMG_9125.jpeg","datePublished":"2023-07-20T01:36:24+00:00","dateModified":"2023-07-20T01:36:29+00:00","author":{"@id":"https:\/\/quehacerpolitico.mx\/#\/schema\/person\/496d8ad2d1d3f8036101dca7ee39e585"},"breadcrumb":{"@id":"https:\/\/quehacerpolitico.mx\/?p=102937#breadcrumb"},"inLanguage":"es","potentialAction":[{"@type":"ReadAction","target":["https:\/\/quehacerpolitico.mx\/?p=102937"]}]},{"@type":"ImageObject","inLanguage":"es","@id":"https:\/\/quehacerpolitico.mx\/?p=102937#primaryimage","url":"https:\/\/quehacerpolitico.mx\/wp-content\/uploads\/2023\/07\/IMG_9125.jpeg","contentUrl":"https:\/\/quehacerpolitico.mx\/wp-content\/uploads\/2023\/07\/IMG_9125.jpeg","width":800,"height":350},{"@type":"BreadcrumbList","@id":"https:\/\/quehacerpolitico.mx\/?p=102937#breadcrumb","itemListElement":[{"@type":"ListItem","position":1,"name":"Inicio","item":"https:\/\/quehacerpolitico.mx\/"},{"@type":"ListItem","position":2,"name":"El senador morenista Eduardo Ram\u00edrez Aguilar vive de manera austera en un penthouse de 20 millones de pesos en polanco"}]},{"@type":"WebSite","@id":"https:\/\/quehacerpolitico.mx\/#website","url":"https:\/\/quehacerpolitico.mx\/","name":"","description":"","potentialAction":[{"@type":"SearchAction","target":{"@type":"EntryPoint","urlTemplate":"https:\/\/quehacerpolitico.mx\/?s={search_term_string}"},"query-input":{"@type":"PropertyValueSpecification","valueRequired":true,"valueName":"search_term_string"}}],"inLanguage":"es"},{"@type":"Person","@id":"https:\/\/quehacerpolitico.mx\/#\/schema\/person\/496d8ad2d1d3f8036101dca7ee39e585","name":"Redacci\u00f3n QP","image":{"@type":"ImageObject","inLanguage":"es","@id":"https:\/\/secure.gravatar.com\/avatar\/c7164ed6fdec453195284ad24a5ae5b6e1eed2b848477fa2a4787ba9adf39a41?s=96&d=mm&r=g","url":"https:\/\/secure.gravatar.com\/avatar\/c7164ed6fdec453195284ad24a5ae5b6e1eed2b848477fa2a4787ba9adf39a41?s=96&d=mm&r=g","contentUrl":"https:\/\/secure.gravatar.com\/avatar\/c7164ed6fdec453195284ad24a5ae5b6e1eed2b848477fa2a4787ba9adf39a41?s=96&d=mm&r=g","caption":"Redacci\u00f3n QP"},"url":"https:\/\/quehacerpolitico.mx\/?author=2"}]}},"featured_image_urls":{"full":["https:\/\/quehacerpolitico.mx\/wp-content\/uploads\/2023\/07\/IMG_9125.jpeg",800,350,false],"thumbnail":["https:\/\/quehacerpolitico.mx\/wp-content\/uploads\/2023\/07\/IMG_9125-150x150.jpeg",150,150,true],"medium":["https:\/\/quehacerpolitico.mx\/wp-content\/uploads\/2023\/07\/IMG_9125-300x131.jpeg",300,131,true],"medium_large":["https:\/\/quehacerpolitico.mx\/wp-content\/uploads\/2023\/07\/IMG_9125-768x336.jpeg",640,280,true],"large":["https:\/\/quehacerpolitico.mx\/wp-content\/uploads\/2023\/07\/IMG_9125.jpeg",640,280,false],"1536x1536":["https:\/\/quehacerpolitico.mx\/wp-content\/uploads\/2023\/07\/IMG_9125.jpeg",800,350,false],"2048x2048":["https:\/\/quehacerpolitico.mx\/wp-content\/uploads\/2023\/07\/IMG_9125.jpeg",800,350,false],"covernews-featured":["https:\/\/quehacerpolitico.mx\/wp-content\/uploads\/2023\/07\/IMG_9125.jpeg",800,350,false],"covernews-medium":["https:\/\/quehacerpolitico.mx\/wp-content\/uploads\/2023\/07\/IMG_9125.jpeg",540,236,false]},"author_info":{"display_name":"Redacci\u00f3n QP","author_link":"https:\/\/quehacerpolitico.mx\/?author=2"},"category_info":"<a href=\"https:\/\/quehacerpolitico.mx\/?cat=2\" rel=\"category\">Noticias<\/a>","tag_info":"Noticias","comment_count":"0","_links":{"self":[{"href":"https:\/\/quehacerpolitico.mx\/index.php?rest_route=\/wp\/v2\/posts\/102937","targetHints":{"allow":["GET"]}}],"collection":[{"href":"https:\/\/quehacerpolitico.mx\/index.php?rest_route=\/wp\/v2\/posts"}],"about":[{"href":"https:\/\/quehacerpolitico.mx\/index.php?rest_route=\/wp\/v2\/types\/post"}],"author":[{"embeddable":true,"href":"https:\/\/quehacerpolitico.mx\/index.php?rest_route=\/wp\/v2\/users\/2"}],"replies":[{"embeddable":true,"href":"https:\/\/quehacerpolitico.mx\/index.php?rest_route=%2Fwp%2Fv2%2Fcomments&post=102937"}],"version-history":[{"count":1,"href":"https:\/\/quehacerpolitico.mx\/index.php?rest_route=\/wp\/v2\/posts\/102937\/revisions"}],"predecessor-version":[{"id":102948,"href":"https:\/\/quehacerpolitico.mx\/index.php?rest_route=\/wp\/v2\/posts\/102937\/revisions\/102948"}],"wp:featuredmedia":[{"embeddable":true,"href":"https:\/\/quehacerpolitico.mx\/index.php?rest_route=\/wp\/v2\/media\/102947"}],"wp:attachment":[{"href":"https:\/\/quehacerpolitico.mx\/index.php?rest_route=%2Fwp%2Fv2%2Fmedia&parent=102937"}],"wp:term":[{"taxonomy":"category","embeddable":true,"href":"https:\/\/quehacerpolitico.mx\/index.php?rest_route=%2Fwp%2Fv2%2Fcategories&post=102937"},{"taxonomy":"post_tag","embeddable":true,"href":"https:\/\/quehacerpolitico.mx\/index.php?rest_route=%2Fwp%2Fv2%2Ftags&post=102937"}],"curies":[{"name":"wp","href":"https:\/\/api.w.org\/{rel}","templated":true}]}}