{"id":102934,"date":"2023-07-20T00:48:04","date_gmt":"2023-07-20T00:48:04","guid":{"rendered":"https:\/\/quehacerpolitico.mx\/?p=102934"},"modified":"2023-07-20T00:48:08","modified_gmt":"2023-07-20T00:48:08","slug":"internacionales-carolina-alonso-romei-tiroteo-en-walmart-de-florida-city-la-policia-detuvo-a-un-sospechoso-y-busca-a-un-posible-segundo-tirador-una-persona-murio-y-otras-dos-resulta","status":"publish","type":"post","link":"https:\/\/quehacerpolitico.mx\/?p=102934","title":{"rendered":"Internacionales\/\/\/Carolina Alonso Romei\/\/\/Tiroteo en Walmart\u00a0de Florida City la Polic\u00eda detuvo a un sospechoso y busca a un posible segundo\u00a0tirador una persona\u00a0muri\u00f3 y otras dos resultaron\u00a0heridas"},"content":{"rendered":"\n<p>Por Carolina Alonso Romei<\/p>\n\n\n\n<p>Internacionalista <\/p>\n\n\n\n<p>Las personas heridas fueron trasladadas a hospitales cercanos, pero una de ellas tuvo que ser aerotransportada y muri\u00f3 poco despu\u00e9s<\/p>\n\n\n\n<p>Una\u00a0<strong>persona<\/strong>\u00a0muri\u00f3 y otras dos resultaron\u00a0<strong>heridas<\/strong>\u00a0por disparos ocurridos en una tienda de la popular cadena\u00a0<strong>Walmart<\/strong>\u00a0en Florida City y la Polic\u00eda detuvo a un sospechoso y busca a un posible segundo\u00a0<strong>tirador<\/strong>, informan medios locales.<\/p>\n\n\n\n<figure class=\"wp-block-embed is-type-rich is-provider-twitter wp-block-embed-twitter\"><div class=\"wp-block-embed__wrapper\">\nhttps:\/\/twitter.com\/heathenfam\/status\/1681771498707533824?s=46&#038;t=pyttrToxhaPYSt_hljQQ_g\n<\/div><\/figure>\n\n\n\n<p>Varias patrullas de la Polic\u00eda y veh\u00edculos de bomberos acudieron a la tienda alrededor de las 15:00 h del tiempo local tras recibir la alerta de un tiroteo en el interior del gran almac\u00e9n, recogi\u00f3 el canal local\u00a0<em><strong>WPLG<\/strong><\/em>.<\/p>\n\n\n\n<p>Fuentes policiales dijeron al citado medio que se hab\u00eda procedido al\u00a0<strong>arresto<\/strong>\u00a0de una persona y que se continuaba la b\u00fasqueda de al menos otro sospechoso del tiroteo.<\/p>\n\n\n\n<figure class=\"wp-block-embed is-type-rich is-provider-twitter wp-block-embed-twitter\"><div class=\"wp-block-embed__wrapper\">\n<blockquote class=\"twitter-tweet\" data-width=\"550\" data-dnt=\"true\"><p lang=\"en\" dir=\"ltr\">\ud83d\udea8<a href=\"https:\/\/twitter.com\/hashtag\/UPDATE?src=hash&amp;ref_src=twsrc%5Etfw\">#UPDATE<\/a>: A man is in custody, one man has died from his injuries. Another man is being treated for a gunshot wound to the foot and a woman is being treated for an injury she sustained while trying to run away from the chaos <a href=\"https:\/\/t.co\/imL4yffS1i\">pic.twitter.com\/imL4yffS1i<\/a><\/p>&mdash; R A W S A L E R T S (@rawsalerts) <a href=\"https:\/\/twitter.com\/rawsalerts\/status\/1681782453524918272?ref_src=twsrc%5Etfw\">July 19, 2023<\/a><\/blockquote><script async src=\"https:\/\/platform.twitter.com\/widgets.js\" charset=\"utf-8\"><\/script>\n<\/div><\/figure>\n\n\n\n<p>Im\u00e1genes a\u00e9reas mostraban un fuerte dispositivo de agentes del orden en las puertas de la tienda&nbsp;<strong>Walmart<\/strong>, adem\u00e1s de cerca de medio centenar de patrullas de la Polic\u00eda y una docena de camiones de bomberos del condado de&nbsp;<strong>Miami-Dade<\/strong>en las inmediaciones.<\/p>\n\n\n\n<p>Seg\u00fan indicaron las autoridades, las personas&nbsp;<strong>heridas<\/strong>&nbsp;fueron trasladadas a hospitales cercanos, pero una de ellas tuvo que ser aerotransportada a causa de la gravedad de las heridas de bala y muri\u00f3 poco despu\u00e9s.<\/p>\n\n\n\n<p>Otra persona tambi\u00e9n fue llevada al&nbsp;<strong>hospital<\/strong>&nbsp;por otras razones m\u00e9dicas despu\u00e9s de que se cayera dentro de la tienda, probablemente al huir.<\/p>\n\n\n\n<p>En las im\u00e1genes divulgadas en diferentes medios locales se aprecia a efectivos de la\u00a0<strong>polic\u00eda<\/strong>\u00a0escoltando a clientes fuera de la tienda, completamente rodeada de coches patrulla.<\/p>\n\n\n\n<p>El canal WPLG apunt\u00f3 que uno de los&nbsp;<strong>tiradores<\/strong>&nbsp;vest\u00eda posiblemente el uniforme de la tienda.<\/p>\n\n\n\n<p>\u201cEscuch\u00e9 seis&nbsp;<strong>disparos<\/strong>. Todo el mundo ech\u00f3 a correr, y este tipo se cay\u00f3 donde hacen las u\u00f1as y le dispararon all\u00ed mismo en el pecho dos veces (\u2026) El otro tipo recibi\u00f3 un disparo en la pierna\u201d, dijo uno de los testigos al citado medio.<\/p>\n\n\n\n<p>Por el momento se desconocen a\u00fan las causas del&nbsp;<strong>tiroteo<\/strong>&nbsp;y la identidad tanto de los heridos como de los sospechosos.<\/p>\n\n\n\n<p>Con informaci\u00f3n de EFE<\/p>\n","protected":false},"excerpt":{"rendered":"<p>Por Carolina Alonso Romei Internacionalista Las personas heridas fueron trasladadas a hospitales cercanos, pero una&#8230;<\/p>\n","protected":false},"author":2,"featured_media":102935,"comment_status":"open","ping_status":"open","sticky":false,"template":"","format":"standard","meta":{"_monsterinsights_skip_tracking":false,"_monsterinsights_sitenote_active":false,"_monsterinsights_sitenote_note":"","_monsterinsights_sitenote_category":0,"footnotes":""},"categories":[1],"tags":[],"class_list":["post-102934","post","type-post","status-publish","format-standard","has-post-thumbnail","hentry","category-sin-categoria"],"yoast_head":"<!-- This site is optimized with the Yoast SEO plugin v27.3 - https:\/\/yoast.com\/product\/yoast-seo-wordpress\/ -->\n<title>Internacionales\/\/\/Carolina Alonso Romei\/\/\/Tiroteo en Walmart\u00a0de Florida City la Polic\u00eda detuvo a un sospechoso y busca a un posible segundo\u00a0tirador una persona\u00a0muri\u00f3 y otras dos resultaron\u00a0heridas -<\/title>\n<meta name=\"robots\" content=\"index, follow, max-snippet:-1, max-image-preview:large, max-video-preview:-1\" \/>\n<link rel=\"canonical\" href=\"https:\/\/quehacerpolitico.mx\/?p=102934\" \/>\n<meta property=\"og:locale\" content=\"es_MX\" \/>\n<meta property=\"og:type\" content=\"article\" \/>\n<meta property=\"og:title\" content=\"Internacionales\/\/\/Carolina Alonso Romei\/\/\/Tiroteo en Walmart\u00a0de Florida City la Polic\u00eda detuvo a un sospechoso y busca a un posible segundo\u00a0tirador una persona\u00a0muri\u00f3 y otras dos resultaron\u00a0heridas -\" \/>\n<meta property=\"og:description\" content=\"Por Carolina Alonso Romei Internacionalista Las personas heridas fueron trasladadas a hospitales cercanos, pero una...\" \/>\n<meta property=\"og:url\" content=\"https:\/\/quehacerpolitico.mx\/?p=102934\" \/>\n<meta property=\"article:published_time\" content=\"2023-07-20T00:48:04+00:00\" \/>\n<meta property=\"article:modified_time\" content=\"2023-07-20T00:48:08+00:00\" \/>\n<meta property=\"og:image\" content=\"https:\/\/quehacerpolitico.mx\/wp-content\/uploads\/2023\/07\/IMG_9112.webp\" \/>\n\t<meta property=\"og:image:width\" content=\"355\" \/>\n\t<meta property=\"og:image:height\" content=\"223\" \/>\n\t<meta property=\"og:image:type\" content=\"image\/webp\" \/>\n<meta name=\"author\" content=\"Redacci\u00f3n QP\" \/>\n<meta name=\"twitter:card\" content=\"summary_large_image\" \/>\n<meta name=\"twitter:label1\" content=\"Escrito por\" \/>\n\t<meta name=\"twitter:data1\" content=\"Redacci\u00f3n QP\" \/>\n\t<meta name=\"twitter:label2\" content=\"Tiempo de lectura\" \/>\n\t<meta name=\"twitter:data2\" content=\"2 minutos\" \/>\n<script type=\"application\/ld+json\" class=\"yoast-schema-graph\">{\"@context\":\"https:\\\/\\\/schema.org\",\"@graph\":[{\"@type\":\"Article\",\"@id\":\"https:\\\/\\\/quehacerpolitico.mx\\\/?p=102934#article\",\"isPartOf\":{\"@id\":\"https:\\\/\\\/quehacerpolitico.mx\\\/?p=102934\"},\"author\":{\"name\":\"Redacci\u00f3n QP\",\"@id\":\"https:\\\/\\\/quehacerpolitico.mx\\\/#\\\/schema\\\/person\\\/496d8ad2d1d3f8036101dca7ee39e585\"},\"headline\":\"Internacionales\\\/\\\/\\\/Carolina Alonso Romei\\\/\\\/\\\/Tiroteo en Walmart\u00a0de Florida City la Polic\u00eda detuvo a un sospechoso y busca a un posible segundo\u00a0tirador una persona\u00a0muri\u00f3 y otras dos resultaron\u00a0heridas\",\"datePublished\":\"2023-07-20T00:48:04+00:00\",\"dateModified\":\"2023-07-20T00:48:08+00:00\",\"mainEntityOfPage\":{\"@id\":\"https:\\\/\\\/quehacerpolitico.mx\\\/?p=102934\"},\"wordCount\":428,\"commentCount\":0,\"image\":{\"@id\":\"https:\\\/\\\/quehacerpolitico.mx\\\/?p=102934#primaryimage\"},\"thumbnailUrl\":\"https:\\\/\\\/quehacerpolitico.mx\\\/wp-content\\\/uploads\\\/2023\\\/07\\\/IMG_9112.webp\",\"articleSection\":[\"Internacionales\"],\"inLanguage\":\"es\",\"potentialAction\":[{\"@type\":\"CommentAction\",\"name\":\"Comment\",\"target\":[\"https:\\\/\\\/quehacerpolitico.mx\\\/?p=102934#respond\"]}]},{\"@type\":\"WebPage\",\"@id\":\"https:\\\/\\\/quehacerpolitico.mx\\\/?p=102934\",\"url\":\"https:\\\/\\\/quehacerpolitico.mx\\\/?p=102934\",\"name\":\"Internacionales\\\/\\\/\\\/Carolina Alonso Romei\\\/\\\/\\\/Tiroteo en Walmart\u00a0de Florida City la Polic\u00eda detuvo a un sospechoso y busca a un posible segundo\u00a0tirador una persona\u00a0muri\u00f3 y otras dos resultaron\u00a0heridas -\",\"isPartOf\":{\"@id\":\"https:\\\/\\\/quehacerpolitico.mx\\\/#website\"},\"primaryImageOfPage\":{\"@id\":\"https:\\\/\\\/quehacerpolitico.mx\\\/?p=102934#primaryimage\"},\"image\":{\"@id\":\"https:\\\/\\\/quehacerpolitico.mx\\\/?p=102934#primaryimage\"},\"thumbnailUrl\":\"https:\\\/\\\/quehacerpolitico.mx\\\/wp-content\\\/uploads\\\/2023\\\/07\\\/IMG_9112.webp\",\"datePublished\":\"2023-07-20T00:48:04+00:00\",\"dateModified\":\"2023-07-20T00:48:08+00:00\",\"author\":{\"@id\":\"https:\\\/\\\/quehacerpolitico.mx\\\/#\\\/schema\\\/person\\\/496d8ad2d1d3f8036101dca7ee39e585\"},\"breadcrumb\":{\"@id\":\"https:\\\/\\\/quehacerpolitico.mx\\\/?p=102934#breadcrumb\"},\"inLanguage\":\"es\",\"potentialAction\":[{\"@type\":\"ReadAction\",\"target\":[\"https:\\\/\\\/quehacerpolitico.mx\\\/?p=102934\"]}]},{\"@type\":\"ImageObject\",\"inLanguage\":\"es\",\"@id\":\"https:\\\/\\\/quehacerpolitico.mx\\\/?p=102934#primaryimage\",\"url\":\"https:\\\/\\\/quehacerpolitico.mx\\\/wp-content\\\/uploads\\\/2023\\\/07\\\/IMG_9112.webp\",\"contentUrl\":\"https:\\\/\\\/quehacerpolitico.mx\\\/wp-content\\\/uploads\\\/2023\\\/07\\\/IMG_9112.webp\",\"width\":355,\"height\":223},{\"@type\":\"BreadcrumbList\",\"@id\":\"https:\\\/\\\/quehacerpolitico.mx\\\/?p=102934#breadcrumb\",\"itemListElement\":[{\"@type\":\"ListItem\",\"position\":1,\"name\":\"Inicio\",\"item\":\"https:\\\/\\\/quehacerpolitico.mx\\\/\"},{\"@type\":\"ListItem\",\"position\":2,\"name\":\"Internacionales\\\/\\\/\\\/Carolina Alonso Romei\\\/\\\/\\\/Tiroteo en Walmart\u00a0de Florida City la Polic\u00eda detuvo a un sospechoso y busca a un posible segundo\u00a0tirador una persona\u00a0muri\u00f3 y otras dos resultaron\u00a0heridas\"}]},{\"@type\":\"WebSite\",\"@id\":\"https:\\\/\\\/quehacerpolitico.mx\\\/#website\",\"url\":\"https:\\\/\\\/quehacerpolitico.mx\\\/\",\"name\":\"\",\"description\":\"\",\"potentialAction\":[{\"@type\":\"SearchAction\",\"target\":{\"@type\":\"EntryPoint\",\"urlTemplate\":\"https:\\\/\\\/quehacerpolitico.mx\\\/?s={search_term_string}\"},\"query-input\":{\"@type\":\"PropertyValueSpecification\",\"valueRequired\":true,\"valueName\":\"search_term_string\"}}],\"inLanguage\":\"es\"},{\"@type\":\"Person\",\"@id\":\"https:\\\/\\\/quehacerpolitico.mx\\\/#\\\/schema\\\/person\\\/496d8ad2d1d3f8036101dca7ee39e585\",\"name\":\"Redacci\u00f3n QP\",\"image\":{\"@type\":\"ImageObject\",\"inLanguage\":\"es\",\"@id\":\"https:\\\/\\\/secure.gravatar.com\\\/avatar\\\/c7164ed6fdec453195284ad24a5ae5b6e1eed2b848477fa2a4787ba9adf39a41?s=96&d=mm&r=g\",\"url\":\"https:\\\/\\\/secure.gravatar.com\\\/avatar\\\/c7164ed6fdec453195284ad24a5ae5b6e1eed2b848477fa2a4787ba9adf39a41?s=96&d=mm&r=g\",\"contentUrl\":\"https:\\\/\\\/secure.gravatar.com\\\/avatar\\\/c7164ed6fdec453195284ad24a5ae5b6e1eed2b848477fa2a4787ba9adf39a41?s=96&d=mm&r=g\",\"caption\":\"Redacci\u00f3n QP\"},\"url\":\"https:\\\/\\\/quehacerpolitico.mx\\\/?author=2\"}]}<\/script>\n<!-- \/ Yoast SEO plugin. -->","yoast_head_json":{"title":"Internacionales\/\/\/Carolina Alonso Romei\/\/\/Tiroteo en Walmart\u00a0de Florida City la Polic\u00eda detuvo a un sospechoso y busca a un posible segundo\u00a0tirador una persona\u00a0muri\u00f3 y otras dos resultaron\u00a0heridas -","robots":{"index":"index","follow":"follow","max-snippet":"max-snippet:-1","max-image-preview":"max-image-preview:large","max-video-preview":"max-video-preview:-1"},"canonical":"https:\/\/quehacerpolitico.mx\/?p=102934","og_locale":"es_MX","og_type":"article","og_title":"Internacionales\/\/\/Carolina Alonso Romei\/\/\/Tiroteo en Walmart\u00a0de Florida City la Polic\u00eda detuvo a un sospechoso y busca a un posible segundo\u00a0tirador una persona\u00a0muri\u00f3 y otras dos resultaron\u00a0heridas -","og_description":"Por Carolina Alonso Romei Internacionalista Las personas heridas fueron trasladadas a hospitales cercanos, pero una...","og_url":"https:\/\/quehacerpolitico.mx\/?p=102934","article_published_time":"2023-07-20T00:48:04+00:00","article_modified_time":"2023-07-20T00:48:08+00:00","og_image":[{"width":355,"height":223,"url":"https:\/\/quehacerpolitico.mx\/wp-content\/uploads\/2023\/07\/IMG_9112.webp","type":"image\/webp"}],"author":"Redacci\u00f3n QP","twitter_card":"summary_large_image","twitter_misc":{"Escrito por":"Redacci\u00f3n QP","Tiempo de lectura":"2 minutos"},"schema":{"@context":"https:\/\/schema.org","@graph":[{"@type":"Article","@id":"https:\/\/quehacerpolitico.mx\/?p=102934#article","isPartOf":{"@id":"https:\/\/quehacerpolitico.mx\/?p=102934"},"author":{"name":"Redacci\u00f3n QP","@id":"https:\/\/quehacerpolitico.mx\/#\/schema\/person\/496d8ad2d1d3f8036101dca7ee39e585"},"headline":"Internacionales\/\/\/Carolina Alonso Romei\/\/\/Tiroteo en Walmart\u00a0de Florida City la Polic\u00eda detuvo a un sospechoso y busca a un posible segundo\u00a0tirador una persona\u00a0muri\u00f3 y otras dos resultaron\u00a0heridas","datePublished":"2023-07-20T00:48:04+00:00","dateModified":"2023-07-20T00:48:08+00:00","mainEntityOfPage":{"@id":"https:\/\/quehacerpolitico.mx\/?p=102934"},"wordCount":428,"commentCount":0,"image":{"@id":"https:\/\/quehacerpolitico.mx\/?p=102934#primaryimage"},"thumbnailUrl":"https:\/\/quehacerpolitico.mx\/wp-content\/uploads\/2023\/07\/IMG_9112.webp","articleSection":["Internacionales"],"inLanguage":"es","potentialAction":[{"@type":"CommentAction","name":"Comment","target":["https:\/\/quehacerpolitico.mx\/?p=102934#respond"]}]},{"@type":"WebPage","@id":"https:\/\/quehacerpolitico.mx\/?p=102934","url":"https:\/\/quehacerpolitico.mx\/?p=102934","name":"Internacionales\/\/\/Carolina Alonso Romei\/\/\/Tiroteo en Walmart\u00a0de Florida City la Polic\u00eda detuvo a un sospechoso y busca a un posible segundo\u00a0tirador una persona\u00a0muri\u00f3 y otras dos resultaron\u00a0heridas -","isPartOf":{"@id":"https:\/\/quehacerpolitico.mx\/#website"},"primaryImageOfPage":{"@id":"https:\/\/quehacerpolitico.mx\/?p=102934#primaryimage"},"image":{"@id":"https:\/\/quehacerpolitico.mx\/?p=102934#primaryimage"},"thumbnailUrl":"https:\/\/quehacerpolitico.mx\/wp-content\/uploads\/2023\/07\/IMG_9112.webp","datePublished":"2023-07-20T00:48:04+00:00","dateModified":"2023-07-20T00:48:08+00:00","author":{"@id":"https:\/\/quehacerpolitico.mx\/#\/schema\/person\/496d8ad2d1d3f8036101dca7ee39e585"},"breadcrumb":{"@id":"https:\/\/quehacerpolitico.mx\/?p=102934#breadcrumb"},"inLanguage":"es","potentialAction":[{"@type":"ReadAction","target":["https:\/\/quehacerpolitico.mx\/?p=102934"]}]},{"@type":"ImageObject","inLanguage":"es","@id":"https:\/\/quehacerpolitico.mx\/?p=102934#primaryimage","url":"https:\/\/quehacerpolitico.mx\/wp-content\/uploads\/2023\/07\/IMG_9112.webp","contentUrl":"https:\/\/quehacerpolitico.mx\/wp-content\/uploads\/2023\/07\/IMG_9112.webp","width":355,"height":223},{"@type":"BreadcrumbList","@id":"https:\/\/quehacerpolitico.mx\/?p=102934#breadcrumb","itemListElement":[{"@type":"ListItem","position":1,"name":"Inicio","item":"https:\/\/quehacerpolitico.mx\/"},{"@type":"ListItem","position":2,"name":"Internacionales\/\/\/Carolina Alonso Romei\/\/\/Tiroteo en Walmart\u00a0de Florida City la Polic\u00eda detuvo a un sospechoso y busca a un posible segundo\u00a0tirador una persona\u00a0muri\u00f3 y otras dos resultaron\u00a0heridas"}]},{"@type":"WebSite","@id":"https:\/\/quehacerpolitico.mx\/#website","url":"https:\/\/quehacerpolitico.mx\/","name":"","description":"","potentialAction":[{"@type":"SearchAction","target":{"@type":"EntryPoint","urlTemplate":"https:\/\/quehacerpolitico.mx\/?s={search_term_string}"},"query-input":{"@type":"PropertyValueSpecification","valueRequired":true,"valueName":"search_term_string"}}],"inLanguage":"es"},{"@type":"Person","@id":"https:\/\/quehacerpolitico.mx\/#\/schema\/person\/496d8ad2d1d3f8036101dca7ee39e585","name":"Redacci\u00f3n QP","image":{"@type":"ImageObject","inLanguage":"es","@id":"https:\/\/secure.gravatar.com\/avatar\/c7164ed6fdec453195284ad24a5ae5b6e1eed2b848477fa2a4787ba9adf39a41?s=96&d=mm&r=g","url":"https:\/\/secure.gravatar.com\/avatar\/c7164ed6fdec453195284ad24a5ae5b6e1eed2b848477fa2a4787ba9adf39a41?s=96&d=mm&r=g","contentUrl":"https:\/\/secure.gravatar.com\/avatar\/c7164ed6fdec453195284ad24a5ae5b6e1eed2b848477fa2a4787ba9adf39a41?s=96&d=mm&r=g","caption":"Redacci\u00f3n QP"},"url":"https:\/\/quehacerpolitico.mx\/?author=2"}]}},"featured_image_urls":{"full":["https:\/\/quehacerpolitico.mx\/wp-content\/uploads\/2023\/07\/IMG_9112.webp",355,223,false],"thumbnail":["https:\/\/quehacerpolitico.mx\/wp-content\/uploads\/2023\/07\/IMG_9112-150x150.webp",150,150,true],"medium":["https:\/\/quehacerpolitico.mx\/wp-content\/uploads\/2023\/07\/IMG_9112-300x188.webp",300,188,true],"medium_large":["https:\/\/quehacerpolitico.mx\/wp-content\/uploads\/2023\/07\/IMG_9112.webp",355,223,false],"large":["https:\/\/quehacerpolitico.mx\/wp-content\/uploads\/2023\/07\/IMG_9112.webp",355,223,false],"1536x1536":["https:\/\/quehacerpolitico.mx\/wp-content\/uploads\/2023\/07\/IMG_9112.webp",355,223,false],"2048x2048":["https:\/\/quehacerpolitico.mx\/wp-content\/uploads\/2023\/07\/IMG_9112.webp",355,223,false],"covernews-featured":["https:\/\/quehacerpolitico.mx\/wp-content\/uploads\/2023\/07\/IMG_9112.webp",355,223,false],"covernews-medium":["https:\/\/quehacerpolitico.mx\/wp-content\/uploads\/2023\/07\/IMG_9112.webp",355,223,false]},"author_info":{"display_name":"Redacci\u00f3n QP","author_link":"https:\/\/quehacerpolitico.mx\/?author=2"},"category_info":"<a href=\"https:\/\/quehacerpolitico.mx\/?cat=1\" rel=\"category\">Internacionales<\/a>","tag_info":"Internacionales","comment_count":"0","_links":{"self":[{"href":"https:\/\/quehacerpolitico.mx\/index.php?rest_route=\/wp\/v2\/posts\/102934","targetHints":{"allow":["GET"]}}],"collection":[{"href":"https:\/\/quehacerpolitico.mx\/index.php?rest_route=\/wp\/v2\/posts"}],"about":[{"href":"https:\/\/quehacerpolitico.mx\/index.php?rest_route=\/wp\/v2\/types\/post"}],"author":[{"embeddable":true,"href":"https:\/\/quehacerpolitico.mx\/index.php?rest_route=\/wp\/v2\/users\/2"}],"replies":[{"embeddable":true,"href":"https:\/\/quehacerpolitico.mx\/index.php?rest_route=%2Fwp%2Fv2%2Fcomments&post=102934"}],"version-history":[{"count":1,"href":"https:\/\/quehacerpolitico.mx\/index.php?rest_route=\/wp\/v2\/posts\/102934\/revisions"}],"predecessor-version":[{"id":102936,"href":"https:\/\/quehacerpolitico.mx\/index.php?rest_route=\/wp\/v2\/posts\/102934\/revisions\/102936"}],"wp:featuredmedia":[{"embeddable":true,"href":"https:\/\/quehacerpolitico.mx\/index.php?rest_route=\/wp\/v2\/media\/102935"}],"wp:attachment":[{"href":"https:\/\/quehacerpolitico.mx\/index.php?rest_route=%2Fwp%2Fv2%2Fmedia&parent=102934"}],"wp:term":[{"taxonomy":"category","embeddable":true,"href":"https:\/\/quehacerpolitico.mx\/index.php?rest_route=%2Fwp%2Fv2%2Fcategories&post=102934"},{"taxonomy":"post_tag","embeddable":true,"href":"https:\/\/quehacerpolitico.mx\/index.php?rest_route=%2Fwp%2Fv2%2Ftags&post=102934"}],"curies":[{"name":"wp","href":"https:\/\/api.w.org\/{rel}","templated":true}]}}