{"id":102931,"date":"2023-07-19T20:39:08","date_gmt":"2023-07-19T20:39:08","guid":{"rendered":"https:\/\/quehacerpolitico.mx\/?p=102931"},"modified":"2023-07-19T20:39:12","modified_gmt":"2023-07-19T20:39:12","slug":"chofer-de-metrobus-fue-detenido-tras-amenazar-con-un-arma-de-fuego-a-un-automovilista","status":"publish","type":"post","link":"https:\/\/quehacerpolitico.mx\/?p=102931","title":{"rendered":"Chofer de Metrob\u00fas\u00a0fue\u00a0detenido\u00a0tras amenazar con un\u00a0arma de fuego\u00a0a un automovilista"},"content":{"rendered":"\n<p>Por Redacci\u00f3n QP<\/p>\n\n\n\n<p>Un chofer de la L\u00ednea 5 del Metrob\u00fas fue detenido despu\u00e9s de amenazar con un arma de fuego a un automovilista, derivado de un percance vial<\/p>\n\n\n\n<p>Un&nbsp;<strong>chofer<\/strong>&nbsp;del&nbsp;<strong>Metrob\u00fas<\/strong>&nbsp;fue&nbsp;<strong>detenido<\/strong>&nbsp;tras amenazar con un&nbsp;<strong>arma de fuego<\/strong>&nbsp;a un automovilista.<\/p>\n\n\n\n<p>La v\u00edctima\u00a0solicit\u00f3 auxilio a polic\u00edas de Tr\u00e1nsito de la Ciudad de M\u00e9xico que se encontraban sobre la\u00a0<strong>Avenida Eduardo Molina<\/strong><\/p>\n\n\n\n<p>Relat\u00f3 que sobre el Eje 3 Oriente hab\u00eda sostenido un&nbsp;<strong>percance vehicular<\/strong>&nbsp;con una unidad del&nbsp;<strong>Metrob\u00fas<\/strong>, cuyo chofer se baj\u00f3 y lo amenaz\u00f3 con una pistola.<\/p>\n\n\n\n<p>Los oficiales dieron alcance a la unidad se\u00f1alada y le marcaron el alto al conductor, a quien se le hizo una revisi\u00f3n de seguridad.<\/p>\n\n\n\n<p>Le encontraron un&nbsp;<strong>arma de fuego corta<\/strong>, cuya legal portaci\u00f3n no pudo acreditar.<\/p>\n\n\n\n<p>De esta forma, el hombre de 43 a\u00f1os de edad fue\u00a0<strong>detenido<\/strong>\u00a0y puesto a disposici\u00f3n del\u00a0<strong>Ministerio P\u00fablico<\/strong>\u00a0correspondiente.<\/p>\n\n\n\n<figure class=\"wp-block-embed is-type-rich is-provider-twitter wp-block-embed-twitter\"><div class=\"wp-block-embed__wrapper\">\nhttps:\/\/twitter.com\/c4jimenez\/status\/1681693126702841858?s=46&#038;t=pyttrToxhaPYSt_hljQQ_g\n<\/div><\/figure>\n\n\n\n<p>Tras el percance el&nbsp;<strong>Metrob\u00fas<\/strong>&nbsp;confirm\u00f3 que el involucrado era&nbsp;<strong>conductor<\/strong>&nbsp;de la&nbsp;<strong>L\u00ednea 5<\/strong>.<\/p>\n\n\n\n<p>Expuso que al momento del percance vehicular la unidad circulaba vac\u00eda y que ya se retir\u00f3 al operador el \u201cCertificado de Idoneidad\u201d para que no pueda prestar el servicio en ninguna de las l\u00edneas del sistema de transporte.<\/p>\n\n\n\n<p>Asegur\u00f3 que aplicar\u00e1 todas las\u00a0<strong>sanciones<\/strong>\u00a0correspondientes a la empresa a la que pertenec\u00eda el conductor.<\/p>\n\n\n\n<figure class=\"wp-block-embed is-type-rich is-provider-twitter wp-block-embed-twitter\"><div class=\"wp-block-embed__wrapper\">\n<blockquote class=\"twitter-tweet\" data-width=\"550\" data-dnt=\"true\"><p lang=\"es\" dir=\"ltr\">Metrob\u00fas informa: <a href=\"https:\/\/t.co\/THnTxOJFrd\">pic.twitter.com\/THnTxOJFrd<\/a><\/p>&mdash; Metrob\u00fas CDMX (@MetrobusCDMX) <a href=\"https:\/\/twitter.com\/MetrobusCDMX\/status\/1681740710498783232?ref_src=twsrc%5Etfw\">July 19, 2023<\/a><\/blockquote><script async src=\"https:\/\/platform.twitter.com\/widgets.js\" charset=\"utf-8\"><\/script>\n<\/div><\/figure>\n","protected":false},"excerpt":{"rendered":"<p>Por Redacci\u00f3n QP Un chofer de la L\u00ednea 5 del Metrob\u00fas fue detenido despu\u00e9s de&#8230;<\/p>\n","protected":false},"author":2,"featured_media":102932,"comment_status":"open","ping_status":"open","sticky":false,"template":"","format":"standard","meta":{"_monsterinsights_skip_tracking":false,"_monsterinsights_sitenote_active":false,"_monsterinsights_sitenote_note":"","_monsterinsights_sitenote_category":0,"footnotes":""},"categories":[55],"tags":[],"class_list":["post-102931","post","type-post","status-publish","format-standard","has-post-thumbnail","hentry","category-cdmx"],"yoast_head":"<!-- This site is optimized with the Yoast SEO plugin v27.3 - https:\/\/yoast.com\/product\/yoast-seo-wordpress\/ -->\n<title>Chofer de Metrob\u00fas\u00a0fue\u00a0detenido\u00a0tras amenazar con un\u00a0arma de fuego\u00a0a un automovilista -<\/title>\n<meta name=\"robots\" content=\"index, follow, max-snippet:-1, max-image-preview:large, max-video-preview:-1\" \/>\n<link rel=\"canonical\" href=\"https:\/\/quehacerpolitico.mx\/?p=102931\" \/>\n<meta property=\"og:locale\" content=\"es_MX\" \/>\n<meta property=\"og:type\" content=\"article\" \/>\n<meta property=\"og:title\" content=\"Chofer de Metrob\u00fas\u00a0fue\u00a0detenido\u00a0tras amenazar con un\u00a0arma de fuego\u00a0a un automovilista -\" \/>\n<meta property=\"og:description\" content=\"Por Redacci\u00f3n QP Un chofer de la L\u00ednea 5 del Metrob\u00fas fue detenido despu\u00e9s de...\" \/>\n<meta property=\"og:url\" content=\"https:\/\/quehacerpolitico.mx\/?p=102931\" \/>\n<meta property=\"article:published_time\" content=\"2023-07-19T20:39:08+00:00\" \/>\n<meta property=\"article:modified_time\" content=\"2023-07-19T20:39:12+00:00\" \/>\n<meta property=\"og:image\" content=\"https:\/\/quehacerpolitico.mx\/wp-content\/uploads\/2023\/07\/IMG_9110.jpeg\" \/>\n\t<meta property=\"og:image:width\" content=\"1288\" \/>\n\t<meta property=\"og:image:height\" content=\"847\" \/>\n\t<meta property=\"og:image:type\" content=\"image\/jpeg\" \/>\n<meta name=\"author\" content=\"Redacci\u00f3n QP\" \/>\n<meta name=\"twitter:card\" content=\"summary_large_image\" \/>\n<meta name=\"twitter:label1\" content=\"Escrito por\" \/>\n\t<meta name=\"twitter:data1\" content=\"Redacci\u00f3n QP\" \/>\n\t<meta name=\"twitter:label2\" content=\"Tiempo de lectura\" \/>\n\t<meta name=\"twitter:data2\" content=\"1 minuto\" \/>\n<script type=\"application\/ld+json\" class=\"yoast-schema-graph\">{\"@context\":\"https:\\\/\\\/schema.org\",\"@graph\":[{\"@type\":\"Article\",\"@id\":\"https:\\\/\\\/quehacerpolitico.mx\\\/?p=102931#article\",\"isPartOf\":{\"@id\":\"https:\\\/\\\/quehacerpolitico.mx\\\/?p=102931\"},\"author\":{\"name\":\"Redacci\u00f3n QP\",\"@id\":\"https:\\\/\\\/quehacerpolitico.mx\\\/#\\\/schema\\\/person\\\/496d8ad2d1d3f8036101dca7ee39e585\"},\"headline\":\"Chofer de Metrob\u00fas\u00a0fue\u00a0detenido\u00a0tras amenazar con un\u00a0arma de fuego\u00a0a un automovilista\",\"datePublished\":\"2023-07-19T20:39:08+00:00\",\"dateModified\":\"2023-07-19T20:39:12+00:00\",\"mainEntityOfPage\":{\"@id\":\"https:\\\/\\\/quehacerpolitico.mx\\\/?p=102931\"},\"wordCount\":293,\"commentCount\":0,\"image\":{\"@id\":\"https:\\\/\\\/quehacerpolitico.mx\\\/?p=102931#primaryimage\"},\"thumbnailUrl\":\"https:\\\/\\\/quehacerpolitico.mx\\\/wp-content\\\/uploads\\\/2023\\\/07\\\/IMG_9110.jpeg\",\"articleSection\":[\"CDMX\"],\"inLanguage\":\"es\",\"potentialAction\":[{\"@type\":\"CommentAction\",\"name\":\"Comment\",\"target\":[\"https:\\\/\\\/quehacerpolitico.mx\\\/?p=102931#respond\"]}]},{\"@type\":\"WebPage\",\"@id\":\"https:\\\/\\\/quehacerpolitico.mx\\\/?p=102931\",\"url\":\"https:\\\/\\\/quehacerpolitico.mx\\\/?p=102931\",\"name\":\"Chofer de Metrob\u00fas\u00a0fue\u00a0detenido\u00a0tras amenazar con un\u00a0arma de fuego\u00a0a un automovilista -\",\"isPartOf\":{\"@id\":\"https:\\\/\\\/quehacerpolitico.mx\\\/#website\"},\"primaryImageOfPage\":{\"@id\":\"https:\\\/\\\/quehacerpolitico.mx\\\/?p=102931#primaryimage\"},\"image\":{\"@id\":\"https:\\\/\\\/quehacerpolitico.mx\\\/?p=102931#primaryimage\"},\"thumbnailUrl\":\"https:\\\/\\\/quehacerpolitico.mx\\\/wp-content\\\/uploads\\\/2023\\\/07\\\/IMG_9110.jpeg\",\"datePublished\":\"2023-07-19T20:39:08+00:00\",\"dateModified\":\"2023-07-19T20:39:12+00:00\",\"author\":{\"@id\":\"https:\\\/\\\/quehacerpolitico.mx\\\/#\\\/schema\\\/person\\\/496d8ad2d1d3f8036101dca7ee39e585\"},\"breadcrumb\":{\"@id\":\"https:\\\/\\\/quehacerpolitico.mx\\\/?p=102931#breadcrumb\"},\"inLanguage\":\"es\",\"potentialAction\":[{\"@type\":\"ReadAction\",\"target\":[\"https:\\\/\\\/quehacerpolitico.mx\\\/?p=102931\"]}]},{\"@type\":\"ImageObject\",\"inLanguage\":\"es\",\"@id\":\"https:\\\/\\\/quehacerpolitico.mx\\\/?p=102931#primaryimage\",\"url\":\"https:\\\/\\\/quehacerpolitico.mx\\\/wp-content\\\/uploads\\\/2023\\\/07\\\/IMG_9110.jpeg\",\"contentUrl\":\"https:\\\/\\\/quehacerpolitico.mx\\\/wp-content\\\/uploads\\\/2023\\\/07\\\/IMG_9110.jpeg\",\"width\":1288,\"height\":847},{\"@type\":\"BreadcrumbList\",\"@id\":\"https:\\\/\\\/quehacerpolitico.mx\\\/?p=102931#breadcrumb\",\"itemListElement\":[{\"@type\":\"ListItem\",\"position\":1,\"name\":\"Inicio\",\"item\":\"https:\\\/\\\/quehacerpolitico.mx\\\/\"},{\"@type\":\"ListItem\",\"position\":2,\"name\":\"Chofer de Metrob\u00fas\u00a0fue\u00a0detenido\u00a0tras amenazar con un\u00a0arma de fuego\u00a0a un automovilista\"}]},{\"@type\":\"WebSite\",\"@id\":\"https:\\\/\\\/quehacerpolitico.mx\\\/#website\",\"url\":\"https:\\\/\\\/quehacerpolitico.mx\\\/\",\"name\":\"\",\"description\":\"\",\"potentialAction\":[{\"@type\":\"SearchAction\",\"target\":{\"@type\":\"EntryPoint\",\"urlTemplate\":\"https:\\\/\\\/quehacerpolitico.mx\\\/?s={search_term_string}\"},\"query-input\":{\"@type\":\"PropertyValueSpecification\",\"valueRequired\":true,\"valueName\":\"search_term_string\"}}],\"inLanguage\":\"es\"},{\"@type\":\"Person\",\"@id\":\"https:\\\/\\\/quehacerpolitico.mx\\\/#\\\/schema\\\/person\\\/496d8ad2d1d3f8036101dca7ee39e585\",\"name\":\"Redacci\u00f3n QP\",\"image\":{\"@type\":\"ImageObject\",\"inLanguage\":\"es\",\"@id\":\"https:\\\/\\\/secure.gravatar.com\\\/avatar\\\/c7164ed6fdec453195284ad24a5ae5b6e1eed2b848477fa2a4787ba9adf39a41?s=96&d=mm&r=g\",\"url\":\"https:\\\/\\\/secure.gravatar.com\\\/avatar\\\/c7164ed6fdec453195284ad24a5ae5b6e1eed2b848477fa2a4787ba9adf39a41?s=96&d=mm&r=g\",\"contentUrl\":\"https:\\\/\\\/secure.gravatar.com\\\/avatar\\\/c7164ed6fdec453195284ad24a5ae5b6e1eed2b848477fa2a4787ba9adf39a41?s=96&d=mm&r=g\",\"caption\":\"Redacci\u00f3n QP\"},\"url\":\"https:\\\/\\\/quehacerpolitico.mx\\\/?author=2\"}]}<\/script>\n<!-- \/ Yoast SEO plugin. -->","yoast_head_json":{"title":"Chofer de Metrob\u00fas\u00a0fue\u00a0detenido\u00a0tras amenazar con un\u00a0arma de fuego\u00a0a un automovilista -","robots":{"index":"index","follow":"follow","max-snippet":"max-snippet:-1","max-image-preview":"max-image-preview:large","max-video-preview":"max-video-preview:-1"},"canonical":"https:\/\/quehacerpolitico.mx\/?p=102931","og_locale":"es_MX","og_type":"article","og_title":"Chofer de Metrob\u00fas\u00a0fue\u00a0detenido\u00a0tras amenazar con un\u00a0arma de fuego\u00a0a un automovilista -","og_description":"Por Redacci\u00f3n QP Un chofer de la L\u00ednea 5 del Metrob\u00fas fue detenido despu\u00e9s de...","og_url":"https:\/\/quehacerpolitico.mx\/?p=102931","article_published_time":"2023-07-19T20:39:08+00:00","article_modified_time":"2023-07-19T20:39:12+00:00","og_image":[{"width":1288,"height":847,"url":"https:\/\/quehacerpolitico.mx\/wp-content\/uploads\/2023\/07\/IMG_9110.jpeg","type":"image\/jpeg"}],"author":"Redacci\u00f3n QP","twitter_card":"summary_large_image","twitter_misc":{"Escrito por":"Redacci\u00f3n QP","Tiempo de lectura":"1 minuto"},"schema":{"@context":"https:\/\/schema.org","@graph":[{"@type":"Article","@id":"https:\/\/quehacerpolitico.mx\/?p=102931#article","isPartOf":{"@id":"https:\/\/quehacerpolitico.mx\/?p=102931"},"author":{"name":"Redacci\u00f3n QP","@id":"https:\/\/quehacerpolitico.mx\/#\/schema\/person\/496d8ad2d1d3f8036101dca7ee39e585"},"headline":"Chofer de Metrob\u00fas\u00a0fue\u00a0detenido\u00a0tras amenazar con un\u00a0arma de fuego\u00a0a un automovilista","datePublished":"2023-07-19T20:39:08+00:00","dateModified":"2023-07-19T20:39:12+00:00","mainEntityOfPage":{"@id":"https:\/\/quehacerpolitico.mx\/?p=102931"},"wordCount":293,"commentCount":0,"image":{"@id":"https:\/\/quehacerpolitico.mx\/?p=102931#primaryimage"},"thumbnailUrl":"https:\/\/quehacerpolitico.mx\/wp-content\/uploads\/2023\/07\/IMG_9110.jpeg","articleSection":["CDMX"],"inLanguage":"es","potentialAction":[{"@type":"CommentAction","name":"Comment","target":["https:\/\/quehacerpolitico.mx\/?p=102931#respond"]}]},{"@type":"WebPage","@id":"https:\/\/quehacerpolitico.mx\/?p=102931","url":"https:\/\/quehacerpolitico.mx\/?p=102931","name":"Chofer de Metrob\u00fas\u00a0fue\u00a0detenido\u00a0tras amenazar con un\u00a0arma de fuego\u00a0a un automovilista -","isPartOf":{"@id":"https:\/\/quehacerpolitico.mx\/#website"},"primaryImageOfPage":{"@id":"https:\/\/quehacerpolitico.mx\/?p=102931#primaryimage"},"image":{"@id":"https:\/\/quehacerpolitico.mx\/?p=102931#primaryimage"},"thumbnailUrl":"https:\/\/quehacerpolitico.mx\/wp-content\/uploads\/2023\/07\/IMG_9110.jpeg","datePublished":"2023-07-19T20:39:08+00:00","dateModified":"2023-07-19T20:39:12+00:00","author":{"@id":"https:\/\/quehacerpolitico.mx\/#\/schema\/person\/496d8ad2d1d3f8036101dca7ee39e585"},"breadcrumb":{"@id":"https:\/\/quehacerpolitico.mx\/?p=102931#breadcrumb"},"inLanguage":"es","potentialAction":[{"@type":"ReadAction","target":["https:\/\/quehacerpolitico.mx\/?p=102931"]}]},{"@type":"ImageObject","inLanguage":"es","@id":"https:\/\/quehacerpolitico.mx\/?p=102931#primaryimage","url":"https:\/\/quehacerpolitico.mx\/wp-content\/uploads\/2023\/07\/IMG_9110.jpeg","contentUrl":"https:\/\/quehacerpolitico.mx\/wp-content\/uploads\/2023\/07\/IMG_9110.jpeg","width":1288,"height":847},{"@type":"BreadcrumbList","@id":"https:\/\/quehacerpolitico.mx\/?p=102931#breadcrumb","itemListElement":[{"@type":"ListItem","position":1,"name":"Inicio","item":"https:\/\/quehacerpolitico.mx\/"},{"@type":"ListItem","position":2,"name":"Chofer de Metrob\u00fas\u00a0fue\u00a0detenido\u00a0tras amenazar con un\u00a0arma de fuego\u00a0a un automovilista"}]},{"@type":"WebSite","@id":"https:\/\/quehacerpolitico.mx\/#website","url":"https:\/\/quehacerpolitico.mx\/","name":"","description":"","potentialAction":[{"@type":"SearchAction","target":{"@type":"EntryPoint","urlTemplate":"https:\/\/quehacerpolitico.mx\/?s={search_term_string}"},"query-input":{"@type":"PropertyValueSpecification","valueRequired":true,"valueName":"search_term_string"}}],"inLanguage":"es"},{"@type":"Person","@id":"https:\/\/quehacerpolitico.mx\/#\/schema\/person\/496d8ad2d1d3f8036101dca7ee39e585","name":"Redacci\u00f3n QP","image":{"@type":"ImageObject","inLanguage":"es","@id":"https:\/\/secure.gravatar.com\/avatar\/c7164ed6fdec453195284ad24a5ae5b6e1eed2b848477fa2a4787ba9adf39a41?s=96&d=mm&r=g","url":"https:\/\/secure.gravatar.com\/avatar\/c7164ed6fdec453195284ad24a5ae5b6e1eed2b848477fa2a4787ba9adf39a41?s=96&d=mm&r=g","contentUrl":"https:\/\/secure.gravatar.com\/avatar\/c7164ed6fdec453195284ad24a5ae5b6e1eed2b848477fa2a4787ba9adf39a41?s=96&d=mm&r=g","caption":"Redacci\u00f3n QP"},"url":"https:\/\/quehacerpolitico.mx\/?author=2"}]}},"featured_image_urls":{"full":["https:\/\/quehacerpolitico.mx\/wp-content\/uploads\/2023\/07\/IMG_9110.jpeg",1288,847,false],"thumbnail":["https:\/\/quehacerpolitico.mx\/wp-content\/uploads\/2023\/07\/IMG_9110-150x150.jpeg",150,150,true],"medium":["https:\/\/quehacerpolitico.mx\/wp-content\/uploads\/2023\/07\/IMG_9110-300x197.jpeg",300,197,true],"medium_large":["https:\/\/quehacerpolitico.mx\/wp-content\/uploads\/2023\/07\/IMG_9110-768x505.jpeg",640,421,true],"large":["https:\/\/quehacerpolitico.mx\/wp-content\/uploads\/2023\/07\/IMG_9110-1024x673.jpeg",640,421,true],"1536x1536":["https:\/\/quehacerpolitico.mx\/wp-content\/uploads\/2023\/07\/IMG_9110.jpeg",1288,847,false],"2048x2048":["https:\/\/quehacerpolitico.mx\/wp-content\/uploads\/2023\/07\/IMG_9110.jpeg",1288,847,false],"covernews-featured":["https:\/\/quehacerpolitico.mx\/wp-content\/uploads\/2023\/07\/IMG_9110.jpeg",1024,673,false],"covernews-medium":["https:\/\/quehacerpolitico.mx\/wp-content\/uploads\/2023\/07\/IMG_9110.jpeg",517,340,false]},"author_info":{"display_name":"Redacci\u00f3n QP","author_link":"https:\/\/quehacerpolitico.mx\/?author=2"},"category_info":"<a href=\"https:\/\/quehacerpolitico.mx\/?cat=55\" rel=\"category\">CDMX<\/a>","tag_info":"CDMX","comment_count":"0","_links":{"self":[{"href":"https:\/\/quehacerpolitico.mx\/index.php?rest_route=\/wp\/v2\/posts\/102931","targetHints":{"allow":["GET"]}}],"collection":[{"href":"https:\/\/quehacerpolitico.mx\/index.php?rest_route=\/wp\/v2\/posts"}],"about":[{"href":"https:\/\/quehacerpolitico.mx\/index.php?rest_route=\/wp\/v2\/types\/post"}],"author":[{"embeddable":true,"href":"https:\/\/quehacerpolitico.mx\/index.php?rest_route=\/wp\/v2\/users\/2"}],"replies":[{"embeddable":true,"href":"https:\/\/quehacerpolitico.mx\/index.php?rest_route=%2Fwp%2Fv2%2Fcomments&post=102931"}],"version-history":[{"count":1,"href":"https:\/\/quehacerpolitico.mx\/index.php?rest_route=\/wp\/v2\/posts\/102931\/revisions"}],"predecessor-version":[{"id":102933,"href":"https:\/\/quehacerpolitico.mx\/index.php?rest_route=\/wp\/v2\/posts\/102931\/revisions\/102933"}],"wp:featuredmedia":[{"embeddable":true,"href":"https:\/\/quehacerpolitico.mx\/index.php?rest_route=\/wp\/v2\/media\/102932"}],"wp:attachment":[{"href":"https:\/\/quehacerpolitico.mx\/index.php?rest_route=%2Fwp%2Fv2%2Fmedia&parent=102931"}],"wp:term":[{"taxonomy":"category","embeddable":true,"href":"https:\/\/quehacerpolitico.mx\/index.php?rest_route=%2Fwp%2Fv2%2Fcategories&post=102931"},{"taxonomy":"post_tag","embeddable":true,"href":"https:\/\/quehacerpolitico.mx\/index.php?rest_route=%2Fwp%2Fv2%2Ftags&post=102931"}],"curies":[{"name":"wp","href":"https:\/\/api.w.org\/{rel}","templated":true}]}}