{"id":102921,"date":"2023-07-19T18:48:46","date_gmt":"2023-07-19T18:48:46","guid":{"rendered":"https:\/\/quehacerpolitico.mx\/?p=102921"},"modified":"2023-07-19T18:48:52","modified_gmt":"2023-07-19T18:48:52","slug":"star-estrena-hoy-pancho-villa-el-centauro-del-norte-como-parte-del-100-aniversario-luctuoso-del-caudillo-mexicano","status":"publish","type":"post","link":"https:\/\/quehacerpolitico.mx\/?p=102921","title":{"rendered":"Star+ estrena hoy \u201cPancho Villa El centauro del norte\u201d como parte del 100 aniversario luctuoso del caudillo mexicano"},"content":{"rendered":"\n<p>Por Redacci\u00f3n QP<\/p>\n\n\n\n<p>Esta serie ya est\u00e1 disponible en Star+ como parte del 100 aniversario luctuoso del caudillo mexicano<\/p>\n\n\n\n<p><strong>Este mi\u00e9rcoles 19 de julio se estrena la esperada serie\u00a0<em>Pancho Villa. El centauro del norte<\/em>\u00a0en Star+<\/strong>, el servicio de\u00a0<em>streaming<\/em>\u00a0para el entretenimiento de los adultos,\u00a0<strong>en el marco del a\u00f1o que conmemora el 100 aniversario de su muerte, el 20 de julio de 1923<\/strong>.<\/p>\n\n\n\n<figure class=\"wp-block-image\"><img decoding=\"async\" src=\"https:\/\/www.informador.mx\/__export\/1689786452196\/sites\/elinformador\/img\/2023\/07\/19\/pancho_villa_6_crop1689786449446.jpg_70287019.jpg\" alt=\"\"\/><figcaption class=\"wp-element-caption\"><em>Pancho Villa. El centauro del norte<\/em>. ESPECIAL\/THE WALT DISNEY COMPANY M\u00c9XICO.&nbsp;<\/figcaption><\/figure>\n\n\n\n<p><em>Pancho Villa\u00a0<\/em>es la nueva serie original de Star Original Productions realizada por BTF Media, que recorre la vida del m\u00edtico l\u00edder revolucionario mexicano\u00a0<em>Doroteo Arango<\/em>, conocido como\u00a0<em>Pancho Villa<\/em>, desde sus inicios en el bandidaje durante su adolescencia hasta convertirse en una fuerza decisiva de la Revoluci\u00f3n Mexicana y morir tr\u00e1gicamente en una emboscada.<\/p>\n\n\n\n<figure class=\"wp-block-image\"><img decoding=\"async\" src=\"https:\/\/www.informador.mx\/__export\/1689786338507\/sites\/elinformador\/img\/2023\/07\/19\/pancho_villa_7_crop1689786337360.jpg_70287019.jpg\" alt=\"\"\/><figcaption class=\"wp-element-caption\"><em>Pancho Villa. El centauro del norte<\/em>. ESPECIAL\/THE WALT DISNEY COMPANY M\u00c9XICO.&nbsp;<\/figcaption><\/figure>\n\n\n\n<p>La producci\u00f3n de ficci\u00f3n se conforma por 10 episodios y fue grabada en emblem\u00e1ticas locaciones del estado de Jalisco, M\u00e9xico, incluido Guadalajara,\u00a0<strong><em>Pancho Villa. El centauro del norte<\/em>se remonta a los or\u00edgenes de\u00a0<em>Pancho Villa<\/em>\u00a0en un peque\u00f1o poblado del estado de Durango para ser testigo de su formaci\u00f3n como caudillo revolucionario y figura m\u00edtica de la historia de M\u00e9xico<\/strong>.<\/p>\n\n\n\n<p>La serie documental \u201c548 d\u00edas: Captada por una secta\u201d ya est\u00e1 disponible en Star+<\/p>\n\n\n\n<figure class=\"wp-block-image\"><img decoding=\"async\" src=\"https:\/\/www.informador.mx\/__export\/1689786506911\/sites\/elinformador\/img\/2023\/07\/19\/pancho_villa_2_crop1689786505812.jpg_70287019.jpg\" alt=\"\"\/><figcaption class=\"wp-element-caption\"><em>Pancho Villa. El centauro del norte<\/em>. ESPECIAL\/THE WALT DISNEY COMPANY M\u00c9XICO.&nbsp;<\/figcaption><\/figure>\n\n\n\n<p>Entre otros hitos de la vida pol\u00edtica de\u00a0<em>Villa<\/em>, el relato repasa su participaci\u00f3n en batallas fundamentales para el triunfo de la Revoluci\u00f3n Mexicana, como la toma de Ciudad Ju\u00e1rez, Torre\u00f3n y Zacatecas, as\u00ed como la derrota del dictador\u00a0<em>Porfirio D\u00edaz<\/em>, su alianza con el presidente\u00a0<em>Venustiano Carranza<\/em>\u00a0y su paso breve pero sustancioso por la gobernaci\u00f3n de Chihuahua. Adem\u00e1s, retrata amistades entra\u00f1ables y enemistades peligrosas que lo acompa\u00f1aron toda la vida.<\/p>\n\n\n\n<figure class=\"wp-block-image\"><img decoding=\"async\" src=\"https:\/\/www.informador.mx\/__export\/1689786569486\/sites\/elinformador\/img\/2023\/07\/19\/pancho_villa_3_crop1689786567950.jpg_158945035.jpg\" alt=\"\"\/><figcaption class=\"wp-element-caption\"><em>Pancho Villa. El centauro del norte<\/em>. ESPECIAL\/THE WALT DISNEY COMPANY M\u00c9XICO.&nbsp;<\/figcaption><\/figure>\n\n\n\n<p><strong>As\u00ed, la serie explora las m\u00faltiples capas de esta leyenda, mostrando sus contradicciones y entretejiendo su historia personal con la de un pa\u00eds en transformaci\u00f3n<\/strong>.<\/p>\n\n\n\n<figure class=\"wp-block-embed is-type-video is-provider-youtube wp-block-embed-youtube wp-embed-aspect-16-9 wp-has-aspect-ratio\"><div class=\"wp-block-embed__wrapper\">\nhttps:\/\/youtu.be\/uk4l0bKM6JE\n<\/div><\/figure>\n\n\n\n<p><strong>Con elementos de intriga, acci\u00f3n y drama,&nbsp;<em>Pancho Villa. El centauro del norte<\/em>&nbsp;conquistar\u00e1 a los fan\u00e1ticos del g\u00e9nero&nbsp;<em>biopic<\/em>&nbsp;b\u00e9lica y de las series sobre figuras m\u00edticas de la historia pol\u00edtica y social de Latinoam\u00e9rica<\/strong>, as\u00ed como a los espectadores interesados en los acontecimientos de la historia de M\u00e9xico y su impacto en el curso del pa\u00eds hasta la actualidad. La nueva serie se destaca, adem\u00e1s, por su alto valor de producci\u00f3n y una minuciosa reconstrucci\u00f3n hist\u00f3rica.<\/p>\n\n\n\n<p><strong><em>Pancho Villa. El centauro del norte<\/em>\u00a0es protagonizada por Jorge A. Medina, Juan Luis Medina y Armando Hern\u00e1ndez<\/strong>, quienes est\u00e1n acompa\u00f1ados por un gran elenco integrado por Leonardo Alonso, Marco Trevi\u00f1o, Pablo Abitia, Andr\u00e9s Montiel, la participaci\u00f3n especial de Dagoberto Gama y Gabriela Cartol.<\/p>\n\n\n\n<p>La serie est\u00e1 escrita por Enrique Renter\u00eda y Rafa Lara, quien tambi\u00e9n funge como&nbsp;<em>showrunner<\/em>.<\/p>\n\n\n\n<p><em>Con informaci\u00f3n de The Walt Disney Company M\u00e9xico<\/em>.<\/p>\n","protected":false},"excerpt":{"rendered":"<p>Por Redacci\u00f3n QP Esta serie ya est\u00e1 disponible en Star+ como parte del 100 aniversario&#8230;<\/p>\n","protected":false},"author":2,"featured_media":102922,"comment_status":"open","ping_status":"open","sticky":false,"template":"","format":"standard","meta":{"_monsterinsights_skip_tracking":false,"_monsterinsights_sitenote_active":false,"_monsterinsights_sitenote_note":"","_monsterinsights_sitenote_category":0,"footnotes":""},"categories":[58],"tags":[],"class_list":["post-102921","post","type-post","status-publish","format-standard","has-post-thumbnail","hentry","category-cultura"],"yoast_head":"<!-- This site is optimized with the Yoast SEO plugin v27.3 - https:\/\/yoast.com\/product\/yoast-seo-wordpress\/ -->\n<title>Star+ estrena hoy \u201cPancho Villa El centauro del norte\u201d como parte del 100 aniversario luctuoso del caudillo mexicano -<\/title>\n<meta name=\"robots\" content=\"index, follow, max-snippet:-1, max-image-preview:large, max-video-preview:-1\" \/>\n<link rel=\"canonical\" href=\"https:\/\/quehacerpolitico.mx\/?p=102921\" \/>\n<meta property=\"og:locale\" content=\"es_MX\" \/>\n<meta property=\"og:type\" content=\"article\" \/>\n<meta property=\"og:title\" content=\"Star+ estrena hoy \u201cPancho Villa El centauro del norte\u201d como parte del 100 aniversario luctuoso del caudillo mexicano -\" \/>\n<meta property=\"og:description\" content=\"Por Redacci\u00f3n QP Esta serie ya est\u00e1 disponible en Star+ como parte del 100 aniversario...\" \/>\n<meta property=\"og:url\" content=\"https:\/\/quehacerpolitico.mx\/?p=102921\" \/>\n<meta property=\"article:published_time\" content=\"2023-07-19T18:48:46+00:00\" \/>\n<meta property=\"article:modified_time\" content=\"2023-07-19T18:48:52+00:00\" \/>\n<meta property=\"og:image\" content=\"https:\/\/quehacerpolitico.mx\/wp-content\/uploads\/2023\/07\/IMG_9103.webp\" \/>\n\t<meta property=\"og:image:width\" content=\"355\" \/>\n\t<meta property=\"og:image:height\" content=\"223\" \/>\n\t<meta property=\"og:image:type\" content=\"image\/webp\" \/>\n<meta name=\"author\" content=\"Redacci\u00f3n QP\" \/>\n<meta name=\"twitter:card\" content=\"summary_large_image\" \/>\n<meta name=\"twitter:label1\" content=\"Escrito por\" \/>\n\t<meta name=\"twitter:data1\" content=\"Redacci\u00f3n QP\" \/>\n\t<meta name=\"twitter:label2\" content=\"Tiempo de lectura\" \/>\n\t<meta name=\"twitter:data2\" content=\"3 minutos\" \/>\n<script type=\"application\/ld+json\" class=\"yoast-schema-graph\">{\"@context\":\"https:\\\/\\\/schema.org\",\"@graph\":[{\"@type\":\"Article\",\"@id\":\"https:\\\/\\\/quehacerpolitico.mx\\\/?p=102921#article\",\"isPartOf\":{\"@id\":\"https:\\\/\\\/quehacerpolitico.mx\\\/?p=102921\"},\"author\":{\"name\":\"Redacci\u00f3n QP\",\"@id\":\"https:\\\/\\\/quehacerpolitico.mx\\\/#\\\/schema\\\/person\\\/496d8ad2d1d3f8036101dca7ee39e585\"},\"headline\":\"Star+ estrena hoy \u201cPancho Villa El centauro del norte\u201d como parte del 100 aniversario luctuoso del caudillo mexicano\",\"datePublished\":\"2023-07-19T18:48:46+00:00\",\"dateModified\":\"2023-07-19T18:48:52+00:00\",\"mainEntityOfPage\":{\"@id\":\"https:\\\/\\\/quehacerpolitico.mx\\\/?p=102921\"},\"wordCount\":568,\"commentCount\":0,\"image\":{\"@id\":\"https:\\\/\\\/quehacerpolitico.mx\\\/?p=102921#primaryimage\"},\"thumbnailUrl\":\"https:\\\/\\\/quehacerpolitico.mx\\\/wp-content\\\/uploads\\\/2023\\\/07\\\/IMG_9103.webp\",\"articleSection\":[\"Cultura y Entretenimiento\"],\"inLanguage\":\"es\",\"potentialAction\":[{\"@type\":\"CommentAction\",\"name\":\"Comment\",\"target\":[\"https:\\\/\\\/quehacerpolitico.mx\\\/?p=102921#respond\"]}]},{\"@type\":\"WebPage\",\"@id\":\"https:\\\/\\\/quehacerpolitico.mx\\\/?p=102921\",\"url\":\"https:\\\/\\\/quehacerpolitico.mx\\\/?p=102921\",\"name\":\"Star+ estrena hoy \u201cPancho Villa El centauro del norte\u201d como parte del 100 aniversario luctuoso del caudillo mexicano -\",\"isPartOf\":{\"@id\":\"https:\\\/\\\/quehacerpolitico.mx\\\/#website\"},\"primaryImageOfPage\":{\"@id\":\"https:\\\/\\\/quehacerpolitico.mx\\\/?p=102921#primaryimage\"},\"image\":{\"@id\":\"https:\\\/\\\/quehacerpolitico.mx\\\/?p=102921#primaryimage\"},\"thumbnailUrl\":\"https:\\\/\\\/quehacerpolitico.mx\\\/wp-content\\\/uploads\\\/2023\\\/07\\\/IMG_9103.webp\",\"datePublished\":\"2023-07-19T18:48:46+00:00\",\"dateModified\":\"2023-07-19T18:48:52+00:00\",\"author\":{\"@id\":\"https:\\\/\\\/quehacerpolitico.mx\\\/#\\\/schema\\\/person\\\/496d8ad2d1d3f8036101dca7ee39e585\"},\"breadcrumb\":{\"@id\":\"https:\\\/\\\/quehacerpolitico.mx\\\/?p=102921#breadcrumb\"},\"inLanguage\":\"es\",\"potentialAction\":[{\"@type\":\"ReadAction\",\"target\":[\"https:\\\/\\\/quehacerpolitico.mx\\\/?p=102921\"]}]},{\"@type\":\"ImageObject\",\"inLanguage\":\"es\",\"@id\":\"https:\\\/\\\/quehacerpolitico.mx\\\/?p=102921#primaryimage\",\"url\":\"https:\\\/\\\/quehacerpolitico.mx\\\/wp-content\\\/uploads\\\/2023\\\/07\\\/IMG_9103.webp\",\"contentUrl\":\"https:\\\/\\\/quehacerpolitico.mx\\\/wp-content\\\/uploads\\\/2023\\\/07\\\/IMG_9103.webp\",\"width\":355,\"height\":223},{\"@type\":\"BreadcrumbList\",\"@id\":\"https:\\\/\\\/quehacerpolitico.mx\\\/?p=102921#breadcrumb\",\"itemListElement\":[{\"@type\":\"ListItem\",\"position\":1,\"name\":\"Inicio\",\"item\":\"https:\\\/\\\/quehacerpolitico.mx\\\/\"},{\"@type\":\"ListItem\",\"position\":2,\"name\":\"Star+ estrena hoy \u201cPancho Villa El centauro del norte\u201d como parte del 100 aniversario luctuoso del caudillo mexicano\"}]},{\"@type\":\"WebSite\",\"@id\":\"https:\\\/\\\/quehacerpolitico.mx\\\/#website\",\"url\":\"https:\\\/\\\/quehacerpolitico.mx\\\/\",\"name\":\"\",\"description\":\"\",\"potentialAction\":[{\"@type\":\"SearchAction\",\"target\":{\"@type\":\"EntryPoint\",\"urlTemplate\":\"https:\\\/\\\/quehacerpolitico.mx\\\/?s={search_term_string}\"},\"query-input\":{\"@type\":\"PropertyValueSpecification\",\"valueRequired\":true,\"valueName\":\"search_term_string\"}}],\"inLanguage\":\"es\"},{\"@type\":\"Person\",\"@id\":\"https:\\\/\\\/quehacerpolitico.mx\\\/#\\\/schema\\\/person\\\/496d8ad2d1d3f8036101dca7ee39e585\",\"name\":\"Redacci\u00f3n QP\",\"image\":{\"@type\":\"ImageObject\",\"inLanguage\":\"es\",\"@id\":\"https:\\\/\\\/secure.gravatar.com\\\/avatar\\\/c7164ed6fdec453195284ad24a5ae5b6e1eed2b848477fa2a4787ba9adf39a41?s=96&d=mm&r=g\",\"url\":\"https:\\\/\\\/secure.gravatar.com\\\/avatar\\\/c7164ed6fdec453195284ad24a5ae5b6e1eed2b848477fa2a4787ba9adf39a41?s=96&d=mm&r=g\",\"contentUrl\":\"https:\\\/\\\/secure.gravatar.com\\\/avatar\\\/c7164ed6fdec453195284ad24a5ae5b6e1eed2b848477fa2a4787ba9adf39a41?s=96&d=mm&r=g\",\"caption\":\"Redacci\u00f3n QP\"},\"url\":\"https:\\\/\\\/quehacerpolitico.mx\\\/?author=2\"}]}<\/script>\n<!-- \/ Yoast SEO plugin. -->","yoast_head_json":{"title":"Star+ estrena hoy \u201cPancho Villa El centauro del norte\u201d como parte del 100 aniversario luctuoso del caudillo mexicano -","robots":{"index":"index","follow":"follow","max-snippet":"max-snippet:-1","max-image-preview":"max-image-preview:large","max-video-preview":"max-video-preview:-1"},"canonical":"https:\/\/quehacerpolitico.mx\/?p=102921","og_locale":"es_MX","og_type":"article","og_title":"Star+ estrena hoy \u201cPancho Villa El centauro del norte\u201d como parte del 100 aniversario luctuoso del caudillo mexicano -","og_description":"Por Redacci\u00f3n QP Esta serie ya est\u00e1 disponible en Star+ como parte del 100 aniversario...","og_url":"https:\/\/quehacerpolitico.mx\/?p=102921","article_published_time":"2023-07-19T18:48:46+00:00","article_modified_time":"2023-07-19T18:48:52+00:00","og_image":[{"width":355,"height":223,"url":"https:\/\/quehacerpolitico.mx\/wp-content\/uploads\/2023\/07\/IMG_9103.webp","type":"image\/webp"}],"author":"Redacci\u00f3n QP","twitter_card":"summary_large_image","twitter_misc":{"Escrito por":"Redacci\u00f3n QP","Tiempo de lectura":"3 minutos"},"schema":{"@context":"https:\/\/schema.org","@graph":[{"@type":"Article","@id":"https:\/\/quehacerpolitico.mx\/?p=102921#article","isPartOf":{"@id":"https:\/\/quehacerpolitico.mx\/?p=102921"},"author":{"name":"Redacci\u00f3n QP","@id":"https:\/\/quehacerpolitico.mx\/#\/schema\/person\/496d8ad2d1d3f8036101dca7ee39e585"},"headline":"Star+ estrena hoy \u201cPancho Villa El centauro del norte\u201d como parte del 100 aniversario luctuoso del caudillo mexicano","datePublished":"2023-07-19T18:48:46+00:00","dateModified":"2023-07-19T18:48:52+00:00","mainEntityOfPage":{"@id":"https:\/\/quehacerpolitico.mx\/?p=102921"},"wordCount":568,"commentCount":0,"image":{"@id":"https:\/\/quehacerpolitico.mx\/?p=102921#primaryimage"},"thumbnailUrl":"https:\/\/quehacerpolitico.mx\/wp-content\/uploads\/2023\/07\/IMG_9103.webp","articleSection":["Cultura y Entretenimiento"],"inLanguage":"es","potentialAction":[{"@type":"CommentAction","name":"Comment","target":["https:\/\/quehacerpolitico.mx\/?p=102921#respond"]}]},{"@type":"WebPage","@id":"https:\/\/quehacerpolitico.mx\/?p=102921","url":"https:\/\/quehacerpolitico.mx\/?p=102921","name":"Star+ estrena hoy \u201cPancho Villa El centauro del norte\u201d como parte del 100 aniversario luctuoso del caudillo mexicano -","isPartOf":{"@id":"https:\/\/quehacerpolitico.mx\/#website"},"primaryImageOfPage":{"@id":"https:\/\/quehacerpolitico.mx\/?p=102921#primaryimage"},"image":{"@id":"https:\/\/quehacerpolitico.mx\/?p=102921#primaryimage"},"thumbnailUrl":"https:\/\/quehacerpolitico.mx\/wp-content\/uploads\/2023\/07\/IMG_9103.webp","datePublished":"2023-07-19T18:48:46+00:00","dateModified":"2023-07-19T18:48:52+00:00","author":{"@id":"https:\/\/quehacerpolitico.mx\/#\/schema\/person\/496d8ad2d1d3f8036101dca7ee39e585"},"breadcrumb":{"@id":"https:\/\/quehacerpolitico.mx\/?p=102921#breadcrumb"},"inLanguage":"es","potentialAction":[{"@type":"ReadAction","target":["https:\/\/quehacerpolitico.mx\/?p=102921"]}]},{"@type":"ImageObject","inLanguage":"es","@id":"https:\/\/quehacerpolitico.mx\/?p=102921#primaryimage","url":"https:\/\/quehacerpolitico.mx\/wp-content\/uploads\/2023\/07\/IMG_9103.webp","contentUrl":"https:\/\/quehacerpolitico.mx\/wp-content\/uploads\/2023\/07\/IMG_9103.webp","width":355,"height":223},{"@type":"BreadcrumbList","@id":"https:\/\/quehacerpolitico.mx\/?p=102921#breadcrumb","itemListElement":[{"@type":"ListItem","position":1,"name":"Inicio","item":"https:\/\/quehacerpolitico.mx\/"},{"@type":"ListItem","position":2,"name":"Star+ estrena hoy \u201cPancho Villa El centauro del norte\u201d como parte del 100 aniversario luctuoso del caudillo mexicano"}]},{"@type":"WebSite","@id":"https:\/\/quehacerpolitico.mx\/#website","url":"https:\/\/quehacerpolitico.mx\/","name":"","description":"","potentialAction":[{"@type":"SearchAction","target":{"@type":"EntryPoint","urlTemplate":"https:\/\/quehacerpolitico.mx\/?s={search_term_string}"},"query-input":{"@type":"PropertyValueSpecification","valueRequired":true,"valueName":"search_term_string"}}],"inLanguage":"es"},{"@type":"Person","@id":"https:\/\/quehacerpolitico.mx\/#\/schema\/person\/496d8ad2d1d3f8036101dca7ee39e585","name":"Redacci\u00f3n QP","image":{"@type":"ImageObject","inLanguage":"es","@id":"https:\/\/secure.gravatar.com\/avatar\/c7164ed6fdec453195284ad24a5ae5b6e1eed2b848477fa2a4787ba9adf39a41?s=96&d=mm&r=g","url":"https:\/\/secure.gravatar.com\/avatar\/c7164ed6fdec453195284ad24a5ae5b6e1eed2b848477fa2a4787ba9adf39a41?s=96&d=mm&r=g","contentUrl":"https:\/\/secure.gravatar.com\/avatar\/c7164ed6fdec453195284ad24a5ae5b6e1eed2b848477fa2a4787ba9adf39a41?s=96&d=mm&r=g","caption":"Redacci\u00f3n QP"},"url":"https:\/\/quehacerpolitico.mx\/?author=2"}]}},"featured_image_urls":{"full":["https:\/\/quehacerpolitico.mx\/wp-content\/uploads\/2023\/07\/IMG_9103.webp",355,223,false],"thumbnail":["https:\/\/quehacerpolitico.mx\/wp-content\/uploads\/2023\/07\/IMG_9103-150x150.webp",150,150,true],"medium":["https:\/\/quehacerpolitico.mx\/wp-content\/uploads\/2023\/07\/IMG_9103-300x188.webp",300,188,true],"medium_large":["https:\/\/quehacerpolitico.mx\/wp-content\/uploads\/2023\/07\/IMG_9103.webp",355,223,false],"large":["https:\/\/quehacerpolitico.mx\/wp-content\/uploads\/2023\/07\/IMG_9103.webp",355,223,false],"1536x1536":["https:\/\/quehacerpolitico.mx\/wp-content\/uploads\/2023\/07\/IMG_9103.webp",355,223,false],"2048x2048":["https:\/\/quehacerpolitico.mx\/wp-content\/uploads\/2023\/07\/IMG_9103.webp",355,223,false],"covernews-featured":["https:\/\/quehacerpolitico.mx\/wp-content\/uploads\/2023\/07\/IMG_9103.webp",355,223,false],"covernews-medium":["https:\/\/quehacerpolitico.mx\/wp-content\/uploads\/2023\/07\/IMG_9103.webp",355,223,false]},"author_info":{"display_name":"Redacci\u00f3n QP","author_link":"https:\/\/quehacerpolitico.mx\/?author=2"},"category_info":"<a href=\"https:\/\/quehacerpolitico.mx\/?cat=58\" rel=\"category\">Cultura y Entretenimiento<\/a>","tag_info":"Cultura y Entretenimiento","comment_count":"0","_links":{"self":[{"href":"https:\/\/quehacerpolitico.mx\/index.php?rest_route=\/wp\/v2\/posts\/102921","targetHints":{"allow":["GET"]}}],"collection":[{"href":"https:\/\/quehacerpolitico.mx\/index.php?rest_route=\/wp\/v2\/posts"}],"about":[{"href":"https:\/\/quehacerpolitico.mx\/index.php?rest_route=\/wp\/v2\/types\/post"}],"author":[{"embeddable":true,"href":"https:\/\/quehacerpolitico.mx\/index.php?rest_route=\/wp\/v2\/users\/2"}],"replies":[{"embeddable":true,"href":"https:\/\/quehacerpolitico.mx\/index.php?rest_route=%2Fwp%2Fv2%2Fcomments&post=102921"}],"version-history":[{"count":1,"href":"https:\/\/quehacerpolitico.mx\/index.php?rest_route=\/wp\/v2\/posts\/102921\/revisions"}],"predecessor-version":[{"id":102923,"href":"https:\/\/quehacerpolitico.mx\/index.php?rest_route=\/wp\/v2\/posts\/102921\/revisions\/102923"}],"wp:featuredmedia":[{"embeddable":true,"href":"https:\/\/quehacerpolitico.mx\/index.php?rest_route=\/wp\/v2\/media\/102922"}],"wp:attachment":[{"href":"https:\/\/quehacerpolitico.mx\/index.php?rest_route=%2Fwp%2Fv2%2Fmedia&parent=102921"}],"wp:term":[{"taxonomy":"category","embeddable":true,"href":"https:\/\/quehacerpolitico.mx\/index.php?rest_route=%2Fwp%2Fv2%2Fcategories&post=102921"},{"taxonomy":"post_tag","embeddable":true,"href":"https:\/\/quehacerpolitico.mx\/index.php?rest_route=%2Fwp%2Fv2%2Ftags&post=102921"}],"curies":[{"name":"wp","href":"https:\/\/api.w.org\/{rel}","templated":true}]}}