{"id":102909,"date":"2023-07-19T17:23:20","date_gmt":"2023-07-19T17:23:20","guid":{"rendered":"https:\/\/quehacerpolitico.mx\/?p=102909"},"modified":"2023-07-19T17:23:25","modified_gmt":"2023-07-19T17:23:25","slug":"amlo-dice-que-su-gobierno-vive-una-guerra-mediatica-en-contra-y-volvio-a-lanzarse-este-miercoles-contra-los-medios-de-comunicacion","status":"publish","type":"post","link":"https:\/\/quehacerpolitico.mx\/?p=102909","title":{"rendered":"AMLO dice que su Gobierno vive una\u00a0guerra medi\u00e1tica\u00a0en contra, y volvi\u00f3 a lanzarse este mi\u00e9rcoles contra los\u00a0medios de comunicaci\u00f3n"},"content":{"rendered":"\n<p>Por Redacci\u00f3n QP<\/p>\n\n\n\n<p>L\u00f3pez Obrador afirm\u00f3 que tiene \u201ca casi todos los medios de comunicaci\u00f3n\u201d en lanzada contra su Administraci\u00f3n en esta \u201cguerra medi\u00e1tica\u201d<\/p>\n\n\n\n<p><strong>Andres Manuel L\u00f3pez Obrador<\/strong>, presidente de M\u00e9xico, advirti\u00f3 que su Gobierno vive una<strong>\u00a0guerra medi\u00e1tica<\/strong>\u00a0en contra, y volvi\u00f3 a lanzarse este mi\u00e9rcoles contra los\u00a0<strong>medios de comunicaci\u00f3n<\/strong>\u00a0en el pa\u00eds, de los cuales apunt\u00f3 que manipulan a la ciudadan\u00eda.<\/p>\n\n\n\n<p>En la conferencia matutina de Palacio Nacional, L\u00f3pez Obrador que tiene a casi todos los medios de comunicaci\u00f3n en lanzada contra su Administraci\u00f3n en esta guerra medi\u00e1tica, incluso algunos financiados por el Gobierno de los Estados Unidos.<\/p>\n\n\n\n<p>\u201cAdvertir que es una peque\u00f1a muestra porque la inmensa mayor\u00eda de los medios de informaci\u00f3n, que en realidad son medios de manipulaci\u00f3n, est\u00e1n abiertamente en contra de nosotros, es una guerra sucia, de todos los medios de informaci\u00f3n con honrosas excepciones\u201d, dijo.<\/p>\n\n\n\n<p>\u201cSon todos: cadenas de radio completas, la mayor\u00eda de los peri\u00f3dicos, los analistas y comentaristas de la televisi\u00f3n, manejo de bots en las redes sociales, la utilizaci\u00f3n de millones de pesos de procedencia ilegal, incluido dinero del Gobierno de Estados Unidos, para atacar al Gobierno que represento\u201d, manifest\u00f3.<\/p>\n\n\n\n<p>Es una guerra medi\u00e1tica, antes los golpes de Estado los preparaban con guerras medi\u00e1ticas y los justificaban con guerras medi\u00e1ticas, el caso de M\u00e9xico m\u00e1s triste y representativo fue lo que le hicieron a Francisco I. Madero con todos los medios en contra, ridiculiz\u00e1ndolo, trat\u00e1ndolo de loco, de espiritista\u201d, agreg\u00f3.<\/p>\n\n\n\n<p>El mandatario mexicano asever\u00f3 que se puede hacer periodismo en nuestro pa\u00eds y que el Estado ya no persigue a los comunicadores como en \u00e9pocas pasadas.<\/p>\n\n\n\n<p>\u201cHay que decir que no es lo mismo, que se puede hacer periodismo en M\u00e9xico, no hay que irse a Estados Unidos, al menos porque el Estado no persigue a periodistas, no hay represi\u00f3n del Estado hacia la prensa, hay libertad absoluta\u201d, refiri\u00f3.<\/p>\n\n\n\n<p>\u201cPor eso es esta campa\u00f1a, porque a nadie se le molesta, se le amenaza, se garantiza el derecho a disentir, pero si es importante que la gente sepa que estamos enfrentando esta guerra sucia, instrumentada por la mayor\u00eda de los medios de manipulaci\u00f3n\u201d, argument\u00f3 el tabasque\u00f1o.<\/p>\n","protected":false},"excerpt":{"rendered":"<p>Por Redacci\u00f3n QP L\u00f3pez Obrador afirm\u00f3 que tiene \u201ca casi todos los medios de comunicaci\u00f3n\u201d&#8230;<\/p>\n","protected":false},"author":2,"featured_media":102910,"comment_status":"open","ping_status":"open","sticky":false,"template":"","format":"standard","meta":{"_monsterinsights_skip_tracking":false,"_monsterinsights_sitenote_active":false,"_monsterinsights_sitenote_note":"","_monsterinsights_sitenote_category":0,"footnotes":""},"categories":[2],"tags":[],"class_list":["post-102909","post","type-post","status-publish","format-standard","has-post-thumbnail","hentry","category-noticias"],"yoast_head":"<!-- This site is optimized with the Yoast SEO plugin v27.3 - https:\/\/yoast.com\/product\/yoast-seo-wordpress\/ -->\n<title>AMLO dice que su Gobierno vive una\u00a0guerra medi\u00e1tica\u00a0en contra, y volvi\u00f3 a lanzarse este mi\u00e9rcoles contra los\u00a0medios de comunicaci\u00f3n -<\/title>\n<meta name=\"robots\" content=\"index, follow, max-snippet:-1, max-image-preview:large, max-video-preview:-1\" \/>\n<link rel=\"canonical\" href=\"https:\/\/quehacerpolitico.mx\/?p=102909\" \/>\n<meta property=\"og:locale\" content=\"es_MX\" \/>\n<meta property=\"og:type\" content=\"article\" \/>\n<meta property=\"og:title\" content=\"AMLO dice que su Gobierno vive una\u00a0guerra medi\u00e1tica\u00a0en contra, y volvi\u00f3 a lanzarse este mi\u00e9rcoles contra los\u00a0medios de comunicaci\u00f3n -\" \/>\n<meta property=\"og:description\" content=\"Por Redacci\u00f3n QP L\u00f3pez Obrador afirm\u00f3 que tiene \u201ca casi todos los medios de comunicaci\u00f3n\u201d...\" \/>\n<meta property=\"og:url\" content=\"https:\/\/quehacerpolitico.mx\/?p=102909\" \/>\n<meta property=\"article:published_time\" content=\"2023-07-19T17:23:20+00:00\" \/>\n<meta property=\"article:modified_time\" content=\"2023-07-19T17:23:25+00:00\" \/>\n<meta property=\"og:image\" content=\"https:\/\/quehacerpolitico.mx\/wp-content\/uploads\/2023\/07\/IMG_9097.jpeg\" \/>\n\t<meta property=\"og:image:width\" content=\"1284\" \/>\n\t<meta property=\"og:image:height\" content=\"695\" \/>\n\t<meta property=\"og:image:type\" content=\"image\/jpeg\" \/>\n<meta name=\"author\" content=\"Redacci\u00f3n QP\" \/>\n<meta name=\"twitter:card\" content=\"summary_large_image\" \/>\n<meta name=\"twitter:label1\" content=\"Escrito por\" \/>\n\t<meta name=\"twitter:data1\" content=\"Redacci\u00f3n QP\" \/>\n\t<meta name=\"twitter:label2\" content=\"Tiempo de lectura\" \/>\n\t<meta name=\"twitter:data2\" content=\"2 minutos\" \/>\n<script type=\"application\/ld+json\" class=\"yoast-schema-graph\">{\"@context\":\"https:\\\/\\\/schema.org\",\"@graph\":[{\"@type\":\"Article\",\"@id\":\"https:\\\/\\\/quehacerpolitico.mx\\\/?p=102909#article\",\"isPartOf\":{\"@id\":\"https:\\\/\\\/quehacerpolitico.mx\\\/?p=102909\"},\"author\":{\"name\":\"Redacci\u00f3n QP\",\"@id\":\"https:\\\/\\\/quehacerpolitico.mx\\\/#\\\/schema\\\/person\\\/496d8ad2d1d3f8036101dca7ee39e585\"},\"headline\":\"AMLO dice que su Gobierno vive una\u00a0guerra medi\u00e1tica\u00a0en contra, y volvi\u00f3 a lanzarse este mi\u00e9rcoles contra los\u00a0medios de comunicaci\u00f3n\",\"datePublished\":\"2023-07-19T17:23:20+00:00\",\"dateModified\":\"2023-07-19T17:23:25+00:00\",\"mainEntityOfPage\":{\"@id\":\"https:\\\/\\\/quehacerpolitico.mx\\\/?p=102909\"},\"wordCount\":421,\"commentCount\":0,\"image\":{\"@id\":\"https:\\\/\\\/quehacerpolitico.mx\\\/?p=102909#primaryimage\"},\"thumbnailUrl\":\"https:\\\/\\\/quehacerpolitico.mx\\\/wp-content\\\/uploads\\\/2023\\\/07\\\/IMG_9097.jpeg\",\"articleSection\":[\"Noticias\"],\"inLanguage\":\"es\",\"potentialAction\":[{\"@type\":\"CommentAction\",\"name\":\"Comment\",\"target\":[\"https:\\\/\\\/quehacerpolitico.mx\\\/?p=102909#respond\"]}]},{\"@type\":\"WebPage\",\"@id\":\"https:\\\/\\\/quehacerpolitico.mx\\\/?p=102909\",\"url\":\"https:\\\/\\\/quehacerpolitico.mx\\\/?p=102909\",\"name\":\"AMLO dice que su Gobierno vive una\u00a0guerra medi\u00e1tica\u00a0en contra, y volvi\u00f3 a lanzarse este mi\u00e9rcoles contra los\u00a0medios de comunicaci\u00f3n -\",\"isPartOf\":{\"@id\":\"https:\\\/\\\/quehacerpolitico.mx\\\/#website\"},\"primaryImageOfPage\":{\"@id\":\"https:\\\/\\\/quehacerpolitico.mx\\\/?p=102909#primaryimage\"},\"image\":{\"@id\":\"https:\\\/\\\/quehacerpolitico.mx\\\/?p=102909#primaryimage\"},\"thumbnailUrl\":\"https:\\\/\\\/quehacerpolitico.mx\\\/wp-content\\\/uploads\\\/2023\\\/07\\\/IMG_9097.jpeg\",\"datePublished\":\"2023-07-19T17:23:20+00:00\",\"dateModified\":\"2023-07-19T17:23:25+00:00\",\"author\":{\"@id\":\"https:\\\/\\\/quehacerpolitico.mx\\\/#\\\/schema\\\/person\\\/496d8ad2d1d3f8036101dca7ee39e585\"},\"breadcrumb\":{\"@id\":\"https:\\\/\\\/quehacerpolitico.mx\\\/?p=102909#breadcrumb\"},\"inLanguage\":\"es\",\"potentialAction\":[{\"@type\":\"ReadAction\",\"target\":[\"https:\\\/\\\/quehacerpolitico.mx\\\/?p=102909\"]}]},{\"@type\":\"ImageObject\",\"inLanguage\":\"es\",\"@id\":\"https:\\\/\\\/quehacerpolitico.mx\\\/?p=102909#primaryimage\",\"url\":\"https:\\\/\\\/quehacerpolitico.mx\\\/wp-content\\\/uploads\\\/2023\\\/07\\\/IMG_9097.jpeg\",\"contentUrl\":\"https:\\\/\\\/quehacerpolitico.mx\\\/wp-content\\\/uploads\\\/2023\\\/07\\\/IMG_9097.jpeg\",\"width\":1284,\"height\":695},{\"@type\":\"BreadcrumbList\",\"@id\":\"https:\\\/\\\/quehacerpolitico.mx\\\/?p=102909#breadcrumb\",\"itemListElement\":[{\"@type\":\"ListItem\",\"position\":1,\"name\":\"Inicio\",\"item\":\"https:\\\/\\\/quehacerpolitico.mx\\\/\"},{\"@type\":\"ListItem\",\"position\":2,\"name\":\"AMLO dice que su Gobierno vive una\u00a0guerra medi\u00e1tica\u00a0en contra, y volvi\u00f3 a lanzarse este mi\u00e9rcoles contra los\u00a0medios de comunicaci\u00f3n\"}]},{\"@type\":\"WebSite\",\"@id\":\"https:\\\/\\\/quehacerpolitico.mx\\\/#website\",\"url\":\"https:\\\/\\\/quehacerpolitico.mx\\\/\",\"name\":\"\",\"description\":\"\",\"potentialAction\":[{\"@type\":\"SearchAction\",\"target\":{\"@type\":\"EntryPoint\",\"urlTemplate\":\"https:\\\/\\\/quehacerpolitico.mx\\\/?s={search_term_string}\"},\"query-input\":{\"@type\":\"PropertyValueSpecification\",\"valueRequired\":true,\"valueName\":\"search_term_string\"}}],\"inLanguage\":\"es\"},{\"@type\":\"Person\",\"@id\":\"https:\\\/\\\/quehacerpolitico.mx\\\/#\\\/schema\\\/person\\\/496d8ad2d1d3f8036101dca7ee39e585\",\"name\":\"Redacci\u00f3n QP\",\"image\":{\"@type\":\"ImageObject\",\"inLanguage\":\"es\",\"@id\":\"https:\\\/\\\/secure.gravatar.com\\\/avatar\\\/c7164ed6fdec453195284ad24a5ae5b6e1eed2b848477fa2a4787ba9adf39a41?s=96&d=mm&r=g\",\"url\":\"https:\\\/\\\/secure.gravatar.com\\\/avatar\\\/c7164ed6fdec453195284ad24a5ae5b6e1eed2b848477fa2a4787ba9adf39a41?s=96&d=mm&r=g\",\"contentUrl\":\"https:\\\/\\\/secure.gravatar.com\\\/avatar\\\/c7164ed6fdec453195284ad24a5ae5b6e1eed2b848477fa2a4787ba9adf39a41?s=96&d=mm&r=g\",\"caption\":\"Redacci\u00f3n QP\"},\"url\":\"https:\\\/\\\/quehacerpolitico.mx\\\/?author=2\"}]}<\/script>\n<!-- \/ Yoast SEO plugin. -->","yoast_head_json":{"title":"AMLO dice que su Gobierno vive una\u00a0guerra medi\u00e1tica\u00a0en contra, y volvi\u00f3 a lanzarse este mi\u00e9rcoles contra los\u00a0medios de comunicaci\u00f3n -","robots":{"index":"index","follow":"follow","max-snippet":"max-snippet:-1","max-image-preview":"max-image-preview:large","max-video-preview":"max-video-preview:-1"},"canonical":"https:\/\/quehacerpolitico.mx\/?p=102909","og_locale":"es_MX","og_type":"article","og_title":"AMLO dice que su Gobierno vive una\u00a0guerra medi\u00e1tica\u00a0en contra, y volvi\u00f3 a lanzarse este mi\u00e9rcoles contra los\u00a0medios de comunicaci\u00f3n -","og_description":"Por Redacci\u00f3n QP L\u00f3pez Obrador afirm\u00f3 que tiene \u201ca casi todos los medios de comunicaci\u00f3n\u201d...","og_url":"https:\/\/quehacerpolitico.mx\/?p=102909","article_published_time":"2023-07-19T17:23:20+00:00","article_modified_time":"2023-07-19T17:23:25+00:00","og_image":[{"width":1284,"height":695,"url":"https:\/\/quehacerpolitico.mx\/wp-content\/uploads\/2023\/07\/IMG_9097.jpeg","type":"image\/jpeg"}],"author":"Redacci\u00f3n QP","twitter_card":"summary_large_image","twitter_misc":{"Escrito por":"Redacci\u00f3n QP","Tiempo de lectura":"2 minutos"},"schema":{"@context":"https:\/\/schema.org","@graph":[{"@type":"Article","@id":"https:\/\/quehacerpolitico.mx\/?p=102909#article","isPartOf":{"@id":"https:\/\/quehacerpolitico.mx\/?p=102909"},"author":{"name":"Redacci\u00f3n QP","@id":"https:\/\/quehacerpolitico.mx\/#\/schema\/person\/496d8ad2d1d3f8036101dca7ee39e585"},"headline":"AMLO dice que su Gobierno vive una\u00a0guerra medi\u00e1tica\u00a0en contra, y volvi\u00f3 a lanzarse este mi\u00e9rcoles contra los\u00a0medios de comunicaci\u00f3n","datePublished":"2023-07-19T17:23:20+00:00","dateModified":"2023-07-19T17:23:25+00:00","mainEntityOfPage":{"@id":"https:\/\/quehacerpolitico.mx\/?p=102909"},"wordCount":421,"commentCount":0,"image":{"@id":"https:\/\/quehacerpolitico.mx\/?p=102909#primaryimage"},"thumbnailUrl":"https:\/\/quehacerpolitico.mx\/wp-content\/uploads\/2023\/07\/IMG_9097.jpeg","articleSection":["Noticias"],"inLanguage":"es","potentialAction":[{"@type":"CommentAction","name":"Comment","target":["https:\/\/quehacerpolitico.mx\/?p=102909#respond"]}]},{"@type":"WebPage","@id":"https:\/\/quehacerpolitico.mx\/?p=102909","url":"https:\/\/quehacerpolitico.mx\/?p=102909","name":"AMLO dice que su Gobierno vive una\u00a0guerra medi\u00e1tica\u00a0en contra, y volvi\u00f3 a lanzarse este mi\u00e9rcoles contra los\u00a0medios de comunicaci\u00f3n -","isPartOf":{"@id":"https:\/\/quehacerpolitico.mx\/#website"},"primaryImageOfPage":{"@id":"https:\/\/quehacerpolitico.mx\/?p=102909#primaryimage"},"image":{"@id":"https:\/\/quehacerpolitico.mx\/?p=102909#primaryimage"},"thumbnailUrl":"https:\/\/quehacerpolitico.mx\/wp-content\/uploads\/2023\/07\/IMG_9097.jpeg","datePublished":"2023-07-19T17:23:20+00:00","dateModified":"2023-07-19T17:23:25+00:00","author":{"@id":"https:\/\/quehacerpolitico.mx\/#\/schema\/person\/496d8ad2d1d3f8036101dca7ee39e585"},"breadcrumb":{"@id":"https:\/\/quehacerpolitico.mx\/?p=102909#breadcrumb"},"inLanguage":"es","potentialAction":[{"@type":"ReadAction","target":["https:\/\/quehacerpolitico.mx\/?p=102909"]}]},{"@type":"ImageObject","inLanguage":"es","@id":"https:\/\/quehacerpolitico.mx\/?p=102909#primaryimage","url":"https:\/\/quehacerpolitico.mx\/wp-content\/uploads\/2023\/07\/IMG_9097.jpeg","contentUrl":"https:\/\/quehacerpolitico.mx\/wp-content\/uploads\/2023\/07\/IMG_9097.jpeg","width":1284,"height":695},{"@type":"BreadcrumbList","@id":"https:\/\/quehacerpolitico.mx\/?p=102909#breadcrumb","itemListElement":[{"@type":"ListItem","position":1,"name":"Inicio","item":"https:\/\/quehacerpolitico.mx\/"},{"@type":"ListItem","position":2,"name":"AMLO dice que su Gobierno vive una\u00a0guerra medi\u00e1tica\u00a0en contra, y volvi\u00f3 a lanzarse este mi\u00e9rcoles contra los\u00a0medios de comunicaci\u00f3n"}]},{"@type":"WebSite","@id":"https:\/\/quehacerpolitico.mx\/#website","url":"https:\/\/quehacerpolitico.mx\/","name":"","description":"","potentialAction":[{"@type":"SearchAction","target":{"@type":"EntryPoint","urlTemplate":"https:\/\/quehacerpolitico.mx\/?s={search_term_string}"},"query-input":{"@type":"PropertyValueSpecification","valueRequired":true,"valueName":"search_term_string"}}],"inLanguage":"es"},{"@type":"Person","@id":"https:\/\/quehacerpolitico.mx\/#\/schema\/person\/496d8ad2d1d3f8036101dca7ee39e585","name":"Redacci\u00f3n QP","image":{"@type":"ImageObject","inLanguage":"es","@id":"https:\/\/secure.gravatar.com\/avatar\/c7164ed6fdec453195284ad24a5ae5b6e1eed2b848477fa2a4787ba9adf39a41?s=96&d=mm&r=g","url":"https:\/\/secure.gravatar.com\/avatar\/c7164ed6fdec453195284ad24a5ae5b6e1eed2b848477fa2a4787ba9adf39a41?s=96&d=mm&r=g","contentUrl":"https:\/\/secure.gravatar.com\/avatar\/c7164ed6fdec453195284ad24a5ae5b6e1eed2b848477fa2a4787ba9adf39a41?s=96&d=mm&r=g","caption":"Redacci\u00f3n QP"},"url":"https:\/\/quehacerpolitico.mx\/?author=2"}]}},"featured_image_urls":{"full":["https:\/\/quehacerpolitico.mx\/wp-content\/uploads\/2023\/07\/IMG_9097.jpeg",1284,695,false],"thumbnail":["https:\/\/quehacerpolitico.mx\/wp-content\/uploads\/2023\/07\/IMG_9097-150x150.jpeg",150,150,true],"medium":["https:\/\/quehacerpolitico.mx\/wp-content\/uploads\/2023\/07\/IMG_9097-300x162.jpeg",300,162,true],"medium_large":["https:\/\/quehacerpolitico.mx\/wp-content\/uploads\/2023\/07\/IMG_9097-768x416.jpeg",640,347,true],"large":["https:\/\/quehacerpolitico.mx\/wp-content\/uploads\/2023\/07\/IMG_9097-1024x554.jpeg",640,346,true],"1536x1536":["https:\/\/quehacerpolitico.mx\/wp-content\/uploads\/2023\/07\/IMG_9097.jpeg",1284,695,false],"2048x2048":["https:\/\/quehacerpolitico.mx\/wp-content\/uploads\/2023\/07\/IMG_9097.jpeg",1284,695,false],"covernews-featured":["https:\/\/quehacerpolitico.mx\/wp-content\/uploads\/2023\/07\/IMG_9097.jpeg",1024,554,false],"covernews-medium":["https:\/\/quehacerpolitico.mx\/wp-content\/uploads\/2023\/07\/IMG_9097.jpeg",540,292,false]},"author_info":{"display_name":"Redacci\u00f3n QP","author_link":"https:\/\/quehacerpolitico.mx\/?author=2"},"category_info":"<a href=\"https:\/\/quehacerpolitico.mx\/?cat=2\" rel=\"category\">Noticias<\/a>","tag_info":"Noticias","comment_count":"0","_links":{"self":[{"href":"https:\/\/quehacerpolitico.mx\/index.php?rest_route=\/wp\/v2\/posts\/102909","targetHints":{"allow":["GET"]}}],"collection":[{"href":"https:\/\/quehacerpolitico.mx\/index.php?rest_route=\/wp\/v2\/posts"}],"about":[{"href":"https:\/\/quehacerpolitico.mx\/index.php?rest_route=\/wp\/v2\/types\/post"}],"author":[{"embeddable":true,"href":"https:\/\/quehacerpolitico.mx\/index.php?rest_route=\/wp\/v2\/users\/2"}],"replies":[{"embeddable":true,"href":"https:\/\/quehacerpolitico.mx\/index.php?rest_route=%2Fwp%2Fv2%2Fcomments&post=102909"}],"version-history":[{"count":1,"href":"https:\/\/quehacerpolitico.mx\/index.php?rest_route=\/wp\/v2\/posts\/102909\/revisions"}],"predecessor-version":[{"id":102911,"href":"https:\/\/quehacerpolitico.mx\/index.php?rest_route=\/wp\/v2\/posts\/102909\/revisions\/102911"}],"wp:featuredmedia":[{"embeddable":true,"href":"https:\/\/quehacerpolitico.mx\/index.php?rest_route=\/wp\/v2\/media\/102910"}],"wp:attachment":[{"href":"https:\/\/quehacerpolitico.mx\/index.php?rest_route=%2Fwp%2Fv2%2Fmedia&parent=102909"}],"wp:term":[{"taxonomy":"category","embeddable":true,"href":"https:\/\/quehacerpolitico.mx\/index.php?rest_route=%2Fwp%2Fv2%2Fcategories&post=102909"},{"taxonomy":"post_tag","embeddable":true,"href":"https:\/\/quehacerpolitico.mx\/index.php?rest_route=%2Fwp%2Fv2%2Ftags&post=102909"}],"curies":[{"name":"wp","href":"https:\/\/api.w.org\/{rel}","templated":true}]}}