{"id":102825,"date":"2023-07-16T22:01:26","date_gmt":"2023-07-16T22:01:26","guid":{"rendered":"https:\/\/quehacerpolitico.mx\/?p=102825"},"modified":"2023-07-16T22:01:30","modified_gmt":"2023-07-16T22:01:30","slug":"ine-determino-que-las-giras-y-actos-que-realizan-las-seis-corcholatas-son-proselitistas-pero-los-freno-a-medias","status":"publish","type":"post","link":"https:\/\/quehacerpolitico.mx\/?p=102825","title":{"rendered":"INE determin\u00f3 que las giras y actos que realizan las seis \u201ccorcholatas\u201d son proselitistas, pero los \u201cfren\u00f3\u201d a medias"},"content":{"rendered":"\n<p>Por Redacci\u00f3n QP<\/p>\n\n\n\n<p>Las giras no ser\u00e1n prohibidas, pero no deber\u00e1n tener mensajes\u00a0de \u00edndole electoral<\/p>\n\n\n\n<p>La Comisi\u00f3n de Quejas y Denuncias del Instituto Nacional Electoral\u00a0<strong>(INE) determin\u00f3 que las giras y actos que realizan las seis \u201ccorcholatas\u201d son proselitistas, pero los \u201cfren\u00f3\u201d a medias.<\/strong><\/p>\n\n\n\n<p>La presidente de esa comisi\u00f3n, Claudia Zavala, plante\u00f3 la prohibici\u00f3n de estos actos de los seis aspirantes a la candidatura presidencial porque est\u00e1n ocasionando da\u00f1os irreversibles a la equidad de la contienda electoral. Sin embargo,\u00a0<strong>los consejeros Jorge\u00a0Monta\u00f1o\u00a0y Rita\u00a0Bellrechazaron prohibir las giras.<\/strong><\/p>\n\n\n\n<p><strong>Solamente se orden\u00f3 a los involucrados que todos los actos p\u00fablicos que se programaron o se efectuar\u00e1n, no contengan elementos proselitistas.<\/strong>\u00a0Y deber\u00e1n realizarse conforme a lo siguiente: los actos referidos como recorridos o \u201casambleas informativas\u201d se llevar\u00e1n a cabo preferentemente en lugares pertenecientes al propio partido pol\u00edtico, como sus oficinas estatales o municipales. Deber\u00e1n ser dirigidos a militantes y simpatizantes del partido Morena. No deber\u00e1n emitirse expresiones de \u00edndole electoral. Previo al inicio de cada acto, ya sea un recorrido o una asamblea informativa, se deber\u00e1 informar de manera expl\u00edcita sobre el contenido y revisar los discursos de las personas que est\u00e1n participando por la titularidad de la Coordinaci\u00f3n de los Comit\u00e9s de Defensa de la Cuarta Transformaci\u00f3n, para asegurar que est\u00e9n alineados con las acciones establecidas en los acuerdos. \u201cSe deber\u00e1n ajustar a los par\u00e1metros constitucionales y conducirse con legalidad y equidad\u201d.<\/p>\n\n\n\n<h4 class=\"wp-block-heading\">Sheinbaum se burla de Fox por mensaje a AMLO<\/h4>\n\n\n\n<figure class=\"wp-block-image\"><img decoding=\"async\" src=\"https:\/\/www.informador.mx\/__export\/1689505179672\/sites\/elinformador\/img\/2023\/07\/16\/f1iam6kauamglgt_crop1689505179151.jpg_70287019.jpg\" alt=\"\"\/><figcaption class=\"wp-element-caption\">La exjefa de Gobierno de la Ciudad de M\u00e9xico, Claudia Sheinbaum, fue recibida ayer en Puerto Vallarta al ritmo de mariachi y al grito de \u201cGoya\u201d. TWITTER\/@Claudiashein&nbsp;<\/figcaption><\/figure>\n\n\n\n<p>Claudia Sheinbaum, aspirante a la candidatura presidencial de Morena, se burl\u00f3 ayer del expresidente Vicente Fox, y&nbsp;<strong>lo llam\u00f3 mareado, por un tuit que public\u00f3, en el que lament\u00f3 que no hubieran desaforado al entonces jefe de Gobierno, Andr\u00e9s Manuel L\u00f3pez Obrador.<\/strong><\/p>\n\n\n\n<p>\u201cHoy (ayer), Fox subi\u00f3 un tuit, la verdad, ya as\u00ed como que se mare\u00f3, la verdad, ya est\u00e1 medio mareado desde hace rato. Imag\u00ednense que en Twitter dice que deber\u00eda de haber acabado con L\u00f3pez Obrador, con el desafuero. Es que no se dan cuenta, no entienden que no entienden, que L\u00f3pez Obrador no est\u00e1 solo, lo defiende su pueblo, desde el desafuero\u201d, dijo Sheinbaum, en un\u00a0<strong>mitin que realiz\u00f3 en Puerto Vallarta.<\/strong><\/p>\n\n\n\n<p>El expresidente&nbsp;<strong>Vicente&nbsp;Fox&nbsp;Quesada admiti\u00f3 que su Gobierno y el Congreso abusaron del poder en 2005, para promover el desafuero contra el actual mandatario Andr\u00e9s Manuel L\u00f3pez Obrador.<\/strong><\/p>\n\n\n\n<p><strong>En su mensaje en redes sociales,\u00a0Fox\u00a0expuso: \u201cNo s\u00e9 por qu\u00e9 no culmine la tarea, con una gran estocada\u201d.<\/strong><\/p>\n\n\n\n<p>Adem\u00e1s, la aspirante a la presidencia, reforz\u00f3 ayer su discurso compartiendo el mensaje del expresidente en el que se\u00f1al\u00f3 que \u201cnada hubiera podido parar la movilizaci\u00f3n popular en contra del fraude del 2006, de la campa\u00f1a de 2012 y de la formaci\u00f3n del partido Morena\u201d.<\/p>\n\n\n\n<p>Cabe se\u00f1alar que el expresidente panista apoya la aspiraci\u00f3n de X\u00f3chitl G\u00e1lvez, quien tambi\u00e9n ha sido atacada por el Presidente L\u00f3pez Obrador en distintas ocasiones, desde Palacio Nacional.<\/p>\n\n\n\n<p>Sheinbaum tambi\u00e9n critic\u00f3 a los aspirantes del Frente Amplio por M\u00e9xico al decir que \u201cellos son el pasado, por m\u00e1s que se vistan como dem\u00f3cratas\u201d.<\/p>\n\n\n\n<p>En el mitin que realiz\u00f3 en Puerto Vallarta, dijo que la continuidad consiste en seguir en el mismo camino, \u201ccon nuevas cosas\u201d; y&nbsp;<strong>afirm\u00f3 que un pendiente en el pa\u00eds es brindar mayor apoyo a la educaci\u00f3n.<\/strong><\/p>\n\n\n\n<p>\u201cHay que apoyar de fondo la educaci\u00f3n p\u00fablica, ahora se apoy\u00f3 mucho la educaci\u00f3n b\u00e1sica, los maestros recibieron aumentos salariales, \u2018basificaci\u00f3n\u2019, pero hay que seguir apoyando a los maestros y hay que apoyar la educaci\u00f3n media superior, para que nuestros j\u00f3venes tengan preparatorias dignas, y hay que apoyar a la educaci\u00f3n superior\u201d, dijo.<\/p>\n\n\n\n<p><strong>Tambi\u00e9n se\u00f1al\u00f3 que el sector salud necesita ser fortalecido:<\/strong><\/p>\n\n\n\n<p>\u201cEl Presidente ya hizo el IMSS-Bienestar, pero hay que fortalecerlo para que, realmente, atiendan desde la prevenci\u00f3n&nbsp;hasta la enfermedad m\u00e1s complicada&nbsp;de manera gratuita, con los medicamentos gratuitos\u201d.<\/p>\n\n\n\n<p><strong>Previo al mitin en Puerto Vallarta, Sheinbaum se reuni\u00f3 con empresarios del sector tur\u00edstico.<\/strong>\u201cPlaticamos de nuestra visi\u00f3n de desarrollo, apuntamos y tomamos nota de la problem\u00e1tica y las propuestas que nos plantearon para esta zona con tanto potencial\u201d, se\u00f1al\u00f3.<\/p>\n\n\n\n<p>SUN<\/p>\n\n\n\n<h4 class=\"wp-block-heading\">Ebrard detalla sus gastos en recorridos<\/h4>\n\n\n\n<figure class=\"wp-block-image\"><img decoding=\"async\" src=\"https:\/\/www.informador.mx\/__export\/1689505507562\/sites\/elinformador\/img\/2023\/07\/16\/imagen_cmykc9b661dc8ab5bc96c106139d53197c26eed5b420_crop1689505506539.jpg_70287019.jpg\" alt=\"\"\/><figcaption class=\"wp-element-caption\">ESPECIAL&nbsp;<\/figcaption><\/figure>\n\n\n\n<p>Marcelo Ebrard detall\u00f3 ayer que durante la tercera semana de sus recorridos por el pa\u00eds&nbsp;<strong>ha gastado 264 mil 759 pesos.<\/strong><\/p>\n\n\n\n<p>En sus redes sociales present\u00f3 el desglose de gastos del 3 al 9 de julio, como parte del proceso interno para elegir la coordinaci\u00f3n de los Comit\u00e9s de Defensa de la Cuarta Transformaci\u00f3n.<\/p>\n\n\n\n<p>En ese periodo tuvo eventos en la Ciudad de M\u00e9xico, Baja California Sur, Estado de M\u00e9xico, Veracruz, Yucat\u00e1n e Hidalgo.<\/p>\n\n\n\n<p>Acorde con la informaci\u00f3n, el d\u00eda con mayor gasto fue el 5, por eventos en Ixtapaluca, Estado de M\u00e9xico, con un costo de 155 mil 484 pesos.<\/p>\n\n\n\n<h4 class=\"wp-block-heading\">Ad\u00e1n Augusto se lanza contra la Corte<\/h4>\n\n\n\n<figure class=\"wp-block-image\"><img decoding=\"async\" src=\"https:\/\/www.informador.mx\/__export\/1689505450829\/sites\/elinformador\/img\/2023\/07\/16\/imagen_cmykimagen_eum20230715pol07_crop1689505449775.jpg_70287019.jpg\" alt=\"\"\/><figcaption class=\"wp-element-caption\">SUN&nbsp;<\/figcaption><\/figure>\n\n\n\n<p><strong>\u201cLos jueces, los magistrados, los ministros de la Corte son como los mercaderes del templo, si no los cambiamos, van a acabar vendiendo hasta las estatuas que hay en la Suprema Corte\u201d,<\/strong>critic\u00f3 ayer Ad\u00e1n Augusto L\u00f3pez.<\/p>\n\n\n\n<p>Durante una asamblea informativa en Monclova, Coahuila, agreg\u00f3 el exsecretario de Gobernaci\u00f3n: \u201cYo he aprendido de una maestra, a la que yo estimo y respeto mucho, algo tan hermoso que ahora se los voy a compartir.<\/p>\n\n\n\n<p>Me dijo: \u2018Hay que ir a reformar al Poder Judicial, nunca m\u00e1s un ministro que gane arriba de 600 mil pesos, nunca m\u00e1s\u2019\u201d.<\/p>\n\n\n\n<h4 class=\"wp-block-heading\">Monreal dice que el trabajo todo lo vence<\/h4>\n\n\n\n<figure class=\"wp-block-image\"><img decoding=\"async\" src=\"https:\/\/www.informador.mx\/__export\/1689505402186\/sites\/elinformador\/img\/2023\/07\/16\/imagen_cmykimagen_eum20230715pol09_crop1689505401586.jpg_69363498.jpg\" alt=\"\"\/><figcaption class=\"wp-element-caption\">SUN&nbsp;<\/figcaption><\/figure>\n\n\n\n<p>El exlegislador morenista public\u00f3 ayer en sus redes sociales: \u201cA 29 d\u00edas de que iniciamos los recorridos por el pa\u00eds, he visitado 16 Estados: hoy (ayer), la alcald\u00eda \u00c1lvaro Obreg\u00f3n de esta majestuosa ciudad, en donde lideramos el camino hacia una sociedad del conocimiento. \u00a1En unidad podemos construir el futuro que merecemos! #UnaOportunidadReal\u201d.<\/p>\n\n\n\n<p>Tambi\u00e9n comparti\u00f3 en Twitter:<\/p>\n\n\n\n<p>\u201cEstuvimos en la asamblea informativa de la alcald\u00eda \u00c1lvaro Obreg\u00f3n; muchas gracias por su cari\u00f1o y amistad.&nbsp;<strong>Ofrezco trabajo, trabajo y m\u00e1s trabajo, porque el trabajo todo lo vence. As\u00ed ustedes podr\u00e1n descansar y disfrutar en familia con armon\u00eda\u201d.<\/strong><\/p>\n\n\n\n<h4 class=\"wp-block-heading\">Velasco pretende recuperar espacios<\/h4>\n\n\n\n<figure class=\"wp-block-image\"><img decoding=\"async\" src=\"https:\/\/www.informador.mx\/__export\/1689505370238\/sites\/elinformador\/img\/2023\/07\/16\/imagen_imagen_velasco_crop1689505369358.jpg_70287019.jpg\" alt=\"\"\/><figcaption class=\"wp-element-caption\">ESPECIAL&nbsp;<\/figcaption><\/figure>\n\n\n\n<p>El aspirante a candidato presidencial por los aliados de Morena, Manuel Velasco, comparti\u00f3 ayer e Twitter, en gira por Guerrero:&nbsp;<strong>\u201cPara recuperar la paz en #Acapulco debemos partir por rescatar los espacios p\u00fablicos construyendo m\u00e1s canchas, gimnasios y espacios deportivos al aire libre, cerca de las colonias, los barrios y las comunidades\u201d.<\/strong>&nbsp;Adem\u00e1s de que conden\u00f3 el asesinato del periodista Nelson Matus Pe\u00f1a, y exigi\u00f3 a las autoridades correspondientes castigar a los responsables para que no haya impunidad. \u201cNuestras condolencias y solidaridad a su familia y al gremio period\u00edstico de Guerrero y del pa\u00eds\u201d, public\u00f3.<\/p>\n\n\n\n<h4 class=\"wp-block-heading\">Recuerdan a L\u00f3pez Obrador cuando exig\u00eda al Presidente no ser jefe de partido<\/h4>\n\n\n\n<figure class=\"wp-block-embed is-type-rich is-provider-twitter wp-block-embed-twitter\"><div class=\"wp-block-embed__wrapper\">\n<blockquote class=\"twitter-tweet\" data-width=\"550\" data-dnt=\"true\"><p lang=\"es\" dir=\"ltr\">\u201c\u00a1\u00a1El jefe de Estado, el Presidente de la Rep\u00fablica, en rebaja, en oferta, convertido en pistolero contra de X\u00f3chitl  guardaespalda de su corcholata\u2026. extra\u00f1o a un Presidente!!\u201d.<br><br>Sen. <a href=\"https:\/\/twitter.com\/hashtag\/Germ%C3%A1nMart%C3%ADnez?src=hash&amp;ref_src=twsrc%5Etfw\">#Germ\u00e1nMart\u00ednez<\/a> \u2066<a href=\"https:\/\/twitter.com\/gpplural?ref_src=twsrc%5Etfw\">@gpplural<\/a>\u2069 \u2066<a href=\"https:\/\/twitter.com\/XochitlGalvez?ref_src=twsrc%5Etfw\">@XochitlGalvez<\/a>\u2069 <a href=\"https:\/\/t.co\/YVHaR8w4Eu\">pic.twitter.com\/YVHaR8w4Eu<\/a><\/p>&mdash; @GPPlural (@gpplural) <a href=\"https:\/\/twitter.com\/gpplural\/status\/1680267717130207239?ref_src=twsrc%5Etfw\">July 15, 2023<\/a><\/blockquote><script async src=\"https:\/\/platform.twitter.com\/widgets.js\" charset=\"utf-8\"><\/script>\n<\/div><\/figure>\n\n\n\n<p>Senadores del grupo plural le recordaron ayer al Presidente Andr\u00e9s Manuel L\u00f3pez Obrador, un mensaje suyo en el que le reprochaba a Vicente Fox el uso de las instituciones con fines electorales, en medio de los se\u00f1alamientos del Ejecutivo hacia la opositora, X\u00f3chitl G\u00e1lvez.<\/p>\n\n\n\n<p>En aquel video, L\u00f3pez Obrador aparece junto el actual subsecretario de Gobernaci\u00f3n, Alejandro Encinas; el reci\u00e9n fallecido, Porfirio Mu\u00f1oz Ledo; y otras figuras m\u00e1s de la izquierda.<\/p>\n\n\n\n<p>En el templete, AMLO pronuncia las siguientes palabras:&nbsp;<strong>&#8220;El Presidente de M\u00e9xico debe actuar como hombre de estado, como estadista, no debe comportarse como jefe de partido, de facci\u00f3n o de grupo. El Presidente debe representar a todos los mexicanos. El Presidente debe ser factor de concordia y de unidad nacional. El Presidente no puede utilizar a las instituciones de manera facciosa, ni para ayudar a sus amigos ni para destruir a sus adversarios&#8221;.<\/strong><\/p>\n\n\n\n<p>El video data de la \u00e9poca en que AMLO era opositor y el discurso criticaba al entonces presidente, Vicente Fox.<\/p>\n\n\n\n<p>Posterior al mensaje que emiti\u00f3 en esa \u00e9poca, el video compartido por los senadores del grupo plural contin\u00faa con im\u00e1genes de la Ma\u00f1anera del viernes, en la que el Presidente dice que \u201clo quieren callar\u201d tras las medidas emitidas por el INE tras una impugnaci\u00f3n de X\u00f3chitl G\u00e1lvez.<\/p>\n\n\n\n<p>El video fue editado por el tuitero Vampipe y retomado por los senadores del grupo plural.<\/p>\n\n\n\n<p>SUN<\/p>\n","protected":false},"excerpt":{"rendered":"<p>Por Redacci\u00f3n QP Las giras no ser\u00e1n prohibidas, pero no deber\u00e1n tener mensajes\u00a0de \u00edndole electoral&#8230;<\/p>\n","protected":false},"author":2,"featured_media":102828,"comment_status":"open","ping_status":"open","sticky":false,"template":"","format":"standard","meta":{"_monsterinsights_skip_tracking":false,"_monsterinsights_sitenote_active":false,"_monsterinsights_sitenote_note":"","_monsterinsights_sitenote_category":0,"footnotes":""},"categories":[2],"tags":[],"class_list":["post-102825","post","type-post","status-publish","format-standard","has-post-thumbnail","hentry","category-noticias"],"yoast_head":"<!-- This site is optimized with the Yoast SEO plugin v27.3 - https:\/\/yoast.com\/product\/yoast-seo-wordpress\/ -->\n<title>INE determin\u00f3 que las giras y actos que realizan las seis \u201ccorcholatas\u201d son proselitistas, pero los \u201cfren\u00f3\u201d a medias -<\/title>\n<meta name=\"robots\" content=\"index, follow, max-snippet:-1, max-image-preview:large, max-video-preview:-1\" \/>\n<link rel=\"canonical\" href=\"https:\/\/quehacerpolitico.mx\/?p=102825\" \/>\n<meta property=\"og:locale\" content=\"es_MX\" \/>\n<meta property=\"og:type\" content=\"article\" \/>\n<meta property=\"og:title\" content=\"INE determin\u00f3 que las giras y actos que realizan las seis \u201ccorcholatas\u201d son proselitistas, pero los \u201cfren\u00f3\u201d a medias -\" \/>\n<meta property=\"og:description\" content=\"Por Redacci\u00f3n QP Las giras no ser\u00e1n prohibidas, pero no deber\u00e1n tener mensajes\u00a0de \u00edndole electoral...\" \/>\n<meta property=\"og:url\" content=\"https:\/\/quehacerpolitico.mx\/?p=102825\" \/>\n<meta property=\"article:published_time\" content=\"2023-07-16T22:01:26+00:00\" \/>\n<meta property=\"article:modified_time\" content=\"2023-07-16T22:01:30+00:00\" \/>\n<meta property=\"og:image\" content=\"https:\/\/quehacerpolitico.mx\/wp-content\/uploads\/2023\/07\/IMG_9056.jpeg\" \/>\n\t<meta property=\"og:image:width\" content=\"739\" \/>\n\t<meta property=\"og:image:height\" content=\"415\" \/>\n\t<meta property=\"og:image:type\" content=\"image\/jpeg\" \/>\n<meta name=\"author\" content=\"Redacci\u00f3n QP\" \/>\n<meta name=\"twitter:card\" content=\"summary_large_image\" \/>\n<meta name=\"twitter:label1\" content=\"Escrito por\" \/>\n\t<meta name=\"twitter:data1\" content=\"Redacci\u00f3n QP\" \/>\n\t<meta name=\"twitter:label2\" content=\"Tiempo de lectura\" \/>\n\t<meta name=\"twitter:data2\" content=\"7 minutos\" \/>\n<script type=\"application\/ld+json\" class=\"yoast-schema-graph\">{\"@context\":\"https:\\\/\\\/schema.org\",\"@graph\":[{\"@type\":\"Article\",\"@id\":\"https:\\\/\\\/quehacerpolitico.mx\\\/?p=102825#article\",\"isPartOf\":{\"@id\":\"https:\\\/\\\/quehacerpolitico.mx\\\/?p=102825\"},\"author\":{\"name\":\"Redacci\u00f3n QP\",\"@id\":\"https:\\\/\\\/quehacerpolitico.mx\\\/#\\\/schema\\\/person\\\/496d8ad2d1d3f8036101dca7ee39e585\"},\"headline\":\"INE determin\u00f3 que las giras y actos que realizan las seis \u201ccorcholatas\u201d son proselitistas, pero los \u201cfren\u00f3\u201d a medias\",\"datePublished\":\"2023-07-16T22:01:26+00:00\",\"dateModified\":\"2023-07-16T22:01:30+00:00\",\"mainEntityOfPage\":{\"@id\":\"https:\\\/\\\/quehacerpolitico.mx\\\/?p=102825\"},\"wordCount\":1515,\"commentCount\":0,\"image\":{\"@id\":\"https:\\\/\\\/quehacerpolitico.mx\\\/?p=102825#primaryimage\"},\"thumbnailUrl\":\"https:\\\/\\\/quehacerpolitico.mx\\\/wp-content\\\/uploads\\\/2023\\\/07\\\/IMG_9056.jpeg\",\"articleSection\":[\"Noticias\"],\"inLanguage\":\"es\",\"potentialAction\":[{\"@type\":\"CommentAction\",\"name\":\"Comment\",\"target\":[\"https:\\\/\\\/quehacerpolitico.mx\\\/?p=102825#respond\"]}]},{\"@type\":\"WebPage\",\"@id\":\"https:\\\/\\\/quehacerpolitico.mx\\\/?p=102825\",\"url\":\"https:\\\/\\\/quehacerpolitico.mx\\\/?p=102825\",\"name\":\"INE determin\u00f3 que las giras y actos que realizan las seis \u201ccorcholatas\u201d son proselitistas, pero los \u201cfren\u00f3\u201d a medias -\",\"isPartOf\":{\"@id\":\"https:\\\/\\\/quehacerpolitico.mx\\\/#website\"},\"primaryImageOfPage\":{\"@id\":\"https:\\\/\\\/quehacerpolitico.mx\\\/?p=102825#primaryimage\"},\"image\":{\"@id\":\"https:\\\/\\\/quehacerpolitico.mx\\\/?p=102825#primaryimage\"},\"thumbnailUrl\":\"https:\\\/\\\/quehacerpolitico.mx\\\/wp-content\\\/uploads\\\/2023\\\/07\\\/IMG_9056.jpeg\",\"datePublished\":\"2023-07-16T22:01:26+00:00\",\"dateModified\":\"2023-07-16T22:01:30+00:00\",\"author\":{\"@id\":\"https:\\\/\\\/quehacerpolitico.mx\\\/#\\\/schema\\\/person\\\/496d8ad2d1d3f8036101dca7ee39e585\"},\"breadcrumb\":{\"@id\":\"https:\\\/\\\/quehacerpolitico.mx\\\/?p=102825#breadcrumb\"},\"inLanguage\":\"es\",\"potentialAction\":[{\"@type\":\"ReadAction\",\"target\":[\"https:\\\/\\\/quehacerpolitico.mx\\\/?p=102825\"]}]},{\"@type\":\"ImageObject\",\"inLanguage\":\"es\",\"@id\":\"https:\\\/\\\/quehacerpolitico.mx\\\/?p=102825#primaryimage\",\"url\":\"https:\\\/\\\/quehacerpolitico.mx\\\/wp-content\\\/uploads\\\/2023\\\/07\\\/IMG_9056.jpeg\",\"contentUrl\":\"https:\\\/\\\/quehacerpolitico.mx\\\/wp-content\\\/uploads\\\/2023\\\/07\\\/IMG_9056.jpeg\",\"width\":739,\"height\":415},{\"@type\":\"BreadcrumbList\",\"@id\":\"https:\\\/\\\/quehacerpolitico.mx\\\/?p=102825#breadcrumb\",\"itemListElement\":[{\"@type\":\"ListItem\",\"position\":1,\"name\":\"Inicio\",\"item\":\"https:\\\/\\\/quehacerpolitico.mx\\\/\"},{\"@type\":\"ListItem\",\"position\":2,\"name\":\"INE determin\u00f3 que las giras y actos que realizan las seis \u201ccorcholatas\u201d son proselitistas, pero los \u201cfren\u00f3\u201d a medias\"}]},{\"@type\":\"WebSite\",\"@id\":\"https:\\\/\\\/quehacerpolitico.mx\\\/#website\",\"url\":\"https:\\\/\\\/quehacerpolitico.mx\\\/\",\"name\":\"\",\"description\":\"\",\"potentialAction\":[{\"@type\":\"SearchAction\",\"target\":{\"@type\":\"EntryPoint\",\"urlTemplate\":\"https:\\\/\\\/quehacerpolitico.mx\\\/?s={search_term_string}\"},\"query-input\":{\"@type\":\"PropertyValueSpecification\",\"valueRequired\":true,\"valueName\":\"search_term_string\"}}],\"inLanguage\":\"es\"},{\"@type\":\"Person\",\"@id\":\"https:\\\/\\\/quehacerpolitico.mx\\\/#\\\/schema\\\/person\\\/496d8ad2d1d3f8036101dca7ee39e585\",\"name\":\"Redacci\u00f3n QP\",\"image\":{\"@type\":\"ImageObject\",\"inLanguage\":\"es\",\"@id\":\"https:\\\/\\\/secure.gravatar.com\\\/avatar\\\/c7164ed6fdec453195284ad24a5ae5b6e1eed2b848477fa2a4787ba9adf39a41?s=96&d=mm&r=g\",\"url\":\"https:\\\/\\\/secure.gravatar.com\\\/avatar\\\/c7164ed6fdec453195284ad24a5ae5b6e1eed2b848477fa2a4787ba9adf39a41?s=96&d=mm&r=g\",\"contentUrl\":\"https:\\\/\\\/secure.gravatar.com\\\/avatar\\\/c7164ed6fdec453195284ad24a5ae5b6e1eed2b848477fa2a4787ba9adf39a41?s=96&d=mm&r=g\",\"caption\":\"Redacci\u00f3n QP\"},\"url\":\"https:\\\/\\\/quehacerpolitico.mx\\\/?author=2\"}]}<\/script>\n<!-- \/ Yoast SEO plugin. -->","yoast_head_json":{"title":"INE determin\u00f3 que las giras y actos que realizan las seis \u201ccorcholatas\u201d son proselitistas, pero los \u201cfren\u00f3\u201d a medias -","robots":{"index":"index","follow":"follow","max-snippet":"max-snippet:-1","max-image-preview":"max-image-preview:large","max-video-preview":"max-video-preview:-1"},"canonical":"https:\/\/quehacerpolitico.mx\/?p=102825","og_locale":"es_MX","og_type":"article","og_title":"INE determin\u00f3 que las giras y actos que realizan las seis \u201ccorcholatas\u201d son proselitistas, pero los \u201cfren\u00f3\u201d a medias -","og_description":"Por Redacci\u00f3n QP Las giras no ser\u00e1n prohibidas, pero no deber\u00e1n tener mensajes\u00a0de \u00edndole electoral...","og_url":"https:\/\/quehacerpolitico.mx\/?p=102825","article_published_time":"2023-07-16T22:01:26+00:00","article_modified_time":"2023-07-16T22:01:30+00:00","og_image":[{"width":739,"height":415,"url":"https:\/\/quehacerpolitico.mx\/wp-content\/uploads\/2023\/07\/IMG_9056.jpeg","type":"image\/jpeg"}],"author":"Redacci\u00f3n QP","twitter_card":"summary_large_image","twitter_misc":{"Escrito por":"Redacci\u00f3n QP","Tiempo de lectura":"7 minutos"},"schema":{"@context":"https:\/\/schema.org","@graph":[{"@type":"Article","@id":"https:\/\/quehacerpolitico.mx\/?p=102825#article","isPartOf":{"@id":"https:\/\/quehacerpolitico.mx\/?p=102825"},"author":{"name":"Redacci\u00f3n QP","@id":"https:\/\/quehacerpolitico.mx\/#\/schema\/person\/496d8ad2d1d3f8036101dca7ee39e585"},"headline":"INE determin\u00f3 que las giras y actos que realizan las seis \u201ccorcholatas\u201d son proselitistas, pero los \u201cfren\u00f3\u201d a medias","datePublished":"2023-07-16T22:01:26+00:00","dateModified":"2023-07-16T22:01:30+00:00","mainEntityOfPage":{"@id":"https:\/\/quehacerpolitico.mx\/?p=102825"},"wordCount":1515,"commentCount":0,"image":{"@id":"https:\/\/quehacerpolitico.mx\/?p=102825#primaryimage"},"thumbnailUrl":"https:\/\/quehacerpolitico.mx\/wp-content\/uploads\/2023\/07\/IMG_9056.jpeg","articleSection":["Noticias"],"inLanguage":"es","potentialAction":[{"@type":"CommentAction","name":"Comment","target":["https:\/\/quehacerpolitico.mx\/?p=102825#respond"]}]},{"@type":"WebPage","@id":"https:\/\/quehacerpolitico.mx\/?p=102825","url":"https:\/\/quehacerpolitico.mx\/?p=102825","name":"INE determin\u00f3 que las giras y actos que realizan las seis \u201ccorcholatas\u201d son proselitistas, pero los \u201cfren\u00f3\u201d a medias -","isPartOf":{"@id":"https:\/\/quehacerpolitico.mx\/#website"},"primaryImageOfPage":{"@id":"https:\/\/quehacerpolitico.mx\/?p=102825#primaryimage"},"image":{"@id":"https:\/\/quehacerpolitico.mx\/?p=102825#primaryimage"},"thumbnailUrl":"https:\/\/quehacerpolitico.mx\/wp-content\/uploads\/2023\/07\/IMG_9056.jpeg","datePublished":"2023-07-16T22:01:26+00:00","dateModified":"2023-07-16T22:01:30+00:00","author":{"@id":"https:\/\/quehacerpolitico.mx\/#\/schema\/person\/496d8ad2d1d3f8036101dca7ee39e585"},"breadcrumb":{"@id":"https:\/\/quehacerpolitico.mx\/?p=102825#breadcrumb"},"inLanguage":"es","potentialAction":[{"@type":"ReadAction","target":["https:\/\/quehacerpolitico.mx\/?p=102825"]}]},{"@type":"ImageObject","inLanguage":"es","@id":"https:\/\/quehacerpolitico.mx\/?p=102825#primaryimage","url":"https:\/\/quehacerpolitico.mx\/wp-content\/uploads\/2023\/07\/IMG_9056.jpeg","contentUrl":"https:\/\/quehacerpolitico.mx\/wp-content\/uploads\/2023\/07\/IMG_9056.jpeg","width":739,"height":415},{"@type":"BreadcrumbList","@id":"https:\/\/quehacerpolitico.mx\/?p=102825#breadcrumb","itemListElement":[{"@type":"ListItem","position":1,"name":"Inicio","item":"https:\/\/quehacerpolitico.mx\/"},{"@type":"ListItem","position":2,"name":"INE determin\u00f3 que las giras y actos que realizan las seis \u201ccorcholatas\u201d son proselitistas, pero los \u201cfren\u00f3\u201d a medias"}]},{"@type":"WebSite","@id":"https:\/\/quehacerpolitico.mx\/#website","url":"https:\/\/quehacerpolitico.mx\/","name":"","description":"","potentialAction":[{"@type":"SearchAction","target":{"@type":"EntryPoint","urlTemplate":"https:\/\/quehacerpolitico.mx\/?s={search_term_string}"},"query-input":{"@type":"PropertyValueSpecification","valueRequired":true,"valueName":"search_term_string"}}],"inLanguage":"es"},{"@type":"Person","@id":"https:\/\/quehacerpolitico.mx\/#\/schema\/person\/496d8ad2d1d3f8036101dca7ee39e585","name":"Redacci\u00f3n QP","image":{"@type":"ImageObject","inLanguage":"es","@id":"https:\/\/secure.gravatar.com\/avatar\/c7164ed6fdec453195284ad24a5ae5b6e1eed2b848477fa2a4787ba9adf39a41?s=96&d=mm&r=g","url":"https:\/\/secure.gravatar.com\/avatar\/c7164ed6fdec453195284ad24a5ae5b6e1eed2b848477fa2a4787ba9adf39a41?s=96&d=mm&r=g","contentUrl":"https:\/\/secure.gravatar.com\/avatar\/c7164ed6fdec453195284ad24a5ae5b6e1eed2b848477fa2a4787ba9adf39a41?s=96&d=mm&r=g","caption":"Redacci\u00f3n QP"},"url":"https:\/\/quehacerpolitico.mx\/?author=2"}]}},"featured_image_urls":{"full":["https:\/\/quehacerpolitico.mx\/wp-content\/uploads\/2023\/07\/IMG_9056.jpeg",739,415,false],"thumbnail":["https:\/\/quehacerpolitico.mx\/wp-content\/uploads\/2023\/07\/IMG_9056-150x150.jpeg",150,150,true],"medium":["https:\/\/quehacerpolitico.mx\/wp-content\/uploads\/2023\/07\/IMG_9056-300x168.jpeg",300,168,true],"medium_large":["https:\/\/quehacerpolitico.mx\/wp-content\/uploads\/2023\/07\/IMG_9056.jpeg",640,359,false],"large":["https:\/\/quehacerpolitico.mx\/wp-content\/uploads\/2023\/07\/IMG_9056.jpeg",640,359,false],"1536x1536":["https:\/\/quehacerpolitico.mx\/wp-content\/uploads\/2023\/07\/IMG_9056.jpeg",739,415,false],"2048x2048":["https:\/\/quehacerpolitico.mx\/wp-content\/uploads\/2023\/07\/IMG_9056.jpeg",739,415,false],"covernews-featured":["https:\/\/quehacerpolitico.mx\/wp-content\/uploads\/2023\/07\/IMG_9056.jpeg",739,415,false],"covernews-medium":["https:\/\/quehacerpolitico.mx\/wp-content\/uploads\/2023\/07\/IMG_9056.jpeg",540,303,false]},"author_info":{"display_name":"Redacci\u00f3n QP","author_link":"https:\/\/quehacerpolitico.mx\/?author=2"},"category_info":"<a href=\"https:\/\/quehacerpolitico.mx\/?cat=2\" rel=\"category\">Noticias<\/a>","tag_info":"Noticias","comment_count":"0","_links":{"self":[{"href":"https:\/\/quehacerpolitico.mx\/index.php?rest_route=\/wp\/v2\/posts\/102825","targetHints":{"allow":["GET"]}}],"collection":[{"href":"https:\/\/quehacerpolitico.mx\/index.php?rest_route=\/wp\/v2\/posts"}],"about":[{"href":"https:\/\/quehacerpolitico.mx\/index.php?rest_route=\/wp\/v2\/types\/post"}],"author":[{"embeddable":true,"href":"https:\/\/quehacerpolitico.mx\/index.php?rest_route=\/wp\/v2\/users\/2"}],"replies":[{"embeddable":true,"href":"https:\/\/quehacerpolitico.mx\/index.php?rest_route=%2Fwp%2Fv2%2Fcomments&post=102825"}],"version-history":[{"count":1,"href":"https:\/\/quehacerpolitico.mx\/index.php?rest_route=\/wp\/v2\/posts\/102825\/revisions"}],"predecessor-version":[{"id":102829,"href":"https:\/\/quehacerpolitico.mx\/index.php?rest_route=\/wp\/v2\/posts\/102825\/revisions\/102829"}],"wp:featuredmedia":[{"embeddable":true,"href":"https:\/\/quehacerpolitico.mx\/index.php?rest_route=\/wp\/v2\/media\/102828"}],"wp:attachment":[{"href":"https:\/\/quehacerpolitico.mx\/index.php?rest_route=%2Fwp%2Fv2%2Fmedia&parent=102825"}],"wp:term":[{"taxonomy":"category","embeddable":true,"href":"https:\/\/quehacerpolitico.mx\/index.php?rest_route=%2Fwp%2Fv2%2Fcategories&post=102825"},{"taxonomy":"post_tag","embeddable":true,"href":"https:\/\/quehacerpolitico.mx\/index.php?rest_route=%2Fwp%2Fv2%2Ftags&post=102825"}],"curies":[{"name":"wp","href":"https:\/\/api.w.org\/{rel}","templated":true}]}}