{"id":102819,"date":"2023-07-16T20:53:36","date_gmt":"2023-07-16T20:53:36","guid":{"rendered":"https:\/\/quehacerpolitico.mx\/?p=102819"},"modified":"2023-07-16T20:53:39","modified_gmt":"2023-07-16T20:53:39","slug":"reinauguran-tramo-elevado-de-la-linea-12-la-gente-siente-miedo-y-viajar-inseguros","status":"publish","type":"post","link":"https:\/\/quehacerpolitico.mx\/?p=102819","title":{"rendered":"Reinauguran tramo elevado de la L\u00ednea 12 la gente siente miedo y viajar inseguros"},"content":{"rendered":"\n<p>Por Redacci\u00f3n QP<\/p>\n\n\n\n<p><em>Con temor y expectativa, cientos de usuarios vuelven al tramo elevado de la L\u00ednea 12 del Sistema de Transporte Colectivo (STC) Metro<\/em><\/p>\n\n\n\n<p>Con temor y expectativa, cientos de usuarios vuelven al tramo elevado de la<strong>&nbsp;L\u00ednea 12<\/strong>&nbsp;del Sistema de Transporte Colectivo (STC)&nbsp;<strong>Metro<\/strong>, en la Ciudad de M\u00e9xico (CDMX).<\/p>\n\n\n\n<p>De acuerdo con<em>\u00a0Reforma<\/em>, despu\u00e9s de dos a\u00f1os y dos meses, cientos de capitalinos volvieron a utilizar ayer una parte del tramo elevado de la L\u00ednea 12 del Metro, con temor, pero tambi\u00e9n con alivio por lo que significa en el ahorro de tiempo de traslados.<\/p>\n\n\n\n<p>Las cinco estaciones del viaducto elevado que reabrieron ayer luc\u00edan como cualquier fin de semana previo al 3 de mayo de 2021; salvo por la mezcla de nerviosismo y temor que dijeron sentir algunos.<\/p>\n\n\n\n<p><em>\u201cLa verdad me da un poco de miedo volverme a subir al Metro\u201d,<\/em>\u00a0confes\u00f3 Mar\u00eda Concepci\u00f3n, quien iba acompa\u00f1ada por su hijo hacia el Centro de la Ciudad.<\/p>\n\n\n\n<figure class=\"wp-block-image size-full\"><img loading=\"lazy\" decoding=\"async\" width=\"1024\" height=\"683\" src=\"https:\/\/quehacerpolitico.mx\/wp-content\/uploads\/2023\/07\/image-38.jpeg\" alt=\"\" class=\"wp-image-102821\" srcset=\"https:\/\/quehacerpolitico.mx\/wp-content\/uploads\/2023\/07\/image-38.jpeg 1024w, https:\/\/quehacerpolitico.mx\/wp-content\/uploads\/2023\/07\/image-38-300x200.jpeg 300w, https:\/\/quehacerpolitico.mx\/wp-content\/uploads\/2023\/07\/image-38-768x512.jpeg 768w, https:\/\/quehacerpolitico.mx\/wp-content\/uploads\/2023\/07\/image-38-219x146.jpeg 219w, https:\/\/quehacerpolitico.mx\/wp-content\/uploads\/2023\/07\/image-38-50x33.jpeg 50w, https:\/\/quehacerpolitico.mx\/wp-content\/uploads\/2023\/07\/image-38-112x75.jpeg 112w\" sizes=\"auto, (max-width: 1024px) 100vw, 1024px\" \/><\/figure>\n\n\n\n<p>Es una de las usuarias que se vio orillada a realizar sus recorridos en los autobuses de&nbsp;<strong>RTP<\/strong>&nbsp;y el&nbsp;<strong>Metrob\u00fas<\/strong>&nbsp;que fueron implementados para sustituir la L\u00ednea Dorada, la cual cerr\u00f3 tras el colapso que provoc\u00f3 26 muertos y 103 lesionados.<\/p>\n\n\n\n<p><em>\u201cMi movilidad ha sido muy complicada, mucho tiempo en el tr\u00e1fico. Ha sido horrible, yo viajo al Centro y ha sido dos horas para mi trabajo, mucho tiempo perdido\u201d,<\/em>&nbsp;relat\u00f3 Rosal\u00eda Cedillo.<\/p>\n\n\n\n<p><em>\u201c(Espero) que s\u00ed funcione, pero s\u00ed me da miedo. Hoy s\u00f3lo vine a hacer el trayecto y ver qu\u00e9 tan seguro es\u201d.<\/em><\/p>\n\n\n\n<h3 class=\"wp-block-heading\"><strong>Con temor y expectativa, usuarios vuelven al tramo elevado de L\u00ednea 12<\/strong><\/h3>\n\n\n\n<p>Para algunos de los habitantes que acudieron a la reapertura de las primeras cinco estaciones del tramo elevado de la L\u00ednea 12 del Metro, los \u00faltimos dos a\u00f1os fueron muy duros.<\/p>\n\n\n\n<p>Ejemplo de ello es Fernanda, una joven que ayer viajaba hacia el Centro Hist\u00f3rico en la L\u00ednea Dorada, el tramo reabierto significaba hasta hora y media, en hora pico, en contraste con los 10 a 15 minutos que le toma al Metro.<\/p>\n\n\n\n<p><em>\u201cEstos dos a\u00f1os fueron muy pesados, tan s\u00f3lo de pensar que ten\u00eda que levantarme muy temprano, plane\u00e9 a qu\u00e9 hora ten\u00edas que salir, porque ten\u00edas que tomar micro, entonces tienes que prever muchas cosas para llegar\u201d<\/em>, narr\u00f3 la joven.<\/p>\n\n\n\n<figure class=\"wp-block-image size-full\"><img loading=\"lazy\" decoding=\"async\" width=\"1024\" height=\"683\" src=\"https:\/\/quehacerpolitico.mx\/wp-content\/uploads\/2023\/07\/image-39.jpeg\" alt=\"\" class=\"wp-image-102822\" srcset=\"https:\/\/quehacerpolitico.mx\/wp-content\/uploads\/2023\/07\/image-39.jpeg 1024w, https:\/\/quehacerpolitico.mx\/wp-content\/uploads\/2023\/07\/image-39-300x200.jpeg 300w, https:\/\/quehacerpolitico.mx\/wp-content\/uploads\/2023\/07\/image-39-768x512.jpeg 768w, https:\/\/quehacerpolitico.mx\/wp-content\/uploads\/2023\/07\/image-39-219x146.jpeg 219w, https:\/\/quehacerpolitico.mx\/wp-content\/uploads\/2023\/07\/image-39-50x33.jpeg 50w, https:\/\/quehacerpolitico.mx\/wp-content\/uploads\/2023\/07\/image-39-112x75.jpeg 112w\" sizes=\"auto, (max-width: 1024px) 100vw, 1024px\" \/><\/figure>\n\n\n\n<p>Culhuac\u00e1n, San Andr\u00e9s Tomatl\u00e1n, Lomas Estrella, Calle 11 y Perif\u00e9rico Oriente volvieron a operar desde ayer por la ma\u00f1ana, a dos a\u00f1os y dos meses del colapso.<\/p>\n\n\n\n<p><em>\u201cA final de cuentas, el miedo siempre va a existir, tienes que seguir haciendo tus cosas, previendo y esperando que no vuelva a suscitar nada\u201d,<\/em>&nbsp;justific\u00f3 Fernanda.<\/p>\n\n\n\n<h3 class=\"wp-block-heading\"><strong>L\u00ednea va a operar con 14 de las 20 estaciones&nbsp;<\/strong><\/h3>\n\n\n\n<p>Dana Estrada report\u00f3 que la reapertura, con la cual la L\u00ednea 12 operar\u00e1 en 14 de las 20 estaciones con las que cuenta, llega tras una serie de fechas prometidas por parte de las autoridades, las cuales no llegaron a materializarse.<\/p>\n\n\n\n<figure class=\"wp-block-image size-full\"><img loading=\"lazy\" decoding=\"async\" width=\"1024\" height=\"683\" src=\"https:\/\/quehacerpolitico.mx\/wp-content\/uploads\/2023\/07\/image-40.jpeg\" alt=\"\" class=\"wp-image-102823\" srcset=\"https:\/\/quehacerpolitico.mx\/wp-content\/uploads\/2023\/07\/image-40.jpeg 1024w, https:\/\/quehacerpolitico.mx\/wp-content\/uploads\/2023\/07\/image-40-300x200.jpeg 300w, https:\/\/quehacerpolitico.mx\/wp-content\/uploads\/2023\/07\/image-40-768x512.jpeg 768w, https:\/\/quehacerpolitico.mx\/wp-content\/uploads\/2023\/07\/image-40-219x146.jpeg 219w, https:\/\/quehacerpolitico.mx\/wp-content\/uploads\/2023\/07\/image-40-50x33.jpeg 50w, https:\/\/quehacerpolitico.mx\/wp-content\/uploads\/2023\/07\/image-40-112x75.jpeg 112w\" sizes=\"auto, (max-width: 1024px) 100vw, 1024px\" \/><\/figure>\n\n\n\n<p>Desde junio de 2021, a semanas de que ocurri\u00f3 el siniestro, el presidente Andr\u00e9s Manuel L\u00f3pez Obrador hab\u00eda asegurado que la totalidad de la L\u00ednea 12 estar\u00eda operando a m\u00e1s tardar un a\u00f1o despu\u00e9s.<\/p>\n\n\n\n<p>Fue hasta enero pasado que las nueve estaciones del tramo subterr\u00e1neo volvieron a funcionar.<\/p>\n\n\n\n<figure class=\"wp-block-embed is-type-rich is-provider-twitter wp-block-embed-twitter\"><div class=\"wp-block-embed__wrapper\">\n<blockquote class=\"twitter-tweet\" data-width=\"550\" data-dnt=\"true\"><p lang=\"es\" dir=\"ltr\">El d\u00eda de hoy el jefe de gobierno <a href=\"https:\/\/twitter.com\/martibatres?ref_src=twsrc%5Etfw\">@martibatres<\/a> puso en marcha la reapertura de la l\u00ednea 12 de Atlalilco a Perif\u00e9rico. El video me lo env\u00eda <a href=\"https:\/\/twitter.com\/SOBSECDMX?ref_src=twsrc%5Etfw\">@SOBSECDMX<\/a> donde se aprecia la obra y la operaci\u00f3n de tren. <a href=\"https:\/\/t.co\/Y0cHfMKoUd\">https:\/\/t.co\/Y0cHfMKoUd<\/a> <a href=\"https:\/\/t.co\/jmvqSxumVG\">pic.twitter.com\/jmvqSxumVG<\/a><\/p>&mdash; Claudia Sheinbaum Pardo (@Claudiashein) <a href=\"https:\/\/twitter.com\/Claudiashein\/status\/1680410579276808192?ref_src=twsrc%5Etfw\">July 16, 2023<\/a><\/blockquote><script async src=\"https:\/\/platform.twitter.com\/widgets.js\" charset=\"utf-8\"><\/script>\n<\/div><\/figure>\n\n\n\n<p>Sin embargo, las cinco estaciones reabiertas ayer deb\u00edan de operar desde junio, un plazo que termin\u00f3 por recorrerse casi un mes y todav\u00eda con pendientes: el jefe de Gobierno,&nbsp;<strong>Mart\u00ed Batres<\/strong>, previ\u00f3 que el resto de la l\u00ednea pueda usarse antes de que termine el a\u00f1o.<\/p>\n\n\n\n<p><em>\u201cEsperamos que est\u00e9 terminada toda la obra, las seis estaciones que faltan antes de que termine este a\u00f1o\u201d,<\/em>&nbsp;indic\u00f3 Batres.<\/p>\n\n\n\n<h3 class=\"wp-block-heading\"><strong>Cierre de estaciones afecta a comerciantes&nbsp;<\/strong><\/h3>\n\n\n\n<p>Para los comerciantes y habitantes que se encuentran en el tramo sin operar, la insatisfacci\u00f3n persiste.<\/p>\n\n\n\n<p><em>\u201cNo estoy contento a\u00fan, todav\u00eda falta el otro tramo. Para llegar de Tl\u00e1huac a Perif\u00e9rico son m\u00ednimo 40 minutos, eso era un recorrido en Metro que se hac\u00eda en 15 minutos. Para m\u00ed no es festivo, porque todos los d\u00edas que salgo paso por Olivos y ah\u00ed est\u00e1n las cruces de las personas que murieron, y te acuerdas de lo que pas\u00f3 y a las personas a las que afect\u00f3\u201d<\/em>, relat\u00f3 Federico Mart\u00ednez, habitante de Tl\u00e1huac.<\/p>\n\n\n\n<p><em>\u201cY todav\u00eda a las personas que estamos de ese lado, seguimos siendo afectados, enfrent\u00e1ndonos al caos que es desde hace dos a\u00f1os Avenida Tl\u00e1huac\u201d.<\/em><\/p>\n\n\n\n<p>Con un sinf\u00edn de retrasos y con seis estaciones que faltan por operar, con temor y expectativa, cientos de usuarios vuelven al tramo elevado de la L\u00ednea 12 del Sistema de Transporte Colectivo (STC) Metro.<\/p>\n","protected":false},"excerpt":{"rendered":"<p>Por Redacci\u00f3n QP Con temor y expectativa, cientos de usuarios vuelven al tramo elevado de&#8230;<\/p>\n","protected":false},"author":2,"featured_media":102820,"comment_status":"open","ping_status":"open","sticky":false,"template":"","format":"standard","meta":{"_monsterinsights_skip_tracking":false,"_monsterinsights_sitenote_active":false,"_monsterinsights_sitenote_note":"","_monsterinsights_sitenote_category":0,"footnotes":""},"categories":[55],"tags":[],"class_list":["post-102819","post","type-post","status-publish","format-standard","has-post-thumbnail","hentry","category-cdmx"],"yoast_head":"<!-- This site is optimized with the Yoast SEO plugin v27.3 - https:\/\/yoast.com\/product\/yoast-seo-wordpress\/ -->\n<title>Reinauguran tramo elevado de la L\u00ednea 12 la gente siente miedo y viajar inseguros -<\/title>\n<meta name=\"robots\" content=\"index, follow, max-snippet:-1, max-image-preview:large, max-video-preview:-1\" \/>\n<link rel=\"canonical\" href=\"https:\/\/quehacerpolitico.mx\/?p=102819\" \/>\n<meta property=\"og:locale\" content=\"es_MX\" \/>\n<meta property=\"og:type\" content=\"article\" \/>\n<meta property=\"og:title\" content=\"Reinauguran tramo elevado de la L\u00ednea 12 la gente siente miedo y viajar inseguros -\" \/>\n<meta property=\"og:description\" content=\"Por Redacci\u00f3n QP Con temor y expectativa, cientos de usuarios vuelven al tramo elevado de...\" \/>\n<meta property=\"og:url\" content=\"https:\/\/quehacerpolitico.mx\/?p=102819\" \/>\n<meta property=\"article:published_time\" content=\"2023-07-16T20:53:36+00:00\" \/>\n<meta property=\"article:modified_time\" content=\"2023-07-16T20:53:39+00:00\" \/>\n<meta property=\"og:image\" content=\"https:\/\/quehacerpolitico.mx\/wp-content\/uploads\/2023\/07\/IMG_9055.jpeg\" \/>\n\t<meta property=\"og:image:width\" content=\"1600\" \/>\n\t<meta property=\"og:image:height\" content=\"1066\" \/>\n\t<meta property=\"og:image:type\" content=\"image\/jpeg\" \/>\n<meta name=\"author\" content=\"Redacci\u00f3n QP\" \/>\n<meta name=\"twitter:card\" content=\"summary_large_image\" \/>\n<meta name=\"twitter:label1\" content=\"Escrito por\" \/>\n\t<meta name=\"twitter:data1\" content=\"Redacci\u00f3n QP\" \/>\n\t<meta name=\"twitter:label2\" content=\"Tiempo de lectura\" \/>\n\t<meta name=\"twitter:data2\" content=\"4 minutos\" \/>\n<script type=\"application\/ld+json\" class=\"yoast-schema-graph\">{\"@context\":\"https:\\\/\\\/schema.org\",\"@graph\":[{\"@type\":\"Article\",\"@id\":\"https:\\\/\\\/quehacerpolitico.mx\\\/?p=102819#article\",\"isPartOf\":{\"@id\":\"https:\\\/\\\/quehacerpolitico.mx\\\/?p=102819\"},\"author\":{\"name\":\"Redacci\u00f3n QP\",\"@id\":\"https:\\\/\\\/quehacerpolitico.mx\\\/#\\\/schema\\\/person\\\/496d8ad2d1d3f8036101dca7ee39e585\"},\"headline\":\"Reinauguran tramo elevado de la L\u00ednea 12 la gente siente miedo y viajar inseguros\",\"datePublished\":\"2023-07-16T20:53:36+00:00\",\"dateModified\":\"2023-07-16T20:53:39+00:00\",\"mainEntityOfPage\":{\"@id\":\"https:\\\/\\\/quehacerpolitico.mx\\\/?p=102819\"},\"wordCount\":839,\"commentCount\":0,\"image\":{\"@id\":\"https:\\\/\\\/quehacerpolitico.mx\\\/?p=102819#primaryimage\"},\"thumbnailUrl\":\"https:\\\/\\\/quehacerpolitico.mx\\\/wp-content\\\/uploads\\\/2023\\\/07\\\/IMG_9055.jpeg\",\"articleSection\":[\"CDMX\"],\"inLanguage\":\"es\",\"potentialAction\":[{\"@type\":\"CommentAction\",\"name\":\"Comment\",\"target\":[\"https:\\\/\\\/quehacerpolitico.mx\\\/?p=102819#respond\"]}]},{\"@type\":\"WebPage\",\"@id\":\"https:\\\/\\\/quehacerpolitico.mx\\\/?p=102819\",\"url\":\"https:\\\/\\\/quehacerpolitico.mx\\\/?p=102819\",\"name\":\"Reinauguran tramo elevado de la L\u00ednea 12 la gente siente miedo y viajar inseguros -\",\"isPartOf\":{\"@id\":\"https:\\\/\\\/quehacerpolitico.mx\\\/#website\"},\"primaryImageOfPage\":{\"@id\":\"https:\\\/\\\/quehacerpolitico.mx\\\/?p=102819#primaryimage\"},\"image\":{\"@id\":\"https:\\\/\\\/quehacerpolitico.mx\\\/?p=102819#primaryimage\"},\"thumbnailUrl\":\"https:\\\/\\\/quehacerpolitico.mx\\\/wp-content\\\/uploads\\\/2023\\\/07\\\/IMG_9055.jpeg\",\"datePublished\":\"2023-07-16T20:53:36+00:00\",\"dateModified\":\"2023-07-16T20:53:39+00:00\",\"author\":{\"@id\":\"https:\\\/\\\/quehacerpolitico.mx\\\/#\\\/schema\\\/person\\\/496d8ad2d1d3f8036101dca7ee39e585\"},\"breadcrumb\":{\"@id\":\"https:\\\/\\\/quehacerpolitico.mx\\\/?p=102819#breadcrumb\"},\"inLanguage\":\"es\",\"potentialAction\":[{\"@type\":\"ReadAction\",\"target\":[\"https:\\\/\\\/quehacerpolitico.mx\\\/?p=102819\"]}]},{\"@type\":\"ImageObject\",\"inLanguage\":\"es\",\"@id\":\"https:\\\/\\\/quehacerpolitico.mx\\\/?p=102819#primaryimage\",\"url\":\"https:\\\/\\\/quehacerpolitico.mx\\\/wp-content\\\/uploads\\\/2023\\\/07\\\/IMG_9055.jpeg\",\"contentUrl\":\"https:\\\/\\\/quehacerpolitico.mx\\\/wp-content\\\/uploads\\\/2023\\\/07\\\/IMG_9055.jpeg\",\"width\":1600,\"height\":1066},{\"@type\":\"BreadcrumbList\",\"@id\":\"https:\\\/\\\/quehacerpolitico.mx\\\/?p=102819#breadcrumb\",\"itemListElement\":[{\"@type\":\"ListItem\",\"position\":1,\"name\":\"Inicio\",\"item\":\"https:\\\/\\\/quehacerpolitico.mx\\\/\"},{\"@type\":\"ListItem\",\"position\":2,\"name\":\"Reinauguran tramo elevado de la L\u00ednea 12 la gente siente miedo y viajar inseguros\"}]},{\"@type\":\"WebSite\",\"@id\":\"https:\\\/\\\/quehacerpolitico.mx\\\/#website\",\"url\":\"https:\\\/\\\/quehacerpolitico.mx\\\/\",\"name\":\"\",\"description\":\"\",\"potentialAction\":[{\"@type\":\"SearchAction\",\"target\":{\"@type\":\"EntryPoint\",\"urlTemplate\":\"https:\\\/\\\/quehacerpolitico.mx\\\/?s={search_term_string}\"},\"query-input\":{\"@type\":\"PropertyValueSpecification\",\"valueRequired\":true,\"valueName\":\"search_term_string\"}}],\"inLanguage\":\"es\"},{\"@type\":\"Person\",\"@id\":\"https:\\\/\\\/quehacerpolitico.mx\\\/#\\\/schema\\\/person\\\/496d8ad2d1d3f8036101dca7ee39e585\",\"name\":\"Redacci\u00f3n QP\",\"image\":{\"@type\":\"ImageObject\",\"inLanguage\":\"es\",\"@id\":\"https:\\\/\\\/secure.gravatar.com\\\/avatar\\\/c7164ed6fdec453195284ad24a5ae5b6e1eed2b848477fa2a4787ba9adf39a41?s=96&d=mm&r=g\",\"url\":\"https:\\\/\\\/secure.gravatar.com\\\/avatar\\\/c7164ed6fdec453195284ad24a5ae5b6e1eed2b848477fa2a4787ba9adf39a41?s=96&d=mm&r=g\",\"contentUrl\":\"https:\\\/\\\/secure.gravatar.com\\\/avatar\\\/c7164ed6fdec453195284ad24a5ae5b6e1eed2b848477fa2a4787ba9adf39a41?s=96&d=mm&r=g\",\"caption\":\"Redacci\u00f3n QP\"},\"url\":\"https:\\\/\\\/quehacerpolitico.mx\\\/?author=2\"}]}<\/script>\n<!-- \/ Yoast SEO plugin. -->","yoast_head_json":{"title":"Reinauguran tramo elevado de la L\u00ednea 12 la gente siente miedo y viajar inseguros -","robots":{"index":"index","follow":"follow","max-snippet":"max-snippet:-1","max-image-preview":"max-image-preview:large","max-video-preview":"max-video-preview:-1"},"canonical":"https:\/\/quehacerpolitico.mx\/?p=102819","og_locale":"es_MX","og_type":"article","og_title":"Reinauguran tramo elevado de la L\u00ednea 12 la gente siente miedo y viajar inseguros -","og_description":"Por Redacci\u00f3n QP Con temor y expectativa, cientos de usuarios vuelven al tramo elevado de...","og_url":"https:\/\/quehacerpolitico.mx\/?p=102819","article_published_time":"2023-07-16T20:53:36+00:00","article_modified_time":"2023-07-16T20:53:39+00:00","og_image":[{"width":1600,"height":1066,"url":"https:\/\/quehacerpolitico.mx\/wp-content\/uploads\/2023\/07\/IMG_9055.jpeg","type":"image\/jpeg"}],"author":"Redacci\u00f3n QP","twitter_card":"summary_large_image","twitter_misc":{"Escrito por":"Redacci\u00f3n QP","Tiempo de lectura":"4 minutos"},"schema":{"@context":"https:\/\/schema.org","@graph":[{"@type":"Article","@id":"https:\/\/quehacerpolitico.mx\/?p=102819#article","isPartOf":{"@id":"https:\/\/quehacerpolitico.mx\/?p=102819"},"author":{"name":"Redacci\u00f3n QP","@id":"https:\/\/quehacerpolitico.mx\/#\/schema\/person\/496d8ad2d1d3f8036101dca7ee39e585"},"headline":"Reinauguran tramo elevado de la L\u00ednea 12 la gente siente miedo y viajar inseguros","datePublished":"2023-07-16T20:53:36+00:00","dateModified":"2023-07-16T20:53:39+00:00","mainEntityOfPage":{"@id":"https:\/\/quehacerpolitico.mx\/?p=102819"},"wordCount":839,"commentCount":0,"image":{"@id":"https:\/\/quehacerpolitico.mx\/?p=102819#primaryimage"},"thumbnailUrl":"https:\/\/quehacerpolitico.mx\/wp-content\/uploads\/2023\/07\/IMG_9055.jpeg","articleSection":["CDMX"],"inLanguage":"es","potentialAction":[{"@type":"CommentAction","name":"Comment","target":["https:\/\/quehacerpolitico.mx\/?p=102819#respond"]}]},{"@type":"WebPage","@id":"https:\/\/quehacerpolitico.mx\/?p=102819","url":"https:\/\/quehacerpolitico.mx\/?p=102819","name":"Reinauguran tramo elevado de la L\u00ednea 12 la gente siente miedo y viajar inseguros -","isPartOf":{"@id":"https:\/\/quehacerpolitico.mx\/#website"},"primaryImageOfPage":{"@id":"https:\/\/quehacerpolitico.mx\/?p=102819#primaryimage"},"image":{"@id":"https:\/\/quehacerpolitico.mx\/?p=102819#primaryimage"},"thumbnailUrl":"https:\/\/quehacerpolitico.mx\/wp-content\/uploads\/2023\/07\/IMG_9055.jpeg","datePublished":"2023-07-16T20:53:36+00:00","dateModified":"2023-07-16T20:53:39+00:00","author":{"@id":"https:\/\/quehacerpolitico.mx\/#\/schema\/person\/496d8ad2d1d3f8036101dca7ee39e585"},"breadcrumb":{"@id":"https:\/\/quehacerpolitico.mx\/?p=102819#breadcrumb"},"inLanguage":"es","potentialAction":[{"@type":"ReadAction","target":["https:\/\/quehacerpolitico.mx\/?p=102819"]}]},{"@type":"ImageObject","inLanguage":"es","@id":"https:\/\/quehacerpolitico.mx\/?p=102819#primaryimage","url":"https:\/\/quehacerpolitico.mx\/wp-content\/uploads\/2023\/07\/IMG_9055.jpeg","contentUrl":"https:\/\/quehacerpolitico.mx\/wp-content\/uploads\/2023\/07\/IMG_9055.jpeg","width":1600,"height":1066},{"@type":"BreadcrumbList","@id":"https:\/\/quehacerpolitico.mx\/?p=102819#breadcrumb","itemListElement":[{"@type":"ListItem","position":1,"name":"Inicio","item":"https:\/\/quehacerpolitico.mx\/"},{"@type":"ListItem","position":2,"name":"Reinauguran tramo elevado de la L\u00ednea 12 la gente siente miedo y viajar inseguros"}]},{"@type":"WebSite","@id":"https:\/\/quehacerpolitico.mx\/#website","url":"https:\/\/quehacerpolitico.mx\/","name":"","description":"","potentialAction":[{"@type":"SearchAction","target":{"@type":"EntryPoint","urlTemplate":"https:\/\/quehacerpolitico.mx\/?s={search_term_string}"},"query-input":{"@type":"PropertyValueSpecification","valueRequired":true,"valueName":"search_term_string"}}],"inLanguage":"es"},{"@type":"Person","@id":"https:\/\/quehacerpolitico.mx\/#\/schema\/person\/496d8ad2d1d3f8036101dca7ee39e585","name":"Redacci\u00f3n QP","image":{"@type":"ImageObject","inLanguage":"es","@id":"https:\/\/secure.gravatar.com\/avatar\/c7164ed6fdec453195284ad24a5ae5b6e1eed2b848477fa2a4787ba9adf39a41?s=96&d=mm&r=g","url":"https:\/\/secure.gravatar.com\/avatar\/c7164ed6fdec453195284ad24a5ae5b6e1eed2b848477fa2a4787ba9adf39a41?s=96&d=mm&r=g","contentUrl":"https:\/\/secure.gravatar.com\/avatar\/c7164ed6fdec453195284ad24a5ae5b6e1eed2b848477fa2a4787ba9adf39a41?s=96&d=mm&r=g","caption":"Redacci\u00f3n QP"},"url":"https:\/\/quehacerpolitico.mx\/?author=2"}]}},"featured_image_urls":{"full":["https:\/\/quehacerpolitico.mx\/wp-content\/uploads\/2023\/07\/IMG_9055.jpeg",1600,1066,false],"thumbnail":["https:\/\/quehacerpolitico.mx\/wp-content\/uploads\/2023\/07\/IMG_9055-150x150.jpeg",150,150,true],"medium":["https:\/\/quehacerpolitico.mx\/wp-content\/uploads\/2023\/07\/IMG_9055-300x200.jpeg",300,200,true],"medium_large":["https:\/\/quehacerpolitico.mx\/wp-content\/uploads\/2023\/07\/IMG_9055-768x512.jpeg",640,427,true],"large":["https:\/\/quehacerpolitico.mx\/wp-content\/uploads\/2023\/07\/IMG_9055-1024x682.jpeg",640,426,true],"1536x1536":["https:\/\/quehacerpolitico.mx\/wp-content\/uploads\/2023\/07\/IMG_9055-1536x1023.jpeg",1536,1023,true],"2048x2048":["https:\/\/quehacerpolitico.mx\/wp-content\/uploads\/2023\/07\/IMG_9055.jpeg",1600,1066,false],"covernews-featured":["https:\/\/quehacerpolitico.mx\/wp-content\/uploads\/2023\/07\/IMG_9055.jpeg",1024,682,false],"covernews-medium":["https:\/\/quehacerpolitico.mx\/wp-content\/uploads\/2023\/07\/IMG_9055.jpeg",510,340,false]},"author_info":{"display_name":"Redacci\u00f3n QP","author_link":"https:\/\/quehacerpolitico.mx\/?author=2"},"category_info":"<a href=\"https:\/\/quehacerpolitico.mx\/?cat=55\" rel=\"category\">CDMX<\/a>","tag_info":"CDMX","comment_count":"0","_links":{"self":[{"href":"https:\/\/quehacerpolitico.mx\/index.php?rest_route=\/wp\/v2\/posts\/102819","targetHints":{"allow":["GET"]}}],"collection":[{"href":"https:\/\/quehacerpolitico.mx\/index.php?rest_route=\/wp\/v2\/posts"}],"about":[{"href":"https:\/\/quehacerpolitico.mx\/index.php?rest_route=\/wp\/v2\/types\/post"}],"author":[{"embeddable":true,"href":"https:\/\/quehacerpolitico.mx\/index.php?rest_route=\/wp\/v2\/users\/2"}],"replies":[{"embeddable":true,"href":"https:\/\/quehacerpolitico.mx\/index.php?rest_route=%2Fwp%2Fv2%2Fcomments&post=102819"}],"version-history":[{"count":1,"href":"https:\/\/quehacerpolitico.mx\/index.php?rest_route=\/wp\/v2\/posts\/102819\/revisions"}],"predecessor-version":[{"id":102824,"href":"https:\/\/quehacerpolitico.mx\/index.php?rest_route=\/wp\/v2\/posts\/102819\/revisions\/102824"}],"wp:featuredmedia":[{"embeddable":true,"href":"https:\/\/quehacerpolitico.mx\/index.php?rest_route=\/wp\/v2\/media\/102820"}],"wp:attachment":[{"href":"https:\/\/quehacerpolitico.mx\/index.php?rest_route=%2Fwp%2Fv2%2Fmedia&parent=102819"}],"wp:term":[{"taxonomy":"category","embeddable":true,"href":"https:\/\/quehacerpolitico.mx\/index.php?rest_route=%2Fwp%2Fv2%2Fcategories&post=102819"},{"taxonomy":"post_tag","embeddable":true,"href":"https:\/\/quehacerpolitico.mx\/index.php?rest_route=%2Fwp%2Fv2%2Ftags&post=102819"}],"curies":[{"name":"wp","href":"https:\/\/api.w.org\/{rel}","templated":true}]}}