{"id":102797,"date":"2023-07-16T01:49:56","date_gmt":"2023-07-16T01:49:56","guid":{"rendered":"https:\/\/quehacerpolitico.mx\/?p=102797"},"modified":"2023-07-16T01:49:58","modified_gmt":"2023-07-16T01:49:58","slug":"dan-25-anos-y-seis-meses-de-carcel-contra-un-pederasta-en-hechos-registrados-en-el-ano-2021-en-la-alcaldia-azcapotzalco","status":"publish","type":"post","link":"https:\/\/quehacerpolitico.mx\/?p=102797","title":{"rendered":"Dan 25 a\u00f1os y seis meses de c\u00e1rcel\u00a0contra un\u00a0pederasta, en hechos registrados en el a\u00f1o 2021 en la\u00a0Alcald\u00eda Azcapotzalco"},"content":{"rendered":"\n<p>Por Redacci\u00f3n QP<\/p>\n\n\n\n<p>La Fiscal\u00eda de la CDMX apunt\u00f3 inform\u00f3 que obtuvo una sentencia de 25 a\u00f1os y seis meses de c\u00e1rcel contra un pederasta<\/p>\n\n\n\n<p>Un Tribunal de Enjuiciamiento dict\u00f3\u00a0<strong>sentencia de 25 a\u00f1os y seis meses de c\u00e1rcel<\/strong>\u00a0contra un\u00a0<strong>pederasta<\/strong>, en hechos registrados en el a\u00f1o 2021 en la\u00a0<strong>Alcald\u00eda Azcapotzalco<\/strong>\u00a0de la Ciudad de M\u00e9xico.<\/p>\n\n\n\n<p>En un comunicado,<strong>\u00a0la Fiscal\u00eda General de Justicia de la Ciudad de M\u00e9xico<\/strong>\u00a0(FGJ CDMX) detall\u00f3 que la resoluci\u00f3n contra el pederasta tambi\u00e9n establece que el ahora sentenciado debe realizar pagos por los conceptos de reparaci\u00f3n del da\u00f1o, adem\u00e1s de que se le suspendieron sus derechos pol\u00edticos, y se le neg\u00f3 cualquier beneficio o sustitutivo por el quantum de la pena.<\/p>\n\n\n\n<figure class=\"wp-block-embed is-type-rich is-provider-twitter wp-block-embed-twitter\"><div class=\"wp-block-embed__wrapper\">\n<blockquote class=\"twitter-tweet\" data-width=\"550\" data-dnt=\"true\"><p lang=\"es\" dir=\"ltr\">Trabajos realizados por la <a href=\"https:\/\/twitter.com\/hashtag\/Fiscal%C3%ADaCDMX?src=hash&amp;ref_src=twsrc%5Etfw\">#Fiscal\u00edaCDMX<\/a> permitieron a un Tribunal de Enjuiciamiento dictar una sentencia de m\u00e1s de 25 a\u00f1os de prisi\u00f3n contra un hombre por el delito de pederastia, registrado en 2021 <a href=\"https:\/\/t.co\/rmmG9ckxiF\">https:\/\/t.co\/rmmG9ckxiF<\/a> <a href=\"https:\/\/t.co\/TWb8EHfMpu\">pic.twitter.com\/TWb8EHfMpu<\/a><\/p>&mdash; Fiscal\u00eda CDMX (@FiscaliaCDMX) <a href=\"https:\/\/twitter.com\/FiscaliaCDMX\/status\/1680342250650488832?ref_src=twsrc%5Etfw\">July 15, 2023<\/a><\/blockquote><script async src=\"https:\/\/platform.twitter.com\/widgets.js\" charset=\"utf-8\"><\/script>\n<\/div><\/figure>\n\n\n\n<p>Asimismo, queda pendiente para la ejecuci\u00f3n de la sentencia la cuantificaci\u00f3n de cualquier tratamiento psicol\u00f3gico adicional de la v\u00edctima.<\/p>\n\n\n\n<p>Con base en las probanzas ofertadas por el agente del Ministerio P\u00fablico de la Coordinaci\u00f3n General de Acusaci\u00f3n, Procedimiento y Enjuiciamiento, se demostr\u00f3 que el ahora sentenciado mantuvo relaciones sexuales con una persona menor de edad por m\u00e1s de dos a\u00f1os.<\/p>\n\n\n\n<p>La Fiscal\u00eda capitalina comprob\u00f3 que, en septiembre de 2021, Luis Alejandro \u201cN\u201d convenci\u00f3 a la v\u00edctima a tener una relaci\u00f3n de noviazgo y posteriormente a sostener relaciones sexuales en el domicilio de \u00e9l, ubicado en la&nbsp;<strong>colonia Pasteros<\/strong>, Alcald\u00eda Azcapotzalco, hechos que se prolongaron hasta abril de 2022.<\/p>\n\n\n\n<p>Cabe se\u00f1alar que el hombre, quien era empleado del padre de la persona menor de edad, le pidi\u00f3 a la v\u00edctima no hablar con su familia respecto a la relaci\u00f3n que sosten\u00edan, pues corr\u00eda el riesgo de que fuera despedido.<\/p>\n\n\n\n<p>En su momento, los hechos fueron denunciados, se inici\u00f3 una carpeta de investigaci\u00f3n contra el hombre y se solicit\u00f3 una orden de aprehensi\u00f3n, la cual le fue cumplimentada en agosto de 2022, tras ser localizado en inmediaciones de su domicilio.<\/p>\n","protected":false},"excerpt":{"rendered":"<p>Por Redacci\u00f3n QP La Fiscal\u00eda de la CDMX apunt\u00f3 inform\u00f3 que obtuvo una sentencia de&#8230;<\/p>\n","protected":false},"author":2,"featured_media":102798,"comment_status":"open","ping_status":"open","sticky":false,"template":"","format":"standard","meta":{"_monsterinsights_skip_tracking":false,"_monsterinsights_sitenote_active":false,"_monsterinsights_sitenote_note":"","_monsterinsights_sitenote_category":0,"footnotes":""},"categories":[55],"tags":[],"class_list":["post-102797","post","type-post","status-publish","format-standard","has-post-thumbnail","hentry","category-cdmx"],"yoast_head":"<!-- This site is optimized with the Yoast SEO plugin v27.3 - https:\/\/yoast.com\/product\/yoast-seo-wordpress\/ -->\n<title>Dan 25 a\u00f1os y seis meses de c\u00e1rcel\u00a0contra un\u00a0pederasta, en hechos registrados en el a\u00f1o 2021 en la\u00a0Alcald\u00eda Azcapotzalco -<\/title>\n<meta name=\"robots\" content=\"index, follow, max-snippet:-1, max-image-preview:large, max-video-preview:-1\" \/>\n<link rel=\"canonical\" href=\"https:\/\/quehacerpolitico.mx\/?p=102797\" \/>\n<meta property=\"og:locale\" content=\"es_MX\" \/>\n<meta property=\"og:type\" content=\"article\" \/>\n<meta property=\"og:title\" content=\"Dan 25 a\u00f1os y seis meses de c\u00e1rcel\u00a0contra un\u00a0pederasta, en hechos registrados en el a\u00f1o 2021 en la\u00a0Alcald\u00eda Azcapotzalco -\" \/>\n<meta property=\"og:description\" content=\"Por Redacci\u00f3n QP La Fiscal\u00eda de la CDMX apunt\u00f3 inform\u00f3 que obtuvo una sentencia de...\" \/>\n<meta property=\"og:url\" content=\"https:\/\/quehacerpolitico.mx\/?p=102797\" \/>\n<meta property=\"article:published_time\" content=\"2023-07-16T01:49:56+00:00\" \/>\n<meta property=\"article:modified_time\" content=\"2023-07-16T01:49:58+00:00\" \/>\n<meta property=\"og:image\" content=\"https:\/\/quehacerpolitico.mx\/wp-content\/uploads\/2023\/07\/IMG_9041.jpeg\" \/>\n\t<meta property=\"og:image:width\" content=\"1164\" \/>\n\t<meta property=\"og:image:height\" content=\"636\" \/>\n\t<meta property=\"og:image:type\" content=\"image\/jpeg\" \/>\n<meta name=\"author\" content=\"Redacci\u00f3n QP\" \/>\n<meta name=\"twitter:card\" content=\"summary_large_image\" \/>\n<meta name=\"twitter:label1\" content=\"Escrito por\" \/>\n\t<meta name=\"twitter:data1\" content=\"Redacci\u00f3n QP\" \/>\n\t<meta name=\"twitter:label2\" content=\"Tiempo de lectura\" \/>\n\t<meta name=\"twitter:data2\" content=\"2 minutos\" \/>\n<script type=\"application\/ld+json\" class=\"yoast-schema-graph\">{\"@context\":\"https:\\\/\\\/schema.org\",\"@graph\":[{\"@type\":\"Article\",\"@id\":\"https:\\\/\\\/quehacerpolitico.mx\\\/?p=102797#article\",\"isPartOf\":{\"@id\":\"https:\\\/\\\/quehacerpolitico.mx\\\/?p=102797\"},\"author\":{\"name\":\"Redacci\u00f3n QP\",\"@id\":\"https:\\\/\\\/quehacerpolitico.mx\\\/#\\\/schema\\\/person\\\/496d8ad2d1d3f8036101dca7ee39e585\"},\"headline\":\"Dan 25 a\u00f1os y seis meses de c\u00e1rcel\u00a0contra un\u00a0pederasta, en hechos registrados en el a\u00f1o 2021 en la\u00a0Alcald\u00eda Azcapotzalco\",\"datePublished\":\"2023-07-16T01:49:56+00:00\",\"dateModified\":\"2023-07-16T01:49:58+00:00\",\"mainEntityOfPage\":{\"@id\":\"https:\\\/\\\/quehacerpolitico.mx\\\/?p=102797\"},\"wordCount\":374,\"commentCount\":0,\"image\":{\"@id\":\"https:\\\/\\\/quehacerpolitico.mx\\\/?p=102797#primaryimage\"},\"thumbnailUrl\":\"https:\\\/\\\/quehacerpolitico.mx\\\/wp-content\\\/uploads\\\/2023\\\/07\\\/IMG_9041.jpeg\",\"articleSection\":[\"CDMX\"],\"inLanguage\":\"es\",\"potentialAction\":[{\"@type\":\"CommentAction\",\"name\":\"Comment\",\"target\":[\"https:\\\/\\\/quehacerpolitico.mx\\\/?p=102797#respond\"]}]},{\"@type\":\"WebPage\",\"@id\":\"https:\\\/\\\/quehacerpolitico.mx\\\/?p=102797\",\"url\":\"https:\\\/\\\/quehacerpolitico.mx\\\/?p=102797\",\"name\":\"Dan 25 a\u00f1os y seis meses de c\u00e1rcel\u00a0contra un\u00a0pederasta, en hechos registrados en el a\u00f1o 2021 en la\u00a0Alcald\u00eda Azcapotzalco -\",\"isPartOf\":{\"@id\":\"https:\\\/\\\/quehacerpolitico.mx\\\/#website\"},\"primaryImageOfPage\":{\"@id\":\"https:\\\/\\\/quehacerpolitico.mx\\\/?p=102797#primaryimage\"},\"image\":{\"@id\":\"https:\\\/\\\/quehacerpolitico.mx\\\/?p=102797#primaryimage\"},\"thumbnailUrl\":\"https:\\\/\\\/quehacerpolitico.mx\\\/wp-content\\\/uploads\\\/2023\\\/07\\\/IMG_9041.jpeg\",\"datePublished\":\"2023-07-16T01:49:56+00:00\",\"dateModified\":\"2023-07-16T01:49:58+00:00\",\"author\":{\"@id\":\"https:\\\/\\\/quehacerpolitico.mx\\\/#\\\/schema\\\/person\\\/496d8ad2d1d3f8036101dca7ee39e585\"},\"breadcrumb\":{\"@id\":\"https:\\\/\\\/quehacerpolitico.mx\\\/?p=102797#breadcrumb\"},\"inLanguage\":\"es\",\"potentialAction\":[{\"@type\":\"ReadAction\",\"target\":[\"https:\\\/\\\/quehacerpolitico.mx\\\/?p=102797\"]}]},{\"@type\":\"ImageObject\",\"inLanguage\":\"es\",\"@id\":\"https:\\\/\\\/quehacerpolitico.mx\\\/?p=102797#primaryimage\",\"url\":\"https:\\\/\\\/quehacerpolitico.mx\\\/wp-content\\\/uploads\\\/2023\\\/07\\\/IMG_9041.jpeg\",\"contentUrl\":\"https:\\\/\\\/quehacerpolitico.mx\\\/wp-content\\\/uploads\\\/2023\\\/07\\\/IMG_9041.jpeg\",\"width\":1164,\"height\":636},{\"@type\":\"BreadcrumbList\",\"@id\":\"https:\\\/\\\/quehacerpolitico.mx\\\/?p=102797#breadcrumb\",\"itemListElement\":[{\"@type\":\"ListItem\",\"position\":1,\"name\":\"Inicio\",\"item\":\"https:\\\/\\\/quehacerpolitico.mx\\\/\"},{\"@type\":\"ListItem\",\"position\":2,\"name\":\"Dan 25 a\u00f1os y seis meses de c\u00e1rcel\u00a0contra un\u00a0pederasta, en hechos registrados en el a\u00f1o 2021 en la\u00a0Alcald\u00eda Azcapotzalco\"}]},{\"@type\":\"WebSite\",\"@id\":\"https:\\\/\\\/quehacerpolitico.mx\\\/#website\",\"url\":\"https:\\\/\\\/quehacerpolitico.mx\\\/\",\"name\":\"\",\"description\":\"\",\"potentialAction\":[{\"@type\":\"SearchAction\",\"target\":{\"@type\":\"EntryPoint\",\"urlTemplate\":\"https:\\\/\\\/quehacerpolitico.mx\\\/?s={search_term_string}\"},\"query-input\":{\"@type\":\"PropertyValueSpecification\",\"valueRequired\":true,\"valueName\":\"search_term_string\"}}],\"inLanguage\":\"es\"},{\"@type\":\"Person\",\"@id\":\"https:\\\/\\\/quehacerpolitico.mx\\\/#\\\/schema\\\/person\\\/496d8ad2d1d3f8036101dca7ee39e585\",\"name\":\"Redacci\u00f3n QP\",\"image\":{\"@type\":\"ImageObject\",\"inLanguage\":\"es\",\"@id\":\"https:\\\/\\\/secure.gravatar.com\\\/avatar\\\/c7164ed6fdec453195284ad24a5ae5b6e1eed2b848477fa2a4787ba9adf39a41?s=96&d=mm&r=g\",\"url\":\"https:\\\/\\\/secure.gravatar.com\\\/avatar\\\/c7164ed6fdec453195284ad24a5ae5b6e1eed2b848477fa2a4787ba9adf39a41?s=96&d=mm&r=g\",\"contentUrl\":\"https:\\\/\\\/secure.gravatar.com\\\/avatar\\\/c7164ed6fdec453195284ad24a5ae5b6e1eed2b848477fa2a4787ba9adf39a41?s=96&d=mm&r=g\",\"caption\":\"Redacci\u00f3n QP\"},\"url\":\"https:\\\/\\\/quehacerpolitico.mx\\\/?author=2\"}]}<\/script>\n<!-- \/ Yoast SEO plugin. -->","yoast_head_json":{"title":"Dan 25 a\u00f1os y seis meses de c\u00e1rcel\u00a0contra un\u00a0pederasta, en hechos registrados en el a\u00f1o 2021 en la\u00a0Alcald\u00eda Azcapotzalco -","robots":{"index":"index","follow":"follow","max-snippet":"max-snippet:-1","max-image-preview":"max-image-preview:large","max-video-preview":"max-video-preview:-1"},"canonical":"https:\/\/quehacerpolitico.mx\/?p=102797","og_locale":"es_MX","og_type":"article","og_title":"Dan 25 a\u00f1os y seis meses de c\u00e1rcel\u00a0contra un\u00a0pederasta, en hechos registrados en el a\u00f1o 2021 en la\u00a0Alcald\u00eda Azcapotzalco -","og_description":"Por Redacci\u00f3n QP La Fiscal\u00eda de la CDMX apunt\u00f3 inform\u00f3 que obtuvo una sentencia de...","og_url":"https:\/\/quehacerpolitico.mx\/?p=102797","article_published_time":"2023-07-16T01:49:56+00:00","article_modified_time":"2023-07-16T01:49:58+00:00","og_image":[{"width":1164,"height":636,"url":"https:\/\/quehacerpolitico.mx\/wp-content\/uploads\/2023\/07\/IMG_9041.jpeg","type":"image\/jpeg"}],"author":"Redacci\u00f3n QP","twitter_card":"summary_large_image","twitter_misc":{"Escrito por":"Redacci\u00f3n QP","Tiempo de lectura":"2 minutos"},"schema":{"@context":"https:\/\/schema.org","@graph":[{"@type":"Article","@id":"https:\/\/quehacerpolitico.mx\/?p=102797#article","isPartOf":{"@id":"https:\/\/quehacerpolitico.mx\/?p=102797"},"author":{"name":"Redacci\u00f3n QP","@id":"https:\/\/quehacerpolitico.mx\/#\/schema\/person\/496d8ad2d1d3f8036101dca7ee39e585"},"headline":"Dan 25 a\u00f1os y seis meses de c\u00e1rcel\u00a0contra un\u00a0pederasta, en hechos registrados en el a\u00f1o 2021 en la\u00a0Alcald\u00eda Azcapotzalco","datePublished":"2023-07-16T01:49:56+00:00","dateModified":"2023-07-16T01:49:58+00:00","mainEntityOfPage":{"@id":"https:\/\/quehacerpolitico.mx\/?p=102797"},"wordCount":374,"commentCount":0,"image":{"@id":"https:\/\/quehacerpolitico.mx\/?p=102797#primaryimage"},"thumbnailUrl":"https:\/\/quehacerpolitico.mx\/wp-content\/uploads\/2023\/07\/IMG_9041.jpeg","articleSection":["CDMX"],"inLanguage":"es","potentialAction":[{"@type":"CommentAction","name":"Comment","target":["https:\/\/quehacerpolitico.mx\/?p=102797#respond"]}]},{"@type":"WebPage","@id":"https:\/\/quehacerpolitico.mx\/?p=102797","url":"https:\/\/quehacerpolitico.mx\/?p=102797","name":"Dan 25 a\u00f1os y seis meses de c\u00e1rcel\u00a0contra un\u00a0pederasta, en hechos registrados en el a\u00f1o 2021 en la\u00a0Alcald\u00eda Azcapotzalco -","isPartOf":{"@id":"https:\/\/quehacerpolitico.mx\/#website"},"primaryImageOfPage":{"@id":"https:\/\/quehacerpolitico.mx\/?p=102797#primaryimage"},"image":{"@id":"https:\/\/quehacerpolitico.mx\/?p=102797#primaryimage"},"thumbnailUrl":"https:\/\/quehacerpolitico.mx\/wp-content\/uploads\/2023\/07\/IMG_9041.jpeg","datePublished":"2023-07-16T01:49:56+00:00","dateModified":"2023-07-16T01:49:58+00:00","author":{"@id":"https:\/\/quehacerpolitico.mx\/#\/schema\/person\/496d8ad2d1d3f8036101dca7ee39e585"},"breadcrumb":{"@id":"https:\/\/quehacerpolitico.mx\/?p=102797#breadcrumb"},"inLanguage":"es","potentialAction":[{"@type":"ReadAction","target":["https:\/\/quehacerpolitico.mx\/?p=102797"]}]},{"@type":"ImageObject","inLanguage":"es","@id":"https:\/\/quehacerpolitico.mx\/?p=102797#primaryimage","url":"https:\/\/quehacerpolitico.mx\/wp-content\/uploads\/2023\/07\/IMG_9041.jpeg","contentUrl":"https:\/\/quehacerpolitico.mx\/wp-content\/uploads\/2023\/07\/IMG_9041.jpeg","width":1164,"height":636},{"@type":"BreadcrumbList","@id":"https:\/\/quehacerpolitico.mx\/?p=102797#breadcrumb","itemListElement":[{"@type":"ListItem","position":1,"name":"Inicio","item":"https:\/\/quehacerpolitico.mx\/"},{"@type":"ListItem","position":2,"name":"Dan 25 a\u00f1os y seis meses de c\u00e1rcel\u00a0contra un\u00a0pederasta, en hechos registrados en el a\u00f1o 2021 en la\u00a0Alcald\u00eda Azcapotzalco"}]},{"@type":"WebSite","@id":"https:\/\/quehacerpolitico.mx\/#website","url":"https:\/\/quehacerpolitico.mx\/","name":"","description":"","potentialAction":[{"@type":"SearchAction","target":{"@type":"EntryPoint","urlTemplate":"https:\/\/quehacerpolitico.mx\/?s={search_term_string}"},"query-input":{"@type":"PropertyValueSpecification","valueRequired":true,"valueName":"search_term_string"}}],"inLanguage":"es"},{"@type":"Person","@id":"https:\/\/quehacerpolitico.mx\/#\/schema\/person\/496d8ad2d1d3f8036101dca7ee39e585","name":"Redacci\u00f3n QP","image":{"@type":"ImageObject","inLanguage":"es","@id":"https:\/\/secure.gravatar.com\/avatar\/c7164ed6fdec453195284ad24a5ae5b6e1eed2b848477fa2a4787ba9adf39a41?s=96&d=mm&r=g","url":"https:\/\/secure.gravatar.com\/avatar\/c7164ed6fdec453195284ad24a5ae5b6e1eed2b848477fa2a4787ba9adf39a41?s=96&d=mm&r=g","contentUrl":"https:\/\/secure.gravatar.com\/avatar\/c7164ed6fdec453195284ad24a5ae5b6e1eed2b848477fa2a4787ba9adf39a41?s=96&d=mm&r=g","caption":"Redacci\u00f3n QP"},"url":"https:\/\/quehacerpolitico.mx\/?author=2"}]}},"featured_image_urls":{"full":["https:\/\/quehacerpolitico.mx\/wp-content\/uploads\/2023\/07\/IMG_9041.jpeg",1164,636,false],"thumbnail":["https:\/\/quehacerpolitico.mx\/wp-content\/uploads\/2023\/07\/IMG_9041-150x150.jpeg",150,150,true],"medium":["https:\/\/quehacerpolitico.mx\/wp-content\/uploads\/2023\/07\/IMG_9041-300x164.jpeg",300,164,true],"medium_large":["https:\/\/quehacerpolitico.mx\/wp-content\/uploads\/2023\/07\/IMG_9041-768x420.jpeg",640,350,true],"large":["https:\/\/quehacerpolitico.mx\/wp-content\/uploads\/2023\/07\/IMG_9041-1024x560.jpeg",640,350,true],"1536x1536":["https:\/\/quehacerpolitico.mx\/wp-content\/uploads\/2023\/07\/IMG_9041.jpeg",1164,636,false],"2048x2048":["https:\/\/quehacerpolitico.mx\/wp-content\/uploads\/2023\/07\/IMG_9041.jpeg",1164,636,false],"covernews-featured":["https:\/\/quehacerpolitico.mx\/wp-content\/uploads\/2023\/07\/IMG_9041.jpeg",1024,560,false],"covernews-medium":["https:\/\/quehacerpolitico.mx\/wp-content\/uploads\/2023\/07\/IMG_9041.jpeg",540,295,false]},"author_info":{"display_name":"Redacci\u00f3n QP","author_link":"https:\/\/quehacerpolitico.mx\/?author=2"},"category_info":"<a href=\"https:\/\/quehacerpolitico.mx\/?cat=55\" rel=\"category\">CDMX<\/a>","tag_info":"CDMX","comment_count":"0","_links":{"self":[{"href":"https:\/\/quehacerpolitico.mx\/index.php?rest_route=\/wp\/v2\/posts\/102797","targetHints":{"allow":["GET"]}}],"collection":[{"href":"https:\/\/quehacerpolitico.mx\/index.php?rest_route=\/wp\/v2\/posts"}],"about":[{"href":"https:\/\/quehacerpolitico.mx\/index.php?rest_route=\/wp\/v2\/types\/post"}],"author":[{"embeddable":true,"href":"https:\/\/quehacerpolitico.mx\/index.php?rest_route=\/wp\/v2\/users\/2"}],"replies":[{"embeddable":true,"href":"https:\/\/quehacerpolitico.mx\/index.php?rest_route=%2Fwp%2Fv2%2Fcomments&post=102797"}],"version-history":[{"count":1,"href":"https:\/\/quehacerpolitico.mx\/index.php?rest_route=\/wp\/v2\/posts\/102797\/revisions"}],"predecessor-version":[{"id":102799,"href":"https:\/\/quehacerpolitico.mx\/index.php?rest_route=\/wp\/v2\/posts\/102797\/revisions\/102799"}],"wp:featuredmedia":[{"embeddable":true,"href":"https:\/\/quehacerpolitico.mx\/index.php?rest_route=\/wp\/v2\/media\/102798"}],"wp:attachment":[{"href":"https:\/\/quehacerpolitico.mx\/index.php?rest_route=%2Fwp%2Fv2%2Fmedia&parent=102797"}],"wp:term":[{"taxonomy":"category","embeddable":true,"href":"https:\/\/quehacerpolitico.mx\/index.php?rest_route=%2Fwp%2Fv2%2Fcategories&post=102797"},{"taxonomy":"post_tag","embeddable":true,"href":"https:\/\/quehacerpolitico.mx\/index.php?rest_route=%2Fwp%2Fv2%2Ftags&post=102797"}],"curies":[{"name":"wp","href":"https:\/\/api.w.org\/{rel}","templated":true}]}}