{"id":102759,"date":"2023-07-15T18:52:17","date_gmt":"2023-07-15T18:52:17","guid":{"rendered":"https:\/\/quehacerpolitico.mx\/?p=102759"},"modified":"2023-07-15T18:52:20","modified_gmt":"2023-07-15T18:52:20","slug":"movimiento-escucha-movimiento-ciudadano-se-abre-para-las-elecciones-presidenciales-del-2024","status":"publish","type":"post","link":"https:\/\/quehacerpolitico.mx\/?p=102759","title":{"rendered":"\u201cMovimiento escucha\u201d, Movimiento Ciudadano se abre para las elecciones presidenciales del 2024"},"content":{"rendered":"\n<p>Por Redacci\u00f3n QP<\/p>\n\n\n\n<p>El partido pol\u00edtico ha aprobado el\u00a0proyecto denominado \u201cMovimiento escucha\u201d, el cual tiene como objetivo abrir el espacio al di\u00e1logo en diversas sedes universitarias<\/p>\n\n\n\n<p>Durante el Consejo Nacional y Asamblea Ciudadana de Movimiento Ciudadano (MC), que se llev\u00f3 a cabo ayer, el coordinador de esa fuerza pol\u00edtica, Dante Delgado, afirm\u00f3 que\u00a0<strong>le encomend\u00f3 al senador Clemente Casta\u00f1eda organizar una reuni\u00f3n en septiembre con los gobernadores de Jalisco y de Nuevo Le\u00f3n para definir la ruta del partido de cara a las elecciones presidenciales del pr\u00f3ximo a\u00f1o<\/strong>.<\/p>\n\n\n\n<p>\u201c(El objetivo es) que regresando de vacaciones tengamos un di\u00e1logo. Esto va a ser muy importante para la vida democr\u00e1tica de Movimiento Ciudadano\u201d, dijo Delgado.<\/p>\n\n\n\n<p>Agreg\u00f3 que tambi\u00e9n se aprob\u00f3 un proyecto denominado \u201cMovimiento escucha\u201d, que se llevar\u00e1 a cabo en universidades de diferentes Entidades del pa\u00eds, \u201ccon todos los sectores de la sociedad, haciendo \u00e9nfasis en mujeres y j\u00f3venes\u201d.<\/p>\n\n\n\n<p><strong>El pasado 7 de julio, el gobernador de Jalisco anunci\u00f3 que no buscar\u00e1 ser el abanderado presidencial de MC y critic\u00f3 al partido, pues asegur\u00f3 que ha optado por el aislamiento, una ruta que no entiende.<\/strong>&nbsp;\u201cLa opini\u00f3n de quienes desde Jalisco tanto le hemos aportado a este partido dej\u00f3 de ser importante para quienes toman las decisiones nacionales. Por eso no pienso ser parte de algo en lo que no creo\u201d.&nbsp;<\/p>\n\n\n\n<p>En ese entonces, Delgado resalt\u00f3 que no estaba de acuerdo con la falta de di\u00e1logo que mencion\u00f3 el mandatario estatal.<\/p>\n\n\n\n<h4 class=\"wp-block-heading\">G\u00e1lvez denunciar\u00e1 a AMLO por ventilar sus contratos<\/h4>\n\n\n\n<p>La senadora y aspirante a la candidatura a la Presidencia, X\u00f3chitl G\u00e1lvez, rechaz\u00f3 que los contratos otorgados a sus empresas asciendan a mil 400 millones de pesos, y se\u00f1al\u00f3 que proceder\u00e1 legalmente por violar la ley para investigarla.<\/p>\n\n\n\n<p>En su cuenta de Twitter, la legisladora respondi\u00f3 al Presidente Andr\u00e9s Manuel L\u00f3pez Obrador que el documento donde presuntamente presenta los contratos de sus empresas \u201cdeja evidencia que est\u00e1 usando todo el aparato del Estado para investigarme dolosamente por mi aspiraci\u00f3n\u201d.<\/p>\n\n\n\n<p>\u201cS\u00edgale, no le tengo miedo, no hay nada que ocultar\u201d, ret\u00f3 la aspirante.<br>\u201cHa violado con esto una serie de leyes y, por ello, proceder\u00e9 legalmente contra usted y quien resulte responsable\u201d, sostuvo X\u00f3chitl G\u00e1lvez.<\/p>\n\n\n\n<figure class=\"wp-block-embed is-type-rich is-provider-twitter wp-block-embed-twitter\"><div class=\"wp-block-embed__wrapper\">\n<blockquote class=\"twitter-tweet\" data-width=\"550\" data-dnt=\"true\"><p lang=\"es\" dir=\"ltr\">Presidente <a href=\"https:\/\/twitter.com\/lopezobrador_?ref_src=twsrc%5Etfw\">@lopezobrador_<\/a>, an\u00edmese a arrobarme, no le pasar\u00e1 nada. Ahora d\u00e9jeme le explico el perro oso que acaba de cometer:<br><br>1. Con este tweet y su documento deja evidencia que est\u00e1 usando todo el aparato del Estado para investigarme dolosamente por mi aspiraci\u00f3n. S\u00edgale, no le\u2026 <a href=\"https:\/\/t.co\/wHN928eCS6\">https:\/\/t.co\/wHN928eCS6<\/a><\/p>&mdash; X\u00f3chitl G\u00e1lvez Ruiz (@XochitlGalvez) <a href=\"https:\/\/twitter.com\/XochitlGalvez\/status\/1679950930119213056?ref_src=twsrc%5Etfw\">July 14, 2023<\/a><\/blockquote><script async src=\"https:\/\/platform.twitter.com\/widgets.js\" charset=\"utf-8\"><\/script>\n<\/div><\/figure>\n\n\n\n<p><strong>Expuso que si bien el Presidente dijo que si empresa recibi\u00f3 ese dinero del Gobierno, pero seg\u00fan su propio documento no llegan ni a 80 millones.<\/strong><\/p>\n\n\n\n<p>\u201cMe queda claro que ni contar sabe, eso explica el porqu\u00e9 de los sobre costos de sus obras\u201d, a\u00f1adi\u00f3.<\/p>\n\n\n\n<p>La senadora subray\u00f3 que el mandatario ha dejado claro que le molestan las empresas formales y que ahora hasta de los negocios entre empresas quiere opinar.<\/p>\n\n\n\n<p>\u201cConfirma que prefiere las empresas patito de los elevadores del IMSS, los contratos de su prima Felipa, los sobres amarillos de sus hermanos y las casas prestadas a su familia\u201d, manifest\u00f3.<\/p>\n\n\n\n<p><strong>\u201cConmigo se top\u00f3 con pared porque quien nada debe, nada teme. En el fondo lo \u00fanico que demuestra es que no le gustan las personas que aspiramos a algo mejor, le molesta la superaci\u00f3n personal y el progreso social. Lo bueno es que ya se va\u201d, advirti\u00f3.<\/strong><\/p>\n\n\n\n<p>El Universal<\/p>\n\n\n\n<figure class=\"wp-block-image\"><img decoding=\"async\" src=\"https:\/\/www.informador.mx\/__export\/1689420592114\/sites\/elinformador\/img\/2023\/07\/15\/imagen_cmykimagen_eum20230714pol13.jpg_158945035.jpg\" alt=\"\"\/><figcaption class=\"wp-element-caption\">X\u00f3chitl G\u00e1lvez dijo que dejar\u00eda la aspiraci\u00f3n a la candidatura en caso de comprobarse las cifras del Presidente. EL UNIVERSAL&nbsp;<\/figcaption><\/figure>\n\n\n\n<h4 class=\"wp-block-heading\"><strong>Exhibe AMLO monto de empresas de X\u00f3chitl<\/strong><\/h4>\n\n\n\n<p>Ayer, el Presidente Andr\u00e9s Manuel L\u00f3pez Obrador difundi\u00f3 unas gr\u00e1ficas con supuestos montos en negocios que las empresas High Tech Services y Operaci\u00f3n y Mantenimiento a Edificios Inteligentes (OMEI), propiedad de la senadora X\u00f3chitl G\u00e1lvez, firmaron en los \u00faltimos nueve a\u00f1os con empresas privadas y el Gobierno federal, incluido el suyo.<\/p>\n\n\n\n<p>Entre las dependencias que han firmado contratos bajo el actual Gobierno con estas dos empresas de la senadora est\u00e1n&nbsp;<strong>Petr\u00f3leos Mexicanos (Pemex), Salud (Ssa), Servicio Nacional de Sanidad Inocuidad y Calidad Agroalimentaria (Senasica) y el Instituto Polit\u00e9cnico Nacional (IPN)<\/strong>.<\/p>\n\n\n\n<p>En su cuenta de Twitter, el jefe del Ejecutivo federal se\u00f1al\u00f3 que env\u00eda esta informaci\u00f3n para que el empresario Claudio X. Gonz\u00e1lez y Mexicanos Contra la Corrupci\u00f3n y la Impunidad (MCCI) lo analicen y verifiquen.<\/p>\n\n\n\n<p>Indic\u00f3 que el empresario y MCCI pueden ampliar la informaci\u00f3n \u201cy hacer la denuncia legal correspondiente\u201d.<\/p>\n\n\n\n<p>\u201cEsta es la informaci\u00f3n que recib\u00ed sobre contratos de X\u00f3chitl G\u00e1lvez por alrededor de mil 400 millones de pesos en nueve a\u00f1os y que estoy enviando al se\u00f1or Claudio X. Gonz\u00e1lez para su an\u00e1lisis y verificaci\u00f3n.&nbsp;Adem\u00e1s, \u00e9l puede ampliar la informaci\u00f3n, con sus investigadores, y hacer la denuncia legal correspondiente\u201d, dijo.<\/p>\n\n\n\n<p>El Universal<\/p>\n\n\n\n<h4 class=\"wp-block-heading\"><strong>INE restringe derecho de expresi\u00f3n del Presidente, dice Delgado<\/strong><\/h4>\n\n\n\n<p>El presidente nacional de Morena, Mario Delgado, rechaz\u00f3 la resoluci\u00f3n de la Comisi\u00f3n de Quejas y Denuncias del Instituto Nacional Electoral (INE), al se\u00f1alar que restringe el derecho a la expresi\u00f3n del Presidente Andr\u00e9s Manuel L\u00f3pez Obrador, en la que&nbsp;se le pidi\u00f3 abstenerse de pronunciarse sobre el proceso electoral de 2024, tras sus declaraciones sobre X\u00f3chitl G\u00e1lvez.<\/p>\n\n\n\n<p>En un comunicado, el dirigente morenista se\u00f1al\u00f3 que no hay ning\u00fan proceso electoral en marcha y record\u00f3 que tanto el Tribunal Electoral como el propio INE, han sostenido que actualmente no existe un proceso de precampa\u00f1a o campa\u00f1a, por lo que las referencias a la senadora X\u00f3chitl G\u00e1lvez se enmarcan en su condici\u00f3n de servidora p\u00fablica. \u201cPodemos asegurar que el Presidente L\u00f3pez Obrador se ha posicionado respecto de las acciones y omisiones de una servidora p\u00fablica, lo que nos permite concluir que los se\u00f1alamientos del Presidente de la Rep\u00fablica no deben ser calificados como dichos que generan inequidad de alguna contienda\u201d, afirm\u00f3. Record\u00f3 que la misma Comisi\u00f3n ha resuelto, en reiteradas ocasiones, que los servidores p\u00fablicos est\u00e1n sujetos al escrutinio.<\/p>\n\n\n\n<figure class=\"wp-block-image\"><img decoding=\"async\" src=\"https:\/\/www.informador.mx\/__export\/1689421051471\/sites\/elinformador\/img\/2023\/07\/15\/imagen_cmykimagen_eum20230714pol16.jpg_158021514.jpg\" alt=\"\"\/><figcaption class=\"wp-element-caption\">Mario Delgado acus\u00f3 el se\u00f1alamiento del INE. ESPECIAL&nbsp;<\/figcaption><\/figure>\n\n\n\n<h4 class=\"wp-block-heading\"><br><strong>Las giras<\/strong><\/h4>\n\n\n\n<h4 class=\"wp-block-heading\"><strong>Ind\u00edgenas entregan bast\u00f3n de mando a Sheinbaum<\/strong><\/h4>\n\n\n\n<p><strong>La comunidad ind\u00edgena mayo-yoremes entreg\u00f3 el bast\u00f3n de mando a la ex jefa de Gobierno de la Ciudad de M\u00e9xico,<\/strong>&nbsp;Claudia Sheinbaum Pardo, quien afirm\u00f3 que visualiza que en el futuro les va a tocar fortalecer la salud p\u00fablica, desde la prevenci\u00f3n y hasta la atenci\u00f3n de enfermedades m\u00e1s graves en forma gratuita. En la asamblea informativa celebrada en el Centro de Usos M\u00faltiples de la ciudad de Los Mochis, la aspirante presidencial, en un recuento de los logros presidenciales, indic\u00f3 que visualiza que&nbsp;en la continuaci\u00f3n de la Cuarta Transformaci\u00f3n los maestros tendr\u00e1n m\u00e1s apoyos, se atender\u00e1 el tema de la vivienda, la pesca y la agricultura. Previo a su intervenci\u00f3n los gobernadores ind\u00edgenas (cobanaros), le realizaron una limpia para que conquiste la Presidencia.<\/p>\n\n\n\n<figure class=\"wp-block-image\"><img decoding=\"async\" src=\"https:\/\/www.informador.mx\/__export\/1689421799694\/sites\/elinformador\/img\/2023\/07\/15\/imagen_cmykimagen_claudia.jpg_158021514.jpg\" alt=\"\"\/><figcaption class=\"wp-element-caption\">ESPECIAL&nbsp;<\/figcaption><\/figure>\n\n\n\n<h4 class=\"wp-block-heading\"><strong>Ebrard deja en segundo plano tema migratorio&nbsp;<\/strong><\/h4>\n\n\n\n<p>El aspirante a la candidatura para la Presidencia de M\u00e9xico por el partido Movimiento Regeneraci\u00f3n Nacional (Morena) en 2024, Marcelo Ebrard, visit\u00f3 ayer la ciudad de Tijuana, donde\u00a0<strong>dej\u00f3 en segundo plano temas referentes para la zona fronteriza como la migraci\u00f3n<\/strong>. Adem\u00e1s, evit\u00f3 comentar sobre la denuncia civil que Jorge Arpaio, el alguacil del condado de Maricopa, quien present\u00f3 este jueves pasado en su contra por difamaci\u00f3n.\u00a0El ex canciller de M\u00e9xico fue recibido en una empresa, ubicada en una de las zonas maquiladoras m\u00e1s grandes de la ciudad fronteriza, ante un nutrido grupo de trabajadores, en donde ofreci\u00f3 un discurso y se enfoc\u00f3 solamente en presentar su denominado Plan \u00c1ngel.<\/p>\n\n\n\n<figure class=\"wp-block-image\"><img decoding=\"async\" src=\"https:\/\/www.informador.mx\/__export\/1689421812704\/sites\/elinformador\/img\/2023\/07\/15\/imagen_cmykimagen_20230715-f473233cb5d9cd20a3329e420a9ff69c43a2b517.jpg_158945035.jpg\" alt=\"\"\/><figcaption class=\"wp-element-caption\">ESPECIAL&nbsp;<\/figcaption><\/figure>\n\n\n\n<h4 class=\"wp-block-heading\"><strong>Reconoce Ad\u00e1n Augusto la transformaci\u00f3n de M\u00e9xico<\/strong><\/h4>\n\n\n\n<p><strong>En un emotivo reconocimiento a los cinco a\u00f1os del Gobierno federal, Ad\u00e1n Augusto L\u00f3pez Hern\u00e1ndez, aspirante a la Coordinaci\u00f3n Nacional para la Defensa de la Cuarta Transformaci\u00f3n<\/strong>, resalt\u00f3 que el Presidente Andr\u00e9s Manuel L\u00f3pez Obrador se ha encargado de dar cauce al descontento popular que hab\u00eda en el pa\u00eds, a trav\u00e9s de un movimiento que ha generado empleo, programas Sociales y atenci\u00f3n a quienes hist\u00f3ricamente estuvieron marginados y olvidados en M\u00e9xico.<\/p>\n\n\n\n<p>\u201cEsto lo so\u00f1amos durante mucho tiempo; que el pa\u00eds se transformara y lo estamos haciendo entre todos. Lo vamos a seguir construyendo porque la Cuarta Transformaci\u00f3n, que es la revoluci\u00f3n de las conciencias, est\u00e1 en marcha y nadie la va a detener\u201d, dijo.<\/p>\n\n\n\n<figure class=\"wp-block-image\"><img decoding=\"async\" src=\"https:\/\/www.informador.mx\/__export\/1689421826882\/sites\/elinformador\/img\/2023\/07\/15\/imagen_cmykimagen_augusto.jpg_158021514.jpg\" alt=\"\"\/><figcaption class=\"wp-element-caption\">ESPECIAL&nbsp;<\/figcaption><\/figure>\n\n\n\n<h4 class=\"wp-block-heading\"><strong>Monreal critica acarreo de funcionarios en Veracruz<\/strong><\/h4>\n\n\n\n<p>Ricardo Monreal lament\u00f3 las pr\u00e1cticas de acarreo de trabajadores del Gobierno de Veracruz para asistir a un evento masivo para respaldar a Claudia Sheinbaum.&nbsp;<strong>En conferencia de prensa en el puerto de Veracruz fue cuestionado sobre el acarreo de trabajadores del Gobierno, maestros y funcionarios al evento que se realiz\u00f3 el jueves y lament\u00f3 que \u201cautoridades emanadas del movimiento infrinjan nuestro c\u00f3digo de conducta, e incluso las reglas que aprobamos en el Consejo Nacional recientemente.<\/strong>&nbsp;Me da mucha tristeza porque nosotros nacimos como un movimiento contra eso; nosotros luchamos contra el uso de recursos p\u00fablicos, la amenaza, el obligar a servidores p\u00fablicos o empleados a asistir a este tipo de actividades &nbsp;y no podemos retroceder\u201d, apunt\u00f3.<\/p>\n\n\n\n<figure class=\"wp-block-image\"><img decoding=\"async\" src=\"https:\/\/www.informador.mx\/__export\/1689421843287\/sites\/elinformador\/img\/2023\/07\/15\/imagen_cmykimagen_monreal.jpg_586336412.jpg\" alt=\"\"\/><figcaption class=\"wp-element-caption\">ESPECIAL<\/figcaption><\/figure>\n","protected":false},"excerpt":{"rendered":"<p>Por Redacci\u00f3n QP El partido pol\u00edtico ha aprobado el\u00a0proyecto denominado \u201cMovimiento escucha\u201d, el cual tiene&#8230;<\/p>\n","protected":false},"author":2,"featured_media":102760,"comment_status":"open","ping_status":"open","sticky":false,"template":"","format":"standard","meta":{"_monsterinsights_skip_tracking":false,"_monsterinsights_sitenote_active":false,"_monsterinsights_sitenote_note":"","_monsterinsights_sitenote_category":0,"footnotes":""},"categories":[2],"tags":[],"class_list":["post-102759","post","type-post","status-publish","format-standard","has-post-thumbnail","hentry","category-noticias"],"yoast_head":"<!-- This site is optimized with the Yoast SEO plugin v27.3 - https:\/\/yoast.com\/product\/yoast-seo-wordpress\/ -->\n<title>\u201cMovimiento escucha\u201d, Movimiento Ciudadano se abre para las elecciones presidenciales del 2024 -<\/title>\n<meta name=\"robots\" content=\"index, follow, max-snippet:-1, max-image-preview:large, max-video-preview:-1\" \/>\n<link rel=\"canonical\" href=\"https:\/\/quehacerpolitico.mx\/?p=102759\" \/>\n<meta property=\"og:locale\" content=\"es_MX\" \/>\n<meta property=\"og:type\" content=\"article\" \/>\n<meta property=\"og:title\" content=\"\u201cMovimiento escucha\u201d, Movimiento Ciudadano se abre para las elecciones presidenciales del 2024 -\" \/>\n<meta property=\"og:description\" content=\"Por Redacci\u00f3n QP El partido pol\u00edtico ha aprobado el\u00a0proyecto denominado \u201cMovimiento escucha\u201d, el cual tiene...\" \/>\n<meta property=\"og:url\" content=\"https:\/\/quehacerpolitico.mx\/?p=102759\" \/>\n<meta property=\"article:published_time\" content=\"2023-07-15T18:52:17+00:00\" \/>\n<meta property=\"article:modified_time\" content=\"2023-07-15T18:52:20+00:00\" \/>\n<meta property=\"og:image\" content=\"https:\/\/quehacerpolitico.mx\/wp-content\/uploads\/2023\/07\/IMG_9025.jpeg\" \/>\n\t<meta property=\"og:image:width\" content=\"1280\" \/>\n\t<meta property=\"og:image:height\" content=\"1062\" \/>\n\t<meta property=\"og:image:type\" content=\"image\/jpeg\" \/>\n<meta name=\"author\" content=\"Redacci\u00f3n QP\" \/>\n<meta name=\"twitter:card\" content=\"summary_large_image\" \/>\n<meta name=\"twitter:label1\" content=\"Escrito por\" \/>\n\t<meta name=\"twitter:data1\" content=\"Redacci\u00f3n QP\" \/>\n\t<meta name=\"twitter:label2\" content=\"Tiempo de lectura\" \/>\n\t<meta name=\"twitter:data2\" content=\"8 minutos\" \/>\n<script type=\"application\/ld+json\" class=\"yoast-schema-graph\">{\"@context\":\"https:\\\/\\\/schema.org\",\"@graph\":[{\"@type\":\"Article\",\"@id\":\"https:\\\/\\\/quehacerpolitico.mx\\\/?p=102759#article\",\"isPartOf\":{\"@id\":\"https:\\\/\\\/quehacerpolitico.mx\\\/?p=102759\"},\"author\":{\"name\":\"Redacci\u00f3n QP\",\"@id\":\"https:\\\/\\\/quehacerpolitico.mx\\\/#\\\/schema\\\/person\\\/496d8ad2d1d3f8036101dca7ee39e585\"},\"headline\":\"\u201cMovimiento escucha\u201d, Movimiento Ciudadano se abre para las elecciones presidenciales del 2024\",\"datePublished\":\"2023-07-15T18:52:17+00:00\",\"dateModified\":\"2023-07-15T18:52:20+00:00\",\"mainEntityOfPage\":{\"@id\":\"https:\\\/\\\/quehacerpolitico.mx\\\/?p=102759\"},\"wordCount\":1596,\"commentCount\":0,\"image\":{\"@id\":\"https:\\\/\\\/quehacerpolitico.mx\\\/?p=102759#primaryimage\"},\"thumbnailUrl\":\"https:\\\/\\\/quehacerpolitico.mx\\\/wp-content\\\/uploads\\\/2023\\\/07\\\/IMG_9025.jpeg\",\"articleSection\":[\"Noticias\"],\"inLanguage\":\"es\",\"potentialAction\":[{\"@type\":\"CommentAction\",\"name\":\"Comment\",\"target\":[\"https:\\\/\\\/quehacerpolitico.mx\\\/?p=102759#respond\"]}]},{\"@type\":\"WebPage\",\"@id\":\"https:\\\/\\\/quehacerpolitico.mx\\\/?p=102759\",\"url\":\"https:\\\/\\\/quehacerpolitico.mx\\\/?p=102759\",\"name\":\"\u201cMovimiento escucha\u201d, Movimiento Ciudadano se abre para las elecciones presidenciales del 2024 -\",\"isPartOf\":{\"@id\":\"https:\\\/\\\/quehacerpolitico.mx\\\/#website\"},\"primaryImageOfPage\":{\"@id\":\"https:\\\/\\\/quehacerpolitico.mx\\\/?p=102759#primaryimage\"},\"image\":{\"@id\":\"https:\\\/\\\/quehacerpolitico.mx\\\/?p=102759#primaryimage\"},\"thumbnailUrl\":\"https:\\\/\\\/quehacerpolitico.mx\\\/wp-content\\\/uploads\\\/2023\\\/07\\\/IMG_9025.jpeg\",\"datePublished\":\"2023-07-15T18:52:17+00:00\",\"dateModified\":\"2023-07-15T18:52:20+00:00\",\"author\":{\"@id\":\"https:\\\/\\\/quehacerpolitico.mx\\\/#\\\/schema\\\/person\\\/496d8ad2d1d3f8036101dca7ee39e585\"},\"breadcrumb\":{\"@id\":\"https:\\\/\\\/quehacerpolitico.mx\\\/?p=102759#breadcrumb\"},\"inLanguage\":\"es\",\"potentialAction\":[{\"@type\":\"ReadAction\",\"target\":[\"https:\\\/\\\/quehacerpolitico.mx\\\/?p=102759\"]}]},{\"@type\":\"ImageObject\",\"inLanguage\":\"es\",\"@id\":\"https:\\\/\\\/quehacerpolitico.mx\\\/?p=102759#primaryimage\",\"url\":\"https:\\\/\\\/quehacerpolitico.mx\\\/wp-content\\\/uploads\\\/2023\\\/07\\\/IMG_9025.jpeg\",\"contentUrl\":\"https:\\\/\\\/quehacerpolitico.mx\\\/wp-content\\\/uploads\\\/2023\\\/07\\\/IMG_9025.jpeg\",\"width\":1280,\"height\":1062},{\"@type\":\"BreadcrumbList\",\"@id\":\"https:\\\/\\\/quehacerpolitico.mx\\\/?p=102759#breadcrumb\",\"itemListElement\":[{\"@type\":\"ListItem\",\"position\":1,\"name\":\"Inicio\",\"item\":\"https:\\\/\\\/quehacerpolitico.mx\\\/\"},{\"@type\":\"ListItem\",\"position\":2,\"name\":\"\u201cMovimiento escucha\u201d, Movimiento Ciudadano se abre para las elecciones presidenciales del 2024\"}]},{\"@type\":\"WebSite\",\"@id\":\"https:\\\/\\\/quehacerpolitico.mx\\\/#website\",\"url\":\"https:\\\/\\\/quehacerpolitico.mx\\\/\",\"name\":\"\",\"description\":\"\",\"potentialAction\":[{\"@type\":\"SearchAction\",\"target\":{\"@type\":\"EntryPoint\",\"urlTemplate\":\"https:\\\/\\\/quehacerpolitico.mx\\\/?s={search_term_string}\"},\"query-input\":{\"@type\":\"PropertyValueSpecification\",\"valueRequired\":true,\"valueName\":\"search_term_string\"}}],\"inLanguage\":\"es\"},{\"@type\":\"Person\",\"@id\":\"https:\\\/\\\/quehacerpolitico.mx\\\/#\\\/schema\\\/person\\\/496d8ad2d1d3f8036101dca7ee39e585\",\"name\":\"Redacci\u00f3n QP\",\"image\":{\"@type\":\"ImageObject\",\"inLanguage\":\"es\",\"@id\":\"https:\\\/\\\/secure.gravatar.com\\\/avatar\\\/c7164ed6fdec453195284ad24a5ae5b6e1eed2b848477fa2a4787ba9adf39a41?s=96&d=mm&r=g\",\"url\":\"https:\\\/\\\/secure.gravatar.com\\\/avatar\\\/c7164ed6fdec453195284ad24a5ae5b6e1eed2b848477fa2a4787ba9adf39a41?s=96&d=mm&r=g\",\"contentUrl\":\"https:\\\/\\\/secure.gravatar.com\\\/avatar\\\/c7164ed6fdec453195284ad24a5ae5b6e1eed2b848477fa2a4787ba9adf39a41?s=96&d=mm&r=g\",\"caption\":\"Redacci\u00f3n QP\"},\"url\":\"https:\\\/\\\/quehacerpolitico.mx\\\/?author=2\"}]}<\/script>\n<!-- \/ Yoast SEO plugin. -->","yoast_head_json":{"title":"\u201cMovimiento escucha\u201d, Movimiento Ciudadano se abre para las elecciones presidenciales del 2024 -","robots":{"index":"index","follow":"follow","max-snippet":"max-snippet:-1","max-image-preview":"max-image-preview:large","max-video-preview":"max-video-preview:-1"},"canonical":"https:\/\/quehacerpolitico.mx\/?p=102759","og_locale":"es_MX","og_type":"article","og_title":"\u201cMovimiento escucha\u201d, Movimiento Ciudadano se abre para las elecciones presidenciales del 2024 -","og_description":"Por Redacci\u00f3n QP El partido pol\u00edtico ha aprobado el\u00a0proyecto denominado \u201cMovimiento escucha\u201d, el cual tiene...","og_url":"https:\/\/quehacerpolitico.mx\/?p=102759","article_published_time":"2023-07-15T18:52:17+00:00","article_modified_time":"2023-07-15T18:52:20+00:00","og_image":[{"width":1280,"height":1062,"url":"https:\/\/quehacerpolitico.mx\/wp-content\/uploads\/2023\/07\/IMG_9025.jpeg","type":"image\/jpeg"}],"author":"Redacci\u00f3n QP","twitter_card":"summary_large_image","twitter_misc":{"Escrito por":"Redacci\u00f3n QP","Tiempo de lectura":"8 minutos"},"schema":{"@context":"https:\/\/schema.org","@graph":[{"@type":"Article","@id":"https:\/\/quehacerpolitico.mx\/?p=102759#article","isPartOf":{"@id":"https:\/\/quehacerpolitico.mx\/?p=102759"},"author":{"name":"Redacci\u00f3n QP","@id":"https:\/\/quehacerpolitico.mx\/#\/schema\/person\/496d8ad2d1d3f8036101dca7ee39e585"},"headline":"\u201cMovimiento escucha\u201d, Movimiento Ciudadano se abre para las elecciones presidenciales del 2024","datePublished":"2023-07-15T18:52:17+00:00","dateModified":"2023-07-15T18:52:20+00:00","mainEntityOfPage":{"@id":"https:\/\/quehacerpolitico.mx\/?p=102759"},"wordCount":1596,"commentCount":0,"image":{"@id":"https:\/\/quehacerpolitico.mx\/?p=102759#primaryimage"},"thumbnailUrl":"https:\/\/quehacerpolitico.mx\/wp-content\/uploads\/2023\/07\/IMG_9025.jpeg","articleSection":["Noticias"],"inLanguage":"es","potentialAction":[{"@type":"CommentAction","name":"Comment","target":["https:\/\/quehacerpolitico.mx\/?p=102759#respond"]}]},{"@type":"WebPage","@id":"https:\/\/quehacerpolitico.mx\/?p=102759","url":"https:\/\/quehacerpolitico.mx\/?p=102759","name":"\u201cMovimiento escucha\u201d, Movimiento Ciudadano se abre para las elecciones presidenciales del 2024 -","isPartOf":{"@id":"https:\/\/quehacerpolitico.mx\/#website"},"primaryImageOfPage":{"@id":"https:\/\/quehacerpolitico.mx\/?p=102759#primaryimage"},"image":{"@id":"https:\/\/quehacerpolitico.mx\/?p=102759#primaryimage"},"thumbnailUrl":"https:\/\/quehacerpolitico.mx\/wp-content\/uploads\/2023\/07\/IMG_9025.jpeg","datePublished":"2023-07-15T18:52:17+00:00","dateModified":"2023-07-15T18:52:20+00:00","author":{"@id":"https:\/\/quehacerpolitico.mx\/#\/schema\/person\/496d8ad2d1d3f8036101dca7ee39e585"},"breadcrumb":{"@id":"https:\/\/quehacerpolitico.mx\/?p=102759#breadcrumb"},"inLanguage":"es","potentialAction":[{"@type":"ReadAction","target":["https:\/\/quehacerpolitico.mx\/?p=102759"]}]},{"@type":"ImageObject","inLanguage":"es","@id":"https:\/\/quehacerpolitico.mx\/?p=102759#primaryimage","url":"https:\/\/quehacerpolitico.mx\/wp-content\/uploads\/2023\/07\/IMG_9025.jpeg","contentUrl":"https:\/\/quehacerpolitico.mx\/wp-content\/uploads\/2023\/07\/IMG_9025.jpeg","width":1280,"height":1062},{"@type":"BreadcrumbList","@id":"https:\/\/quehacerpolitico.mx\/?p=102759#breadcrumb","itemListElement":[{"@type":"ListItem","position":1,"name":"Inicio","item":"https:\/\/quehacerpolitico.mx\/"},{"@type":"ListItem","position":2,"name":"\u201cMovimiento escucha\u201d, Movimiento Ciudadano se abre para las elecciones presidenciales del 2024"}]},{"@type":"WebSite","@id":"https:\/\/quehacerpolitico.mx\/#website","url":"https:\/\/quehacerpolitico.mx\/","name":"","description":"","potentialAction":[{"@type":"SearchAction","target":{"@type":"EntryPoint","urlTemplate":"https:\/\/quehacerpolitico.mx\/?s={search_term_string}"},"query-input":{"@type":"PropertyValueSpecification","valueRequired":true,"valueName":"search_term_string"}}],"inLanguage":"es"},{"@type":"Person","@id":"https:\/\/quehacerpolitico.mx\/#\/schema\/person\/496d8ad2d1d3f8036101dca7ee39e585","name":"Redacci\u00f3n QP","image":{"@type":"ImageObject","inLanguage":"es","@id":"https:\/\/secure.gravatar.com\/avatar\/c7164ed6fdec453195284ad24a5ae5b6e1eed2b848477fa2a4787ba9adf39a41?s=96&d=mm&r=g","url":"https:\/\/secure.gravatar.com\/avatar\/c7164ed6fdec453195284ad24a5ae5b6e1eed2b848477fa2a4787ba9adf39a41?s=96&d=mm&r=g","contentUrl":"https:\/\/secure.gravatar.com\/avatar\/c7164ed6fdec453195284ad24a5ae5b6e1eed2b848477fa2a4787ba9adf39a41?s=96&d=mm&r=g","caption":"Redacci\u00f3n QP"},"url":"https:\/\/quehacerpolitico.mx\/?author=2"}]}},"featured_image_urls":{"full":["https:\/\/quehacerpolitico.mx\/wp-content\/uploads\/2023\/07\/IMG_9025.jpeg",1280,1062,false],"thumbnail":["https:\/\/quehacerpolitico.mx\/wp-content\/uploads\/2023\/07\/IMG_9025-150x150.jpeg",150,150,true],"medium":["https:\/\/quehacerpolitico.mx\/wp-content\/uploads\/2023\/07\/IMG_9025-300x249.jpeg",300,249,true],"medium_large":["https:\/\/quehacerpolitico.mx\/wp-content\/uploads\/2023\/07\/IMG_9025-768x637.jpeg",640,531,true],"large":["https:\/\/quehacerpolitico.mx\/wp-content\/uploads\/2023\/07\/IMG_9025-1024x850.jpeg",640,531,true],"1536x1536":["https:\/\/quehacerpolitico.mx\/wp-content\/uploads\/2023\/07\/IMG_9025.jpeg",1280,1062,false],"2048x2048":["https:\/\/quehacerpolitico.mx\/wp-content\/uploads\/2023\/07\/IMG_9025.jpeg",1280,1062,false],"covernews-featured":["https:\/\/quehacerpolitico.mx\/wp-content\/uploads\/2023\/07\/IMG_9025.jpeg",1024,850,false],"covernews-medium":["https:\/\/quehacerpolitico.mx\/wp-content\/uploads\/2023\/07\/IMG_9025.jpeg",410,340,false]},"author_info":{"display_name":"Redacci\u00f3n QP","author_link":"https:\/\/quehacerpolitico.mx\/?author=2"},"category_info":"<a href=\"https:\/\/quehacerpolitico.mx\/?cat=2\" rel=\"category\">Noticias<\/a>","tag_info":"Noticias","comment_count":"0","_links":{"self":[{"href":"https:\/\/quehacerpolitico.mx\/index.php?rest_route=\/wp\/v2\/posts\/102759","targetHints":{"allow":["GET"]}}],"collection":[{"href":"https:\/\/quehacerpolitico.mx\/index.php?rest_route=\/wp\/v2\/posts"}],"about":[{"href":"https:\/\/quehacerpolitico.mx\/index.php?rest_route=\/wp\/v2\/types\/post"}],"author":[{"embeddable":true,"href":"https:\/\/quehacerpolitico.mx\/index.php?rest_route=\/wp\/v2\/users\/2"}],"replies":[{"embeddable":true,"href":"https:\/\/quehacerpolitico.mx\/index.php?rest_route=%2Fwp%2Fv2%2Fcomments&post=102759"}],"version-history":[{"count":1,"href":"https:\/\/quehacerpolitico.mx\/index.php?rest_route=\/wp\/v2\/posts\/102759\/revisions"}],"predecessor-version":[{"id":102761,"href":"https:\/\/quehacerpolitico.mx\/index.php?rest_route=\/wp\/v2\/posts\/102759\/revisions\/102761"}],"wp:featuredmedia":[{"embeddable":true,"href":"https:\/\/quehacerpolitico.mx\/index.php?rest_route=\/wp\/v2\/media\/102760"}],"wp:attachment":[{"href":"https:\/\/quehacerpolitico.mx\/index.php?rest_route=%2Fwp%2Fv2%2Fmedia&parent=102759"}],"wp:term":[{"taxonomy":"category","embeddable":true,"href":"https:\/\/quehacerpolitico.mx\/index.php?rest_route=%2Fwp%2Fv2%2Fcategories&post=102759"},{"taxonomy":"post_tag","embeddable":true,"href":"https:\/\/quehacerpolitico.mx\/index.php?rest_route=%2Fwp%2Fv2%2Ftags&post=102759"}],"curies":[{"name":"wp","href":"https:\/\/api.w.org\/{rel}","templated":true}]}}