{"id":102743,"date":"2023-07-15T00:14:56","date_gmt":"2023-07-15T00:14:56","guid":{"rendered":"https:\/\/quehacerpolitico.mx\/?p=102743"},"modified":"2023-07-15T00:15:00","modified_gmt":"2023-07-15T00:15:00","slug":"internacionales-carolina-alonso-romei-irak-desmantela-peligrosa-red-de-trafico-de-drogas","status":"publish","type":"post","link":"https:\/\/quehacerpolitico.mx\/?p=102743","title":{"rendered":"Internacionales\/\/\/Carolina Alonso Romei\/\/\/Irak desmantela &#8220;peligrosa&#8221; red de tr\u00e1fico de drogas"},"content":{"rendered":"\n<p>Por Carolina Alonso Romei<\/p>\n\n\n\n<p>Internacionalista <\/p>\n\n\n\n<p>La operaci\u00f3n fue realizada en el marco de la Campa\u00f1a Nacional contra las Drogas que ha adoptado Irak para luchar contra este crimen<\/p>\n\n\n\n<figure class=\"wp-block-image\"><img decoding=\"async\" src=\"https:\/\/www.informador.mx\/__export\/1689352558610\/sites\/elinformador\/img\/2023\/07\/14\/55_1_crop1689352558021.jpg_788543494.jpg\" alt=\"Durante la redada incautaron un total de dos millones de p\u00edldoras de captag\u00f3n. EFE \/ ARCHIVOS\"\/><figcaption class=\"wp-element-caption\">Durante la redada incautaron un total de dos millones de p\u00edldoras de captag\u00f3n. EFE \/ ARCHIVOS<\/figcaption><\/figure>\n\n\n\n<p>Las autoridades iraqu\u00edes anunciaron hoy\u00a0<strong>el arresto de los tres cabecillas de la &#8220;red internacional de tr\u00e1fico de drogas m\u00e1s peligrosa&#8221;\u00a0<\/strong>que operaba dentro de Irak,\u00a0<strong>en una operaci\u00f3n en la que se incautaron tambi\u00e9n narc\u00f3ticos estimulantes &#8220;captag\u00f3n&#8221;.<\/strong><\/p>\n\n\n\n<p>La Direcci\u00f3n General para Asuntos de Estupefacientes dijo en un comunicado reproducido por la agencia de noticias estatal iraqu\u00ed INA&nbsp;<strong>que la red, que operaba desde la provincia sure\u00f1a de Al Muzana, fue desmantelada.<\/strong><\/p>\n\n\n\n<p>Sin embargo, no ofreci\u00f3 detalles sobre las actividades del grupo, a cuyos miembros tampoco identific\u00f3.<\/p>\n\n\n\n<p>La operaci\u00f3n fue realizada en el marco de la Campa\u00f1a Nacional contra las Drogas que ha adoptado Irak para luchar contra esta lacra, y&nbsp;<strong>las autoridades difundieron un v\u00eddeo de los tres detenidos, maniatados y vestidos con monos amarillos.<\/strong><\/p>\n\n\n\n<p>Durante la redada, adem\u00e1s, las fuerzas de seguridad iraqu\u00edes\u00a0<strong>incautaron un total de dos millones de p\u00edldoras de captag\u00f3n<\/strong>, correspondientes a un total de\u00a0<strong>220 kilogramos de este derivado de la anfetamina, que se trafica por gran parte de los pa\u00edses de Oriente Medio.<\/strong><\/p>\n\n\n\n<p>De acuerdo con la nota, los arrestados fueron detenidos en virtud del art\u00edculo 27 de la Ley de Sustancias Narc\u00f3ticas y Psicotr\u00f3picas, que estipula la pena de muerte o la cadena perpetua a cualquier acusado de exportar, importar, producir o plantar cualquier tipo de estupefaciente.<\/p>\n\n\n\n<p>A pesar de las duras medidas adoptadas por el Gobierno iraqu\u00ed para hacer frente al tr\u00e1fico de drogas,\u00a0<strong>esta pr\u00e1ctica ilegal ha aumentado considerablemente en los \u00faltimos a\u00f1os<\/strong>, en parte como consecuencia de la crisis econ\u00f3mica y social que atraviesa el pa\u00eds \u00e1rabe.<\/p>\n\n\n\n<p>El tr\u00e1fico de drogas es castigado en Irak, Emiratos \u00c1rabes y Arabia Saud\u00ed con largas penas de prisi\u00f3n y hasta pena de muerte.<\/p>\n\n\n\n<p><strong>El captag\u00f3n es una anfetamina que anula la sensaci\u00f3n de miedo y fatiga<\/strong>, y fue ampliamente usada por los combatientes del grupo yihadista Estado Isl\u00e1mico (EI), que conquist\u00f3 amplios territorios de Irak y Siria en 2014.<\/p>\n\n\n\n<p>Con informaci\u00f3n de EFE<\/p>\n","protected":false},"excerpt":{"rendered":"<p>Por Carolina Alonso Romei Internacionalista La operaci\u00f3n fue realizada en el marco de la Campa\u00f1a&#8230;<\/p>\n","protected":false},"author":2,"featured_media":102744,"comment_status":"open","ping_status":"open","sticky":false,"template":"","format":"standard","meta":{"_monsterinsights_skip_tracking":false,"_monsterinsights_sitenote_active":false,"_monsterinsights_sitenote_note":"","_monsterinsights_sitenote_category":0,"footnotes":""},"categories":[1],"tags":[],"class_list":["post-102743","post","type-post","status-publish","format-standard","has-post-thumbnail","hentry","category-sin-categoria"],"yoast_head":"<!-- This site is optimized with the Yoast SEO plugin v27.3 - https:\/\/yoast.com\/product\/yoast-seo-wordpress\/ -->\n<title>Internacionales\/\/\/Carolina Alonso Romei\/\/\/Irak desmantela &quot;peligrosa&quot; red de tr\u00e1fico de drogas -<\/title>\n<meta name=\"robots\" content=\"index, follow, max-snippet:-1, max-image-preview:large, max-video-preview:-1\" \/>\n<link rel=\"canonical\" href=\"https:\/\/quehacerpolitico.mx\/?p=102743\" \/>\n<meta property=\"og:locale\" content=\"es_MX\" \/>\n<meta property=\"og:type\" content=\"article\" \/>\n<meta property=\"og:title\" content=\"Internacionales\/\/\/Carolina Alonso Romei\/\/\/Irak desmantela &quot;peligrosa&quot; red de tr\u00e1fico de drogas -\" \/>\n<meta property=\"og:description\" content=\"Por Carolina Alonso Romei Internacionalista La operaci\u00f3n fue realizada en el marco de la Campa\u00f1a...\" \/>\n<meta property=\"og:url\" content=\"https:\/\/quehacerpolitico.mx\/?p=102743\" \/>\n<meta property=\"article:published_time\" content=\"2023-07-15T00:14:56+00:00\" \/>\n<meta property=\"article:modified_time\" content=\"2023-07-15T00:15:00+00:00\" \/>\n<meta property=\"og:image\" content=\"https:\/\/quehacerpolitico.mx\/wp-content\/uploads\/2023\/07\/IMG_9015.jpeg\" \/>\n\t<meta property=\"og:image:width\" content=\"694\" \/>\n\t<meta property=\"og:image:height\" content=\"442\" \/>\n\t<meta property=\"og:image:type\" content=\"image\/jpeg\" \/>\n<meta name=\"author\" content=\"Redacci\u00f3n QP\" \/>\n<meta name=\"twitter:card\" content=\"summary_large_image\" \/>\n<meta name=\"twitter:label1\" content=\"Escrito por\" \/>\n\t<meta name=\"twitter:data1\" content=\"Redacci\u00f3n QP\" \/>\n\t<meta name=\"twitter:label2\" content=\"Tiempo de lectura\" \/>\n\t<meta name=\"twitter:data2\" content=\"2 minutos\" \/>\n<script type=\"application\/ld+json\" class=\"yoast-schema-graph\">{\"@context\":\"https:\\\/\\\/schema.org\",\"@graph\":[{\"@type\":\"Article\",\"@id\":\"https:\\\/\\\/quehacerpolitico.mx\\\/?p=102743#article\",\"isPartOf\":{\"@id\":\"https:\\\/\\\/quehacerpolitico.mx\\\/?p=102743\"},\"author\":{\"name\":\"Redacci\u00f3n QP\",\"@id\":\"https:\\\/\\\/quehacerpolitico.mx\\\/#\\\/schema\\\/person\\\/496d8ad2d1d3f8036101dca7ee39e585\"},\"headline\":\"Internacionales\\\/\\\/\\\/Carolina Alonso Romei\\\/\\\/\\\/Irak desmantela &#8220;peligrosa&#8221; red de tr\u00e1fico de drogas\",\"datePublished\":\"2023-07-15T00:14:56+00:00\",\"dateModified\":\"2023-07-15T00:15:00+00:00\",\"mainEntityOfPage\":{\"@id\":\"https:\\\/\\\/quehacerpolitico.mx\\\/?p=102743\"},\"wordCount\":411,\"commentCount\":0,\"image\":{\"@id\":\"https:\\\/\\\/quehacerpolitico.mx\\\/?p=102743#primaryimage\"},\"thumbnailUrl\":\"https:\\\/\\\/quehacerpolitico.mx\\\/wp-content\\\/uploads\\\/2023\\\/07\\\/IMG_9015.jpeg\",\"articleSection\":[\"Internacionales\"],\"inLanguage\":\"es\",\"potentialAction\":[{\"@type\":\"CommentAction\",\"name\":\"Comment\",\"target\":[\"https:\\\/\\\/quehacerpolitico.mx\\\/?p=102743#respond\"]}]},{\"@type\":\"WebPage\",\"@id\":\"https:\\\/\\\/quehacerpolitico.mx\\\/?p=102743\",\"url\":\"https:\\\/\\\/quehacerpolitico.mx\\\/?p=102743\",\"name\":\"Internacionales\\\/\\\/\\\/Carolina Alonso Romei\\\/\\\/\\\/Irak desmantela \\\"peligrosa\\\" red de tr\u00e1fico de drogas -\",\"isPartOf\":{\"@id\":\"https:\\\/\\\/quehacerpolitico.mx\\\/#website\"},\"primaryImageOfPage\":{\"@id\":\"https:\\\/\\\/quehacerpolitico.mx\\\/?p=102743#primaryimage\"},\"image\":{\"@id\":\"https:\\\/\\\/quehacerpolitico.mx\\\/?p=102743#primaryimage\"},\"thumbnailUrl\":\"https:\\\/\\\/quehacerpolitico.mx\\\/wp-content\\\/uploads\\\/2023\\\/07\\\/IMG_9015.jpeg\",\"datePublished\":\"2023-07-15T00:14:56+00:00\",\"dateModified\":\"2023-07-15T00:15:00+00:00\",\"author\":{\"@id\":\"https:\\\/\\\/quehacerpolitico.mx\\\/#\\\/schema\\\/person\\\/496d8ad2d1d3f8036101dca7ee39e585\"},\"breadcrumb\":{\"@id\":\"https:\\\/\\\/quehacerpolitico.mx\\\/?p=102743#breadcrumb\"},\"inLanguage\":\"es\",\"potentialAction\":[{\"@type\":\"ReadAction\",\"target\":[\"https:\\\/\\\/quehacerpolitico.mx\\\/?p=102743\"]}]},{\"@type\":\"ImageObject\",\"inLanguage\":\"es\",\"@id\":\"https:\\\/\\\/quehacerpolitico.mx\\\/?p=102743#primaryimage\",\"url\":\"https:\\\/\\\/quehacerpolitico.mx\\\/wp-content\\\/uploads\\\/2023\\\/07\\\/IMG_9015.jpeg\",\"contentUrl\":\"https:\\\/\\\/quehacerpolitico.mx\\\/wp-content\\\/uploads\\\/2023\\\/07\\\/IMG_9015.jpeg\",\"width\":694,\"height\":442},{\"@type\":\"BreadcrumbList\",\"@id\":\"https:\\\/\\\/quehacerpolitico.mx\\\/?p=102743#breadcrumb\",\"itemListElement\":[{\"@type\":\"ListItem\",\"position\":1,\"name\":\"Inicio\",\"item\":\"https:\\\/\\\/quehacerpolitico.mx\\\/\"},{\"@type\":\"ListItem\",\"position\":2,\"name\":\"Internacionales\\\/\\\/\\\/Carolina Alonso Romei\\\/\\\/\\\/Irak desmantela &#8220;peligrosa&#8221; red de tr\u00e1fico de drogas\"}]},{\"@type\":\"WebSite\",\"@id\":\"https:\\\/\\\/quehacerpolitico.mx\\\/#website\",\"url\":\"https:\\\/\\\/quehacerpolitico.mx\\\/\",\"name\":\"\",\"description\":\"\",\"potentialAction\":[{\"@type\":\"SearchAction\",\"target\":{\"@type\":\"EntryPoint\",\"urlTemplate\":\"https:\\\/\\\/quehacerpolitico.mx\\\/?s={search_term_string}\"},\"query-input\":{\"@type\":\"PropertyValueSpecification\",\"valueRequired\":true,\"valueName\":\"search_term_string\"}}],\"inLanguage\":\"es\"},{\"@type\":\"Person\",\"@id\":\"https:\\\/\\\/quehacerpolitico.mx\\\/#\\\/schema\\\/person\\\/496d8ad2d1d3f8036101dca7ee39e585\",\"name\":\"Redacci\u00f3n QP\",\"image\":{\"@type\":\"ImageObject\",\"inLanguage\":\"es\",\"@id\":\"https:\\\/\\\/secure.gravatar.com\\\/avatar\\\/c7164ed6fdec453195284ad24a5ae5b6e1eed2b848477fa2a4787ba9adf39a41?s=96&d=mm&r=g\",\"url\":\"https:\\\/\\\/secure.gravatar.com\\\/avatar\\\/c7164ed6fdec453195284ad24a5ae5b6e1eed2b848477fa2a4787ba9adf39a41?s=96&d=mm&r=g\",\"contentUrl\":\"https:\\\/\\\/secure.gravatar.com\\\/avatar\\\/c7164ed6fdec453195284ad24a5ae5b6e1eed2b848477fa2a4787ba9adf39a41?s=96&d=mm&r=g\",\"caption\":\"Redacci\u00f3n QP\"},\"url\":\"https:\\\/\\\/quehacerpolitico.mx\\\/?author=2\"}]}<\/script>\n<!-- \/ Yoast SEO plugin. -->","yoast_head_json":{"title":"Internacionales\/\/\/Carolina Alonso Romei\/\/\/Irak desmantela \"peligrosa\" red de tr\u00e1fico de drogas -","robots":{"index":"index","follow":"follow","max-snippet":"max-snippet:-1","max-image-preview":"max-image-preview:large","max-video-preview":"max-video-preview:-1"},"canonical":"https:\/\/quehacerpolitico.mx\/?p=102743","og_locale":"es_MX","og_type":"article","og_title":"Internacionales\/\/\/Carolina Alonso Romei\/\/\/Irak desmantela \"peligrosa\" red de tr\u00e1fico de drogas -","og_description":"Por Carolina Alonso Romei Internacionalista La operaci\u00f3n fue realizada en el marco de la Campa\u00f1a...","og_url":"https:\/\/quehacerpolitico.mx\/?p=102743","article_published_time":"2023-07-15T00:14:56+00:00","article_modified_time":"2023-07-15T00:15:00+00:00","og_image":[{"width":694,"height":442,"url":"https:\/\/quehacerpolitico.mx\/wp-content\/uploads\/2023\/07\/IMG_9015.jpeg","type":"image\/jpeg"}],"author":"Redacci\u00f3n QP","twitter_card":"summary_large_image","twitter_misc":{"Escrito por":"Redacci\u00f3n QP","Tiempo de lectura":"2 minutos"},"schema":{"@context":"https:\/\/schema.org","@graph":[{"@type":"Article","@id":"https:\/\/quehacerpolitico.mx\/?p=102743#article","isPartOf":{"@id":"https:\/\/quehacerpolitico.mx\/?p=102743"},"author":{"name":"Redacci\u00f3n QP","@id":"https:\/\/quehacerpolitico.mx\/#\/schema\/person\/496d8ad2d1d3f8036101dca7ee39e585"},"headline":"Internacionales\/\/\/Carolina Alonso Romei\/\/\/Irak desmantela &#8220;peligrosa&#8221; red de tr\u00e1fico de drogas","datePublished":"2023-07-15T00:14:56+00:00","dateModified":"2023-07-15T00:15:00+00:00","mainEntityOfPage":{"@id":"https:\/\/quehacerpolitico.mx\/?p=102743"},"wordCount":411,"commentCount":0,"image":{"@id":"https:\/\/quehacerpolitico.mx\/?p=102743#primaryimage"},"thumbnailUrl":"https:\/\/quehacerpolitico.mx\/wp-content\/uploads\/2023\/07\/IMG_9015.jpeg","articleSection":["Internacionales"],"inLanguage":"es","potentialAction":[{"@type":"CommentAction","name":"Comment","target":["https:\/\/quehacerpolitico.mx\/?p=102743#respond"]}]},{"@type":"WebPage","@id":"https:\/\/quehacerpolitico.mx\/?p=102743","url":"https:\/\/quehacerpolitico.mx\/?p=102743","name":"Internacionales\/\/\/Carolina Alonso Romei\/\/\/Irak desmantela \"peligrosa\" red de tr\u00e1fico de drogas -","isPartOf":{"@id":"https:\/\/quehacerpolitico.mx\/#website"},"primaryImageOfPage":{"@id":"https:\/\/quehacerpolitico.mx\/?p=102743#primaryimage"},"image":{"@id":"https:\/\/quehacerpolitico.mx\/?p=102743#primaryimage"},"thumbnailUrl":"https:\/\/quehacerpolitico.mx\/wp-content\/uploads\/2023\/07\/IMG_9015.jpeg","datePublished":"2023-07-15T00:14:56+00:00","dateModified":"2023-07-15T00:15:00+00:00","author":{"@id":"https:\/\/quehacerpolitico.mx\/#\/schema\/person\/496d8ad2d1d3f8036101dca7ee39e585"},"breadcrumb":{"@id":"https:\/\/quehacerpolitico.mx\/?p=102743#breadcrumb"},"inLanguage":"es","potentialAction":[{"@type":"ReadAction","target":["https:\/\/quehacerpolitico.mx\/?p=102743"]}]},{"@type":"ImageObject","inLanguage":"es","@id":"https:\/\/quehacerpolitico.mx\/?p=102743#primaryimage","url":"https:\/\/quehacerpolitico.mx\/wp-content\/uploads\/2023\/07\/IMG_9015.jpeg","contentUrl":"https:\/\/quehacerpolitico.mx\/wp-content\/uploads\/2023\/07\/IMG_9015.jpeg","width":694,"height":442},{"@type":"BreadcrumbList","@id":"https:\/\/quehacerpolitico.mx\/?p=102743#breadcrumb","itemListElement":[{"@type":"ListItem","position":1,"name":"Inicio","item":"https:\/\/quehacerpolitico.mx\/"},{"@type":"ListItem","position":2,"name":"Internacionales\/\/\/Carolina Alonso Romei\/\/\/Irak desmantela &#8220;peligrosa&#8221; red de tr\u00e1fico de drogas"}]},{"@type":"WebSite","@id":"https:\/\/quehacerpolitico.mx\/#website","url":"https:\/\/quehacerpolitico.mx\/","name":"","description":"","potentialAction":[{"@type":"SearchAction","target":{"@type":"EntryPoint","urlTemplate":"https:\/\/quehacerpolitico.mx\/?s={search_term_string}"},"query-input":{"@type":"PropertyValueSpecification","valueRequired":true,"valueName":"search_term_string"}}],"inLanguage":"es"},{"@type":"Person","@id":"https:\/\/quehacerpolitico.mx\/#\/schema\/person\/496d8ad2d1d3f8036101dca7ee39e585","name":"Redacci\u00f3n QP","image":{"@type":"ImageObject","inLanguage":"es","@id":"https:\/\/secure.gravatar.com\/avatar\/c7164ed6fdec453195284ad24a5ae5b6e1eed2b848477fa2a4787ba9adf39a41?s=96&d=mm&r=g","url":"https:\/\/secure.gravatar.com\/avatar\/c7164ed6fdec453195284ad24a5ae5b6e1eed2b848477fa2a4787ba9adf39a41?s=96&d=mm&r=g","contentUrl":"https:\/\/secure.gravatar.com\/avatar\/c7164ed6fdec453195284ad24a5ae5b6e1eed2b848477fa2a4787ba9adf39a41?s=96&d=mm&r=g","caption":"Redacci\u00f3n QP"},"url":"https:\/\/quehacerpolitico.mx\/?author=2"}]}},"featured_image_urls":{"full":["https:\/\/quehacerpolitico.mx\/wp-content\/uploads\/2023\/07\/IMG_9015.jpeg",694,442,false],"thumbnail":["https:\/\/quehacerpolitico.mx\/wp-content\/uploads\/2023\/07\/IMG_9015-150x150.jpeg",150,150,true],"medium":["https:\/\/quehacerpolitico.mx\/wp-content\/uploads\/2023\/07\/IMG_9015-300x191.jpeg",300,191,true],"medium_large":["https:\/\/quehacerpolitico.mx\/wp-content\/uploads\/2023\/07\/IMG_9015.jpeg",640,408,false],"large":["https:\/\/quehacerpolitico.mx\/wp-content\/uploads\/2023\/07\/IMG_9015.jpeg",640,408,false],"1536x1536":["https:\/\/quehacerpolitico.mx\/wp-content\/uploads\/2023\/07\/IMG_9015.jpeg",694,442,false],"2048x2048":["https:\/\/quehacerpolitico.mx\/wp-content\/uploads\/2023\/07\/IMG_9015.jpeg",694,442,false],"covernews-featured":["https:\/\/quehacerpolitico.mx\/wp-content\/uploads\/2023\/07\/IMG_9015.jpeg",694,442,false],"covernews-medium":["https:\/\/quehacerpolitico.mx\/wp-content\/uploads\/2023\/07\/IMG_9015.jpeg",534,340,false]},"author_info":{"display_name":"Redacci\u00f3n QP","author_link":"https:\/\/quehacerpolitico.mx\/?author=2"},"category_info":"<a href=\"https:\/\/quehacerpolitico.mx\/?cat=1\" rel=\"category\">Internacionales<\/a>","tag_info":"Internacionales","comment_count":"0","_links":{"self":[{"href":"https:\/\/quehacerpolitico.mx\/index.php?rest_route=\/wp\/v2\/posts\/102743","targetHints":{"allow":["GET"]}}],"collection":[{"href":"https:\/\/quehacerpolitico.mx\/index.php?rest_route=\/wp\/v2\/posts"}],"about":[{"href":"https:\/\/quehacerpolitico.mx\/index.php?rest_route=\/wp\/v2\/types\/post"}],"author":[{"embeddable":true,"href":"https:\/\/quehacerpolitico.mx\/index.php?rest_route=\/wp\/v2\/users\/2"}],"replies":[{"embeddable":true,"href":"https:\/\/quehacerpolitico.mx\/index.php?rest_route=%2Fwp%2Fv2%2Fcomments&post=102743"}],"version-history":[{"count":1,"href":"https:\/\/quehacerpolitico.mx\/index.php?rest_route=\/wp\/v2\/posts\/102743\/revisions"}],"predecessor-version":[{"id":102745,"href":"https:\/\/quehacerpolitico.mx\/index.php?rest_route=\/wp\/v2\/posts\/102743\/revisions\/102745"}],"wp:featuredmedia":[{"embeddable":true,"href":"https:\/\/quehacerpolitico.mx\/index.php?rest_route=\/wp\/v2\/media\/102744"}],"wp:attachment":[{"href":"https:\/\/quehacerpolitico.mx\/index.php?rest_route=%2Fwp%2Fv2%2Fmedia&parent=102743"}],"wp:term":[{"taxonomy":"category","embeddable":true,"href":"https:\/\/quehacerpolitico.mx\/index.php?rest_route=%2Fwp%2Fv2%2Fcategories&post=102743"},{"taxonomy":"post_tag","embeddable":true,"href":"https:\/\/quehacerpolitico.mx\/index.php?rest_route=%2Fwp%2Fv2%2Ftags&post=102743"}],"curies":[{"name":"wp","href":"https:\/\/api.w.org\/{rel}","templated":true}]}}