{"id":102737,"date":"2023-07-14T23:00:47","date_gmt":"2023-07-14T23:00:47","guid":{"rendered":"https:\/\/quehacerpolitico.mx\/?p=102737"},"modified":"2023-07-14T23:00:51","modified_gmt":"2023-07-14T23:00:51","slug":"asi-fue-el-dia-que-murio-la-gran-frida-kahlo","status":"publish","type":"post","link":"https:\/\/quehacerpolitico.mx\/?p=102737","title":{"rendered":"As\u00ed fue el d\u00eda que muri\u00f3 la gran Frida Kahlo"},"content":{"rendered":"\n<p>Por Redacci\u00f3n QP<\/p>\n\n\n\n<p>Frida Kahlo muri\u00f3 el 13 de julio de 1954, a sus 47 a\u00f1os de edad, y comenz\u00f3 la leyenda<\/p>\n\n\n\n<figure class=\"wp-block-image\"><img decoding=\"async\" src=\"https:\/\/www.informador.mx\/__export\/1689253200314\/sites\/elinformador\/img\/2023\/07\/12\/kahlo_crop1689183028434.jpg_788543494.jpg\" alt=\"La causa de la muerte de Frida Kahlo fue oficialmente una \"\/><figcaption class=\"wp-element-caption\">La causa de la muerte de Frida Kahlo fue oficialmente una &#8220;embolia pulmonar&#8221;. Hubo sospecha de que hubiese sido suicidio, pero nunca se pudo confirmar. EFE \/ NTX \/ ARCHIVO<\/figcaption><\/figure>\n\n\n\n<p><strong>El cielo estuvo de luto el 13 de julio de 1954<\/strong>. La lluvia cay\u00f3 todo el d\u00eda sobre la Ciudad de M\u00e9xico, anunciando la muerte de Frida Kahlo.<\/p>\n\n\n\n<p>Con un traje de tehuana que en vida luci\u00f3 con orgullo y la mano diestra sobre el pecho,&nbsp;<strong>la artista fue introducida al horno crematorio, para as\u00ed convertirse en cenizas<\/strong>.<\/p>\n\n\n\n<p>Corridos y canciones revolucionarias como &#8220;La Internacional&#8221; sonaron mientras las cenizas ardieron ante los ojos de sus amigos, como David Alfaro Siqueiros; gente de la pol\u00edtica, como L\u00e1zaro C\u00e1rdenas, y por su puesto su esposo, Diego Rivera.<\/p>\n\n\n\n<blockquote class=\"wp-block-quote is-layout-flow wp-block-quote-is-layout-flow\">\n<p>&#8220;Espero alegre la salida y espero no volver jam\u00e1s&#8221;<\/p>\n<\/blockquote>\n\n\n\n<p><strong>En 1953, un a\u00f1o antes de la muerte de la artista, se realiz\u00f3 la \u00fanica exposici\u00f3n individual de Frida Kahlo dentro de M\u00e9xico<\/strong>.<\/p>\n\n\n\n<p>La muestra se celebr\u00f3 en la Galer\u00eda de Arte Contempor\u00e1neo de Ciudad de M\u00e9xico. Por ese a\u00f1o, la salud de Frida estaba muy deteriorada,\u00a0<strong>sus m\u00e9dicos le prohibieron terminantemente concurrir a dicha exposici\u00f3n<\/strong>.<\/p>\n\n\n\n<p>Su esp\u00edritu rebelde la hizo desobedecer y llegar en una ambulancia acostada en una cama de hospital, la cual fue ubicada en el centro de la galer\u00eda, donde<strong>Frida Kahlo parece present\u00eda el fatal hecho que ocurrir\u00eda un a\u00f1o despu\u00e9s, pues se dice celebr\u00f3 como nunca: cant\u00f3, bebi\u00f3 y hasta cont\u00f3 chistes<\/strong>.<\/p>\n\n\n\n<p><strong>Los siguientes meses la artista sufri\u00f3 la amputaci\u00f3n de su pierna debido a una infecci\u00f3n de gangrena, provocando una gran depresi\u00f3n con varios intentos de suicidio<\/strong>.<\/p>\n\n\n\n<figure class=\"wp-block-embed is-type-video is-provider-youtube wp-block-embed-youtube wp-embed-aspect-16-9 wp-has-aspect-ratio\"><div class=\"wp-block-embed__wrapper\">\n<iframe loading=\"lazy\" title=\"\ud83c\udfa8 C\u00f3mo murio Frida Kahlo \u25ba 3 COSAS QUE QUIZ\u00c1 NO SAB\u00cdAS\" width=\"640\" height=\"360\" src=\"https:\/\/www.youtube.com\/embed\/m9BpLB4vFus?feature=oembed\" frameborder=\"0\" allow=\"accelerometer; autoplay; clipboard-write; encrypted-media; gyroscope; picture-in-picture; web-share\" referrerpolicy=\"strict-origin-when-cross-origin\" allowfullscreen><\/iframe>\n<\/div><\/figure>\n\n\n\n<p>El sufrimiento continu\u00f3 tras ser internada dos veces: la primera, el 9 de abril de 1954, fue por causas desconocidas, aunque algunos afirman que fue un intento de suicidio y otros por su mala salud; la segunda, el 6 de mayo, a causa de una aguja que se le clav\u00f3 en los gl\u00fateos.<\/p>\n\n\n\n<p>El malestar se recrudeci\u00f3 y sus m\u00e9dicos de cabecera pensaron enviarla a Varsovia, con el fin de someterla a un tratamiento que tal vez la aliviar\u00eda.<\/p>\n\n\n\n<p>Los pasajes y papeles estaban listos. S\u00f3lo se esperaba una ligera mejor\u00eda para que soportara el viaje, m\u00e1s&nbsp;<strong>su cuerpo no soporto m\u00e1s y muri\u00f3 el 13 de julio de 1954, a sus 47 a\u00f1os de edad<\/strong>.<\/p>\n\n\n\n<h2 class=\"wp-block-heading\">Luto en la Casa Azul<\/h2>\n\n\n\n<p><strong>La causa de su muerte fue oficialmente una &#8220;embolia pulmonar&#8221;. Hubo sospecha de que hubiese sido suicidio, pero nunca se pudo confirmar<\/strong>.<\/p>\n\n\n\n<p>La \u00faltima entrada de su diario dice:&nbsp;<strong>&#8220;Espero alegre la salida y espero no volver jam\u00e1s&#8221; \u2013 Frida<\/strong>.<\/p>\n\n\n\n<p>De acuerdo a El Universal,&nbsp;<strong>la artista muri\u00f3 a las cuatro de la ma\u00f1ana<\/strong>.<\/p>\n\n\n\n<p>En cuanto se supo la noticia, innumerables artistas, especialmente pintores, escultores, intelectuales y estudiantes de Bellas Artes, asistieron a rendir el \u00faltimo tributo a la mexicana.<\/p>\n\n\n\n<p>A las 19:00 horas,&nbsp;<strong>el cuerpo de Kahlo fue trasladado al vest\u00edbulo del Palacio de Bellas Artes, donde se instal\u00f3 una capilla<\/strong>. Las guardias duraron toda la noche y parte de la ma\u00f1ana del 14 de julio.<\/p>\n\n\n\n<p>En las guardias estuvo presente el entonces director del Palacio de Bellas, Andr\u00e9s Iduarte, quien&nbsp;<strong>fue destituido de su cargo al permitir que el f\u00e9retro estuviera cubierto con la bandera roja de la U.R.S.S.<\/strong>, ostentando en su parte medio el emblema de la hoz y el martillo.<\/p>\n\n\n\n<p><strong>Poco despu\u00e9s de las 9 de la noche se present\u00f3 en la capilla el general L\u00e1zaro C\u00e1rdenas y dem\u00e1s gente de la comunidad cultural<\/strong>.<\/p>\n\n\n\n<p>El expresidente de la Rep\u00fablica permaneci\u00f3 unos cinco minutos al lado del cad\u00e1ver. Fue atendido por el pintor Diego Rivera y ambos ocuparon dos asientos de los que fueron colocados al lado del vest\u00edbulo para los visitantes.<\/p>\n\n\n\n<figure class=\"wp-block-embed is-type-video is-provider-youtube wp-block-embed-youtube wp-embed-aspect-16-9 wp-has-aspect-ratio\"><div class=\"wp-block-embed__wrapper\">\n<iframe loading=\"lazy\" title=\"Funeral de Frida Kahlo (1954) | Im\u00e1genes de la memoria\" width=\"640\" height=\"360\" src=\"https:\/\/www.youtube.com\/embed\/7udC0BIJcH4?feature=oembed\" frameborder=\"0\" allow=\"accelerometer; autoplay; clipboard-write; encrypted-media; gyroscope; picture-in-picture; web-share\" referrerpolicy=\"strict-origin-when-cross-origin\" allowfullscreen><\/iframe>\n<\/div><\/figure>\n\n\n\n<p>Por la noche, ya gran parte del recinto se hallaba cubierto de coronas y ofrendas florales enviadas por los parientes, amigos y admiradores de Frida.<\/p>\n\n\n\n<p>Cortinas negras cubr\u00edan las paredes, columnas y barandales de escalinatas.<\/p>\n\n\n\n<p><strong>Miembros del Partido Comunista acudieron a rendir el homenaje a la artista<\/strong>. Como eran muchas las personas, se colocaban de tiempo en tiempo en largas filas a ambos lados del ata\u00fad gris adornado con rosas rojas. En su parte posterior ten\u00eda abierta una ventanilla por la que pod\u00eda verse la cara de Kahlo.<\/p>\n\n\n\n<p>Vicente Lombardo Toledano dirigi\u00f3 a Rivera el siguiente mensaje:&nbsp;<strong>&#8220;Deseo expresarle mi sincero pesar por el fallecimiento de su esposa Frida Kahlo, cuyo gran sentido humano, cuyo trabajo art\u00edstico son justamente apreciados por nuestro pueblo<\/strong>&#8220;.<\/p>\n\n\n\n<p>Enrique Ram\u00edrez y Ram\u00edrez, secretario General del Partido Popular, dijo: &#8220;Direcci\u00f3n P.P. manifiesta a Ud. su condolencia por la muerte de la gran artista mexicana Frida Kahlo. Lo acompa\u00f1amos en su pena&#8221;.<\/p>\n\n\n\n<p>Con informaci\u00f3n de SUN <\/p>\n","protected":false},"excerpt":{"rendered":"<p>Por Redacci\u00f3n QP Frida Kahlo muri\u00f3 el 13 de julio de 1954, a sus 47&#8230;<\/p>\n","protected":false},"author":2,"featured_media":102738,"comment_status":"open","ping_status":"open","sticky":false,"template":"","format":"standard","meta":{"_monsterinsights_skip_tracking":false,"_monsterinsights_sitenote_active":false,"_monsterinsights_sitenote_note":"","_monsterinsights_sitenote_category":0,"footnotes":""},"categories":[58],"tags":[],"class_list":["post-102737","post","type-post","status-publish","format-standard","has-post-thumbnail","hentry","category-cultura"],"yoast_head":"<!-- This site is optimized with the Yoast SEO plugin v27.3 - https:\/\/yoast.com\/product\/yoast-seo-wordpress\/ -->\n<title>As\u00ed fue el d\u00eda que muri\u00f3 la gran Frida Kahlo -<\/title>\n<meta name=\"robots\" content=\"index, follow, max-snippet:-1, max-image-preview:large, max-video-preview:-1\" \/>\n<link rel=\"canonical\" href=\"https:\/\/quehacerpolitico.mx\/?p=102737\" \/>\n<meta property=\"og:locale\" content=\"es_MX\" \/>\n<meta property=\"og:type\" content=\"article\" \/>\n<meta property=\"og:title\" content=\"As\u00ed fue el d\u00eda que muri\u00f3 la gran Frida Kahlo -\" \/>\n<meta property=\"og:description\" content=\"Por Redacci\u00f3n QP Frida Kahlo muri\u00f3 el 13 de julio de 1954, a sus 47...\" \/>\n<meta property=\"og:url\" content=\"https:\/\/quehacerpolitico.mx\/?p=102737\" \/>\n<meta property=\"article:published_time\" content=\"2023-07-14T23:00:47+00:00\" \/>\n<meta property=\"article:modified_time\" content=\"2023-07-14T23:00:51+00:00\" \/>\n<meta property=\"og:image\" content=\"https:\/\/quehacerpolitico.mx\/wp-content\/uploads\/2023\/07\/IMG_9013.jpeg\" \/>\n\t<meta property=\"og:image:width\" content=\"640\" \/>\n\t<meta property=\"og:image:height\" content=\"440\" \/>\n\t<meta property=\"og:image:type\" content=\"image\/jpeg\" \/>\n<meta name=\"author\" content=\"Redacci\u00f3n QP\" \/>\n<meta name=\"twitter:card\" content=\"summary_large_image\" \/>\n<meta name=\"twitter:label1\" content=\"Escrito por\" \/>\n\t<meta name=\"twitter:data1\" content=\"Redacci\u00f3n QP\" \/>\n\t<meta name=\"twitter:label2\" content=\"Tiempo de lectura\" \/>\n\t<meta name=\"twitter:data2\" content=\"4 minutos\" \/>\n<script type=\"application\/ld+json\" class=\"yoast-schema-graph\">{\"@context\":\"https:\\\/\\\/schema.org\",\"@graph\":[{\"@type\":\"Article\",\"@id\":\"https:\\\/\\\/quehacerpolitico.mx\\\/?p=102737#article\",\"isPartOf\":{\"@id\":\"https:\\\/\\\/quehacerpolitico.mx\\\/?p=102737\"},\"author\":{\"name\":\"Redacci\u00f3n QP\",\"@id\":\"https:\\\/\\\/quehacerpolitico.mx\\\/#\\\/schema\\\/person\\\/496d8ad2d1d3f8036101dca7ee39e585\"},\"headline\":\"As\u00ed fue el d\u00eda que muri\u00f3 la gran Frida Kahlo\",\"datePublished\":\"2023-07-14T23:00:47+00:00\",\"dateModified\":\"2023-07-14T23:00:51+00:00\",\"mainEntityOfPage\":{\"@id\":\"https:\\\/\\\/quehacerpolitico.mx\\\/?p=102737\"},\"wordCount\":866,\"commentCount\":0,\"image\":{\"@id\":\"https:\\\/\\\/quehacerpolitico.mx\\\/?p=102737#primaryimage\"},\"thumbnailUrl\":\"https:\\\/\\\/quehacerpolitico.mx\\\/wp-content\\\/uploads\\\/2023\\\/07\\\/IMG_9013.jpeg\",\"articleSection\":[\"Cultura y Entretenimiento\"],\"inLanguage\":\"es\",\"potentialAction\":[{\"@type\":\"CommentAction\",\"name\":\"Comment\",\"target\":[\"https:\\\/\\\/quehacerpolitico.mx\\\/?p=102737#respond\"]}]},{\"@type\":\"WebPage\",\"@id\":\"https:\\\/\\\/quehacerpolitico.mx\\\/?p=102737\",\"url\":\"https:\\\/\\\/quehacerpolitico.mx\\\/?p=102737\",\"name\":\"As\u00ed fue el d\u00eda que muri\u00f3 la gran Frida Kahlo -\",\"isPartOf\":{\"@id\":\"https:\\\/\\\/quehacerpolitico.mx\\\/#website\"},\"primaryImageOfPage\":{\"@id\":\"https:\\\/\\\/quehacerpolitico.mx\\\/?p=102737#primaryimage\"},\"image\":{\"@id\":\"https:\\\/\\\/quehacerpolitico.mx\\\/?p=102737#primaryimage\"},\"thumbnailUrl\":\"https:\\\/\\\/quehacerpolitico.mx\\\/wp-content\\\/uploads\\\/2023\\\/07\\\/IMG_9013.jpeg\",\"datePublished\":\"2023-07-14T23:00:47+00:00\",\"dateModified\":\"2023-07-14T23:00:51+00:00\",\"author\":{\"@id\":\"https:\\\/\\\/quehacerpolitico.mx\\\/#\\\/schema\\\/person\\\/496d8ad2d1d3f8036101dca7ee39e585\"},\"breadcrumb\":{\"@id\":\"https:\\\/\\\/quehacerpolitico.mx\\\/?p=102737#breadcrumb\"},\"inLanguage\":\"es\",\"potentialAction\":[{\"@type\":\"ReadAction\",\"target\":[\"https:\\\/\\\/quehacerpolitico.mx\\\/?p=102737\"]}]},{\"@type\":\"ImageObject\",\"inLanguage\":\"es\",\"@id\":\"https:\\\/\\\/quehacerpolitico.mx\\\/?p=102737#primaryimage\",\"url\":\"https:\\\/\\\/quehacerpolitico.mx\\\/wp-content\\\/uploads\\\/2023\\\/07\\\/IMG_9013.jpeg\",\"contentUrl\":\"https:\\\/\\\/quehacerpolitico.mx\\\/wp-content\\\/uploads\\\/2023\\\/07\\\/IMG_9013.jpeg\",\"width\":640,\"height\":440},{\"@type\":\"BreadcrumbList\",\"@id\":\"https:\\\/\\\/quehacerpolitico.mx\\\/?p=102737#breadcrumb\",\"itemListElement\":[{\"@type\":\"ListItem\",\"position\":1,\"name\":\"Inicio\",\"item\":\"https:\\\/\\\/quehacerpolitico.mx\\\/\"},{\"@type\":\"ListItem\",\"position\":2,\"name\":\"As\u00ed fue el d\u00eda que muri\u00f3 la gran Frida Kahlo\"}]},{\"@type\":\"WebSite\",\"@id\":\"https:\\\/\\\/quehacerpolitico.mx\\\/#website\",\"url\":\"https:\\\/\\\/quehacerpolitico.mx\\\/\",\"name\":\"\",\"description\":\"\",\"potentialAction\":[{\"@type\":\"SearchAction\",\"target\":{\"@type\":\"EntryPoint\",\"urlTemplate\":\"https:\\\/\\\/quehacerpolitico.mx\\\/?s={search_term_string}\"},\"query-input\":{\"@type\":\"PropertyValueSpecification\",\"valueRequired\":true,\"valueName\":\"search_term_string\"}}],\"inLanguage\":\"es\"},{\"@type\":\"Person\",\"@id\":\"https:\\\/\\\/quehacerpolitico.mx\\\/#\\\/schema\\\/person\\\/496d8ad2d1d3f8036101dca7ee39e585\",\"name\":\"Redacci\u00f3n QP\",\"image\":{\"@type\":\"ImageObject\",\"inLanguage\":\"es\",\"@id\":\"https:\\\/\\\/secure.gravatar.com\\\/avatar\\\/c7164ed6fdec453195284ad24a5ae5b6e1eed2b848477fa2a4787ba9adf39a41?s=96&d=mm&r=g\",\"url\":\"https:\\\/\\\/secure.gravatar.com\\\/avatar\\\/c7164ed6fdec453195284ad24a5ae5b6e1eed2b848477fa2a4787ba9adf39a41?s=96&d=mm&r=g\",\"contentUrl\":\"https:\\\/\\\/secure.gravatar.com\\\/avatar\\\/c7164ed6fdec453195284ad24a5ae5b6e1eed2b848477fa2a4787ba9adf39a41?s=96&d=mm&r=g\",\"caption\":\"Redacci\u00f3n QP\"},\"url\":\"https:\\\/\\\/quehacerpolitico.mx\\\/?author=2\"}]}<\/script>\n<!-- \/ Yoast SEO plugin. -->","yoast_head_json":{"title":"As\u00ed fue el d\u00eda que muri\u00f3 la gran Frida Kahlo -","robots":{"index":"index","follow":"follow","max-snippet":"max-snippet:-1","max-image-preview":"max-image-preview:large","max-video-preview":"max-video-preview:-1"},"canonical":"https:\/\/quehacerpolitico.mx\/?p=102737","og_locale":"es_MX","og_type":"article","og_title":"As\u00ed fue el d\u00eda que muri\u00f3 la gran Frida Kahlo -","og_description":"Por Redacci\u00f3n QP Frida Kahlo muri\u00f3 el 13 de julio de 1954, a sus 47...","og_url":"https:\/\/quehacerpolitico.mx\/?p=102737","article_published_time":"2023-07-14T23:00:47+00:00","article_modified_time":"2023-07-14T23:00:51+00:00","og_image":[{"width":640,"height":440,"url":"https:\/\/quehacerpolitico.mx\/wp-content\/uploads\/2023\/07\/IMG_9013.jpeg","type":"image\/jpeg"}],"author":"Redacci\u00f3n QP","twitter_card":"summary_large_image","twitter_misc":{"Escrito por":"Redacci\u00f3n QP","Tiempo de lectura":"4 minutos"},"schema":{"@context":"https:\/\/schema.org","@graph":[{"@type":"Article","@id":"https:\/\/quehacerpolitico.mx\/?p=102737#article","isPartOf":{"@id":"https:\/\/quehacerpolitico.mx\/?p=102737"},"author":{"name":"Redacci\u00f3n QP","@id":"https:\/\/quehacerpolitico.mx\/#\/schema\/person\/496d8ad2d1d3f8036101dca7ee39e585"},"headline":"As\u00ed fue el d\u00eda que muri\u00f3 la gran Frida Kahlo","datePublished":"2023-07-14T23:00:47+00:00","dateModified":"2023-07-14T23:00:51+00:00","mainEntityOfPage":{"@id":"https:\/\/quehacerpolitico.mx\/?p=102737"},"wordCount":866,"commentCount":0,"image":{"@id":"https:\/\/quehacerpolitico.mx\/?p=102737#primaryimage"},"thumbnailUrl":"https:\/\/quehacerpolitico.mx\/wp-content\/uploads\/2023\/07\/IMG_9013.jpeg","articleSection":["Cultura y Entretenimiento"],"inLanguage":"es","potentialAction":[{"@type":"CommentAction","name":"Comment","target":["https:\/\/quehacerpolitico.mx\/?p=102737#respond"]}]},{"@type":"WebPage","@id":"https:\/\/quehacerpolitico.mx\/?p=102737","url":"https:\/\/quehacerpolitico.mx\/?p=102737","name":"As\u00ed fue el d\u00eda que muri\u00f3 la gran Frida Kahlo -","isPartOf":{"@id":"https:\/\/quehacerpolitico.mx\/#website"},"primaryImageOfPage":{"@id":"https:\/\/quehacerpolitico.mx\/?p=102737#primaryimage"},"image":{"@id":"https:\/\/quehacerpolitico.mx\/?p=102737#primaryimage"},"thumbnailUrl":"https:\/\/quehacerpolitico.mx\/wp-content\/uploads\/2023\/07\/IMG_9013.jpeg","datePublished":"2023-07-14T23:00:47+00:00","dateModified":"2023-07-14T23:00:51+00:00","author":{"@id":"https:\/\/quehacerpolitico.mx\/#\/schema\/person\/496d8ad2d1d3f8036101dca7ee39e585"},"breadcrumb":{"@id":"https:\/\/quehacerpolitico.mx\/?p=102737#breadcrumb"},"inLanguage":"es","potentialAction":[{"@type":"ReadAction","target":["https:\/\/quehacerpolitico.mx\/?p=102737"]}]},{"@type":"ImageObject","inLanguage":"es","@id":"https:\/\/quehacerpolitico.mx\/?p=102737#primaryimage","url":"https:\/\/quehacerpolitico.mx\/wp-content\/uploads\/2023\/07\/IMG_9013.jpeg","contentUrl":"https:\/\/quehacerpolitico.mx\/wp-content\/uploads\/2023\/07\/IMG_9013.jpeg","width":640,"height":440},{"@type":"BreadcrumbList","@id":"https:\/\/quehacerpolitico.mx\/?p=102737#breadcrumb","itemListElement":[{"@type":"ListItem","position":1,"name":"Inicio","item":"https:\/\/quehacerpolitico.mx\/"},{"@type":"ListItem","position":2,"name":"As\u00ed fue el d\u00eda que muri\u00f3 la gran Frida Kahlo"}]},{"@type":"WebSite","@id":"https:\/\/quehacerpolitico.mx\/#website","url":"https:\/\/quehacerpolitico.mx\/","name":"","description":"","potentialAction":[{"@type":"SearchAction","target":{"@type":"EntryPoint","urlTemplate":"https:\/\/quehacerpolitico.mx\/?s={search_term_string}"},"query-input":{"@type":"PropertyValueSpecification","valueRequired":true,"valueName":"search_term_string"}}],"inLanguage":"es"},{"@type":"Person","@id":"https:\/\/quehacerpolitico.mx\/#\/schema\/person\/496d8ad2d1d3f8036101dca7ee39e585","name":"Redacci\u00f3n QP","image":{"@type":"ImageObject","inLanguage":"es","@id":"https:\/\/secure.gravatar.com\/avatar\/c7164ed6fdec453195284ad24a5ae5b6e1eed2b848477fa2a4787ba9adf39a41?s=96&d=mm&r=g","url":"https:\/\/secure.gravatar.com\/avatar\/c7164ed6fdec453195284ad24a5ae5b6e1eed2b848477fa2a4787ba9adf39a41?s=96&d=mm&r=g","contentUrl":"https:\/\/secure.gravatar.com\/avatar\/c7164ed6fdec453195284ad24a5ae5b6e1eed2b848477fa2a4787ba9adf39a41?s=96&d=mm&r=g","caption":"Redacci\u00f3n QP"},"url":"https:\/\/quehacerpolitico.mx\/?author=2"}]}},"featured_image_urls":{"full":["https:\/\/quehacerpolitico.mx\/wp-content\/uploads\/2023\/07\/IMG_9013.jpeg",640,440,false],"thumbnail":["https:\/\/quehacerpolitico.mx\/wp-content\/uploads\/2023\/07\/IMG_9013-150x150.jpeg",150,150,true],"medium":["https:\/\/quehacerpolitico.mx\/wp-content\/uploads\/2023\/07\/IMG_9013-300x206.jpeg",300,206,true],"medium_large":["https:\/\/quehacerpolitico.mx\/wp-content\/uploads\/2023\/07\/IMG_9013.jpeg",640,440,false],"large":["https:\/\/quehacerpolitico.mx\/wp-content\/uploads\/2023\/07\/IMG_9013.jpeg",640,440,false],"1536x1536":["https:\/\/quehacerpolitico.mx\/wp-content\/uploads\/2023\/07\/IMG_9013.jpeg",640,440,false],"2048x2048":["https:\/\/quehacerpolitico.mx\/wp-content\/uploads\/2023\/07\/IMG_9013.jpeg",640,440,false],"covernews-featured":["https:\/\/quehacerpolitico.mx\/wp-content\/uploads\/2023\/07\/IMG_9013.jpeg",640,440,false],"covernews-medium":["https:\/\/quehacerpolitico.mx\/wp-content\/uploads\/2023\/07\/IMG_9013.jpeg",495,340,false]},"author_info":{"display_name":"Redacci\u00f3n QP","author_link":"https:\/\/quehacerpolitico.mx\/?author=2"},"category_info":"<a href=\"https:\/\/quehacerpolitico.mx\/?cat=58\" rel=\"category\">Cultura y Entretenimiento<\/a>","tag_info":"Cultura y Entretenimiento","comment_count":"0","_links":{"self":[{"href":"https:\/\/quehacerpolitico.mx\/index.php?rest_route=\/wp\/v2\/posts\/102737","targetHints":{"allow":["GET"]}}],"collection":[{"href":"https:\/\/quehacerpolitico.mx\/index.php?rest_route=\/wp\/v2\/posts"}],"about":[{"href":"https:\/\/quehacerpolitico.mx\/index.php?rest_route=\/wp\/v2\/types\/post"}],"author":[{"embeddable":true,"href":"https:\/\/quehacerpolitico.mx\/index.php?rest_route=\/wp\/v2\/users\/2"}],"replies":[{"embeddable":true,"href":"https:\/\/quehacerpolitico.mx\/index.php?rest_route=%2Fwp%2Fv2%2Fcomments&post=102737"}],"version-history":[{"count":1,"href":"https:\/\/quehacerpolitico.mx\/index.php?rest_route=\/wp\/v2\/posts\/102737\/revisions"}],"predecessor-version":[{"id":102739,"href":"https:\/\/quehacerpolitico.mx\/index.php?rest_route=\/wp\/v2\/posts\/102737\/revisions\/102739"}],"wp:featuredmedia":[{"embeddable":true,"href":"https:\/\/quehacerpolitico.mx\/index.php?rest_route=\/wp\/v2\/media\/102738"}],"wp:attachment":[{"href":"https:\/\/quehacerpolitico.mx\/index.php?rest_route=%2Fwp%2Fv2%2Fmedia&parent=102737"}],"wp:term":[{"taxonomy":"category","embeddable":true,"href":"https:\/\/quehacerpolitico.mx\/index.php?rest_route=%2Fwp%2Fv2%2Fcategories&post=102737"},{"taxonomy":"post_tag","embeddable":true,"href":"https:\/\/quehacerpolitico.mx\/index.php?rest_route=%2Fwp%2Fv2%2Ftags&post=102737"}],"curies":[{"name":"wp","href":"https:\/\/api.w.org\/{rel}","templated":true}]}}