{"id":102631,"date":"2023-07-12T15:42:46","date_gmt":"2023-07-12T15:42:46","guid":{"rendered":"https:\/\/quehacerpolitico.mx\/?p=102631"},"modified":"2023-07-12T15:42:50","modified_gmt":"2023-07-12T15:42:50","slug":"exagerado-asi-califico-lopez-obrador-la-situacion-de-violencia-que-vive-chiapas-y-todo-el-pais","status":"publish","type":"post","link":"https:\/\/quehacerpolitico.mx\/?p=102631","title":{"rendered":"\u201cExagerado\u201d as\u00ed calific\u00f3 Lopez Obrador la situaci\u00f3n de violencia que vive Chiapas y todo el pa\u00eds"},"content":{"rendered":"\n<p>Por Redacci\u00f3n QP<\/p>\n\n\n\n<p>El presidente L\u00f3pez Obrador calific\u00f3 como \u201cexagerado\u201d la situaci\u00f3n de violencia que se vive actualmente en Chiapas y en el resto del pa\u00eds<\/p>\n\n\n\n<p>El presidente\u00a0<strong>Andr\u00e9s Manuel\u00a0L\u00f3pez Obrador<\/strong>\u00a0dej\u00f3 en claro que<strong> no existe<\/strong>\u00a0una situaci\u00f3n de\u00a0<strong>descontrol de la violencia<\/strong>\u00a0en el estado de\u00a0<strong>Chiapas<\/strong>, \u00a0pese a que diversas\u00a0organizaciones y activistas\u00a0han advertido que hay en la regi\u00f3n lo que calificaron como un \u201c<strong>escenario de guerra<\/strong>\u201c.<\/p>\n\n\n\n<p>En la conferencia matutina de Palacio Nacional, L\u00f3pez Obrador calific\u00f3 como \u201cexagerado\u201d la situaci\u00f3n que se vive actualmente en dicha entidad y en el resto del pa\u00eds.<\/p>\n\n\n\n<p>\u201cEstamos atendiendo los problemas en Chiapas y tambi\u00e9n sostengo que se ha exagerado lo que sucede en Chiapas. En los \u00faltimos tiempos, en general en el pa\u00eds, el tema de los conservadores y de sus medios es el de exaltar todo lo relacionado con la violencia, como si fuese lo mismo de antes y como si no estuvi\u00e9semos nosotros todos los d\u00edas atendiendo este problema que heredamos de gobiernos corruptos, vinculados con la delincuencia organizada\u201d, indic\u00f3.<\/p>\n\n\n\n<figure class=\"wp-block-embed is-type-rich is-provider-twitter wp-block-embed-twitter\"><div class=\"wp-block-embed__wrapper\">\n<blockquote class=\"twitter-tweet\" data-width=\"550\" data-dnt=\"true\"><p lang=\"es\" dir=\"ltr\">\u00bfQu\u00e9 opinan? <br><br>El presidente L\u00f3pez Obrador asegur\u00f3 que los medios &quot;han exagerado&quot; el descontrol de la violencia en Chiapas, y que los &quot;conservadores&quot; solo se dedican a &quot;exaltar todo lo relacionado con la violencia&quot;.<br><br>M\u00e1s, en: <a href=\"https:\/\/t.co\/k9RpVf25eC\">https:\/\/t.co\/k9RpVf25eC<\/a> <a href=\"https:\/\/t.co\/siJ5f4V7ik\">pic.twitter.com\/siJ5f4V7ik<\/a><\/p>&mdash; Joaqu\u00edn L\u00f3pez-D\u00f3riga (@lopezdoriga) <a href=\"https:\/\/twitter.com\/lopezdoriga\/status\/1679143100185190403?ref_src=twsrc%5Etfw\">July 12, 2023<\/a><\/blockquote><script async src=\"https:\/\/platform.twitter.com\/widgets.js\" charset=\"utf-8\"><\/script>\n<\/div><\/figure>\n\n\n\n<p>Tengo el informe de todo lo que est\u00e1 sucediendo en Chiapas y los datos que tenemos, que consideramos son datos ciertos, indican no existe una situaci\u00f3n de descontrol de violencia en Chiapas, esa es nuestra postura, vamos a seguir atendiendo a desplazados y vamos a seguir procurando la paz en Chiapas\u201d, expuso.<\/p>\n\n\n\n<p>\u201cLos datos que tenemos en Chiapas en homicidios, secuestros, robos, es de los estados con menos incidencia delictiva en el pa\u00eds, pero ustedes tienen una visi\u00f3n distinta y la respetamos, nada m\u00e1s que no la compartimos\u201d, puntualiz\u00f3.<\/p>\n\n\n\n<p>El mandatario mexicano detall\u00f3 que antes organizaciones y medios de comunicaci\u00f3n no hablaban de la situaci\u00f3n que imper\u00f3 en dicha entidad de sur del pa\u00eds durante los Gobiernos neoliberales.<\/p>\n\n\n\n<p>\u201cExist\u00eda un narcoestado en la \u00e9poca de (Felipe) Calder\u00f3n y es no no se dice, ustedes pueden estar hablando de la violencia en Chiapas, en Guerrero, pero es muy dif\u00edcil (\u2026) No tratan el tema por ejemplo de Garc\u00eda Luna, \u2018eso ya pas\u00f3, eso ya no es nota\u2019; no tratan el tema de la guerra que se desat\u00f3 con Calder\u00f3n, mucho menos van a tratar el tema del fraude del 2006 que llev\u00f3 a declarar la guerra de manera irresponsable\u201d, extern\u00f3.<\/p>\n\n\n\n<p>En el caso de Chiapas no se habla de la creaci\u00f3n de grupos paramilitares que surgieron durante el periodo neoliberal, no se habla de que en Chiapas se cre\u00f3 una situaci\u00f3n esa s\u00ed de verdadera polarizaci\u00f3n y que hemos estado buscando la reconciliaci\u00f3n en las comunidades, sin tomar partido por ning\u00fan grupo como s\u00ed lo han hecho quienes supuestamente defienden derechos humanos y que han provocado con esas actitudes m\u00e1s divisiones en las comunidades y en los pueblos\u201d, explic\u00f3.<\/p>\n\n\n\n<p>El creciente conflicto armado, con homicidios y desapariciones en Chiapas enfrenta a organizaciones y activistas, quienes denuncian un \u201cclima de guerra\u201d, pese a que el Gobierno de L\u00f3pez Obrador afirma que la regi\u00f3n est\u00e1 en paz.<\/p>\n\n\n\n<p>\u201cChiapas vive un escenario de guerra y el Gobierno mexicano es muy irresponsable al minimizar toda esta violencia aguda que se est\u00e1 viviendo, paralizando la paz en la poblaci\u00f3n\u201d, expres\u00f3 en entrevista con EFE&nbsp;<strong>Carlos Ogaz<\/strong>, responsable del \u00e1rea de sistematizaci\u00f3n e incidencia del&nbsp;<strong>Centro de Derechos Humanos Fray Bartolom\u00e9 de las Casa<\/strong>s.<\/p>\n\n\n\n<p>Agreg\u00f3 que el estado, ubicado en el sureste de M\u00e9xico, \u201cvive una guerra posibilitada por la impunidad, por la inacci\u00f3n, la omisi\u00f3n del Gobierno mexicano ante esta problem\u00e1tica, y eso hace que vaya en aumento y no se vean acciones estrat\u00e9gicas para garantizar la vida y la seguridad de la poblaci\u00f3n\u201d, agreg\u00f3 el investigador.<\/p>\n\n\n\n<p>Por su parte, la organizaci\u00f3n&nbsp;<strong>Red de Resistencia y Rebeld\u00eda Ajmaq<\/strong>&nbsp;se\u00f1al\u00f3 que les asombra la negaci\u00f3n del Gobierno mexicano ante esta guerra donde grupos paramilitares y del crimen organizado est\u00e1n atacando a la poblaci\u00f3n civil de la zona fronteriza M\u00e9xico- Guatemala; selva, pueblos ind\u00edgenas mayas.<\/p>\n\n\n\n<p>\u201cTodos esos cr\u00edmenes los vemos en comunidades zapatistas y no zapatistas, existen constantes ataques armados, la poblaci\u00f3n no puede vivir una vida normal, todos saben que existe el tr\u00e1fico de drogas, de personas, de armas y por eso resulta incre\u00edble que exista una negaci\u00f3n y que digan que aqu\u00ed no pasa nada\u201d, expuso&nbsp;<strong>Mariela V\u00e1zquez<\/strong>, integrante de Ajmaq.<\/p>\n\n\n\n<p>\u201cEs una guerra civil, ni siquiera mal gobierno o gobierno incompetente, sino que es algo que ya no est\u00e1, no escuchan, no ven y no dicen nada; hay un desgobierno, entonces el Estado y el crimen organizado est\u00e1n entretejidos y est\u00e1 afectando a la din\u00e1mica local\u201d, dijo a EFE&nbsp;<strong>Diana Itzu<\/strong>, tambi\u00e9n miembro de Ajmaq.<\/p>\n","protected":false},"excerpt":{"rendered":"<p>Por Redacci\u00f3n QP El presidente L\u00f3pez Obrador calific\u00f3 como \u201cexagerado\u201d la situaci\u00f3n de violencia que&#8230;<\/p>\n","protected":false},"author":2,"featured_media":102632,"comment_status":"open","ping_status":"open","sticky":false,"template":"","format":"standard","meta":{"_monsterinsights_skip_tracking":false,"_monsterinsights_sitenote_active":false,"_monsterinsights_sitenote_note":"","_monsterinsights_sitenote_category":0,"footnotes":""},"categories":[2],"tags":[],"class_list":["post-102631","post","type-post","status-publish","format-standard","has-post-thumbnail","hentry","category-noticias"],"yoast_head":"<!-- This site is optimized with the Yoast SEO plugin v27.3 - https:\/\/yoast.com\/product\/yoast-seo-wordpress\/ -->\n<title>\u201cExagerado\u201d as\u00ed calific\u00f3 Lopez Obrador la situaci\u00f3n de violencia que vive Chiapas y todo el pa\u00eds -<\/title>\n<meta name=\"robots\" content=\"index, follow, max-snippet:-1, max-image-preview:large, max-video-preview:-1\" \/>\n<link rel=\"canonical\" href=\"https:\/\/quehacerpolitico.mx\/?p=102631\" \/>\n<meta property=\"og:locale\" content=\"es_MX\" \/>\n<meta property=\"og:type\" content=\"article\" \/>\n<meta property=\"og:title\" content=\"\u201cExagerado\u201d as\u00ed calific\u00f3 Lopez Obrador la situaci\u00f3n de violencia que vive Chiapas y todo el pa\u00eds -\" \/>\n<meta property=\"og:description\" content=\"Por Redacci\u00f3n QP El presidente L\u00f3pez Obrador calific\u00f3 como \u201cexagerado\u201d la situaci\u00f3n de violencia que...\" \/>\n<meta property=\"og:url\" content=\"https:\/\/quehacerpolitico.mx\/?p=102631\" \/>\n<meta property=\"article:published_time\" content=\"2023-07-12T15:42:46+00:00\" \/>\n<meta property=\"article:modified_time\" content=\"2023-07-12T15:42:50+00:00\" \/>\n<meta property=\"og:image\" content=\"https:\/\/quehacerpolitico.mx\/wp-content\/uploads\/2023\/07\/IMG_8958.jpeg\" \/>\n\t<meta property=\"og:image:width\" content=\"1284\" \/>\n\t<meta property=\"og:image:height\" content=\"676\" \/>\n\t<meta property=\"og:image:type\" content=\"image\/jpeg\" \/>\n<meta name=\"author\" content=\"Redacci\u00f3n QP\" \/>\n<meta name=\"twitter:card\" content=\"summary_large_image\" \/>\n<meta name=\"twitter:label1\" content=\"Escrito por\" \/>\n\t<meta name=\"twitter:data1\" content=\"Redacci\u00f3n QP\" \/>\n\t<meta name=\"twitter:label2\" content=\"Tiempo de lectura\" \/>\n\t<meta name=\"twitter:data2\" content=\"4 minutos\" \/>\n<script type=\"application\/ld+json\" class=\"yoast-schema-graph\">{\"@context\":\"https:\\\/\\\/schema.org\",\"@graph\":[{\"@type\":\"Article\",\"@id\":\"https:\\\/\\\/quehacerpolitico.mx\\\/?p=102631#article\",\"isPartOf\":{\"@id\":\"https:\\\/\\\/quehacerpolitico.mx\\\/?p=102631\"},\"author\":{\"name\":\"Redacci\u00f3n QP\",\"@id\":\"https:\\\/\\\/quehacerpolitico.mx\\\/#\\\/schema\\\/person\\\/496d8ad2d1d3f8036101dca7ee39e585\"},\"headline\":\"\u201cExagerado\u201d as\u00ed calific\u00f3 Lopez Obrador la situaci\u00f3n de violencia que vive Chiapas y todo el pa\u00eds\",\"datePublished\":\"2023-07-12T15:42:46+00:00\",\"dateModified\":\"2023-07-12T15:42:50+00:00\",\"mainEntityOfPage\":{\"@id\":\"https:\\\/\\\/quehacerpolitico.mx\\\/?p=102631\"},\"wordCount\":848,\"commentCount\":0,\"image\":{\"@id\":\"https:\\\/\\\/quehacerpolitico.mx\\\/?p=102631#primaryimage\"},\"thumbnailUrl\":\"https:\\\/\\\/quehacerpolitico.mx\\\/wp-content\\\/uploads\\\/2023\\\/07\\\/IMG_8958.jpeg\",\"articleSection\":[\"Noticias\"],\"inLanguage\":\"es\",\"potentialAction\":[{\"@type\":\"CommentAction\",\"name\":\"Comment\",\"target\":[\"https:\\\/\\\/quehacerpolitico.mx\\\/?p=102631#respond\"]}]},{\"@type\":\"WebPage\",\"@id\":\"https:\\\/\\\/quehacerpolitico.mx\\\/?p=102631\",\"url\":\"https:\\\/\\\/quehacerpolitico.mx\\\/?p=102631\",\"name\":\"\u201cExagerado\u201d as\u00ed calific\u00f3 Lopez Obrador la situaci\u00f3n de violencia que vive Chiapas y todo el pa\u00eds -\",\"isPartOf\":{\"@id\":\"https:\\\/\\\/quehacerpolitico.mx\\\/#website\"},\"primaryImageOfPage\":{\"@id\":\"https:\\\/\\\/quehacerpolitico.mx\\\/?p=102631#primaryimage\"},\"image\":{\"@id\":\"https:\\\/\\\/quehacerpolitico.mx\\\/?p=102631#primaryimage\"},\"thumbnailUrl\":\"https:\\\/\\\/quehacerpolitico.mx\\\/wp-content\\\/uploads\\\/2023\\\/07\\\/IMG_8958.jpeg\",\"datePublished\":\"2023-07-12T15:42:46+00:00\",\"dateModified\":\"2023-07-12T15:42:50+00:00\",\"author\":{\"@id\":\"https:\\\/\\\/quehacerpolitico.mx\\\/#\\\/schema\\\/person\\\/496d8ad2d1d3f8036101dca7ee39e585\"},\"breadcrumb\":{\"@id\":\"https:\\\/\\\/quehacerpolitico.mx\\\/?p=102631#breadcrumb\"},\"inLanguage\":\"es\",\"potentialAction\":[{\"@type\":\"ReadAction\",\"target\":[\"https:\\\/\\\/quehacerpolitico.mx\\\/?p=102631\"]}]},{\"@type\":\"ImageObject\",\"inLanguage\":\"es\",\"@id\":\"https:\\\/\\\/quehacerpolitico.mx\\\/?p=102631#primaryimage\",\"url\":\"https:\\\/\\\/quehacerpolitico.mx\\\/wp-content\\\/uploads\\\/2023\\\/07\\\/IMG_8958.jpeg\",\"contentUrl\":\"https:\\\/\\\/quehacerpolitico.mx\\\/wp-content\\\/uploads\\\/2023\\\/07\\\/IMG_8958.jpeg\",\"width\":1284,\"height\":676},{\"@type\":\"BreadcrumbList\",\"@id\":\"https:\\\/\\\/quehacerpolitico.mx\\\/?p=102631#breadcrumb\",\"itemListElement\":[{\"@type\":\"ListItem\",\"position\":1,\"name\":\"Inicio\",\"item\":\"https:\\\/\\\/quehacerpolitico.mx\\\/\"},{\"@type\":\"ListItem\",\"position\":2,\"name\":\"\u201cExagerado\u201d as\u00ed calific\u00f3 Lopez Obrador la situaci\u00f3n de violencia que vive Chiapas y todo el pa\u00eds\"}]},{\"@type\":\"WebSite\",\"@id\":\"https:\\\/\\\/quehacerpolitico.mx\\\/#website\",\"url\":\"https:\\\/\\\/quehacerpolitico.mx\\\/\",\"name\":\"\",\"description\":\"\",\"potentialAction\":[{\"@type\":\"SearchAction\",\"target\":{\"@type\":\"EntryPoint\",\"urlTemplate\":\"https:\\\/\\\/quehacerpolitico.mx\\\/?s={search_term_string}\"},\"query-input\":{\"@type\":\"PropertyValueSpecification\",\"valueRequired\":true,\"valueName\":\"search_term_string\"}}],\"inLanguage\":\"es\"},{\"@type\":\"Person\",\"@id\":\"https:\\\/\\\/quehacerpolitico.mx\\\/#\\\/schema\\\/person\\\/496d8ad2d1d3f8036101dca7ee39e585\",\"name\":\"Redacci\u00f3n QP\",\"image\":{\"@type\":\"ImageObject\",\"inLanguage\":\"es\",\"@id\":\"https:\\\/\\\/secure.gravatar.com\\\/avatar\\\/c7164ed6fdec453195284ad24a5ae5b6e1eed2b848477fa2a4787ba9adf39a41?s=96&d=mm&r=g\",\"url\":\"https:\\\/\\\/secure.gravatar.com\\\/avatar\\\/c7164ed6fdec453195284ad24a5ae5b6e1eed2b848477fa2a4787ba9adf39a41?s=96&d=mm&r=g\",\"contentUrl\":\"https:\\\/\\\/secure.gravatar.com\\\/avatar\\\/c7164ed6fdec453195284ad24a5ae5b6e1eed2b848477fa2a4787ba9adf39a41?s=96&d=mm&r=g\",\"caption\":\"Redacci\u00f3n QP\"},\"url\":\"https:\\\/\\\/quehacerpolitico.mx\\\/?author=2\"}]}<\/script>\n<!-- \/ Yoast SEO plugin. -->","yoast_head_json":{"title":"\u201cExagerado\u201d as\u00ed calific\u00f3 Lopez Obrador la situaci\u00f3n de violencia que vive Chiapas y todo el pa\u00eds -","robots":{"index":"index","follow":"follow","max-snippet":"max-snippet:-1","max-image-preview":"max-image-preview:large","max-video-preview":"max-video-preview:-1"},"canonical":"https:\/\/quehacerpolitico.mx\/?p=102631","og_locale":"es_MX","og_type":"article","og_title":"\u201cExagerado\u201d as\u00ed calific\u00f3 Lopez Obrador la situaci\u00f3n de violencia que vive Chiapas y todo el pa\u00eds -","og_description":"Por Redacci\u00f3n QP El presidente L\u00f3pez Obrador calific\u00f3 como \u201cexagerado\u201d la situaci\u00f3n de violencia que...","og_url":"https:\/\/quehacerpolitico.mx\/?p=102631","article_published_time":"2023-07-12T15:42:46+00:00","article_modified_time":"2023-07-12T15:42:50+00:00","og_image":[{"width":1284,"height":676,"url":"https:\/\/quehacerpolitico.mx\/wp-content\/uploads\/2023\/07\/IMG_8958.jpeg","type":"image\/jpeg"}],"author":"Redacci\u00f3n QP","twitter_card":"summary_large_image","twitter_misc":{"Escrito por":"Redacci\u00f3n QP","Tiempo de lectura":"4 minutos"},"schema":{"@context":"https:\/\/schema.org","@graph":[{"@type":"Article","@id":"https:\/\/quehacerpolitico.mx\/?p=102631#article","isPartOf":{"@id":"https:\/\/quehacerpolitico.mx\/?p=102631"},"author":{"name":"Redacci\u00f3n QP","@id":"https:\/\/quehacerpolitico.mx\/#\/schema\/person\/496d8ad2d1d3f8036101dca7ee39e585"},"headline":"\u201cExagerado\u201d as\u00ed calific\u00f3 Lopez Obrador la situaci\u00f3n de violencia que vive Chiapas y todo el pa\u00eds","datePublished":"2023-07-12T15:42:46+00:00","dateModified":"2023-07-12T15:42:50+00:00","mainEntityOfPage":{"@id":"https:\/\/quehacerpolitico.mx\/?p=102631"},"wordCount":848,"commentCount":0,"image":{"@id":"https:\/\/quehacerpolitico.mx\/?p=102631#primaryimage"},"thumbnailUrl":"https:\/\/quehacerpolitico.mx\/wp-content\/uploads\/2023\/07\/IMG_8958.jpeg","articleSection":["Noticias"],"inLanguage":"es","potentialAction":[{"@type":"CommentAction","name":"Comment","target":["https:\/\/quehacerpolitico.mx\/?p=102631#respond"]}]},{"@type":"WebPage","@id":"https:\/\/quehacerpolitico.mx\/?p=102631","url":"https:\/\/quehacerpolitico.mx\/?p=102631","name":"\u201cExagerado\u201d as\u00ed calific\u00f3 Lopez Obrador la situaci\u00f3n de violencia que vive Chiapas y todo el pa\u00eds -","isPartOf":{"@id":"https:\/\/quehacerpolitico.mx\/#website"},"primaryImageOfPage":{"@id":"https:\/\/quehacerpolitico.mx\/?p=102631#primaryimage"},"image":{"@id":"https:\/\/quehacerpolitico.mx\/?p=102631#primaryimage"},"thumbnailUrl":"https:\/\/quehacerpolitico.mx\/wp-content\/uploads\/2023\/07\/IMG_8958.jpeg","datePublished":"2023-07-12T15:42:46+00:00","dateModified":"2023-07-12T15:42:50+00:00","author":{"@id":"https:\/\/quehacerpolitico.mx\/#\/schema\/person\/496d8ad2d1d3f8036101dca7ee39e585"},"breadcrumb":{"@id":"https:\/\/quehacerpolitico.mx\/?p=102631#breadcrumb"},"inLanguage":"es","potentialAction":[{"@type":"ReadAction","target":["https:\/\/quehacerpolitico.mx\/?p=102631"]}]},{"@type":"ImageObject","inLanguage":"es","@id":"https:\/\/quehacerpolitico.mx\/?p=102631#primaryimage","url":"https:\/\/quehacerpolitico.mx\/wp-content\/uploads\/2023\/07\/IMG_8958.jpeg","contentUrl":"https:\/\/quehacerpolitico.mx\/wp-content\/uploads\/2023\/07\/IMG_8958.jpeg","width":1284,"height":676},{"@type":"BreadcrumbList","@id":"https:\/\/quehacerpolitico.mx\/?p=102631#breadcrumb","itemListElement":[{"@type":"ListItem","position":1,"name":"Inicio","item":"https:\/\/quehacerpolitico.mx\/"},{"@type":"ListItem","position":2,"name":"\u201cExagerado\u201d as\u00ed calific\u00f3 Lopez Obrador la situaci\u00f3n de violencia que vive Chiapas y todo el pa\u00eds"}]},{"@type":"WebSite","@id":"https:\/\/quehacerpolitico.mx\/#website","url":"https:\/\/quehacerpolitico.mx\/","name":"","description":"","potentialAction":[{"@type":"SearchAction","target":{"@type":"EntryPoint","urlTemplate":"https:\/\/quehacerpolitico.mx\/?s={search_term_string}"},"query-input":{"@type":"PropertyValueSpecification","valueRequired":true,"valueName":"search_term_string"}}],"inLanguage":"es"},{"@type":"Person","@id":"https:\/\/quehacerpolitico.mx\/#\/schema\/person\/496d8ad2d1d3f8036101dca7ee39e585","name":"Redacci\u00f3n QP","image":{"@type":"ImageObject","inLanguage":"es","@id":"https:\/\/secure.gravatar.com\/avatar\/c7164ed6fdec453195284ad24a5ae5b6e1eed2b848477fa2a4787ba9adf39a41?s=96&d=mm&r=g","url":"https:\/\/secure.gravatar.com\/avatar\/c7164ed6fdec453195284ad24a5ae5b6e1eed2b848477fa2a4787ba9adf39a41?s=96&d=mm&r=g","contentUrl":"https:\/\/secure.gravatar.com\/avatar\/c7164ed6fdec453195284ad24a5ae5b6e1eed2b848477fa2a4787ba9adf39a41?s=96&d=mm&r=g","caption":"Redacci\u00f3n QP"},"url":"https:\/\/quehacerpolitico.mx\/?author=2"}]}},"featured_image_urls":{"full":["https:\/\/quehacerpolitico.mx\/wp-content\/uploads\/2023\/07\/IMG_8958.jpeg",1284,676,false],"thumbnail":["https:\/\/quehacerpolitico.mx\/wp-content\/uploads\/2023\/07\/IMG_8958-150x150.jpeg",150,150,true],"medium":["https:\/\/quehacerpolitico.mx\/wp-content\/uploads\/2023\/07\/IMG_8958-300x158.jpeg",300,158,true],"medium_large":["https:\/\/quehacerpolitico.mx\/wp-content\/uploads\/2023\/07\/IMG_8958-768x404.jpeg",640,337,true],"large":["https:\/\/quehacerpolitico.mx\/wp-content\/uploads\/2023\/07\/IMG_8958-1024x539.jpeg",640,337,true],"1536x1536":["https:\/\/quehacerpolitico.mx\/wp-content\/uploads\/2023\/07\/IMG_8958.jpeg",1284,676,false],"2048x2048":["https:\/\/quehacerpolitico.mx\/wp-content\/uploads\/2023\/07\/IMG_8958.jpeg",1284,676,false],"covernews-featured":["https:\/\/quehacerpolitico.mx\/wp-content\/uploads\/2023\/07\/IMG_8958.jpeg",1024,539,false],"covernews-medium":["https:\/\/quehacerpolitico.mx\/wp-content\/uploads\/2023\/07\/IMG_8958.jpeg",540,284,false]},"author_info":{"display_name":"Redacci\u00f3n QP","author_link":"https:\/\/quehacerpolitico.mx\/?author=2"},"category_info":"<a href=\"https:\/\/quehacerpolitico.mx\/?cat=2\" rel=\"category\">Noticias<\/a>","tag_info":"Noticias","comment_count":"0","_links":{"self":[{"href":"https:\/\/quehacerpolitico.mx\/index.php?rest_route=\/wp\/v2\/posts\/102631","targetHints":{"allow":["GET"]}}],"collection":[{"href":"https:\/\/quehacerpolitico.mx\/index.php?rest_route=\/wp\/v2\/posts"}],"about":[{"href":"https:\/\/quehacerpolitico.mx\/index.php?rest_route=\/wp\/v2\/types\/post"}],"author":[{"embeddable":true,"href":"https:\/\/quehacerpolitico.mx\/index.php?rest_route=\/wp\/v2\/users\/2"}],"replies":[{"embeddable":true,"href":"https:\/\/quehacerpolitico.mx\/index.php?rest_route=%2Fwp%2Fv2%2Fcomments&post=102631"}],"version-history":[{"count":1,"href":"https:\/\/quehacerpolitico.mx\/index.php?rest_route=\/wp\/v2\/posts\/102631\/revisions"}],"predecessor-version":[{"id":102633,"href":"https:\/\/quehacerpolitico.mx\/index.php?rest_route=\/wp\/v2\/posts\/102631\/revisions\/102633"}],"wp:featuredmedia":[{"embeddable":true,"href":"https:\/\/quehacerpolitico.mx\/index.php?rest_route=\/wp\/v2\/media\/102632"}],"wp:attachment":[{"href":"https:\/\/quehacerpolitico.mx\/index.php?rest_route=%2Fwp%2Fv2%2Fmedia&parent=102631"}],"wp:term":[{"taxonomy":"category","embeddable":true,"href":"https:\/\/quehacerpolitico.mx\/index.php?rest_route=%2Fwp%2Fv2%2Fcategories&post=102631"},{"taxonomy":"post_tag","embeddable":true,"href":"https:\/\/quehacerpolitico.mx\/index.php?rest_route=%2Fwp%2Fv2%2Ftags&post=102631"}],"curies":[{"name":"wp","href":"https:\/\/api.w.org\/{rel}","templated":true}]}}