{"id":10257,"date":"2018-11-27T04:46:31","date_gmt":"2018-11-27T04:46:31","guid":{"rendered":"http:\/\/quehacerpolitico.mx\/la-bmv-cae-4-17-ante-la-incertidumbre-por-la-posible-eliminacion-de-afores-es-su-segunda-peor-caida-del-ano\/"},"modified":"2018-11-27T04:46:31","modified_gmt":"2018-11-27T04:46:31","slug":"la-bmv-cae-4-17-ante-la-incertidumbre-por-la-posible-eliminacion-de-afores-es-su-segunda-peor-caida-del-ano","status":"publish","type":"post","link":"https:\/\/quehacerpolitico.mx\/?p=10257","title":{"rendered":"La BMV cae 4.17% ante la incertidumbre por la posible eliminaci\u00f3n de Afores; es su segunda peor ca\u00edda del a\u00f1o"},"content":{"rendered":"<h1>La BMV cae 4.17% ante la incertidumbre por la posible eliminaci\u00f3n de Afores; es su segunda peor ca\u00edda del a\u00f1o<\/h1>\n<p>Por Redacci\u00f3n QP<\/p>\n<p>La <strong>Bolsa Mexicana de Valores<\/strong> (<strong>BMV<\/strong>) sufri\u00f3 hoy <strong>su segunda peor ca\u00edda del a\u00f1o<\/strong> (4.17\u00a0 por ciento) ante la incertidumbre por el anuncio de una propuesta para eliminar las Administradores de Fondos para el Retiro (Afores), explicaron a <em>EFE<\/em> analistas.<\/p>\n<blockquote>\n<p>La propuesta del Partido del Trabajo (PT) de que desaparezcan las <strong>Afores<\/strong> \u201ces el factor principal\u201d de la ca\u00edda burs\u00e1til, dijo a <em>EFE<\/em> Gabriela Siller, directora de an\u00e1lisis econ\u00f3mico y financiero de Banco Base.<\/p>\n<\/blockquote>\n<p>Legisladores de este partido aliado del Presidente electo Andr\u00e9s Manuel L\u00f3pez Obrador, quien asumir\u00e1 la Presidencia el 1 de diciembre, anunciaron que presentar\u00e1n en los pr\u00f3ximos d\u00edas al Congreso una iniciativa para desaparecer las <strong>Afores<\/strong> y volver a un sistema de pensiones manejado por el Estado.bol<\/p>\n<p>La ca\u00edda de la <strong>Bolsa<\/strong> se explica adem\u00e1s por la depreciaci\u00f3n del peso ante el d\u00f3lar, el alza en los intereses de los bonos de Petr\u00f3leos Mexicanos (Pemex) y la consulta sobre programas sociales que el equipo de L\u00f3pez Obrador hizo el fin de semana, explic\u00f3 la analista.<\/p>\n<blockquote>\n<p>El peso mexicano se intercambi\u00f3 hoy en 20.63 unidades por d\u00f3lar, despu\u00e9s de que tras la victoria de L\u00f3pez Obrador en las elecciones del 1 de julio se hab\u00eda llegado a cotizar en 18.45 ante la divisa estadounidense.<\/p>\n<\/blockquote>\n<p>La analista agreg\u00f3 a estos factores las declaraciones del Presidente de Estados Unidos, Donald Trump, contra los migrantes centroamericanos aparcados en la frontera y que este domingo intentaron sin \u00e9xito ingresar a ese pa\u00eds.<\/p>\n<p>Trump ha pedido al Gobierno de M\u00e9xico que haga retornar a estos migrantes a sus pa\u00edses y ha reiterado que est\u00e1 dispuesto a cerrar la frontera con M\u00e9xico para impedir que crucen.<\/p>\n<p>La analista destac\u00f3 que esta situaci\u00f3n puede repercutir en el comercio de M\u00e9xico con Estados Unidos, pa\u00eds con el cual est\u00e1 pendiente la firma del Tratado Comercial entre M\u00e9xico, Estados Unidos y Canad\u00e1 (T-MEC).<\/p>\n<p>El principal indicador de la <strong>BMV<\/strong> <strong>perdi\u00f3<\/strong> este d\u00eda 4.17 por ciento con respecto a la jornada burs\u00e1til previa, lo que representa <strong>su segundo peor resultado del a\u00f1o<\/strong> tras la ca\u00edda de 5.81 por ciento del pasado 8 de noviembre.<\/p>\n<p>Con estos resultados, la <strong>BMV<\/strong> acumula una ca\u00edda anual de 19.28 por ciento, ha bajado de la marca de las 40 mil unidades y mantiene su tendencia negativa para el cierre del a\u00f1o.<\/p>\n<p>La perspectiva es que la Bolsa terminar\u00e1 el a\u00f1o con p\u00e9rdida, pero puede reducirse si L\u00f3pez Obrador genera confianza en el sector privado al tomar posesi\u00f3n el 1 de diciembre, se\u00f1al\u00f3 la experta.<\/p>\n<blockquote>\n<p>\u201cCreemos que se puede recuperar siempre y cuando L\u00f3pez Obrador, cuando proteste (jure como Presidente), genere un clima de mayor confianza en el sector privado\u201d, apunt\u00f3.<\/p>\n<\/blockquote>\n<p>La analista resalt\u00f3 la \u201cperspectiva de riesgo\u201d y el miedo que prevalece en el mercado respecto al Gobierno de L\u00f3pez Obrador despu\u00e9s de que le hab\u00eda dado el beneficio de la duda luego de su triunfo en las elecciones de julio.<\/p>\n<blockquote>\n<p>\u201cHay una perspectiva de riesgo. Despu\u00e9s de elecciones el mercado le hab\u00eda dado el beneficio de la duda a L\u00f3pez Obrador y al Congreso, y ahora existe mucho miedo\u201d, acot\u00f3.<\/p>\n<p>Con Informaci\u00f3n de EFE<\/p>\n<\/blockquote>\n","protected":false},"excerpt":{"rendered":"<p>La BMV cae 4.17% ante la incertidumbre por la posible eliminaci\u00f3n de Afores; es su segunda peor ca\u00edda del a\u00f1o<br \/>\nPor Redacci\u00f3n QP<\/p>\n","protected":false},"author":2,"featured_media":10256,"comment_status":"open","ping_status":"open","sticky":false,"template":"","format":"standard","meta":{"_monsterinsights_skip_tracking":false,"_monsterinsights_sitenote_active":false,"_monsterinsights_sitenote_note":"","_monsterinsights_sitenote_category":0,"footnotes":""},"categories":[56],"tags":[],"class_list":["post-10257","post","type-post","status-publish","format-standard","has-post-thumbnail","hentry","category-economia"],"yoast_head":"<!-- This site is optimized with the Yoast SEO plugin v27.3 - https:\/\/yoast.com\/product\/yoast-seo-wordpress\/ -->\n<title>La BMV cae 4.17% ante la incertidumbre por la posible eliminaci\u00f3n de Afores; es su segunda peor ca\u00edda del a\u00f1o -<\/title>\n<meta name=\"robots\" content=\"index, follow, max-snippet:-1, max-image-preview:large, max-video-preview:-1\" \/>\n<link rel=\"canonical\" href=\"https:\/\/quehacerpolitico.mx\/?p=10257\" \/>\n<meta property=\"og:locale\" content=\"es_MX\" \/>\n<meta property=\"og:type\" content=\"article\" \/>\n<meta property=\"og:title\" content=\"La BMV cae 4.17% ante la incertidumbre por la posible eliminaci\u00f3n de Afores; es su segunda peor ca\u00edda del a\u00f1o -\" \/>\n<meta property=\"og:description\" content=\"La BMV cae 4.17% ante la incertidumbre por la posible eliminaci\u00f3n de Afores; es su segunda peor ca\u00edda del a\u00f1o Por Redacci\u00f3n QP\" \/>\n<meta property=\"og:url\" content=\"https:\/\/quehacerpolitico.mx\/?p=10257\" \/>\n<meta property=\"article:published_time\" content=\"2018-11-27T04:46:31+00:00\" \/>\n<meta name=\"author\" content=\"Redacci\u00f3n QP\" \/>\n<meta name=\"twitter:card\" content=\"summary_large_image\" \/>\n<meta name=\"twitter:label1\" content=\"Escrito por\" \/>\n\t<meta name=\"twitter:data1\" content=\"Redacci\u00f3n QP\" \/>\n\t<meta name=\"twitter:label2\" content=\"Tiempo de lectura\" \/>\n\t<meta name=\"twitter:data2\" content=\"3 minutos\" \/>\n<script type=\"application\/ld+json\" class=\"yoast-schema-graph\">{\"@context\":\"https:\\\/\\\/schema.org\",\"@graph\":[{\"@type\":\"Article\",\"@id\":\"https:\\\/\\\/quehacerpolitico.mx\\\/?p=10257#article\",\"isPartOf\":{\"@id\":\"https:\\\/\\\/quehacerpolitico.mx\\\/?p=10257\"},\"author\":{\"name\":\"Redacci\u00f3n QP\",\"@id\":\"https:\\\/\\\/quehacerpolitico.mx\\\/#\\\/schema\\\/person\\\/496d8ad2d1d3f8036101dca7ee39e585\"},\"headline\":\"La BMV cae 4.17% ante la incertidumbre por la posible eliminaci\u00f3n de Afores; es su segunda peor ca\u00edda del a\u00f1o\",\"datePublished\":\"2018-11-27T04:46:31+00:00\",\"mainEntityOfPage\":{\"@id\":\"https:\\\/\\\/quehacerpolitico.mx\\\/?p=10257\"},\"wordCount\":599,\"commentCount\":0,\"image\":{\"@id\":\"https:\\\/\\\/quehacerpolitico.mx\\\/?p=10257#primaryimage\"},\"thumbnailUrl\":\"\",\"articleSection\":[\"Econom\u00eda\"],\"inLanguage\":\"es\",\"potentialAction\":[{\"@type\":\"CommentAction\",\"name\":\"Comment\",\"target\":[\"https:\\\/\\\/quehacerpolitico.mx\\\/?p=10257#respond\"]}]},{\"@type\":\"WebPage\",\"@id\":\"https:\\\/\\\/quehacerpolitico.mx\\\/?p=10257\",\"url\":\"https:\\\/\\\/quehacerpolitico.mx\\\/?p=10257\",\"name\":\"La BMV cae 4.17% ante la incertidumbre por la posible eliminaci\u00f3n de Afores; es su segunda peor ca\u00edda del a\u00f1o -\",\"isPartOf\":{\"@id\":\"https:\\\/\\\/quehacerpolitico.mx\\\/#website\"},\"primaryImageOfPage\":{\"@id\":\"https:\\\/\\\/quehacerpolitico.mx\\\/?p=10257#primaryimage\"},\"image\":{\"@id\":\"https:\\\/\\\/quehacerpolitico.mx\\\/?p=10257#primaryimage\"},\"thumbnailUrl\":\"\",\"datePublished\":\"2018-11-27T04:46:31+00:00\",\"author\":{\"@id\":\"https:\\\/\\\/quehacerpolitico.mx\\\/#\\\/schema\\\/person\\\/496d8ad2d1d3f8036101dca7ee39e585\"},\"breadcrumb\":{\"@id\":\"https:\\\/\\\/quehacerpolitico.mx\\\/?p=10257#breadcrumb\"},\"inLanguage\":\"es\",\"potentialAction\":[{\"@type\":\"ReadAction\",\"target\":[\"https:\\\/\\\/quehacerpolitico.mx\\\/?p=10257\"]}]},{\"@type\":\"ImageObject\",\"inLanguage\":\"es\",\"@id\":\"https:\\\/\\\/quehacerpolitico.mx\\\/?p=10257#primaryimage\",\"url\":\"\",\"contentUrl\":\"\"},{\"@type\":\"BreadcrumbList\",\"@id\":\"https:\\\/\\\/quehacerpolitico.mx\\\/?p=10257#breadcrumb\",\"itemListElement\":[{\"@type\":\"ListItem\",\"position\":1,\"name\":\"Inicio\",\"item\":\"https:\\\/\\\/quehacerpolitico.mx\\\/\"},{\"@type\":\"ListItem\",\"position\":2,\"name\":\"La BMV cae 4.17% ante la incertidumbre por la posible eliminaci\u00f3n de Afores; es su segunda peor ca\u00edda del a\u00f1o\"}]},{\"@type\":\"WebSite\",\"@id\":\"https:\\\/\\\/quehacerpolitico.mx\\\/#website\",\"url\":\"https:\\\/\\\/quehacerpolitico.mx\\\/\",\"name\":\"\",\"description\":\"\",\"potentialAction\":[{\"@type\":\"SearchAction\",\"target\":{\"@type\":\"EntryPoint\",\"urlTemplate\":\"https:\\\/\\\/quehacerpolitico.mx\\\/?s={search_term_string}\"},\"query-input\":{\"@type\":\"PropertyValueSpecification\",\"valueRequired\":true,\"valueName\":\"search_term_string\"}}],\"inLanguage\":\"es\"},{\"@type\":\"Person\",\"@id\":\"https:\\\/\\\/quehacerpolitico.mx\\\/#\\\/schema\\\/person\\\/496d8ad2d1d3f8036101dca7ee39e585\",\"name\":\"Redacci\u00f3n QP\",\"image\":{\"@type\":\"ImageObject\",\"inLanguage\":\"es\",\"@id\":\"https:\\\/\\\/secure.gravatar.com\\\/avatar\\\/c7164ed6fdec453195284ad24a5ae5b6e1eed2b848477fa2a4787ba9adf39a41?s=96&d=mm&r=g\",\"url\":\"https:\\\/\\\/secure.gravatar.com\\\/avatar\\\/c7164ed6fdec453195284ad24a5ae5b6e1eed2b848477fa2a4787ba9adf39a41?s=96&d=mm&r=g\",\"contentUrl\":\"https:\\\/\\\/secure.gravatar.com\\\/avatar\\\/c7164ed6fdec453195284ad24a5ae5b6e1eed2b848477fa2a4787ba9adf39a41?s=96&d=mm&r=g\",\"caption\":\"Redacci\u00f3n QP\"},\"url\":\"https:\\\/\\\/quehacerpolitico.mx\\\/?author=2\"}]}<\/script>\n<!-- \/ Yoast SEO plugin. -->","yoast_head_json":{"title":"La BMV cae 4.17% ante la incertidumbre por la posible eliminaci\u00f3n de Afores; es su segunda peor ca\u00edda del a\u00f1o -","robots":{"index":"index","follow":"follow","max-snippet":"max-snippet:-1","max-image-preview":"max-image-preview:large","max-video-preview":"max-video-preview:-1"},"canonical":"https:\/\/quehacerpolitico.mx\/?p=10257","og_locale":"es_MX","og_type":"article","og_title":"La BMV cae 4.17% ante la incertidumbre por la posible eliminaci\u00f3n de Afores; es su segunda peor ca\u00edda del a\u00f1o -","og_description":"La BMV cae 4.17% ante la incertidumbre por la posible eliminaci\u00f3n de Afores; es su segunda peor ca\u00edda del a\u00f1o Por Redacci\u00f3n QP","og_url":"https:\/\/quehacerpolitico.mx\/?p=10257","article_published_time":"2018-11-27T04:46:31+00:00","author":"Redacci\u00f3n QP","twitter_card":"summary_large_image","twitter_misc":{"Escrito por":"Redacci\u00f3n QP","Tiempo de lectura":"3 minutos"},"schema":{"@context":"https:\/\/schema.org","@graph":[{"@type":"Article","@id":"https:\/\/quehacerpolitico.mx\/?p=10257#article","isPartOf":{"@id":"https:\/\/quehacerpolitico.mx\/?p=10257"},"author":{"name":"Redacci\u00f3n QP","@id":"https:\/\/quehacerpolitico.mx\/#\/schema\/person\/496d8ad2d1d3f8036101dca7ee39e585"},"headline":"La BMV cae 4.17% ante la incertidumbre por la posible eliminaci\u00f3n de Afores; es su segunda peor ca\u00edda del a\u00f1o","datePublished":"2018-11-27T04:46:31+00:00","mainEntityOfPage":{"@id":"https:\/\/quehacerpolitico.mx\/?p=10257"},"wordCount":599,"commentCount":0,"image":{"@id":"https:\/\/quehacerpolitico.mx\/?p=10257#primaryimage"},"thumbnailUrl":"","articleSection":["Econom\u00eda"],"inLanguage":"es","potentialAction":[{"@type":"CommentAction","name":"Comment","target":["https:\/\/quehacerpolitico.mx\/?p=10257#respond"]}]},{"@type":"WebPage","@id":"https:\/\/quehacerpolitico.mx\/?p=10257","url":"https:\/\/quehacerpolitico.mx\/?p=10257","name":"La BMV cae 4.17% ante la incertidumbre por la posible eliminaci\u00f3n de Afores; es su segunda peor ca\u00edda del a\u00f1o -","isPartOf":{"@id":"https:\/\/quehacerpolitico.mx\/#website"},"primaryImageOfPage":{"@id":"https:\/\/quehacerpolitico.mx\/?p=10257#primaryimage"},"image":{"@id":"https:\/\/quehacerpolitico.mx\/?p=10257#primaryimage"},"thumbnailUrl":"","datePublished":"2018-11-27T04:46:31+00:00","author":{"@id":"https:\/\/quehacerpolitico.mx\/#\/schema\/person\/496d8ad2d1d3f8036101dca7ee39e585"},"breadcrumb":{"@id":"https:\/\/quehacerpolitico.mx\/?p=10257#breadcrumb"},"inLanguage":"es","potentialAction":[{"@type":"ReadAction","target":["https:\/\/quehacerpolitico.mx\/?p=10257"]}]},{"@type":"ImageObject","inLanguage":"es","@id":"https:\/\/quehacerpolitico.mx\/?p=10257#primaryimage","url":"","contentUrl":""},{"@type":"BreadcrumbList","@id":"https:\/\/quehacerpolitico.mx\/?p=10257#breadcrumb","itemListElement":[{"@type":"ListItem","position":1,"name":"Inicio","item":"https:\/\/quehacerpolitico.mx\/"},{"@type":"ListItem","position":2,"name":"La BMV cae 4.17% ante la incertidumbre por la posible eliminaci\u00f3n de Afores; es su segunda peor ca\u00edda del a\u00f1o"}]},{"@type":"WebSite","@id":"https:\/\/quehacerpolitico.mx\/#website","url":"https:\/\/quehacerpolitico.mx\/","name":"","description":"","potentialAction":[{"@type":"SearchAction","target":{"@type":"EntryPoint","urlTemplate":"https:\/\/quehacerpolitico.mx\/?s={search_term_string}"},"query-input":{"@type":"PropertyValueSpecification","valueRequired":true,"valueName":"search_term_string"}}],"inLanguage":"es"},{"@type":"Person","@id":"https:\/\/quehacerpolitico.mx\/#\/schema\/person\/496d8ad2d1d3f8036101dca7ee39e585","name":"Redacci\u00f3n QP","image":{"@type":"ImageObject","inLanguage":"es","@id":"https:\/\/secure.gravatar.com\/avatar\/c7164ed6fdec453195284ad24a5ae5b6e1eed2b848477fa2a4787ba9adf39a41?s=96&d=mm&r=g","url":"https:\/\/secure.gravatar.com\/avatar\/c7164ed6fdec453195284ad24a5ae5b6e1eed2b848477fa2a4787ba9adf39a41?s=96&d=mm&r=g","contentUrl":"https:\/\/secure.gravatar.com\/avatar\/c7164ed6fdec453195284ad24a5ae5b6e1eed2b848477fa2a4787ba9adf39a41?s=96&d=mm&r=g","caption":"Redacci\u00f3n QP"},"url":"https:\/\/quehacerpolitico.mx\/?author=2"}]}},"featured_image_urls":{"full":"","thumbnail":"","medium":"","medium_large":"","large":"","1536x1536":"","2048x2048":"","covernews-featured":"","covernews-medium":""},"author_info":{"display_name":"Redacci\u00f3n QP","author_link":"https:\/\/quehacerpolitico.mx\/?author=2"},"category_info":"<a href=\"https:\/\/quehacerpolitico.mx\/?cat=56\" rel=\"category\">Econom\u00eda<\/a>","tag_info":"Econom\u00eda","comment_count":"0","_links":{"self":[{"href":"https:\/\/quehacerpolitico.mx\/index.php?rest_route=\/wp\/v2\/posts\/10257","targetHints":{"allow":["GET"]}}],"collection":[{"href":"https:\/\/quehacerpolitico.mx\/index.php?rest_route=\/wp\/v2\/posts"}],"about":[{"href":"https:\/\/quehacerpolitico.mx\/index.php?rest_route=\/wp\/v2\/types\/post"}],"author":[{"embeddable":true,"href":"https:\/\/quehacerpolitico.mx\/index.php?rest_route=\/wp\/v2\/users\/2"}],"replies":[{"embeddable":true,"href":"https:\/\/quehacerpolitico.mx\/index.php?rest_route=%2Fwp%2Fv2%2Fcomments&post=10257"}],"version-history":[{"count":0,"href":"https:\/\/quehacerpolitico.mx\/index.php?rest_route=\/wp\/v2\/posts\/10257\/revisions"}],"wp:featuredmedia":[{"embeddable":true,"href":"https:\/\/quehacerpolitico.mx\/index.php?rest_route=\/"}],"wp:attachment":[{"href":"https:\/\/quehacerpolitico.mx\/index.php?rest_route=%2Fwp%2Fv2%2Fmedia&parent=10257"}],"wp:term":[{"taxonomy":"category","embeddable":true,"href":"https:\/\/quehacerpolitico.mx\/index.php?rest_route=%2Fwp%2Fv2%2Fcategories&post=10257"},{"taxonomy":"post_tag","embeddable":true,"href":"https:\/\/quehacerpolitico.mx\/index.php?rest_route=%2Fwp%2Fv2%2Ftags&post=10257"}],"curies":[{"name":"wp","href":"https:\/\/api.w.org\/{rel}","templated":true}]}}