{"id":102209,"date":"2023-06-29T20:12:34","date_gmt":"2023-06-29T20:12:34","guid":{"rendered":"https:\/\/quehacerpolitico.mx\/?p=102209"},"modified":"2023-06-29T20:12:38","modified_gmt":"2023-06-29T20:12:38","slug":"reportan-ejecucion-de-hipolito-mora-exlider-de-autodefensas","status":"publish","type":"post","link":"https:\/\/quehacerpolitico.mx\/?p=102209","title":{"rendered":"Reportan ejecuci\u00f3n de Hip\u00f3lito Mora, exl\u00edder de autodefensas"},"content":{"rendered":"\n<p>Por Redacci\u00f3n QP<\/p>\n\n\n\n<p>Hip\u00f3lito Mora fue atacado en La Ruana, Michoac\u00e1n; la fiscal\u00eda se dirige a verificar los hechos<\/p>\n\n\n\n<p><strong>Hip\u00f3lito Mora Ch\u00e1vez fue asesinado<\/strong>. Es el reporte de varios medios de comunicaci\u00f3n que dieron a conocer el homicidio del exl\u00edder de autodefensas en Michoac\u00e1n.<\/p>\n\n\n\n<figure class=\"wp-block-embed is-type-rich is-provider-twitter wp-block-embed-twitter\"><div class=\"wp-block-embed__wrapper\">\n<blockquote class=\"twitter-tweet\" data-width=\"550\" data-dnt=\"true\"><p lang=\"es\" dir=\"ltr\">Difunden supuesto v\u00eddeo del ataque armado en el que muri\u00f3 Hip\u00f3lito Mora, ex l\u00edder de autodefensas en La Ruana, Michoac\u00e1n. <br><br>\ud83d\udcfd\ufe0fCircula en redes <a href=\"https:\/\/t.co\/L9UTgFbQJB\">pic.twitter.com\/L9UTgFbQJB<\/a><\/p>&mdash; Ruido en la Red (@RuidoEnLaRed) <a href=\"https:\/\/twitter.com\/RuidoEnLaRed\/status\/1674507225644036104?ref_src=twsrc%5Etfw\">June 29, 2023<\/a><\/blockquote><script async src=\"https:\/\/platform.twitter.com\/widgets.js\" charset=\"utf-8\"><\/script>\n<\/div><\/figure>\n\n\n\n<figure class=\"wp-block-embed is-type-rich is-provider-twitter wp-block-embed-twitter\"><div class=\"wp-block-embed__wrapper\">\n<blockquote class=\"twitter-tweet\" data-width=\"550\" data-dnt=\"true\"><p lang=\"es\" dir=\"ltr\">\ud83d\udea8 <a href=\"https:\/\/twitter.com\/hashtag\/%C3%9ALTIMAHORA?src=hash&amp;ref_src=twsrc%5Etfw\">#\u00daLTIMAHORA<\/a> I Asesinan al exl\u00edder de autodefensas, Hip\u00f3lito Mora y a todos sus escoltas, confirma <a href=\"https:\/\/twitter.com\/MemoValenciaR?ref_src=twsrc%5Etfw\">@MemoValenciaR<\/a>, presidente del <a href=\"https:\/\/twitter.com\/CDEPRIMICH?ref_src=twsrc%5Etfw\">@CDEPRIMICH<\/a><br><br>Los hechos ocurrieron en La Ruana en Michoac\u00e1n. <br><br>\ud83d\udcfd\ufe0f<a href=\"https:\/\/twitter.com\/PCMNoticias?ref_src=twsrc%5Etfw\">@PCMNoticias<\/a> <a href=\"https:\/\/t.co\/LfuSZU5bLs\">pic.twitter.com\/LfuSZU5bLs<\/a><\/p>&mdash; Ruido en la Red (@RuidoEnLaRed) <a href=\"https:\/\/twitter.com\/RuidoEnLaRed\/status\/1674498797529886724?ref_src=twsrc%5Etfw\">June 29, 2023<\/a><\/blockquote><script async src=\"https:\/\/platform.twitter.com\/widgets.js\" charset=\"utf-8\"><\/script>\n<\/div><\/figure>\n\n\n\n<p>El exl\u00edder de las autodefensas&nbsp;<strong>denunciaba con regularidad el abuso, extorsi\u00f3n y cobro de piso del crimen organizado a los habitantes de las localidades michoacanas<\/strong>.<\/p>\n\n\n\n<p>Tras la noticia,\u00a0<strong>la fiscal\u00eda de Michoac\u00e1n inform\u00f3 que personal de la dependencia se traslad\u00f3 a la localidad &#8220;para procesar el lugar de los hechos, tras recibir reporte de agresi\u00f3n contra Hip\u00f3lito M. y sus escoltas&#8221;<\/strong>, sin dar m\u00e1s detalles al respecto.<\/p>\n\n\n\n<figure class=\"wp-block-embed is-type-rich is-provider-twitter wp-block-embed-twitter\"><div class=\"wp-block-embed__wrapper\">\n<blockquote class=\"twitter-tweet\" data-width=\"550\" data-dnt=\"true\"><p lang=\"es\" dir=\"ltr\">En estos momentos personal de la <a href=\"https:\/\/twitter.com\/hashtag\/Fiscal%C3%ADaMich?src=hash&amp;ref_src=twsrc%5Etfw\">#Fiscal\u00edaMich<\/a> se traslada a la localidad de Felipe Carrillo Puerto (<a href=\"https:\/\/twitter.com\/hashtag\/LaRuana?src=hash&amp;ref_src=twsrc%5Etfw\">#LaRuana<\/a>), municipio de <a href=\"https:\/\/twitter.com\/hashtag\/Buenavista?src=hash&amp;ref_src=twsrc%5Etfw\">#Buenavista<\/a>, para procesar el lugar de los hechos, tras recibir reporte de agresi\u00f3n contra Hip\u00f3lito M. y sus escoltas. <a href=\"https:\/\/t.co\/7zApecUlSg\">pic.twitter.com\/7zApecUlSg<\/a><\/p>&mdash; Fiscal\u00eda General de Michoac\u00e1n (@FiscaliaMich) <a href=\"https:\/\/twitter.com\/FiscaliaMich\/status\/1674498449343934470?ref_src=twsrc%5Etfw\">June 29, 2023<\/a><\/blockquote><script async src=\"https:\/\/platform.twitter.com\/widgets.js\" charset=\"utf-8\"><\/script>\n<\/div><\/figure>\n\n\n\n<p>Por su parte, Guillermo Valencia, presidente del\u00a0Comit\u00e9 Directivo Estatal del PRI en Michoac\u00e1n, confirm\u00f3 el homicidio de Hip\u00f3lito Mora con un mensaje en su cuenta de Twitter:<\/p>\n\n\n\n<figure class=\"wp-block-embed is-type-rich is-provider-twitter wp-block-embed-twitter\"><div class=\"wp-block-embed__wrapper\">\n<blockquote class=\"twitter-tweet\" data-width=\"550\" data-dnt=\"true\"><p lang=\"es\" dir=\"ltr\">Me acaban de confirmar que en un atentado asesinaron a mi amigo <a href=\"https:\/\/twitter.com\/hashtag\/HipolitoMora?src=hash&amp;ref_src=twsrc%5Etfw\">#HipolitoMora<\/a>, prendieron fuego a su camioneta blindada y asesinaron a todos sus escoltas, en este <a href=\"https:\/\/twitter.com\/hashtag\/Michoac%C3%A1n?src=hash&amp;ref_src=twsrc%5Etfw\">#Michoac\u00e1n<\/a> vivimos y las autoridades se empe\u00f1aron en negar la situaci\u00f3n , \u00bfahora que dir\u00e1n?<\/p>&mdash; Guillermo Valencia (@MemoValenciaR) <a href=\"https:\/\/twitter.com\/MemoValenciaR\/status\/1674494026119254017?ref_src=twsrc%5Etfw\">June 29, 2023<\/a><\/blockquote><script async src=\"https:\/\/platform.twitter.com\/widgets.js\" charset=\"utf-8\"><\/script>\n<\/div><\/figure>\n\n\n\n<p><strong>&#8220;Me acaban de confirmar que en un atentado asesinaron a mi amigo #HipolitoMora, prendieron fuego a su camioneta blindada y asesinaron a todos sus escoltas, en este #Michoac\u00e1n vivimos y las autoridades se empe\u00f1aron en negar la situaci\u00f3n , \u00bfahora que dir\u00e1n?&#8221;<\/strong>.<\/p>\n\n\n\n<p><strong>Hip\u00f3lito Mora viv\u00eda en Felipe Carrillo Puerto, La Ruana,\u00a0una localidad de Michoac\u00e1n<\/strong>, que forma parte del municipio de Buenavista, en la regi\u00f3n de\u00a0Tierra Caliente.<\/p>\n\n\n\n<figure class=\"wp-block-embed is-type-rich is-provider-twitter wp-block-embed-twitter\"><div class=\"wp-block-embed__wrapper\">\n<blockquote class=\"twitter-tweet\" data-width=\"550\" data-dnt=\"true\"><p lang=\"es\" dir=\"ltr\">\u00a1Reportan atentado contra Hip\u00f3lito Mora en Michoac\u00e1n! <br><br>As\u00ed qued\u00f3 su camioneta blindada en La Ruana. Se\u00f1alan, extraoficialmente,  tres muertos: dos escoltas y un civil. <br><br>Se desconoce el estado de salud del exautodefensa.<a href=\"https:\/\/t.co\/ccbmZrcrMs\">pic.twitter.com\/ccbmZrcrMs<\/a><\/p>&mdash; Ignacio G\u00f3mez Villase\u00f1or (@ivillasenor) <a href=\"https:\/\/twitter.com\/ivillasenor\/status\/1674494956604407809?ref_src=twsrc%5Etfw\">June 29, 2023<\/a><\/blockquote><script async src=\"https:\/\/platform.twitter.com\/widgets.js\" charset=\"utf-8\"><\/script>\n<\/div><\/figure>\n\n\n\n<p><strong>Mora Ch\u00e1vez hab\u00eda dado a conocer su intensi\u00f3n de convertirse en gobernador de Michoac\u00e1n<\/strong>.<\/p>\n\n\n\n<p>Los civiles Grupos de Autodefensa surgieron en diversos municipios de Michoac\u00e1n el 24 de febrero del 2013, encabezados por Hip\u00f3lito Mora, para combatir al c\u00e1rtel del narcotr\u00e1fico autodenominado \u201cLos Caballeros Templarios\u201d, el cual manten\u00eda una hegemon\u00eda en Michoac\u00e1n.<\/p>\n\n\n\n<p>El levantamiento en armas provoc\u00f3 que el entonces presidente de M\u00e9xico, Enrique Pe\u00f1a Nieto, enviar\u00e1 a Michoac\u00e1n a Alfredo Castillo Cervantes como comisionado para la Seguridad y el Desarrollo Integral del Estado, quien cre\u00f3 la Fuerza Rural, un cuerpo policial que fue conformado por autodefensa que despu\u00e9s generaron v\u00ednculos con narcotraficantes.<\/p>\n","protected":false},"excerpt":{"rendered":"<p>Por Redacci\u00f3n QP Hip\u00f3lito Mora fue atacado en La Ruana, Michoac\u00e1n; la fiscal\u00eda se dirige&#8230;<\/p>\n","protected":false},"author":2,"featured_media":102210,"comment_status":"open","ping_status":"open","sticky":false,"template":"","format":"standard","meta":{"_monsterinsights_skip_tracking":false,"_monsterinsights_sitenote_active":false,"_monsterinsights_sitenote_note":"","_monsterinsights_sitenote_category":0,"footnotes":""},"categories":[2],"tags":[],"class_list":["post-102209","post","type-post","status-publish","format-standard","has-post-thumbnail","hentry","category-noticias"],"yoast_head":"<!-- This site is optimized with the Yoast SEO plugin v27.3 - https:\/\/yoast.com\/product\/yoast-seo-wordpress\/ -->\n<title>Reportan ejecuci\u00f3n de Hip\u00f3lito Mora, exl\u00edder de autodefensas -<\/title>\n<meta name=\"robots\" content=\"index, follow, max-snippet:-1, max-image-preview:large, max-video-preview:-1\" \/>\n<link rel=\"canonical\" href=\"https:\/\/quehacerpolitico.mx\/?p=102209\" \/>\n<meta property=\"og:locale\" content=\"es_MX\" \/>\n<meta property=\"og:type\" content=\"article\" \/>\n<meta property=\"og:title\" content=\"Reportan ejecuci\u00f3n de Hip\u00f3lito Mora, exl\u00edder de autodefensas -\" \/>\n<meta property=\"og:description\" content=\"Por Redacci\u00f3n QP Hip\u00f3lito Mora fue atacado en La Ruana, Michoac\u00e1n; la fiscal\u00eda se dirige...\" \/>\n<meta property=\"og:url\" content=\"https:\/\/quehacerpolitico.mx\/?p=102209\" \/>\n<meta property=\"article:published_time\" content=\"2023-06-29T20:12:34+00:00\" \/>\n<meta property=\"article:modified_time\" content=\"2023-06-29T20:12:38+00:00\" \/>\n<meta property=\"og:image\" content=\"https:\/\/quehacerpolitico.mx\/wp-content\/uploads\/2023\/06\/IMG_8689.jpeg\" \/>\n\t<meta property=\"og:image:width\" content=\"1284\" \/>\n\t<meta property=\"og:image:height\" content=\"914\" \/>\n\t<meta property=\"og:image:type\" content=\"image\/jpeg\" \/>\n<meta name=\"author\" content=\"Redacci\u00f3n QP\" \/>\n<meta name=\"twitter:card\" content=\"summary_large_image\" \/>\n<meta name=\"twitter:label1\" content=\"Escrito por\" \/>\n\t<meta name=\"twitter:data1\" content=\"Redacci\u00f3n QP\" \/>\n\t<meta name=\"twitter:label2\" content=\"Tiempo de lectura\" \/>\n\t<meta name=\"twitter:data2\" content=\"2 minutos\" \/>\n<script type=\"application\/ld+json\" class=\"yoast-schema-graph\">{\"@context\":\"https:\\\/\\\/schema.org\",\"@graph\":[{\"@type\":\"Article\",\"@id\":\"https:\\\/\\\/quehacerpolitico.mx\\\/?p=102209#article\",\"isPartOf\":{\"@id\":\"https:\\\/\\\/quehacerpolitico.mx\\\/?p=102209\"},\"author\":{\"name\":\"Redacci\u00f3n QP\",\"@id\":\"https:\\\/\\\/quehacerpolitico.mx\\\/#\\\/schema\\\/person\\\/496d8ad2d1d3f8036101dca7ee39e585\"},\"headline\":\"Reportan ejecuci\u00f3n de Hip\u00f3lito Mora, exl\u00edder de autodefensas\",\"datePublished\":\"2023-06-29T20:12:34+00:00\",\"dateModified\":\"2023-06-29T20:12:38+00:00\",\"mainEntityOfPage\":{\"@id\":\"https:\\\/\\\/quehacerpolitico.mx\\\/?p=102209\"},\"wordCount\":416,\"commentCount\":0,\"image\":{\"@id\":\"https:\\\/\\\/quehacerpolitico.mx\\\/?p=102209#primaryimage\"},\"thumbnailUrl\":\"https:\\\/\\\/quehacerpolitico.mx\\\/wp-content\\\/uploads\\\/2023\\\/06\\\/IMG_8689.jpeg\",\"articleSection\":[\"Noticias\"],\"inLanguage\":\"es\",\"potentialAction\":[{\"@type\":\"CommentAction\",\"name\":\"Comment\",\"target\":[\"https:\\\/\\\/quehacerpolitico.mx\\\/?p=102209#respond\"]}]},{\"@type\":\"WebPage\",\"@id\":\"https:\\\/\\\/quehacerpolitico.mx\\\/?p=102209\",\"url\":\"https:\\\/\\\/quehacerpolitico.mx\\\/?p=102209\",\"name\":\"Reportan ejecuci\u00f3n de Hip\u00f3lito Mora, exl\u00edder de autodefensas -\",\"isPartOf\":{\"@id\":\"https:\\\/\\\/quehacerpolitico.mx\\\/#website\"},\"primaryImageOfPage\":{\"@id\":\"https:\\\/\\\/quehacerpolitico.mx\\\/?p=102209#primaryimage\"},\"image\":{\"@id\":\"https:\\\/\\\/quehacerpolitico.mx\\\/?p=102209#primaryimage\"},\"thumbnailUrl\":\"https:\\\/\\\/quehacerpolitico.mx\\\/wp-content\\\/uploads\\\/2023\\\/06\\\/IMG_8689.jpeg\",\"datePublished\":\"2023-06-29T20:12:34+00:00\",\"dateModified\":\"2023-06-29T20:12:38+00:00\",\"author\":{\"@id\":\"https:\\\/\\\/quehacerpolitico.mx\\\/#\\\/schema\\\/person\\\/496d8ad2d1d3f8036101dca7ee39e585\"},\"breadcrumb\":{\"@id\":\"https:\\\/\\\/quehacerpolitico.mx\\\/?p=102209#breadcrumb\"},\"inLanguage\":\"es\",\"potentialAction\":[{\"@type\":\"ReadAction\",\"target\":[\"https:\\\/\\\/quehacerpolitico.mx\\\/?p=102209\"]}]},{\"@type\":\"ImageObject\",\"inLanguage\":\"es\",\"@id\":\"https:\\\/\\\/quehacerpolitico.mx\\\/?p=102209#primaryimage\",\"url\":\"https:\\\/\\\/quehacerpolitico.mx\\\/wp-content\\\/uploads\\\/2023\\\/06\\\/IMG_8689.jpeg\",\"contentUrl\":\"https:\\\/\\\/quehacerpolitico.mx\\\/wp-content\\\/uploads\\\/2023\\\/06\\\/IMG_8689.jpeg\",\"width\":1284,\"height\":914},{\"@type\":\"BreadcrumbList\",\"@id\":\"https:\\\/\\\/quehacerpolitico.mx\\\/?p=102209#breadcrumb\",\"itemListElement\":[{\"@type\":\"ListItem\",\"position\":1,\"name\":\"Inicio\",\"item\":\"https:\\\/\\\/quehacerpolitico.mx\\\/\"},{\"@type\":\"ListItem\",\"position\":2,\"name\":\"Reportan ejecuci\u00f3n de Hip\u00f3lito Mora, exl\u00edder de autodefensas\"}]},{\"@type\":\"WebSite\",\"@id\":\"https:\\\/\\\/quehacerpolitico.mx\\\/#website\",\"url\":\"https:\\\/\\\/quehacerpolitico.mx\\\/\",\"name\":\"\",\"description\":\"\",\"potentialAction\":[{\"@type\":\"SearchAction\",\"target\":{\"@type\":\"EntryPoint\",\"urlTemplate\":\"https:\\\/\\\/quehacerpolitico.mx\\\/?s={search_term_string}\"},\"query-input\":{\"@type\":\"PropertyValueSpecification\",\"valueRequired\":true,\"valueName\":\"search_term_string\"}}],\"inLanguage\":\"es\"},{\"@type\":\"Person\",\"@id\":\"https:\\\/\\\/quehacerpolitico.mx\\\/#\\\/schema\\\/person\\\/496d8ad2d1d3f8036101dca7ee39e585\",\"name\":\"Redacci\u00f3n QP\",\"image\":{\"@type\":\"ImageObject\",\"inLanguage\":\"es\",\"@id\":\"https:\\\/\\\/secure.gravatar.com\\\/avatar\\\/c7164ed6fdec453195284ad24a5ae5b6e1eed2b848477fa2a4787ba9adf39a41?s=96&d=mm&r=g\",\"url\":\"https:\\\/\\\/secure.gravatar.com\\\/avatar\\\/c7164ed6fdec453195284ad24a5ae5b6e1eed2b848477fa2a4787ba9adf39a41?s=96&d=mm&r=g\",\"contentUrl\":\"https:\\\/\\\/secure.gravatar.com\\\/avatar\\\/c7164ed6fdec453195284ad24a5ae5b6e1eed2b848477fa2a4787ba9adf39a41?s=96&d=mm&r=g\",\"caption\":\"Redacci\u00f3n QP\"},\"url\":\"https:\\\/\\\/quehacerpolitico.mx\\\/?author=2\"}]}<\/script>\n<!-- \/ Yoast SEO plugin. -->","yoast_head_json":{"title":"Reportan ejecuci\u00f3n de Hip\u00f3lito Mora, exl\u00edder de autodefensas -","robots":{"index":"index","follow":"follow","max-snippet":"max-snippet:-1","max-image-preview":"max-image-preview:large","max-video-preview":"max-video-preview:-1"},"canonical":"https:\/\/quehacerpolitico.mx\/?p=102209","og_locale":"es_MX","og_type":"article","og_title":"Reportan ejecuci\u00f3n de Hip\u00f3lito Mora, exl\u00edder de autodefensas -","og_description":"Por Redacci\u00f3n QP Hip\u00f3lito Mora fue atacado en La Ruana, Michoac\u00e1n; la fiscal\u00eda se dirige...","og_url":"https:\/\/quehacerpolitico.mx\/?p=102209","article_published_time":"2023-06-29T20:12:34+00:00","article_modified_time":"2023-06-29T20:12:38+00:00","og_image":[{"width":1284,"height":914,"url":"https:\/\/quehacerpolitico.mx\/wp-content\/uploads\/2023\/06\/IMG_8689.jpeg","type":"image\/jpeg"}],"author":"Redacci\u00f3n QP","twitter_card":"summary_large_image","twitter_misc":{"Escrito por":"Redacci\u00f3n QP","Tiempo de lectura":"2 minutos"},"schema":{"@context":"https:\/\/schema.org","@graph":[{"@type":"Article","@id":"https:\/\/quehacerpolitico.mx\/?p=102209#article","isPartOf":{"@id":"https:\/\/quehacerpolitico.mx\/?p=102209"},"author":{"name":"Redacci\u00f3n QP","@id":"https:\/\/quehacerpolitico.mx\/#\/schema\/person\/496d8ad2d1d3f8036101dca7ee39e585"},"headline":"Reportan ejecuci\u00f3n de Hip\u00f3lito Mora, exl\u00edder de autodefensas","datePublished":"2023-06-29T20:12:34+00:00","dateModified":"2023-06-29T20:12:38+00:00","mainEntityOfPage":{"@id":"https:\/\/quehacerpolitico.mx\/?p=102209"},"wordCount":416,"commentCount":0,"image":{"@id":"https:\/\/quehacerpolitico.mx\/?p=102209#primaryimage"},"thumbnailUrl":"https:\/\/quehacerpolitico.mx\/wp-content\/uploads\/2023\/06\/IMG_8689.jpeg","articleSection":["Noticias"],"inLanguage":"es","potentialAction":[{"@type":"CommentAction","name":"Comment","target":["https:\/\/quehacerpolitico.mx\/?p=102209#respond"]}]},{"@type":"WebPage","@id":"https:\/\/quehacerpolitico.mx\/?p=102209","url":"https:\/\/quehacerpolitico.mx\/?p=102209","name":"Reportan ejecuci\u00f3n de Hip\u00f3lito Mora, exl\u00edder de autodefensas -","isPartOf":{"@id":"https:\/\/quehacerpolitico.mx\/#website"},"primaryImageOfPage":{"@id":"https:\/\/quehacerpolitico.mx\/?p=102209#primaryimage"},"image":{"@id":"https:\/\/quehacerpolitico.mx\/?p=102209#primaryimage"},"thumbnailUrl":"https:\/\/quehacerpolitico.mx\/wp-content\/uploads\/2023\/06\/IMG_8689.jpeg","datePublished":"2023-06-29T20:12:34+00:00","dateModified":"2023-06-29T20:12:38+00:00","author":{"@id":"https:\/\/quehacerpolitico.mx\/#\/schema\/person\/496d8ad2d1d3f8036101dca7ee39e585"},"breadcrumb":{"@id":"https:\/\/quehacerpolitico.mx\/?p=102209#breadcrumb"},"inLanguage":"es","potentialAction":[{"@type":"ReadAction","target":["https:\/\/quehacerpolitico.mx\/?p=102209"]}]},{"@type":"ImageObject","inLanguage":"es","@id":"https:\/\/quehacerpolitico.mx\/?p=102209#primaryimage","url":"https:\/\/quehacerpolitico.mx\/wp-content\/uploads\/2023\/06\/IMG_8689.jpeg","contentUrl":"https:\/\/quehacerpolitico.mx\/wp-content\/uploads\/2023\/06\/IMG_8689.jpeg","width":1284,"height":914},{"@type":"BreadcrumbList","@id":"https:\/\/quehacerpolitico.mx\/?p=102209#breadcrumb","itemListElement":[{"@type":"ListItem","position":1,"name":"Inicio","item":"https:\/\/quehacerpolitico.mx\/"},{"@type":"ListItem","position":2,"name":"Reportan ejecuci\u00f3n de Hip\u00f3lito Mora, exl\u00edder de autodefensas"}]},{"@type":"WebSite","@id":"https:\/\/quehacerpolitico.mx\/#website","url":"https:\/\/quehacerpolitico.mx\/","name":"","description":"","potentialAction":[{"@type":"SearchAction","target":{"@type":"EntryPoint","urlTemplate":"https:\/\/quehacerpolitico.mx\/?s={search_term_string}"},"query-input":{"@type":"PropertyValueSpecification","valueRequired":true,"valueName":"search_term_string"}}],"inLanguage":"es"},{"@type":"Person","@id":"https:\/\/quehacerpolitico.mx\/#\/schema\/person\/496d8ad2d1d3f8036101dca7ee39e585","name":"Redacci\u00f3n QP","image":{"@type":"ImageObject","inLanguage":"es","@id":"https:\/\/secure.gravatar.com\/avatar\/c7164ed6fdec453195284ad24a5ae5b6e1eed2b848477fa2a4787ba9adf39a41?s=96&d=mm&r=g","url":"https:\/\/secure.gravatar.com\/avatar\/c7164ed6fdec453195284ad24a5ae5b6e1eed2b848477fa2a4787ba9adf39a41?s=96&d=mm&r=g","contentUrl":"https:\/\/secure.gravatar.com\/avatar\/c7164ed6fdec453195284ad24a5ae5b6e1eed2b848477fa2a4787ba9adf39a41?s=96&d=mm&r=g","caption":"Redacci\u00f3n QP"},"url":"https:\/\/quehacerpolitico.mx\/?author=2"}]}},"featured_image_urls":{"full":["https:\/\/quehacerpolitico.mx\/wp-content\/uploads\/2023\/06\/IMG_8689.jpeg",1284,914,false],"thumbnail":["https:\/\/quehacerpolitico.mx\/wp-content\/uploads\/2023\/06\/IMG_8689-150x150.jpeg",150,150,true],"medium":["https:\/\/quehacerpolitico.mx\/wp-content\/uploads\/2023\/06\/IMG_8689-300x214.jpeg",300,214,true],"medium_large":["https:\/\/quehacerpolitico.mx\/wp-content\/uploads\/2023\/06\/IMG_8689-768x547.jpeg",640,456,true],"large":["https:\/\/quehacerpolitico.mx\/wp-content\/uploads\/2023\/06\/IMG_8689-1024x729.jpeg",640,456,true],"1536x1536":["https:\/\/quehacerpolitico.mx\/wp-content\/uploads\/2023\/06\/IMG_8689.jpeg",1284,914,false],"2048x2048":["https:\/\/quehacerpolitico.mx\/wp-content\/uploads\/2023\/06\/IMG_8689.jpeg",1284,914,false],"covernews-featured":["https:\/\/quehacerpolitico.mx\/wp-content\/uploads\/2023\/06\/IMG_8689.jpeg",1024,729,false],"covernews-medium":["https:\/\/quehacerpolitico.mx\/wp-content\/uploads\/2023\/06\/IMG_8689.jpeg",478,340,false]},"author_info":{"display_name":"Redacci\u00f3n QP","author_link":"https:\/\/quehacerpolitico.mx\/?author=2"},"category_info":"<a href=\"https:\/\/quehacerpolitico.mx\/?cat=2\" rel=\"category\">Noticias<\/a>","tag_info":"Noticias","comment_count":"0","_links":{"self":[{"href":"https:\/\/quehacerpolitico.mx\/index.php?rest_route=\/wp\/v2\/posts\/102209","targetHints":{"allow":["GET"]}}],"collection":[{"href":"https:\/\/quehacerpolitico.mx\/index.php?rest_route=\/wp\/v2\/posts"}],"about":[{"href":"https:\/\/quehacerpolitico.mx\/index.php?rest_route=\/wp\/v2\/types\/post"}],"author":[{"embeddable":true,"href":"https:\/\/quehacerpolitico.mx\/index.php?rest_route=\/wp\/v2\/users\/2"}],"replies":[{"embeddable":true,"href":"https:\/\/quehacerpolitico.mx\/index.php?rest_route=%2Fwp%2Fv2%2Fcomments&post=102209"}],"version-history":[{"count":1,"href":"https:\/\/quehacerpolitico.mx\/index.php?rest_route=\/wp\/v2\/posts\/102209\/revisions"}],"predecessor-version":[{"id":102211,"href":"https:\/\/quehacerpolitico.mx\/index.php?rest_route=\/wp\/v2\/posts\/102209\/revisions\/102211"}],"wp:featuredmedia":[{"embeddable":true,"href":"https:\/\/quehacerpolitico.mx\/index.php?rest_route=\/wp\/v2\/media\/102210"}],"wp:attachment":[{"href":"https:\/\/quehacerpolitico.mx\/index.php?rest_route=%2Fwp%2Fv2%2Fmedia&parent=102209"}],"wp:term":[{"taxonomy":"category","embeddable":true,"href":"https:\/\/quehacerpolitico.mx\/index.php?rest_route=%2Fwp%2Fv2%2Fcategories&post=102209"},{"taxonomy":"post_tag","embeddable":true,"href":"https:\/\/quehacerpolitico.mx\/index.php?rest_route=%2Fwp%2Fv2%2Ftags&post=102209"}],"curies":[{"name":"wp","href":"https:\/\/api.w.org\/{rel}","templated":true}]}}