{"id":102203,"date":"2023-06-29T18:17:04","date_gmt":"2023-06-29T18:17:04","guid":{"rendered":"https:\/\/quehacerpolitico.mx\/?p=102203"},"modified":"2023-06-29T18:17:08","modified_gmt":"2023-06-29T18:17:08","slug":"el-alcalde-de-san-miguel-de-allende-guanajuato-cancela-concierto-de-francisco-cespedes-con-amlo-no","status":"publish","type":"post","link":"https:\/\/quehacerpolitico.mx\/?p=102203","title":{"rendered":"El Alcalde de San Miguel de Allende, #Guanajuato, cancela concierto de Francisco C\u00e9spedes &#8220;\u00a1CON AMLO NO!&#8221;"},"content":{"rendered":"\n<p>Por Redacci\u00f3n QP<\/p>\n\n\n\n<p><em>Censuran a Francisco C\u00e9spedes tras los dichos contra AMLO de hace unos d\u00edas, ya que cancelaron su concierto del 7 de julio pr\u00f3ximo<\/em><\/p>\n\n\n\n<p>Y dice que \u201csu pecho no es bodega\u201d, pues censuran a\u00a0<strong>Francisco C\u00e9spedes<\/strong>\u00a0tras los dichos contra\u00a0<strong>AMLO<\/strong> de hace unos d\u00edas.<\/p>\n\n\n\n<p>En redes sociales se difundi\u00f3 un comunicado del municipio de\u00a0<strong>San Miguel de Allende<\/strong>, en\u00a0<strong>Guanajuato<\/strong>, donde un regidor del Movimiento de Regeneraci\u00f3n Nacional (<strong>Morena<\/strong>),\u00a0<strong>Carlos Olvera \u00c1vila<\/strong>, solicit\u00f3 cancelar un evento del cantante de origen cubano.<\/p>\n\n\n\n<figure class=\"wp-block-embed is-type-rich is-provider-twitter wp-block-embed-twitter\"><div class=\"wp-block-embed__wrapper\">\n<blockquote class=\"twitter-tweet\" data-width=\"550\" data-dnt=\"true\"><p lang=\"es\" dir=\"ltr\">El Alcalde de San Miguel de Allende, <a href=\"https:\/\/twitter.com\/hashtag\/Guanajuato?src=hash&amp;ref_src=twsrc%5Etfw\">#Guanajuato<\/a>, verdaderamente dijo &quot;\u00a1CON AMLO NO!&quot;<br><br>Y es que comunic\u00f3 que se cancela el concierto de Francisco C\u00e9spedes por desear la muerte a <a href=\"https:\/\/twitter.com\/lopezobrador_?ref_src=twsrc%5Etfw\">@lopezobrador_<\/a> <a href=\"https:\/\/t.co\/q2uqowEkB7\">pic.twitter.com\/q2uqowEkB7<\/a><\/p>&mdash; Ruido en la Red (@RuidoEnLaRed) <a href=\"https:\/\/twitter.com\/RuidoEnLaRed\/status\/1674427285808754695?ref_src=twsrc%5Etfw\">June 29, 2023<\/a><\/blockquote><script async src=\"https:\/\/platform.twitter.com\/widgets.js\" charset=\"utf-8\"><\/script>\n<\/div><\/figure>\n\n\n\n<p><em>\u201cNing\u00fan ser humano, ni la investidura presidencial, se le puede desear la muerte, estamos con el Presidente de M\u00e9xico\u201d,<\/em>&nbsp;expres\u00f3 el regidor morenista en la nota informativa.<\/p>\n\n\n\n<p>Mientras que en sus redes sociales, Olvera \u00c1vila expres\u00f3 lo siguiente:<\/p>\n\n\n\n<p><em>\u201cComo Regidor del H. Ayuntamiento de #SanMigueldeAllende manifest\u00e9 mi total inconformidad por las declaraciones del cantautor Francisco C\u00e9spedes entorno (sic) al Presidente Andr\u00e9s Manuel L\u00f3pez Obrador, que bueno que se ha optado por CANCELAR el evento\u201d.<\/em><\/p>\n\n\n\n<h3 class=\"wp-block-heading\"><strong>Cancelan evento de Francisco C\u00e9spedes en San Miguel de Allende<\/strong><\/h3>\n\n\n\n<p>Las autoridades del municipio de San Miguel de Allende, Guanajuato, anunciaron la cancelaci\u00f3n del concierto de Francisco C\u00e9spedes en aquella localidad, esto debido a las declaraciones que el cantante realiz\u00f3 en contra del presidente Andr\u00e9s Manuel L\u00f3pez Obrador (AMLO), a quien incluso le dese\u00f3 la muerte.<\/p>\n\n\n\n<p><strong>Mauricio Trejo,<\/strong>&nbsp;alcalde del municipio, public\u00f3 un video donde confirm\u00f3 la cancelaci\u00f3n del concierto, \u201cen San Miguel de Allende hay libertad de expresi\u00f3n y mucha tolerancia, pero la libertad de expresi\u00f3n termina cuando alguien desea la muerte a nuestro presidente\u201d, anunci\u00f3 y agreg\u00f3 que su postura no tiene que ver con partidos pol\u00edticos, sino de \u201ccivismo\u201d.<\/p>\n\n\n\n<p><em>\u201cHe decidido que el concierto que se iba a llevar a cabo este 7 de julio, con Francisco C\u00e9spedes, se cancele y contrataremos un artista de mayor relevancia (\u2026) nadie puede venir a desearle la muerte a nuestro presidente\u201d,<\/em>&nbsp;anunci\u00f3 Mauricio Trejo.<\/p>\n\n\n\n<h3 class=\"wp-block-heading\"><strong>Morenista celebra cancelaci\u00f3n de evento<\/strong><\/h3>\n\n\n\n<p>A trav\u00e9s de Twitter, el regidor Carlos Ricardo Olvera refrend\u00f3 su \u201ctotal inconformidad\u201d ante las declaraciones realizadas por Francisco C\u00e9spedes, \u201cqu\u00e9 bueno que se ha optado por cancelar el evento\u201d, anunci\u00f3. Aunado a que mostr\u00f3 un oficio que envi\u00f3 al Ayuntamiento de San Miguel Allende donde expuso sus motivos para cancelar el evento<\/p>\n\n\n\n<p>El show del int\u00e9rprete de temas como \u201cVida loca\u201d tendr\u00eda lugar en el<strong>&nbsp;Teatro \u00c1ngela Peralta,<\/strong>&nbsp;ubicado en el municipio de San Miguel de Allende, el pr\u00f3ximo 7 de julio. Las autoridades municipales anunciaron que buscar\u00e1n un artista diferente para el show que se ten\u00eda programado en tal fecha; adem\u00e1s, garantizaron que habr\u00e1 reembolso de las entradas para quienes as\u00ed lo deseen.<\/p>\n\n\n\n<p>Parece que el pecho de los guindas s\u00ed es bodega, pues\u00a0<strong>censuran<\/strong>\u00a0a Francisco C\u00e9spedes tras los dichos contra AMLO de hace unos d\u00edas, ya que cancelaron su concierto del 7 de julio.<\/p>\n\n\n\n<figure class=\"wp-block-embed is-type-rich is-provider-twitter wp-block-embed-twitter\"><div class=\"wp-block-embed__wrapper\">\n<blockquote class=\"twitter-tweet\" data-width=\"550\" data-dnt=\"true\"><p lang=\"es\" dir=\"ltr\">\u00a1T\u00f3mala! \ud83d\udc4a\ud83c\udffb<a href=\"https:\/\/twitter.com\/carlosolvera86?ref_src=twsrc%5Etfw\">@carlosolvera86<\/a>, regidor de <a href=\"https:\/\/twitter.com\/PartidoMorenaMx?ref_src=twsrc%5Etfw\">@PartidoMorenaMx<\/a> en <a href=\"https:\/\/twitter.com\/hashtag\/SanMiguelDeAllende?src=hash&amp;ref_src=twsrc%5Etfw\">#SanMiguelDeAllende<\/a> <a href=\"https:\/\/twitter.com\/hashtag\/Guanajuato?src=hash&amp;ref_src=twsrc%5Etfw\">#Guanajuato<\/a> solicita CANCELAR evento de <a href=\"https:\/\/twitter.com\/hashtag\/FranciscoC%C3%A9spedes?src=hash&amp;ref_src=twsrc%5Etfw\">#FranciscoC\u00e9spedes<\/a>: &quot;ning\u00fan ser humano, ni la envestidura presidencial, se le puede desear la muerte, estamos con el Presidente de M\u00e9xico \ud83c\uddf2\ud83c\uddfd&quot;, escribi\u00f3 a\u2026 <a href=\"https:\/\/t.co\/KyfhfWEANF\">pic.twitter.com\/KyfhfWEANF<\/a><\/p>&mdash; Dany Santoyo (@danysantoyo_) <a href=\"https:\/\/twitter.com\/danysantoyo_\/status\/1674107672260378633?ref_src=twsrc%5Etfw\">June 28, 2023<\/a><\/blockquote><script async src=\"https:\/\/platform.twitter.com\/widgets.js\" charset=\"utf-8\"><\/script>\n<\/div><\/figure>\n","protected":false},"excerpt":{"rendered":"<p>Por Redacci\u00f3n QP Censuran a Francisco C\u00e9spedes tras los dichos contra AMLO de hace unos&#8230;<\/p>\n","protected":false},"author":2,"featured_media":102204,"comment_status":"open","ping_status":"open","sticky":false,"template":"","format":"standard","meta":{"_monsterinsights_skip_tracking":false,"_monsterinsights_sitenote_active":false,"_monsterinsights_sitenote_note":"","_monsterinsights_sitenote_category":0,"footnotes":""},"categories":[2],"tags":[],"class_list":["post-102203","post","type-post","status-publish","format-standard","has-post-thumbnail","hentry","category-noticias"],"yoast_head":"<!-- This site is optimized with the Yoast SEO plugin v27.3 - https:\/\/yoast.com\/product\/yoast-seo-wordpress\/ -->\n<title>El Alcalde de San Miguel de Allende, #Guanajuato, cancela concierto de Francisco C\u00e9spedes &quot;\u00a1CON AMLO NO!&quot; -<\/title>\n<meta name=\"robots\" content=\"index, follow, max-snippet:-1, max-image-preview:large, max-video-preview:-1\" \/>\n<link rel=\"canonical\" href=\"https:\/\/quehacerpolitico.mx\/?p=102203\" \/>\n<meta property=\"og:locale\" content=\"es_MX\" \/>\n<meta property=\"og:type\" content=\"article\" \/>\n<meta property=\"og:title\" content=\"El Alcalde de San Miguel de Allende, #Guanajuato, cancela concierto de Francisco C\u00e9spedes &quot;\u00a1CON AMLO NO!&quot; -\" \/>\n<meta property=\"og:description\" content=\"Por Redacci\u00f3n QP Censuran a Francisco C\u00e9spedes tras los dichos contra AMLO de hace unos...\" \/>\n<meta property=\"og:url\" content=\"https:\/\/quehacerpolitico.mx\/?p=102203\" \/>\n<meta property=\"article:published_time\" content=\"2023-06-29T18:17:04+00:00\" \/>\n<meta property=\"article:modified_time\" content=\"2023-06-29T18:17:08+00:00\" \/>\n<meta property=\"og:image\" content=\"https:\/\/quehacerpolitico.mx\/wp-content\/uploads\/2023\/06\/IMG_8683.jpeg\" \/>\n\t<meta property=\"og:image:width\" content=\"712\" \/>\n\t<meta property=\"og:image:height\" content=\"431\" \/>\n\t<meta property=\"og:image:type\" content=\"image\/jpeg\" \/>\n<meta name=\"author\" content=\"Redacci\u00f3n QP\" \/>\n<meta name=\"twitter:card\" content=\"summary_large_image\" \/>\n<meta name=\"twitter:label1\" content=\"Escrito por\" \/>\n\t<meta name=\"twitter:data1\" content=\"Redacci\u00f3n QP\" \/>\n\t<meta name=\"twitter:label2\" content=\"Tiempo de lectura\" \/>\n\t<meta name=\"twitter:data2\" content=\"3 minutos\" \/>\n<script type=\"application\/ld+json\" class=\"yoast-schema-graph\">{\"@context\":\"https:\\\/\\\/schema.org\",\"@graph\":[{\"@type\":\"Article\",\"@id\":\"https:\\\/\\\/quehacerpolitico.mx\\\/?p=102203#article\",\"isPartOf\":{\"@id\":\"https:\\\/\\\/quehacerpolitico.mx\\\/?p=102203\"},\"author\":{\"name\":\"Redacci\u00f3n QP\",\"@id\":\"https:\\\/\\\/quehacerpolitico.mx\\\/#\\\/schema\\\/person\\\/496d8ad2d1d3f8036101dca7ee39e585\"},\"headline\":\"El Alcalde de San Miguel de Allende, #Guanajuato, cancela concierto de Francisco C\u00e9spedes &#8220;\u00a1CON AMLO NO!&#8221;\",\"datePublished\":\"2023-06-29T18:17:04+00:00\",\"dateModified\":\"2023-06-29T18:17:08+00:00\",\"mainEntityOfPage\":{\"@id\":\"https:\\\/\\\/quehacerpolitico.mx\\\/?p=102203\"},\"wordCount\":538,\"commentCount\":0,\"image\":{\"@id\":\"https:\\\/\\\/quehacerpolitico.mx\\\/?p=102203#primaryimage\"},\"thumbnailUrl\":\"https:\\\/\\\/quehacerpolitico.mx\\\/wp-content\\\/uploads\\\/2023\\\/06\\\/IMG_8683.jpeg\",\"articleSection\":[\"Noticias\"],\"inLanguage\":\"es\",\"potentialAction\":[{\"@type\":\"CommentAction\",\"name\":\"Comment\",\"target\":[\"https:\\\/\\\/quehacerpolitico.mx\\\/?p=102203#respond\"]}]},{\"@type\":\"WebPage\",\"@id\":\"https:\\\/\\\/quehacerpolitico.mx\\\/?p=102203\",\"url\":\"https:\\\/\\\/quehacerpolitico.mx\\\/?p=102203\",\"name\":\"El Alcalde de San Miguel de Allende, #Guanajuato, cancela concierto de Francisco C\u00e9spedes \\\"\u00a1CON AMLO NO!\\\" -\",\"isPartOf\":{\"@id\":\"https:\\\/\\\/quehacerpolitico.mx\\\/#website\"},\"primaryImageOfPage\":{\"@id\":\"https:\\\/\\\/quehacerpolitico.mx\\\/?p=102203#primaryimage\"},\"image\":{\"@id\":\"https:\\\/\\\/quehacerpolitico.mx\\\/?p=102203#primaryimage\"},\"thumbnailUrl\":\"https:\\\/\\\/quehacerpolitico.mx\\\/wp-content\\\/uploads\\\/2023\\\/06\\\/IMG_8683.jpeg\",\"datePublished\":\"2023-06-29T18:17:04+00:00\",\"dateModified\":\"2023-06-29T18:17:08+00:00\",\"author\":{\"@id\":\"https:\\\/\\\/quehacerpolitico.mx\\\/#\\\/schema\\\/person\\\/496d8ad2d1d3f8036101dca7ee39e585\"},\"breadcrumb\":{\"@id\":\"https:\\\/\\\/quehacerpolitico.mx\\\/?p=102203#breadcrumb\"},\"inLanguage\":\"es\",\"potentialAction\":[{\"@type\":\"ReadAction\",\"target\":[\"https:\\\/\\\/quehacerpolitico.mx\\\/?p=102203\"]}]},{\"@type\":\"ImageObject\",\"inLanguage\":\"es\",\"@id\":\"https:\\\/\\\/quehacerpolitico.mx\\\/?p=102203#primaryimage\",\"url\":\"https:\\\/\\\/quehacerpolitico.mx\\\/wp-content\\\/uploads\\\/2023\\\/06\\\/IMG_8683.jpeg\",\"contentUrl\":\"https:\\\/\\\/quehacerpolitico.mx\\\/wp-content\\\/uploads\\\/2023\\\/06\\\/IMG_8683.jpeg\",\"width\":712,\"height\":431},{\"@type\":\"BreadcrumbList\",\"@id\":\"https:\\\/\\\/quehacerpolitico.mx\\\/?p=102203#breadcrumb\",\"itemListElement\":[{\"@type\":\"ListItem\",\"position\":1,\"name\":\"Inicio\",\"item\":\"https:\\\/\\\/quehacerpolitico.mx\\\/\"},{\"@type\":\"ListItem\",\"position\":2,\"name\":\"El Alcalde de San Miguel de Allende, #Guanajuato, cancela concierto de Francisco C\u00e9spedes &#8220;\u00a1CON AMLO NO!&#8221;\"}]},{\"@type\":\"WebSite\",\"@id\":\"https:\\\/\\\/quehacerpolitico.mx\\\/#website\",\"url\":\"https:\\\/\\\/quehacerpolitico.mx\\\/\",\"name\":\"\",\"description\":\"\",\"potentialAction\":[{\"@type\":\"SearchAction\",\"target\":{\"@type\":\"EntryPoint\",\"urlTemplate\":\"https:\\\/\\\/quehacerpolitico.mx\\\/?s={search_term_string}\"},\"query-input\":{\"@type\":\"PropertyValueSpecification\",\"valueRequired\":true,\"valueName\":\"search_term_string\"}}],\"inLanguage\":\"es\"},{\"@type\":\"Person\",\"@id\":\"https:\\\/\\\/quehacerpolitico.mx\\\/#\\\/schema\\\/person\\\/496d8ad2d1d3f8036101dca7ee39e585\",\"name\":\"Redacci\u00f3n QP\",\"image\":{\"@type\":\"ImageObject\",\"inLanguage\":\"es\",\"@id\":\"https:\\\/\\\/secure.gravatar.com\\\/avatar\\\/c7164ed6fdec453195284ad24a5ae5b6e1eed2b848477fa2a4787ba9adf39a41?s=96&d=mm&r=g\",\"url\":\"https:\\\/\\\/secure.gravatar.com\\\/avatar\\\/c7164ed6fdec453195284ad24a5ae5b6e1eed2b848477fa2a4787ba9adf39a41?s=96&d=mm&r=g\",\"contentUrl\":\"https:\\\/\\\/secure.gravatar.com\\\/avatar\\\/c7164ed6fdec453195284ad24a5ae5b6e1eed2b848477fa2a4787ba9adf39a41?s=96&d=mm&r=g\",\"caption\":\"Redacci\u00f3n QP\"},\"url\":\"https:\\\/\\\/quehacerpolitico.mx\\\/?author=2\"}]}<\/script>\n<!-- \/ Yoast SEO plugin. -->","yoast_head_json":{"title":"El Alcalde de San Miguel de Allende, #Guanajuato, cancela concierto de Francisco C\u00e9spedes \"\u00a1CON AMLO NO!\" -","robots":{"index":"index","follow":"follow","max-snippet":"max-snippet:-1","max-image-preview":"max-image-preview:large","max-video-preview":"max-video-preview:-1"},"canonical":"https:\/\/quehacerpolitico.mx\/?p=102203","og_locale":"es_MX","og_type":"article","og_title":"El Alcalde de San Miguel de Allende, #Guanajuato, cancela concierto de Francisco C\u00e9spedes \"\u00a1CON AMLO NO!\" -","og_description":"Por Redacci\u00f3n QP Censuran a Francisco C\u00e9spedes tras los dichos contra AMLO de hace unos...","og_url":"https:\/\/quehacerpolitico.mx\/?p=102203","article_published_time":"2023-06-29T18:17:04+00:00","article_modified_time":"2023-06-29T18:17:08+00:00","og_image":[{"width":712,"height":431,"url":"https:\/\/quehacerpolitico.mx\/wp-content\/uploads\/2023\/06\/IMG_8683.jpeg","type":"image\/jpeg"}],"author":"Redacci\u00f3n QP","twitter_card":"summary_large_image","twitter_misc":{"Escrito por":"Redacci\u00f3n QP","Tiempo de lectura":"3 minutos"},"schema":{"@context":"https:\/\/schema.org","@graph":[{"@type":"Article","@id":"https:\/\/quehacerpolitico.mx\/?p=102203#article","isPartOf":{"@id":"https:\/\/quehacerpolitico.mx\/?p=102203"},"author":{"name":"Redacci\u00f3n QP","@id":"https:\/\/quehacerpolitico.mx\/#\/schema\/person\/496d8ad2d1d3f8036101dca7ee39e585"},"headline":"El Alcalde de San Miguel de Allende, #Guanajuato, cancela concierto de Francisco C\u00e9spedes &#8220;\u00a1CON AMLO NO!&#8221;","datePublished":"2023-06-29T18:17:04+00:00","dateModified":"2023-06-29T18:17:08+00:00","mainEntityOfPage":{"@id":"https:\/\/quehacerpolitico.mx\/?p=102203"},"wordCount":538,"commentCount":0,"image":{"@id":"https:\/\/quehacerpolitico.mx\/?p=102203#primaryimage"},"thumbnailUrl":"https:\/\/quehacerpolitico.mx\/wp-content\/uploads\/2023\/06\/IMG_8683.jpeg","articleSection":["Noticias"],"inLanguage":"es","potentialAction":[{"@type":"CommentAction","name":"Comment","target":["https:\/\/quehacerpolitico.mx\/?p=102203#respond"]}]},{"@type":"WebPage","@id":"https:\/\/quehacerpolitico.mx\/?p=102203","url":"https:\/\/quehacerpolitico.mx\/?p=102203","name":"El Alcalde de San Miguel de Allende, #Guanajuato, cancela concierto de Francisco C\u00e9spedes \"\u00a1CON AMLO NO!\" -","isPartOf":{"@id":"https:\/\/quehacerpolitico.mx\/#website"},"primaryImageOfPage":{"@id":"https:\/\/quehacerpolitico.mx\/?p=102203#primaryimage"},"image":{"@id":"https:\/\/quehacerpolitico.mx\/?p=102203#primaryimage"},"thumbnailUrl":"https:\/\/quehacerpolitico.mx\/wp-content\/uploads\/2023\/06\/IMG_8683.jpeg","datePublished":"2023-06-29T18:17:04+00:00","dateModified":"2023-06-29T18:17:08+00:00","author":{"@id":"https:\/\/quehacerpolitico.mx\/#\/schema\/person\/496d8ad2d1d3f8036101dca7ee39e585"},"breadcrumb":{"@id":"https:\/\/quehacerpolitico.mx\/?p=102203#breadcrumb"},"inLanguage":"es","potentialAction":[{"@type":"ReadAction","target":["https:\/\/quehacerpolitico.mx\/?p=102203"]}]},{"@type":"ImageObject","inLanguage":"es","@id":"https:\/\/quehacerpolitico.mx\/?p=102203#primaryimage","url":"https:\/\/quehacerpolitico.mx\/wp-content\/uploads\/2023\/06\/IMG_8683.jpeg","contentUrl":"https:\/\/quehacerpolitico.mx\/wp-content\/uploads\/2023\/06\/IMG_8683.jpeg","width":712,"height":431},{"@type":"BreadcrumbList","@id":"https:\/\/quehacerpolitico.mx\/?p=102203#breadcrumb","itemListElement":[{"@type":"ListItem","position":1,"name":"Inicio","item":"https:\/\/quehacerpolitico.mx\/"},{"@type":"ListItem","position":2,"name":"El Alcalde de San Miguel de Allende, #Guanajuato, cancela concierto de Francisco C\u00e9spedes &#8220;\u00a1CON AMLO NO!&#8221;"}]},{"@type":"WebSite","@id":"https:\/\/quehacerpolitico.mx\/#website","url":"https:\/\/quehacerpolitico.mx\/","name":"","description":"","potentialAction":[{"@type":"SearchAction","target":{"@type":"EntryPoint","urlTemplate":"https:\/\/quehacerpolitico.mx\/?s={search_term_string}"},"query-input":{"@type":"PropertyValueSpecification","valueRequired":true,"valueName":"search_term_string"}}],"inLanguage":"es"},{"@type":"Person","@id":"https:\/\/quehacerpolitico.mx\/#\/schema\/person\/496d8ad2d1d3f8036101dca7ee39e585","name":"Redacci\u00f3n QP","image":{"@type":"ImageObject","inLanguage":"es","@id":"https:\/\/secure.gravatar.com\/avatar\/c7164ed6fdec453195284ad24a5ae5b6e1eed2b848477fa2a4787ba9adf39a41?s=96&d=mm&r=g","url":"https:\/\/secure.gravatar.com\/avatar\/c7164ed6fdec453195284ad24a5ae5b6e1eed2b848477fa2a4787ba9adf39a41?s=96&d=mm&r=g","contentUrl":"https:\/\/secure.gravatar.com\/avatar\/c7164ed6fdec453195284ad24a5ae5b6e1eed2b848477fa2a4787ba9adf39a41?s=96&d=mm&r=g","caption":"Redacci\u00f3n QP"},"url":"https:\/\/quehacerpolitico.mx\/?author=2"}]}},"featured_image_urls":{"full":["https:\/\/quehacerpolitico.mx\/wp-content\/uploads\/2023\/06\/IMG_8683.jpeg",712,431,false],"thumbnail":["https:\/\/quehacerpolitico.mx\/wp-content\/uploads\/2023\/06\/IMG_8683-150x150.jpeg",150,150,true],"medium":["https:\/\/quehacerpolitico.mx\/wp-content\/uploads\/2023\/06\/IMG_8683-300x182.jpeg",300,182,true],"medium_large":["https:\/\/quehacerpolitico.mx\/wp-content\/uploads\/2023\/06\/IMG_8683.jpeg",640,387,false],"large":["https:\/\/quehacerpolitico.mx\/wp-content\/uploads\/2023\/06\/IMG_8683.jpeg",640,387,false],"1536x1536":["https:\/\/quehacerpolitico.mx\/wp-content\/uploads\/2023\/06\/IMG_8683.jpeg",712,431,false],"2048x2048":["https:\/\/quehacerpolitico.mx\/wp-content\/uploads\/2023\/06\/IMG_8683.jpeg",712,431,false],"covernews-featured":["https:\/\/quehacerpolitico.mx\/wp-content\/uploads\/2023\/06\/IMG_8683.jpeg",712,431,false],"covernews-medium":["https:\/\/quehacerpolitico.mx\/wp-content\/uploads\/2023\/06\/IMG_8683.jpeg",540,327,false]},"author_info":{"display_name":"Redacci\u00f3n QP","author_link":"https:\/\/quehacerpolitico.mx\/?author=2"},"category_info":"<a href=\"https:\/\/quehacerpolitico.mx\/?cat=2\" rel=\"category\">Noticias<\/a>","tag_info":"Noticias","comment_count":"0","_links":{"self":[{"href":"https:\/\/quehacerpolitico.mx\/index.php?rest_route=\/wp\/v2\/posts\/102203","targetHints":{"allow":["GET"]}}],"collection":[{"href":"https:\/\/quehacerpolitico.mx\/index.php?rest_route=\/wp\/v2\/posts"}],"about":[{"href":"https:\/\/quehacerpolitico.mx\/index.php?rest_route=\/wp\/v2\/types\/post"}],"author":[{"embeddable":true,"href":"https:\/\/quehacerpolitico.mx\/index.php?rest_route=\/wp\/v2\/users\/2"}],"replies":[{"embeddable":true,"href":"https:\/\/quehacerpolitico.mx\/index.php?rest_route=%2Fwp%2Fv2%2Fcomments&post=102203"}],"version-history":[{"count":1,"href":"https:\/\/quehacerpolitico.mx\/index.php?rest_route=\/wp\/v2\/posts\/102203\/revisions"}],"predecessor-version":[{"id":102205,"href":"https:\/\/quehacerpolitico.mx\/index.php?rest_route=\/wp\/v2\/posts\/102203\/revisions\/102205"}],"wp:featuredmedia":[{"embeddable":true,"href":"https:\/\/quehacerpolitico.mx\/index.php?rest_route=\/wp\/v2\/media\/102204"}],"wp:attachment":[{"href":"https:\/\/quehacerpolitico.mx\/index.php?rest_route=%2Fwp%2Fv2%2Fmedia&parent=102203"}],"wp:term":[{"taxonomy":"category","embeddable":true,"href":"https:\/\/quehacerpolitico.mx\/index.php?rest_route=%2Fwp%2Fv2%2Fcategories&post=102203"},{"taxonomy":"post_tag","embeddable":true,"href":"https:\/\/quehacerpolitico.mx\/index.php?rest_route=%2Fwp%2Fv2%2Ftags&post=102203"}],"curies":[{"name":"wp","href":"https:\/\/api.w.org\/{rel}","templated":true}]}}