{"id":102199,"date":"2023-06-29T18:00:59","date_gmt":"2023-06-29T18:00:59","guid":{"rendered":"https:\/\/quehacerpolitico.mx\/?p=102199"},"modified":"2023-06-29T18:01:09","modified_gmt":"2023-06-29T18:01:09","slug":"paola-longoria-retiene-el-titulo-en-raquetbol-en-los-centroamericanos","status":"publish","type":"post","link":"https:\/\/quehacerpolitico.mx\/?p=102199","title":{"rendered":"Paola Longoria RETIENE el t\u00edtulo en raquetbol en los Centroamericanos"},"content":{"rendered":"\n<p>Por Redacci\u00f3n QP<\/p>\n\n\n\n<p>La mexicana fue de menos a m\u00e1s para vencer 6-11, 11-8, 11-5, 11-4 a la guatemalteca Ana Gabriela Mart\u00ednez<\/p>\n\n\n\n<p>La mexicana Paola Longoria, segunda raqueta del mundo, fue de menos a m\u00e1s para vencer este jueves por 6-11, 11-8, 11-5, 11-4 a la guatemalteca Ana Gabriela Mart\u00ednez y retener el t\u00edtulo de raquetbol de los Juegos Centroamericanos y del Caribe 2023.<\/p>\n\n\n\n<p>Envalentonada luego de derrotar en Semifinales a la mexicana Monserrat Mej\u00eda, primera de la clasificaci\u00f3n mundial, Mart\u00ednez sali\u00f3 sin complejos ante la mejor jugadora de la \u00faltima d\u00e9cada y con su servicio pronto se puso delante 2-0.<\/p>\n\n\n\n<p>Paciente,\u00a0Paola\u00a0Longoria empat\u00f3, pero la guatemalteca sigui\u00f3 punzante, sobre todo con su rev\u00e9s y en ning\u00fan momento estuvo debajo en el marcador, lo cual hizo reflexionar al equipo de la mexicana, que pidi\u00f3 un tiempo.<\/p>\n\n\n\n<figure class=\"wp-block-embed is-type-rich is-provider-twitter wp-block-embed-twitter\"><div class=\"wp-block-embed__wrapper\">\n<blockquote class=\"twitter-tweet\" data-width=\"550\" data-dnt=\"true\"><p lang=\"es\" dir=\"ltr\">As\u00ed es, <a href=\"https:\/\/twitter.com\/paolongoria?ref_src=twsrc%5Etfw\">@paolongoria<\/a> logra su quinto t\u00edtulo \ud83c\udfc6\ud83c\udfc6\ud83c\udfc6\ud83c\udfc6\ud83c\udfc6 centroamericano  consolidando su trayectoria ganadora en la regi\u00f3n, al vencer a la representante de centro <a href=\"https:\/\/twitter.com\/CentroCaribeS?ref_src=twsrc%5Etfw\">@CentroCaribeS<\/a>, Ana Mart\u00ednez.<a href=\"https:\/\/twitter.com\/hashtag\/M%C3%A9xicoEnSanSalvador?src=hash&amp;ref_src=twsrc%5Etfw\">#M\u00e9xicoEnSanSalvador<\/a> \ud83c\udff8\ud83c\uddf2\ud83c\uddfd\ud83e\udd47\ud83d\udc4f <a href=\"https:\/\/t.co\/hyPNOdey79\">pic.twitter.com\/hyPNOdey79<\/a><\/p>&mdash; Comit\u00e9 Ol\u00edmpico Mexicano (@COM_Mexico) <a href=\"https:\/\/twitter.com\/COM_Mexico\/status\/1674446676600258563?ref_src=twsrc%5Etfw\">June 29, 2023<\/a><\/blockquote><script async src=\"https:\/\/platform.twitter.com\/widgets.js\" charset=\"utf-8\"><\/script>\n<\/div><\/figure>\n\n\n\n<p>Al regresar hubo una sola jugadora en la cancha, la guatemalteca, que respondi\u00f3 todos los ataques de la campeona defensora, desconcertada ante una rival casi sin errores, que sum\u00f3 cinco puntos consecutivos y se llev\u00f3 el ser por 11-6. En la segunda manga, Longoria sali\u00f3 como fiera herida; impuso su hermoso juego y casi sin mover su mo\u00f1o estilo chino tom\u00f3 ventaja de 4-1. Mart\u00ednez respondi\u00f3, se acerc\u00f3 5-4, sin embargo, la mexicana mantuvo la concentraci\u00f3n y volvi\u00f3 a despegarse, 9-6 para acercarse a la otra orilla. Despu\u00e9s de un tiempo fuera, la retadora recuper\u00f3 la precisi\u00f3n y se acerc\u00f3 9-8, pero un disparo suyo se qued\u00f3 corto, lo cual aprovech\u00f3 la campeona para rematar y llevarse la manga. Un emocionante juego por el oro &#8220;Hay juego&#8221;, grit\u00f3 el jefe de la delegaci\u00f3n mexicana en Santo Domingo, el \u00fanico que se atrevi\u00f3 a romper el silencio en las gradas. Longoria fue mejor en el tercer set en el que apenas cometi\u00f3 errores. Tom\u00f3 ventaja temprana de 3-1 y sigui\u00f3 a delante con su juego variado y gan\u00f3 por 11-5.<\/p>\n\n\n\n<figure class=\"wp-block-embed is-type-rich is-provider-twitter wp-block-embed-twitter\"><div class=\"wp-block-embed__wrapper\">\n<blockquote class=\"twitter-tweet\" data-width=\"550\" data-dnt=\"true\"><p lang=\"es\" dir=\"ltr\">\u00a1\ud835\udde5\ud835\uddd4\ud835\udde4\ud835\udde8\ud835\uddd8\ud835\udde7\ud835\uddd4 \ud835\uddd7\ud835\udde2\ud835\udde5\ud835\uddd4\ud835\uddd7\ud835\uddd4! \ud83e\udd4d\ud83e\udd47\ud83c\uddf2\ud83c\uddfd<br><br>La seleccionada nacional, Paola Longoria, se proclama campeona en individual femenil de \ud835\udc2b\ud835\udc1a\ud835\udc2a\ud835\udc2e\ud835\udc1e\ud835\udc2d\ud835\udc1b\ud835\udc28\ud835\udc25, tras vencer 3\ufe0f\u20e3-1\ufe0f\u20e3 a Ana Mart\u00ednez, de Centro Caribe Sports, en los XXIV Juegos Centroamericanos <a href=\"https:\/\/twitter.com\/hashtag\/SanSalvador2023?src=hash&amp;ref_src=twsrc%5Etfw\">#SanSalvador2023<\/a> \ud83c\uddf8\ud83c\uddfb. <a href=\"https:\/\/t.co\/69Rs8VdzMH\">pic.twitter.com\/69Rs8VdzMH<\/a><\/p>&mdash; CONADE (@CONADE) <a href=\"https:\/\/twitter.com\/CONADE\/status\/1674445122870861824?ref_src=twsrc%5Etfw\">June 29, 2023<\/a><\/blockquote><script async src=\"https:\/\/platform.twitter.com\/widgets.js\" charset=\"utf-8\"><\/script>\n<\/div><\/figure>\n\n\n\n<p>En el inicio del cuarto set Mart\u00ednez regres\u00f3 a la cancha con calcetines nuevos, Paola se persign\u00f3, pero m\u00e1s que la ayuda de un dios, fue su juego de muchas herramientas el que le permiti\u00f3 ganar el parcial en seis minutos ante una rival desgastada. Fue la primera medalla de oro de M\u00e9xico que este jueves apostar\u00e1 a ganar otras cuatro en raquetbol y ya tiene una segura, en la final masculina entre los mexicanos Rodrigo Montoya y Edoardo Portillo. Despu\u00e9s ser\u00e1n las finales de dobles, femenino, masculino y mixto.<\/p>\n\n\n\n<p>Con informaci\u00f3n de Medio Tiempo<\/p>\n","protected":false},"excerpt":{"rendered":"<p>Por Redacci\u00f3n QP La mexicana fue de menos a m\u00e1s para vencer 6-11, 11-8, 11-5,&#8230;<\/p>\n","protected":false},"author":2,"featured_media":102201,"comment_status":"open","ping_status":"open","sticky":false,"template":"","format":"standard","meta":{"_monsterinsights_skip_tracking":false,"_monsterinsights_sitenote_active":false,"_monsterinsights_sitenote_note":"","_monsterinsights_sitenote_category":0,"footnotes":""},"categories":[54],"tags":[],"class_list":["post-102199","post","type-post","status-publish","format-standard","has-post-thumbnail","hentry","category-deportes"],"yoast_head":"<!-- This site is optimized with the Yoast SEO plugin v27.3 - https:\/\/yoast.com\/product\/yoast-seo-wordpress\/ -->\n<title>Paola Longoria RETIENE el t\u00edtulo en raquetbol en los Centroamericanos -<\/title>\n<meta name=\"robots\" content=\"index, follow, max-snippet:-1, max-image-preview:large, max-video-preview:-1\" \/>\n<link rel=\"canonical\" href=\"https:\/\/quehacerpolitico.mx\/?p=102199\" \/>\n<meta property=\"og:locale\" content=\"es_MX\" \/>\n<meta property=\"og:type\" content=\"article\" \/>\n<meta property=\"og:title\" content=\"Paola Longoria RETIENE el t\u00edtulo en raquetbol en los Centroamericanos -\" \/>\n<meta property=\"og:description\" content=\"Por Redacci\u00f3n QP La mexicana fue de menos a m\u00e1s para vencer 6-11, 11-8, 11-5,...\" \/>\n<meta property=\"og:url\" content=\"https:\/\/quehacerpolitico.mx\/?p=102199\" \/>\n<meta property=\"article:published_time\" content=\"2023-06-29T18:00:59+00:00\" \/>\n<meta property=\"article:modified_time\" content=\"2023-06-29T18:01:09+00:00\" \/>\n<meta property=\"og:image\" content=\"https:\/\/quehacerpolitico.mx\/wp-content\/uploads\/2023\/06\/IMG_8682-1.jpeg\" \/>\n\t<meta property=\"og:image:width\" content=\"1600\" \/>\n\t<meta property=\"og:image:height\" content=\"1066\" \/>\n\t<meta property=\"og:image:type\" content=\"image\/jpeg\" \/>\n<meta name=\"author\" content=\"Redacci\u00f3n QP\" \/>\n<meta name=\"twitter:card\" content=\"summary_large_image\" \/>\n<meta name=\"twitter:label1\" content=\"Escrito por\" \/>\n\t<meta name=\"twitter:data1\" content=\"Redacci\u00f3n QP\" \/>\n\t<meta name=\"twitter:label2\" content=\"Tiempo de lectura\" \/>\n\t<meta name=\"twitter:data2\" content=\"2 minutos\" \/>\n<script type=\"application\/ld+json\" class=\"yoast-schema-graph\">{\"@context\":\"https:\\\/\\\/schema.org\",\"@graph\":[{\"@type\":\"Article\",\"@id\":\"https:\\\/\\\/quehacerpolitico.mx\\\/?p=102199#article\",\"isPartOf\":{\"@id\":\"https:\\\/\\\/quehacerpolitico.mx\\\/?p=102199\"},\"author\":{\"name\":\"Redacci\u00f3n QP\",\"@id\":\"https:\\\/\\\/quehacerpolitico.mx\\\/#\\\/schema\\\/person\\\/496d8ad2d1d3f8036101dca7ee39e585\"},\"headline\":\"Paola Longoria RETIENE el t\u00edtulo en raquetbol en los Centroamericanos\",\"datePublished\":\"2023-06-29T18:00:59+00:00\",\"dateModified\":\"2023-06-29T18:01:09+00:00\",\"mainEntityOfPage\":{\"@id\":\"https:\\\/\\\/quehacerpolitico.mx\\\/?p=102199\"},\"wordCount\":468,\"commentCount\":0,\"image\":{\"@id\":\"https:\\\/\\\/quehacerpolitico.mx\\\/?p=102199#primaryimage\"},\"thumbnailUrl\":\"https:\\\/\\\/quehacerpolitico.mx\\\/wp-content\\\/uploads\\\/2023\\\/06\\\/IMG_8682-1.jpeg\",\"articleSection\":[\"Deportes\"],\"inLanguage\":\"es\",\"potentialAction\":[{\"@type\":\"CommentAction\",\"name\":\"Comment\",\"target\":[\"https:\\\/\\\/quehacerpolitico.mx\\\/?p=102199#respond\"]}]},{\"@type\":\"WebPage\",\"@id\":\"https:\\\/\\\/quehacerpolitico.mx\\\/?p=102199\",\"url\":\"https:\\\/\\\/quehacerpolitico.mx\\\/?p=102199\",\"name\":\"Paola Longoria RETIENE el t\u00edtulo en raquetbol en los Centroamericanos -\",\"isPartOf\":{\"@id\":\"https:\\\/\\\/quehacerpolitico.mx\\\/#website\"},\"primaryImageOfPage\":{\"@id\":\"https:\\\/\\\/quehacerpolitico.mx\\\/?p=102199#primaryimage\"},\"image\":{\"@id\":\"https:\\\/\\\/quehacerpolitico.mx\\\/?p=102199#primaryimage\"},\"thumbnailUrl\":\"https:\\\/\\\/quehacerpolitico.mx\\\/wp-content\\\/uploads\\\/2023\\\/06\\\/IMG_8682-1.jpeg\",\"datePublished\":\"2023-06-29T18:00:59+00:00\",\"dateModified\":\"2023-06-29T18:01:09+00:00\",\"author\":{\"@id\":\"https:\\\/\\\/quehacerpolitico.mx\\\/#\\\/schema\\\/person\\\/496d8ad2d1d3f8036101dca7ee39e585\"},\"breadcrumb\":{\"@id\":\"https:\\\/\\\/quehacerpolitico.mx\\\/?p=102199#breadcrumb\"},\"inLanguage\":\"es\",\"potentialAction\":[{\"@type\":\"ReadAction\",\"target\":[\"https:\\\/\\\/quehacerpolitico.mx\\\/?p=102199\"]}]},{\"@type\":\"ImageObject\",\"inLanguage\":\"es\",\"@id\":\"https:\\\/\\\/quehacerpolitico.mx\\\/?p=102199#primaryimage\",\"url\":\"https:\\\/\\\/quehacerpolitico.mx\\\/wp-content\\\/uploads\\\/2023\\\/06\\\/IMG_8682-1.jpeg\",\"contentUrl\":\"https:\\\/\\\/quehacerpolitico.mx\\\/wp-content\\\/uploads\\\/2023\\\/06\\\/IMG_8682-1.jpeg\",\"width\":1600,\"height\":1066},{\"@type\":\"BreadcrumbList\",\"@id\":\"https:\\\/\\\/quehacerpolitico.mx\\\/?p=102199#breadcrumb\",\"itemListElement\":[{\"@type\":\"ListItem\",\"position\":1,\"name\":\"Inicio\",\"item\":\"https:\\\/\\\/quehacerpolitico.mx\\\/\"},{\"@type\":\"ListItem\",\"position\":2,\"name\":\"Paola Longoria RETIENE el t\u00edtulo en raquetbol en los Centroamericanos\"}]},{\"@type\":\"WebSite\",\"@id\":\"https:\\\/\\\/quehacerpolitico.mx\\\/#website\",\"url\":\"https:\\\/\\\/quehacerpolitico.mx\\\/\",\"name\":\"\",\"description\":\"\",\"potentialAction\":[{\"@type\":\"SearchAction\",\"target\":{\"@type\":\"EntryPoint\",\"urlTemplate\":\"https:\\\/\\\/quehacerpolitico.mx\\\/?s={search_term_string}\"},\"query-input\":{\"@type\":\"PropertyValueSpecification\",\"valueRequired\":true,\"valueName\":\"search_term_string\"}}],\"inLanguage\":\"es\"},{\"@type\":\"Person\",\"@id\":\"https:\\\/\\\/quehacerpolitico.mx\\\/#\\\/schema\\\/person\\\/496d8ad2d1d3f8036101dca7ee39e585\",\"name\":\"Redacci\u00f3n QP\",\"image\":{\"@type\":\"ImageObject\",\"inLanguage\":\"es\",\"@id\":\"https:\\\/\\\/secure.gravatar.com\\\/avatar\\\/c7164ed6fdec453195284ad24a5ae5b6e1eed2b848477fa2a4787ba9adf39a41?s=96&d=mm&r=g\",\"url\":\"https:\\\/\\\/secure.gravatar.com\\\/avatar\\\/c7164ed6fdec453195284ad24a5ae5b6e1eed2b848477fa2a4787ba9adf39a41?s=96&d=mm&r=g\",\"contentUrl\":\"https:\\\/\\\/secure.gravatar.com\\\/avatar\\\/c7164ed6fdec453195284ad24a5ae5b6e1eed2b848477fa2a4787ba9adf39a41?s=96&d=mm&r=g\",\"caption\":\"Redacci\u00f3n QP\"},\"url\":\"https:\\\/\\\/quehacerpolitico.mx\\\/?author=2\"}]}<\/script>\n<!-- \/ Yoast SEO plugin. -->","yoast_head_json":{"title":"Paola Longoria RETIENE el t\u00edtulo en raquetbol en los Centroamericanos -","robots":{"index":"index","follow":"follow","max-snippet":"max-snippet:-1","max-image-preview":"max-image-preview:large","max-video-preview":"max-video-preview:-1"},"canonical":"https:\/\/quehacerpolitico.mx\/?p=102199","og_locale":"es_MX","og_type":"article","og_title":"Paola Longoria RETIENE el t\u00edtulo en raquetbol en los Centroamericanos -","og_description":"Por Redacci\u00f3n QP La mexicana fue de menos a m\u00e1s para vencer 6-11, 11-8, 11-5,...","og_url":"https:\/\/quehacerpolitico.mx\/?p=102199","article_published_time":"2023-06-29T18:00:59+00:00","article_modified_time":"2023-06-29T18:01:09+00:00","og_image":[{"width":1600,"height":1066,"url":"https:\/\/quehacerpolitico.mx\/wp-content\/uploads\/2023\/06\/IMG_8682-1.jpeg","type":"image\/jpeg"}],"author":"Redacci\u00f3n QP","twitter_card":"summary_large_image","twitter_misc":{"Escrito por":"Redacci\u00f3n QP","Tiempo de lectura":"2 minutos"},"schema":{"@context":"https:\/\/schema.org","@graph":[{"@type":"Article","@id":"https:\/\/quehacerpolitico.mx\/?p=102199#article","isPartOf":{"@id":"https:\/\/quehacerpolitico.mx\/?p=102199"},"author":{"name":"Redacci\u00f3n QP","@id":"https:\/\/quehacerpolitico.mx\/#\/schema\/person\/496d8ad2d1d3f8036101dca7ee39e585"},"headline":"Paola Longoria RETIENE el t\u00edtulo en raquetbol en los Centroamericanos","datePublished":"2023-06-29T18:00:59+00:00","dateModified":"2023-06-29T18:01:09+00:00","mainEntityOfPage":{"@id":"https:\/\/quehacerpolitico.mx\/?p=102199"},"wordCount":468,"commentCount":0,"image":{"@id":"https:\/\/quehacerpolitico.mx\/?p=102199#primaryimage"},"thumbnailUrl":"https:\/\/quehacerpolitico.mx\/wp-content\/uploads\/2023\/06\/IMG_8682-1.jpeg","articleSection":["Deportes"],"inLanguage":"es","potentialAction":[{"@type":"CommentAction","name":"Comment","target":["https:\/\/quehacerpolitico.mx\/?p=102199#respond"]}]},{"@type":"WebPage","@id":"https:\/\/quehacerpolitico.mx\/?p=102199","url":"https:\/\/quehacerpolitico.mx\/?p=102199","name":"Paola Longoria RETIENE el t\u00edtulo en raquetbol en los Centroamericanos -","isPartOf":{"@id":"https:\/\/quehacerpolitico.mx\/#website"},"primaryImageOfPage":{"@id":"https:\/\/quehacerpolitico.mx\/?p=102199#primaryimage"},"image":{"@id":"https:\/\/quehacerpolitico.mx\/?p=102199#primaryimage"},"thumbnailUrl":"https:\/\/quehacerpolitico.mx\/wp-content\/uploads\/2023\/06\/IMG_8682-1.jpeg","datePublished":"2023-06-29T18:00:59+00:00","dateModified":"2023-06-29T18:01:09+00:00","author":{"@id":"https:\/\/quehacerpolitico.mx\/#\/schema\/person\/496d8ad2d1d3f8036101dca7ee39e585"},"breadcrumb":{"@id":"https:\/\/quehacerpolitico.mx\/?p=102199#breadcrumb"},"inLanguage":"es","potentialAction":[{"@type":"ReadAction","target":["https:\/\/quehacerpolitico.mx\/?p=102199"]}]},{"@type":"ImageObject","inLanguage":"es","@id":"https:\/\/quehacerpolitico.mx\/?p=102199#primaryimage","url":"https:\/\/quehacerpolitico.mx\/wp-content\/uploads\/2023\/06\/IMG_8682-1.jpeg","contentUrl":"https:\/\/quehacerpolitico.mx\/wp-content\/uploads\/2023\/06\/IMG_8682-1.jpeg","width":1600,"height":1066},{"@type":"BreadcrumbList","@id":"https:\/\/quehacerpolitico.mx\/?p=102199#breadcrumb","itemListElement":[{"@type":"ListItem","position":1,"name":"Inicio","item":"https:\/\/quehacerpolitico.mx\/"},{"@type":"ListItem","position":2,"name":"Paola Longoria RETIENE el t\u00edtulo en raquetbol en los Centroamericanos"}]},{"@type":"WebSite","@id":"https:\/\/quehacerpolitico.mx\/#website","url":"https:\/\/quehacerpolitico.mx\/","name":"","description":"","potentialAction":[{"@type":"SearchAction","target":{"@type":"EntryPoint","urlTemplate":"https:\/\/quehacerpolitico.mx\/?s={search_term_string}"},"query-input":{"@type":"PropertyValueSpecification","valueRequired":true,"valueName":"search_term_string"}}],"inLanguage":"es"},{"@type":"Person","@id":"https:\/\/quehacerpolitico.mx\/#\/schema\/person\/496d8ad2d1d3f8036101dca7ee39e585","name":"Redacci\u00f3n QP","image":{"@type":"ImageObject","inLanguage":"es","@id":"https:\/\/secure.gravatar.com\/avatar\/c7164ed6fdec453195284ad24a5ae5b6e1eed2b848477fa2a4787ba9adf39a41?s=96&d=mm&r=g","url":"https:\/\/secure.gravatar.com\/avatar\/c7164ed6fdec453195284ad24a5ae5b6e1eed2b848477fa2a4787ba9adf39a41?s=96&d=mm&r=g","contentUrl":"https:\/\/secure.gravatar.com\/avatar\/c7164ed6fdec453195284ad24a5ae5b6e1eed2b848477fa2a4787ba9adf39a41?s=96&d=mm&r=g","caption":"Redacci\u00f3n QP"},"url":"https:\/\/quehacerpolitico.mx\/?author=2"}]}},"featured_image_urls":{"full":["https:\/\/quehacerpolitico.mx\/wp-content\/uploads\/2023\/06\/IMG_8682-1.jpeg",1600,1066,false],"thumbnail":["https:\/\/quehacerpolitico.mx\/wp-content\/uploads\/2023\/06\/IMG_8682-1-150x150.jpeg",150,150,true],"medium":["https:\/\/quehacerpolitico.mx\/wp-content\/uploads\/2023\/06\/IMG_8682-1-300x200.jpeg",300,200,true],"medium_large":["https:\/\/quehacerpolitico.mx\/wp-content\/uploads\/2023\/06\/IMG_8682-1-768x512.jpeg",640,427,true],"large":["https:\/\/quehacerpolitico.mx\/wp-content\/uploads\/2023\/06\/IMG_8682-1-1024x682.jpeg",640,426,true],"1536x1536":["https:\/\/quehacerpolitico.mx\/wp-content\/uploads\/2023\/06\/IMG_8682-1-1536x1023.jpeg",1536,1023,true],"2048x2048":["https:\/\/quehacerpolitico.mx\/wp-content\/uploads\/2023\/06\/IMG_8682-1.jpeg",1600,1066,false],"covernews-featured":["https:\/\/quehacerpolitico.mx\/wp-content\/uploads\/2023\/06\/IMG_8682-1.jpeg",1024,682,false],"covernews-medium":["https:\/\/quehacerpolitico.mx\/wp-content\/uploads\/2023\/06\/IMG_8682-1.jpeg",510,340,false]},"author_info":{"display_name":"Redacci\u00f3n QP","author_link":"https:\/\/quehacerpolitico.mx\/?author=2"},"category_info":"<a href=\"https:\/\/quehacerpolitico.mx\/?cat=54\" rel=\"category\">Deportes<\/a>","tag_info":"Deportes","comment_count":"0","_links":{"self":[{"href":"https:\/\/quehacerpolitico.mx\/index.php?rest_route=\/wp\/v2\/posts\/102199","targetHints":{"allow":["GET"]}}],"collection":[{"href":"https:\/\/quehacerpolitico.mx\/index.php?rest_route=\/wp\/v2\/posts"}],"about":[{"href":"https:\/\/quehacerpolitico.mx\/index.php?rest_route=\/wp\/v2\/types\/post"}],"author":[{"embeddable":true,"href":"https:\/\/quehacerpolitico.mx\/index.php?rest_route=\/wp\/v2\/users\/2"}],"replies":[{"embeddable":true,"href":"https:\/\/quehacerpolitico.mx\/index.php?rest_route=%2Fwp%2Fv2%2Fcomments&post=102199"}],"version-history":[{"count":1,"href":"https:\/\/quehacerpolitico.mx\/index.php?rest_route=\/wp\/v2\/posts\/102199\/revisions"}],"predecessor-version":[{"id":102202,"href":"https:\/\/quehacerpolitico.mx\/index.php?rest_route=\/wp\/v2\/posts\/102199\/revisions\/102202"}],"wp:featuredmedia":[{"embeddable":true,"href":"https:\/\/quehacerpolitico.mx\/index.php?rest_route=\/wp\/v2\/media\/102201"}],"wp:attachment":[{"href":"https:\/\/quehacerpolitico.mx\/index.php?rest_route=%2Fwp%2Fv2%2Fmedia&parent=102199"}],"wp:term":[{"taxonomy":"category","embeddable":true,"href":"https:\/\/quehacerpolitico.mx\/index.php?rest_route=%2Fwp%2Fv2%2Fcategories&post=102199"},{"taxonomy":"post_tag","embeddable":true,"href":"https:\/\/quehacerpolitico.mx\/index.php?rest_route=%2Fwp%2Fv2%2Ftags&post=102199"}],"curies":[{"name":"wp","href":"https:\/\/api.w.org\/{rel}","templated":true}]}}