{"id":102196,"date":"2023-06-29T17:45:31","date_gmt":"2023-06-29T17:45:31","guid":{"rendered":"https:\/\/quehacerpolitico.mx\/?p=102196"},"modified":"2023-06-29T17:45:41","modified_gmt":"2023-06-29T17:45:41","slug":"los-mexicanos-no-son-felices-en-sus-trabajos-2-de-cada-3-estan-agotados","status":"publish","type":"post","link":"https:\/\/quehacerpolitico.mx\/?p=102196","title":{"rendered":"Los mexicanos no son felices en sus trabajos; 2 de cada 3 est\u00e1n agotados"},"content":{"rendered":"\n<p>Por Redacci\u00f3n QP<\/p>\n\n\n\n<p>El 67% de los colaboradores mexicanos se siente emocionalmente agotado por el trabajo, de acuerdo el estudio reciente Reporte de Burnout<\/p>\n\n\n\n<p><strong>Los empleados mexicanos no est\u00e1n felices en sus trabajos y parece que es poco lo que se hace al respecto<\/strong>.<\/p>\n\n\n\n<p><strong>El 67% de los colaboradores mexicanos se siente emocionalmente agotado por el trabajo<\/strong>, de acuerdo el estudio reciente Reporte de Burnout.<\/p>\n\n\n\n<p>Cada a\u00f1o se pierden 12 millones de d\u00edas de trabajo debido a licencias asociadas a salud mental y las\u00a0<strong>personas que experimentan\u00a0<em>burnout<\/em>, tienen 2.6 veces m\u00e1s probabilidades de renunciar al trabajo<\/strong>.<\/p>\n\n\n\n<p>El &#8220;<em>burnout<\/em>&#8221; se ha vuelto tendencia tanto en redes sociales como en las conversaciones diarias en el trabajo.&nbsp;<strong>Es un s\u00edndrome de agotamiento f\u00edsico y emocional que se produce como resultado de estr\u00e9s cr\u00f3nico en el trabajo que no ha sido manejado correctamente y es un problema serio que puede afectar negativamente la salud y el bienestar de los individuos, as\u00ed como su desempe\u00f1o en el trabajo<\/strong>.<\/p>\n\n\n\n<p>El estudio elaborado por Buk, plataforma l\u00edder en gesti\u00f3n de recursos humanos, se llev\u00f3 a cabo del 24 de abril al 5 de mayo y tuvo el objetivo de visibilizar el nivel de\u00a0<em>burnout<\/em>\u00a0o estr\u00e9s laboral cr\u00f3nico que tienen las personas en sus trabajos y fue realizado considerando una muestra de mil 600 personas en M\u00e9xico, Chile, Colombia y Per\u00fa.<\/p>\n\n\n\n<p>Estas encuestas, adem\u00e1s de mostrar indicadores de&nbsp;<em>burnout<\/em>&nbsp;en M\u00e9xico y la regi\u00f3n, tambi\u00e9n complementan la radiograf\u00eda de percepci\u00f3n laboral, agregando el concepto del&nbsp;<em><strong>Quiet Quitting<\/strong><\/em><strong>(Renuncia Silenciosa)<\/strong>.<\/p>\n\n\n\n<h2 class=\"wp-block-heading\">Estr\u00e9s laboral, las cifras<\/h2>\n\n\n\n<p>Las preguntas realizadas se orientaron a detectar con qu\u00e9 frecuencia el colaborador estaba experimentando sensaciones o emociones que podr\u00edan relacionarse con el estr\u00e9s laboral. Por ejemplo,\u00a0<strong>sentimiento de angustia antes de ir al trabajo, agobio o agotamiento con el equipo de trabajo, entre otras<\/strong>.<\/p>\n\n\n\n<p>A partir de estas respuestas y en complemento con entrevistas a expertos en temas de salud mental y bienestar laboral,&nbsp;<strong>algunos de los hallazgos m\u00e1s notorios del reporte son los siguientes<\/strong>:<\/p>\n\n\n\n<ol class=\"wp-block-list\">\n<li>Sobre el&nbsp;<em><strong>burnout<\/strong><\/em>:&nbsp;<strong>el 5% de las personas mayores de 50 a\u00f1os presenta s\u00edntomas de&nbsp;<\/strong><em><strong>burnout<\/strong><\/em>. Asimismo, los j\u00f3venes son m\u00e1s susceptibles a experimentar<em>&nbsp;burnout<\/em>&nbsp;laboral.<\/li>\n\n\n\n<li>Sobre el&nbsp;<strong>agotamiento laboral<\/strong>:&nbsp;<strong>es m\u00e1s com\u00fan en hombres que en mujeres<\/strong>. El 67% de los participantes de la encuesta se siente emocionalmente agotado por el trabajo.<\/li>\n\n\n\n<li>Sobre el&nbsp;<em><strong>Quiet Quitting<\/strong><\/em>:&nbsp;<strong>el 37% de los participantes de la encuesta no siente entusiasmo por su trabajo<\/strong>; el 18% se\u00f1ala que en su trabajo hace el m\u00ednimo necesario por el sueldo que recibe; el 35% no se siente realizado con lo que hace en el trabajo.<\/li>\n<\/ol>\n\n\n\n<h2 class=\"wp-block-heading\">Crear iniciativas, clave para contrarrestar el burnout<\/h2>\n\n\n\n<p>Al hablar de<em>&nbsp;burnout&nbsp;<\/em>tanto las empresas como sus colaboradores tienen la responsabilidad de contribuir para contrarrestarlo. Una de las recomendaciones m\u00e1s importantes es&nbsp;<strong>poner l\u00edmites a nivel individual y como empresas, crear iniciativas que contemplen estos s\u00edntomas a nivel organizacional<\/strong>.<\/p>\n\n\n\n<p>Algunas recomendaciones a nivel personal para enfrentar el<em>&nbsp;burnout<\/em>&nbsp;laboral incluyen:&nbsp;<strong>establecer l\u00edmites claros entre la vida personal y profesional; buscar apoyo en familia y c\u00edrculos de amistades; buscar ayuda profesional; priorizar un ambiente laboral sano; y procurar un itinerario de sue\u00f1o adecuado<\/strong>.<\/p>\n\n\n\n<p>Desde las organizaciones:&nbsp;<strong>empoderar a los l\u00edderes; fomentar culturas laborales sanas; evaluar seriamente la carga laboral; y tener un protocolo de apoyo oportuno<\/strong>.<\/p>\n\n\n\n<p>El continuo an\u00e1lisis de datos, as\u00ed como la innovaci\u00f3n en tendencia sobre la gesti\u00f3n de recursos humanos, ha permitido a Buk poder desarrollar estos estudios sobre el clima laboral en las empresas con el fin de robustecer soluciones en beneficio de estas y de sus colaboradores.<\/p>\n\n\n\n<p>Con Informaci\u00f3n de SUN <\/p>\n","protected":false},"excerpt":{"rendered":"<p>Por Redacci\u00f3n QP El 67% de los colaboradores mexicanos se siente emocionalmente agotado por el&#8230;<\/p>\n","protected":false},"author":2,"featured_media":102197,"comment_status":"open","ping_status":"open","sticky":false,"template":"","format":"standard","meta":{"_monsterinsights_skip_tracking":false,"_monsterinsights_sitenote_active":false,"_monsterinsights_sitenote_note":"","_monsterinsights_sitenote_category":0,"footnotes":""},"categories":[2],"tags":[],"class_list":["post-102196","post","type-post","status-publish","format-standard","has-post-thumbnail","hentry","category-noticias"],"yoast_head":"<!-- This site is optimized with the Yoast SEO plugin v27.3 - https:\/\/yoast.com\/product\/yoast-seo-wordpress\/ -->\n<title>Los mexicanos no son felices en sus trabajos; 2 de cada 3 est\u00e1n agotados -<\/title>\n<meta name=\"robots\" content=\"index, follow, max-snippet:-1, max-image-preview:large, max-video-preview:-1\" \/>\n<link rel=\"canonical\" href=\"https:\/\/quehacerpolitico.mx\/?p=102196\" \/>\n<meta property=\"og:locale\" content=\"es_MX\" \/>\n<meta property=\"og:type\" content=\"article\" \/>\n<meta property=\"og:title\" content=\"Los mexicanos no son felices en sus trabajos; 2 de cada 3 est\u00e1n agotados -\" \/>\n<meta property=\"og:description\" content=\"Por Redacci\u00f3n QP El 67% de los colaboradores mexicanos se siente emocionalmente agotado por el...\" \/>\n<meta property=\"og:url\" content=\"https:\/\/quehacerpolitico.mx\/?p=102196\" \/>\n<meta property=\"article:published_time\" content=\"2023-06-29T17:45:31+00:00\" \/>\n<meta property=\"article:modified_time\" content=\"2023-06-29T17:45:41+00:00\" \/>\n<meta property=\"og:image\" content=\"https:\/\/quehacerpolitico.mx\/wp-content\/uploads\/2023\/06\/IMG_8680.jpeg\" \/>\n\t<meta property=\"og:image:width\" content=\"640\" \/>\n\t<meta property=\"og:image:height\" content=\"360\" \/>\n\t<meta property=\"og:image:type\" content=\"image\/jpeg\" \/>\n<meta name=\"author\" content=\"Redacci\u00f3n QP\" \/>\n<meta name=\"twitter:card\" content=\"summary_large_image\" \/>\n<meta name=\"twitter:label1\" content=\"Escrito por\" \/>\n\t<meta name=\"twitter:data1\" content=\"Redacci\u00f3n QP\" \/>\n\t<meta name=\"twitter:label2\" content=\"Tiempo de lectura\" \/>\n\t<meta name=\"twitter:data2\" content=\"3 minutos\" \/>\n<script type=\"application\/ld+json\" class=\"yoast-schema-graph\">{\"@context\":\"https:\\\/\\\/schema.org\",\"@graph\":[{\"@type\":\"Article\",\"@id\":\"https:\\\/\\\/quehacerpolitico.mx\\\/?p=102196#article\",\"isPartOf\":{\"@id\":\"https:\\\/\\\/quehacerpolitico.mx\\\/?p=102196\"},\"author\":{\"name\":\"Redacci\u00f3n QP\",\"@id\":\"https:\\\/\\\/quehacerpolitico.mx\\\/#\\\/schema\\\/person\\\/496d8ad2d1d3f8036101dca7ee39e585\"},\"headline\":\"Los mexicanos no son felices en sus trabajos; 2 de cada 3 est\u00e1n agotados\",\"datePublished\":\"2023-06-29T17:45:31+00:00\",\"dateModified\":\"2023-06-29T17:45:41+00:00\",\"mainEntityOfPage\":{\"@id\":\"https:\\\/\\\/quehacerpolitico.mx\\\/?p=102196\"},\"wordCount\":661,\"commentCount\":0,\"image\":{\"@id\":\"https:\\\/\\\/quehacerpolitico.mx\\\/?p=102196#primaryimage\"},\"thumbnailUrl\":\"https:\\\/\\\/quehacerpolitico.mx\\\/wp-content\\\/uploads\\\/2023\\\/06\\\/IMG_8680.jpeg\",\"articleSection\":[\"Noticias\"],\"inLanguage\":\"es\",\"potentialAction\":[{\"@type\":\"CommentAction\",\"name\":\"Comment\",\"target\":[\"https:\\\/\\\/quehacerpolitico.mx\\\/?p=102196#respond\"]}]},{\"@type\":\"WebPage\",\"@id\":\"https:\\\/\\\/quehacerpolitico.mx\\\/?p=102196\",\"url\":\"https:\\\/\\\/quehacerpolitico.mx\\\/?p=102196\",\"name\":\"Los mexicanos no son felices en sus trabajos; 2 de cada 3 est\u00e1n agotados -\",\"isPartOf\":{\"@id\":\"https:\\\/\\\/quehacerpolitico.mx\\\/#website\"},\"primaryImageOfPage\":{\"@id\":\"https:\\\/\\\/quehacerpolitico.mx\\\/?p=102196#primaryimage\"},\"image\":{\"@id\":\"https:\\\/\\\/quehacerpolitico.mx\\\/?p=102196#primaryimage\"},\"thumbnailUrl\":\"https:\\\/\\\/quehacerpolitico.mx\\\/wp-content\\\/uploads\\\/2023\\\/06\\\/IMG_8680.jpeg\",\"datePublished\":\"2023-06-29T17:45:31+00:00\",\"dateModified\":\"2023-06-29T17:45:41+00:00\",\"author\":{\"@id\":\"https:\\\/\\\/quehacerpolitico.mx\\\/#\\\/schema\\\/person\\\/496d8ad2d1d3f8036101dca7ee39e585\"},\"breadcrumb\":{\"@id\":\"https:\\\/\\\/quehacerpolitico.mx\\\/?p=102196#breadcrumb\"},\"inLanguage\":\"es\",\"potentialAction\":[{\"@type\":\"ReadAction\",\"target\":[\"https:\\\/\\\/quehacerpolitico.mx\\\/?p=102196\"]}]},{\"@type\":\"ImageObject\",\"inLanguage\":\"es\",\"@id\":\"https:\\\/\\\/quehacerpolitico.mx\\\/?p=102196#primaryimage\",\"url\":\"https:\\\/\\\/quehacerpolitico.mx\\\/wp-content\\\/uploads\\\/2023\\\/06\\\/IMG_8680.jpeg\",\"contentUrl\":\"https:\\\/\\\/quehacerpolitico.mx\\\/wp-content\\\/uploads\\\/2023\\\/06\\\/IMG_8680.jpeg\",\"width\":640,\"height\":360},{\"@type\":\"BreadcrumbList\",\"@id\":\"https:\\\/\\\/quehacerpolitico.mx\\\/?p=102196#breadcrumb\",\"itemListElement\":[{\"@type\":\"ListItem\",\"position\":1,\"name\":\"Inicio\",\"item\":\"https:\\\/\\\/quehacerpolitico.mx\\\/\"},{\"@type\":\"ListItem\",\"position\":2,\"name\":\"Los mexicanos no son felices en sus trabajos; 2 de cada 3 est\u00e1n agotados\"}]},{\"@type\":\"WebSite\",\"@id\":\"https:\\\/\\\/quehacerpolitico.mx\\\/#website\",\"url\":\"https:\\\/\\\/quehacerpolitico.mx\\\/\",\"name\":\"\",\"description\":\"\",\"potentialAction\":[{\"@type\":\"SearchAction\",\"target\":{\"@type\":\"EntryPoint\",\"urlTemplate\":\"https:\\\/\\\/quehacerpolitico.mx\\\/?s={search_term_string}\"},\"query-input\":{\"@type\":\"PropertyValueSpecification\",\"valueRequired\":true,\"valueName\":\"search_term_string\"}}],\"inLanguage\":\"es\"},{\"@type\":\"Person\",\"@id\":\"https:\\\/\\\/quehacerpolitico.mx\\\/#\\\/schema\\\/person\\\/496d8ad2d1d3f8036101dca7ee39e585\",\"name\":\"Redacci\u00f3n QP\",\"image\":{\"@type\":\"ImageObject\",\"inLanguage\":\"es\",\"@id\":\"https:\\\/\\\/secure.gravatar.com\\\/avatar\\\/c7164ed6fdec453195284ad24a5ae5b6e1eed2b848477fa2a4787ba9adf39a41?s=96&d=mm&r=g\",\"url\":\"https:\\\/\\\/secure.gravatar.com\\\/avatar\\\/c7164ed6fdec453195284ad24a5ae5b6e1eed2b848477fa2a4787ba9adf39a41?s=96&d=mm&r=g\",\"contentUrl\":\"https:\\\/\\\/secure.gravatar.com\\\/avatar\\\/c7164ed6fdec453195284ad24a5ae5b6e1eed2b848477fa2a4787ba9adf39a41?s=96&d=mm&r=g\",\"caption\":\"Redacci\u00f3n QP\"},\"url\":\"https:\\\/\\\/quehacerpolitico.mx\\\/?author=2\"}]}<\/script>\n<!-- \/ Yoast SEO plugin. -->","yoast_head_json":{"title":"Los mexicanos no son felices en sus trabajos; 2 de cada 3 est\u00e1n agotados -","robots":{"index":"index","follow":"follow","max-snippet":"max-snippet:-1","max-image-preview":"max-image-preview:large","max-video-preview":"max-video-preview:-1"},"canonical":"https:\/\/quehacerpolitico.mx\/?p=102196","og_locale":"es_MX","og_type":"article","og_title":"Los mexicanos no son felices en sus trabajos; 2 de cada 3 est\u00e1n agotados -","og_description":"Por Redacci\u00f3n QP El 67% de los colaboradores mexicanos se siente emocionalmente agotado por el...","og_url":"https:\/\/quehacerpolitico.mx\/?p=102196","article_published_time":"2023-06-29T17:45:31+00:00","article_modified_time":"2023-06-29T17:45:41+00:00","og_image":[{"width":640,"height":360,"url":"https:\/\/quehacerpolitico.mx\/wp-content\/uploads\/2023\/06\/IMG_8680.jpeg","type":"image\/jpeg"}],"author":"Redacci\u00f3n QP","twitter_card":"summary_large_image","twitter_misc":{"Escrito por":"Redacci\u00f3n QP","Tiempo de lectura":"3 minutos"},"schema":{"@context":"https:\/\/schema.org","@graph":[{"@type":"Article","@id":"https:\/\/quehacerpolitico.mx\/?p=102196#article","isPartOf":{"@id":"https:\/\/quehacerpolitico.mx\/?p=102196"},"author":{"name":"Redacci\u00f3n QP","@id":"https:\/\/quehacerpolitico.mx\/#\/schema\/person\/496d8ad2d1d3f8036101dca7ee39e585"},"headline":"Los mexicanos no son felices en sus trabajos; 2 de cada 3 est\u00e1n agotados","datePublished":"2023-06-29T17:45:31+00:00","dateModified":"2023-06-29T17:45:41+00:00","mainEntityOfPage":{"@id":"https:\/\/quehacerpolitico.mx\/?p=102196"},"wordCount":661,"commentCount":0,"image":{"@id":"https:\/\/quehacerpolitico.mx\/?p=102196#primaryimage"},"thumbnailUrl":"https:\/\/quehacerpolitico.mx\/wp-content\/uploads\/2023\/06\/IMG_8680.jpeg","articleSection":["Noticias"],"inLanguage":"es","potentialAction":[{"@type":"CommentAction","name":"Comment","target":["https:\/\/quehacerpolitico.mx\/?p=102196#respond"]}]},{"@type":"WebPage","@id":"https:\/\/quehacerpolitico.mx\/?p=102196","url":"https:\/\/quehacerpolitico.mx\/?p=102196","name":"Los mexicanos no son felices en sus trabajos; 2 de cada 3 est\u00e1n agotados -","isPartOf":{"@id":"https:\/\/quehacerpolitico.mx\/#website"},"primaryImageOfPage":{"@id":"https:\/\/quehacerpolitico.mx\/?p=102196#primaryimage"},"image":{"@id":"https:\/\/quehacerpolitico.mx\/?p=102196#primaryimage"},"thumbnailUrl":"https:\/\/quehacerpolitico.mx\/wp-content\/uploads\/2023\/06\/IMG_8680.jpeg","datePublished":"2023-06-29T17:45:31+00:00","dateModified":"2023-06-29T17:45:41+00:00","author":{"@id":"https:\/\/quehacerpolitico.mx\/#\/schema\/person\/496d8ad2d1d3f8036101dca7ee39e585"},"breadcrumb":{"@id":"https:\/\/quehacerpolitico.mx\/?p=102196#breadcrumb"},"inLanguage":"es","potentialAction":[{"@type":"ReadAction","target":["https:\/\/quehacerpolitico.mx\/?p=102196"]}]},{"@type":"ImageObject","inLanguage":"es","@id":"https:\/\/quehacerpolitico.mx\/?p=102196#primaryimage","url":"https:\/\/quehacerpolitico.mx\/wp-content\/uploads\/2023\/06\/IMG_8680.jpeg","contentUrl":"https:\/\/quehacerpolitico.mx\/wp-content\/uploads\/2023\/06\/IMG_8680.jpeg","width":640,"height":360},{"@type":"BreadcrumbList","@id":"https:\/\/quehacerpolitico.mx\/?p=102196#breadcrumb","itemListElement":[{"@type":"ListItem","position":1,"name":"Inicio","item":"https:\/\/quehacerpolitico.mx\/"},{"@type":"ListItem","position":2,"name":"Los mexicanos no son felices en sus trabajos; 2 de cada 3 est\u00e1n agotados"}]},{"@type":"WebSite","@id":"https:\/\/quehacerpolitico.mx\/#website","url":"https:\/\/quehacerpolitico.mx\/","name":"","description":"","potentialAction":[{"@type":"SearchAction","target":{"@type":"EntryPoint","urlTemplate":"https:\/\/quehacerpolitico.mx\/?s={search_term_string}"},"query-input":{"@type":"PropertyValueSpecification","valueRequired":true,"valueName":"search_term_string"}}],"inLanguage":"es"},{"@type":"Person","@id":"https:\/\/quehacerpolitico.mx\/#\/schema\/person\/496d8ad2d1d3f8036101dca7ee39e585","name":"Redacci\u00f3n QP","image":{"@type":"ImageObject","inLanguage":"es","@id":"https:\/\/secure.gravatar.com\/avatar\/c7164ed6fdec453195284ad24a5ae5b6e1eed2b848477fa2a4787ba9adf39a41?s=96&d=mm&r=g","url":"https:\/\/secure.gravatar.com\/avatar\/c7164ed6fdec453195284ad24a5ae5b6e1eed2b848477fa2a4787ba9adf39a41?s=96&d=mm&r=g","contentUrl":"https:\/\/secure.gravatar.com\/avatar\/c7164ed6fdec453195284ad24a5ae5b6e1eed2b848477fa2a4787ba9adf39a41?s=96&d=mm&r=g","caption":"Redacci\u00f3n QP"},"url":"https:\/\/quehacerpolitico.mx\/?author=2"}]}},"featured_image_urls":{"full":["https:\/\/quehacerpolitico.mx\/wp-content\/uploads\/2023\/06\/IMG_8680.jpeg",640,360,false],"thumbnail":["https:\/\/quehacerpolitico.mx\/wp-content\/uploads\/2023\/06\/IMG_8680-150x150.jpeg",150,150,true],"medium":["https:\/\/quehacerpolitico.mx\/wp-content\/uploads\/2023\/06\/IMG_8680-300x169.jpeg",300,169,true],"medium_large":["https:\/\/quehacerpolitico.mx\/wp-content\/uploads\/2023\/06\/IMG_8680.jpeg",640,360,false],"large":["https:\/\/quehacerpolitico.mx\/wp-content\/uploads\/2023\/06\/IMG_8680.jpeg",640,360,false],"1536x1536":["https:\/\/quehacerpolitico.mx\/wp-content\/uploads\/2023\/06\/IMG_8680.jpeg",640,360,false],"2048x2048":["https:\/\/quehacerpolitico.mx\/wp-content\/uploads\/2023\/06\/IMG_8680.jpeg",640,360,false],"covernews-featured":["https:\/\/quehacerpolitico.mx\/wp-content\/uploads\/2023\/06\/IMG_8680.jpeg",640,360,false],"covernews-medium":["https:\/\/quehacerpolitico.mx\/wp-content\/uploads\/2023\/06\/IMG_8680.jpeg",540,304,false]},"author_info":{"display_name":"Redacci\u00f3n QP","author_link":"https:\/\/quehacerpolitico.mx\/?author=2"},"category_info":"<a href=\"https:\/\/quehacerpolitico.mx\/?cat=2\" rel=\"category\">Noticias<\/a>","tag_info":"Noticias","comment_count":"0","_links":{"self":[{"href":"https:\/\/quehacerpolitico.mx\/index.php?rest_route=\/wp\/v2\/posts\/102196","targetHints":{"allow":["GET"]}}],"collection":[{"href":"https:\/\/quehacerpolitico.mx\/index.php?rest_route=\/wp\/v2\/posts"}],"about":[{"href":"https:\/\/quehacerpolitico.mx\/index.php?rest_route=\/wp\/v2\/types\/post"}],"author":[{"embeddable":true,"href":"https:\/\/quehacerpolitico.mx\/index.php?rest_route=\/wp\/v2\/users\/2"}],"replies":[{"embeddable":true,"href":"https:\/\/quehacerpolitico.mx\/index.php?rest_route=%2Fwp%2Fv2%2Fcomments&post=102196"}],"version-history":[{"count":1,"href":"https:\/\/quehacerpolitico.mx\/index.php?rest_route=\/wp\/v2\/posts\/102196\/revisions"}],"predecessor-version":[{"id":102198,"href":"https:\/\/quehacerpolitico.mx\/index.php?rest_route=\/wp\/v2\/posts\/102196\/revisions\/102198"}],"wp:featuredmedia":[{"embeddable":true,"href":"https:\/\/quehacerpolitico.mx\/index.php?rest_route=\/wp\/v2\/media\/102197"}],"wp:attachment":[{"href":"https:\/\/quehacerpolitico.mx\/index.php?rest_route=%2Fwp%2Fv2%2Fmedia&parent=102196"}],"wp:term":[{"taxonomy":"category","embeddable":true,"href":"https:\/\/quehacerpolitico.mx\/index.php?rest_route=%2Fwp%2Fv2%2Fcategories&post=102196"},{"taxonomy":"post_tag","embeddable":true,"href":"https:\/\/quehacerpolitico.mx\/index.php?rest_route=%2Fwp%2Fv2%2Ftags&post=102196"}],"curies":[{"name":"wp","href":"https:\/\/api.w.org\/{rel}","templated":true}]}}