{"id":102180,"date":"2023-06-29T15:15:03","date_gmt":"2023-06-29T15:15:03","guid":{"rendered":"https:\/\/quehacerpolitico.mx\/?p=102180"},"modified":"2023-06-29T15:15:07","modified_gmt":"2023-06-29T15:15:07","slug":"francia-hace-prestamo-millonario-a-mexico-para-nueva-megaplanta-solar","status":"publish","type":"post","link":"https:\/\/quehacerpolitico.mx\/?p=102180","title":{"rendered":"Francia hace pr\u00e9stamo millonario a M\u00e9xico para nueva megaplanta solar"},"content":{"rendered":"\n<p>Por Redacci\u00f3n QP<\/p>\n\n\n\n<p>La planta se perfila como la m\u00e1s grande de Am\u00e9rica Latina<\/p>\n\n\n\n<p>La Comisi\u00f3n Federal de Electricidad\u00a0(CFE)\u00a0obtuvo este mi\u00e9rcoles un pr\u00e9stamo de la Agencia Francesa de Desarrollo (AFD)\u00a0<strong>por 98.7 millones de d\u00f3lares para la primera etapa de la planta solar Puerto Pe\u00f1asco,<\/strong>\u00a0que se perfila como la m\u00e1s grande de Am\u00e9rica Latina.<\/p>\n\n\n\n<p>El financiamiento adquirido tiene un plazo de 20 a\u00f1os y se utilizar\u00e1 para financiar la construcci\u00f3n de la planta fotovoltaica de 120 megavatios (MW) en el estado de Sonora, que arranc\u00f3 operaciones, en una primera fase, el pasado 17 de febrero.<\/p>\n\n\n\n<p>La planta forma parte del plan de la CFE para\u00a0<strong>ampliar su capacidad de generaci\u00f3n de energ\u00eda renovable y reducir su dependencia de los combustibles f\u00f3siles.<\/strong><\/p>\n\n\n\n<p>Adem\u00e1s, impulsa acciones para acelerar la transici\u00f3n energ\u00e9tica en M\u00e9xico e incrementar la capacidad de generaci\u00f3n de la CFE para atender la creciente demanda de\u00a0energ\u00eda el\u00e9ctrica derivado del fen\u00f3meno de la relocalizaci\u00f3n de empresas, tambi\u00e9n llamado &#8220;nearshoring&#8221;.<\/p>\n\n\n\n<p>Dentro del proyecto de inversi\u00f3n, se considera un sistema de almacenamiento de energ\u00eda el\u00e9ctrica a base de bater\u00edas,\u00a0<strong>&#8220;con la finalidad principal de mitigar la intermitencia del recurso solar mediante un control de rampa ante cambios en la potencia de la central, principalmente por el efecto nube&#8221;.<\/strong><\/p>\n\n\n\n<p>La CFE asegur\u00f3 que con esta planta fotovoltaica&nbsp;<strong>reducir\u00e1 los costos unitarios variables de electricidad,<\/strong>&nbsp;en comparaci\u00f3n con otras centrales.<\/p>\n\n\n\n<p>Tambi\u00e9n incrementar\u00e1 el suministro y confiabilidad del servicio el\u00e9ctrico mediante la incorporaci\u00f3n de una central moderna y eficiente en el noroeste del pa\u00eds.<\/p>\n\n\n\n<p>Se espera que la planta de Puerto Pe\u00f1asco, obra insignia del Presidente\u00a0Andres Manuel Lopez Obrador entre en funcionamiento por completo en 2024, antes de concluir su gesti\u00f3n.<\/p>\n\n\n\n<p>Una vez completada, ser\u00e1 una de las plantas solares m\u00e1s grandes de la regi\u00f3n, con una capacidad estimada de mil megavatios de electricidad, con lo que podr\u00e1&nbsp;<strong>alimentar a 1.6 millones de mexicanos, equivalentes a 536 mil hogares.<\/strong><\/p>\n\n\n\n<p>El proyecto cuenta tambi\u00e9n con el respaldo de Estados Unidos dentro del&nbsp;<strong>&#8220;Plan Sonora&#8221;<\/strong>&nbsp;y un monto de inversi\u00f3n p\u00fablica de M\u00e9xico de mil 644 millones de d\u00f3lares, que tambi\u00e9n&nbsp;<strong>pretende replicarse en otras partes del pa\u00eds e, incluso, exportar energ\u00eda a territorio estadounidense.<\/strong><\/p>\n\n\n\n<p>El pr\u00e9stamo de la AFD es el \u00faltimo de una serie de acuerdos financieros y de cooperaci\u00f3n t\u00e9cnica entre las dos instituciones.<\/p>\n\n\n\n<p>La AFD otorg\u00f3 en 2019 un pr\u00e9stamo de 100 millones de d\u00f3lares a la CFE para la construcci\u00f3n del parque e\u00f3lico La Venta II en Chiapas, al sur de M\u00e9xico.<\/p>\n\n\n\n<p>Con Informaci\u00f3n de EFE<\/p>\n","protected":false},"excerpt":{"rendered":"<p>Por Redacci\u00f3n QP La planta se perfila como la m\u00e1s grande de Am\u00e9rica Latina La&#8230;<\/p>\n","protected":false},"author":2,"featured_media":102181,"comment_status":"open","ping_status":"open","sticky":false,"template":"","format":"standard","meta":{"_monsterinsights_skip_tracking":false,"_monsterinsights_sitenote_active":false,"_monsterinsights_sitenote_note":"","_monsterinsights_sitenote_category":0,"footnotes":""},"categories":[56],"tags":[],"class_list":["post-102180","post","type-post","status-publish","format-standard","has-post-thumbnail","hentry","category-economia"],"yoast_head":"<!-- This site is optimized with the Yoast SEO plugin v27.3 - https:\/\/yoast.com\/product\/yoast-seo-wordpress\/ -->\n<title>Francia hace pr\u00e9stamo millonario a M\u00e9xico para nueva megaplanta solar -<\/title>\n<meta name=\"robots\" content=\"index, follow, max-snippet:-1, max-image-preview:large, max-video-preview:-1\" \/>\n<link rel=\"canonical\" href=\"https:\/\/quehacerpolitico.mx\/?p=102180\" \/>\n<meta property=\"og:locale\" content=\"es_MX\" \/>\n<meta property=\"og:type\" content=\"article\" \/>\n<meta property=\"og:title\" content=\"Francia hace pr\u00e9stamo millonario a M\u00e9xico para nueva megaplanta solar -\" \/>\n<meta property=\"og:description\" content=\"Por Redacci\u00f3n QP La planta se perfila como la m\u00e1s grande de Am\u00e9rica Latina La...\" \/>\n<meta property=\"og:url\" content=\"https:\/\/quehacerpolitico.mx\/?p=102180\" \/>\n<meta property=\"article:published_time\" content=\"2023-06-29T15:15:03+00:00\" \/>\n<meta property=\"article:modified_time\" content=\"2023-06-29T15:15:07+00:00\" \/>\n<meta property=\"og:image\" content=\"https:\/\/quehacerpolitico.mx\/wp-content\/uploads\/2023\/06\/IMG_8671.jpeg\" \/>\n\t<meta property=\"og:image:width\" content=\"707\" \/>\n\t<meta property=\"og:image:height\" content=\"434\" \/>\n\t<meta property=\"og:image:type\" content=\"image\/jpeg\" \/>\n<meta name=\"author\" content=\"Redacci\u00f3n QP\" \/>\n<meta name=\"twitter:card\" content=\"summary_large_image\" \/>\n<meta name=\"twitter:label1\" content=\"Escrito por\" \/>\n\t<meta name=\"twitter:data1\" content=\"Redacci\u00f3n QP\" \/>\n\t<meta name=\"twitter:label2\" content=\"Tiempo de lectura\" \/>\n\t<meta name=\"twitter:data2\" content=\"2 minutos\" \/>\n<script type=\"application\/ld+json\" class=\"yoast-schema-graph\">{\"@context\":\"https:\\\/\\\/schema.org\",\"@graph\":[{\"@type\":\"Article\",\"@id\":\"https:\\\/\\\/quehacerpolitico.mx\\\/?p=102180#article\",\"isPartOf\":{\"@id\":\"https:\\\/\\\/quehacerpolitico.mx\\\/?p=102180\"},\"author\":{\"name\":\"Redacci\u00f3n QP\",\"@id\":\"https:\\\/\\\/quehacerpolitico.mx\\\/#\\\/schema\\\/person\\\/496d8ad2d1d3f8036101dca7ee39e585\"},\"headline\":\"Francia hace pr\u00e9stamo millonario a M\u00e9xico para nueva megaplanta solar\",\"datePublished\":\"2023-06-29T15:15:03+00:00\",\"dateModified\":\"2023-06-29T15:15:07+00:00\",\"mainEntityOfPage\":{\"@id\":\"https:\\\/\\\/quehacerpolitico.mx\\\/?p=102180\"},\"wordCount\":481,\"commentCount\":0,\"image\":{\"@id\":\"https:\\\/\\\/quehacerpolitico.mx\\\/?p=102180#primaryimage\"},\"thumbnailUrl\":\"https:\\\/\\\/quehacerpolitico.mx\\\/wp-content\\\/uploads\\\/2023\\\/06\\\/IMG_8671.jpeg\",\"articleSection\":[\"Econom\u00eda\"],\"inLanguage\":\"es\",\"potentialAction\":[{\"@type\":\"CommentAction\",\"name\":\"Comment\",\"target\":[\"https:\\\/\\\/quehacerpolitico.mx\\\/?p=102180#respond\"]}]},{\"@type\":\"WebPage\",\"@id\":\"https:\\\/\\\/quehacerpolitico.mx\\\/?p=102180\",\"url\":\"https:\\\/\\\/quehacerpolitico.mx\\\/?p=102180\",\"name\":\"Francia hace pr\u00e9stamo millonario a M\u00e9xico para nueva megaplanta solar -\",\"isPartOf\":{\"@id\":\"https:\\\/\\\/quehacerpolitico.mx\\\/#website\"},\"primaryImageOfPage\":{\"@id\":\"https:\\\/\\\/quehacerpolitico.mx\\\/?p=102180#primaryimage\"},\"image\":{\"@id\":\"https:\\\/\\\/quehacerpolitico.mx\\\/?p=102180#primaryimage\"},\"thumbnailUrl\":\"https:\\\/\\\/quehacerpolitico.mx\\\/wp-content\\\/uploads\\\/2023\\\/06\\\/IMG_8671.jpeg\",\"datePublished\":\"2023-06-29T15:15:03+00:00\",\"dateModified\":\"2023-06-29T15:15:07+00:00\",\"author\":{\"@id\":\"https:\\\/\\\/quehacerpolitico.mx\\\/#\\\/schema\\\/person\\\/496d8ad2d1d3f8036101dca7ee39e585\"},\"breadcrumb\":{\"@id\":\"https:\\\/\\\/quehacerpolitico.mx\\\/?p=102180#breadcrumb\"},\"inLanguage\":\"es\",\"potentialAction\":[{\"@type\":\"ReadAction\",\"target\":[\"https:\\\/\\\/quehacerpolitico.mx\\\/?p=102180\"]}]},{\"@type\":\"ImageObject\",\"inLanguage\":\"es\",\"@id\":\"https:\\\/\\\/quehacerpolitico.mx\\\/?p=102180#primaryimage\",\"url\":\"https:\\\/\\\/quehacerpolitico.mx\\\/wp-content\\\/uploads\\\/2023\\\/06\\\/IMG_8671.jpeg\",\"contentUrl\":\"https:\\\/\\\/quehacerpolitico.mx\\\/wp-content\\\/uploads\\\/2023\\\/06\\\/IMG_8671.jpeg\",\"width\":707,\"height\":434},{\"@type\":\"BreadcrumbList\",\"@id\":\"https:\\\/\\\/quehacerpolitico.mx\\\/?p=102180#breadcrumb\",\"itemListElement\":[{\"@type\":\"ListItem\",\"position\":1,\"name\":\"Inicio\",\"item\":\"https:\\\/\\\/quehacerpolitico.mx\\\/\"},{\"@type\":\"ListItem\",\"position\":2,\"name\":\"Francia hace pr\u00e9stamo millonario a M\u00e9xico para nueva megaplanta solar\"}]},{\"@type\":\"WebSite\",\"@id\":\"https:\\\/\\\/quehacerpolitico.mx\\\/#website\",\"url\":\"https:\\\/\\\/quehacerpolitico.mx\\\/\",\"name\":\"\",\"description\":\"\",\"potentialAction\":[{\"@type\":\"SearchAction\",\"target\":{\"@type\":\"EntryPoint\",\"urlTemplate\":\"https:\\\/\\\/quehacerpolitico.mx\\\/?s={search_term_string}\"},\"query-input\":{\"@type\":\"PropertyValueSpecification\",\"valueRequired\":true,\"valueName\":\"search_term_string\"}}],\"inLanguage\":\"es\"},{\"@type\":\"Person\",\"@id\":\"https:\\\/\\\/quehacerpolitico.mx\\\/#\\\/schema\\\/person\\\/496d8ad2d1d3f8036101dca7ee39e585\",\"name\":\"Redacci\u00f3n QP\",\"image\":{\"@type\":\"ImageObject\",\"inLanguage\":\"es\",\"@id\":\"https:\\\/\\\/secure.gravatar.com\\\/avatar\\\/c7164ed6fdec453195284ad24a5ae5b6e1eed2b848477fa2a4787ba9adf39a41?s=96&d=mm&r=g\",\"url\":\"https:\\\/\\\/secure.gravatar.com\\\/avatar\\\/c7164ed6fdec453195284ad24a5ae5b6e1eed2b848477fa2a4787ba9adf39a41?s=96&d=mm&r=g\",\"contentUrl\":\"https:\\\/\\\/secure.gravatar.com\\\/avatar\\\/c7164ed6fdec453195284ad24a5ae5b6e1eed2b848477fa2a4787ba9adf39a41?s=96&d=mm&r=g\",\"caption\":\"Redacci\u00f3n QP\"},\"url\":\"https:\\\/\\\/quehacerpolitico.mx\\\/?author=2\"}]}<\/script>\n<!-- \/ Yoast SEO plugin. -->","yoast_head_json":{"title":"Francia hace pr\u00e9stamo millonario a M\u00e9xico para nueva megaplanta solar -","robots":{"index":"index","follow":"follow","max-snippet":"max-snippet:-1","max-image-preview":"max-image-preview:large","max-video-preview":"max-video-preview:-1"},"canonical":"https:\/\/quehacerpolitico.mx\/?p=102180","og_locale":"es_MX","og_type":"article","og_title":"Francia hace pr\u00e9stamo millonario a M\u00e9xico para nueva megaplanta solar -","og_description":"Por Redacci\u00f3n QP La planta se perfila como la m\u00e1s grande de Am\u00e9rica Latina La...","og_url":"https:\/\/quehacerpolitico.mx\/?p=102180","article_published_time":"2023-06-29T15:15:03+00:00","article_modified_time":"2023-06-29T15:15:07+00:00","og_image":[{"width":707,"height":434,"url":"https:\/\/quehacerpolitico.mx\/wp-content\/uploads\/2023\/06\/IMG_8671.jpeg","type":"image\/jpeg"}],"author":"Redacci\u00f3n QP","twitter_card":"summary_large_image","twitter_misc":{"Escrito por":"Redacci\u00f3n QP","Tiempo de lectura":"2 minutos"},"schema":{"@context":"https:\/\/schema.org","@graph":[{"@type":"Article","@id":"https:\/\/quehacerpolitico.mx\/?p=102180#article","isPartOf":{"@id":"https:\/\/quehacerpolitico.mx\/?p=102180"},"author":{"name":"Redacci\u00f3n QP","@id":"https:\/\/quehacerpolitico.mx\/#\/schema\/person\/496d8ad2d1d3f8036101dca7ee39e585"},"headline":"Francia hace pr\u00e9stamo millonario a M\u00e9xico para nueva megaplanta solar","datePublished":"2023-06-29T15:15:03+00:00","dateModified":"2023-06-29T15:15:07+00:00","mainEntityOfPage":{"@id":"https:\/\/quehacerpolitico.mx\/?p=102180"},"wordCount":481,"commentCount":0,"image":{"@id":"https:\/\/quehacerpolitico.mx\/?p=102180#primaryimage"},"thumbnailUrl":"https:\/\/quehacerpolitico.mx\/wp-content\/uploads\/2023\/06\/IMG_8671.jpeg","articleSection":["Econom\u00eda"],"inLanguage":"es","potentialAction":[{"@type":"CommentAction","name":"Comment","target":["https:\/\/quehacerpolitico.mx\/?p=102180#respond"]}]},{"@type":"WebPage","@id":"https:\/\/quehacerpolitico.mx\/?p=102180","url":"https:\/\/quehacerpolitico.mx\/?p=102180","name":"Francia hace pr\u00e9stamo millonario a M\u00e9xico para nueva megaplanta solar -","isPartOf":{"@id":"https:\/\/quehacerpolitico.mx\/#website"},"primaryImageOfPage":{"@id":"https:\/\/quehacerpolitico.mx\/?p=102180#primaryimage"},"image":{"@id":"https:\/\/quehacerpolitico.mx\/?p=102180#primaryimage"},"thumbnailUrl":"https:\/\/quehacerpolitico.mx\/wp-content\/uploads\/2023\/06\/IMG_8671.jpeg","datePublished":"2023-06-29T15:15:03+00:00","dateModified":"2023-06-29T15:15:07+00:00","author":{"@id":"https:\/\/quehacerpolitico.mx\/#\/schema\/person\/496d8ad2d1d3f8036101dca7ee39e585"},"breadcrumb":{"@id":"https:\/\/quehacerpolitico.mx\/?p=102180#breadcrumb"},"inLanguage":"es","potentialAction":[{"@type":"ReadAction","target":["https:\/\/quehacerpolitico.mx\/?p=102180"]}]},{"@type":"ImageObject","inLanguage":"es","@id":"https:\/\/quehacerpolitico.mx\/?p=102180#primaryimage","url":"https:\/\/quehacerpolitico.mx\/wp-content\/uploads\/2023\/06\/IMG_8671.jpeg","contentUrl":"https:\/\/quehacerpolitico.mx\/wp-content\/uploads\/2023\/06\/IMG_8671.jpeg","width":707,"height":434},{"@type":"BreadcrumbList","@id":"https:\/\/quehacerpolitico.mx\/?p=102180#breadcrumb","itemListElement":[{"@type":"ListItem","position":1,"name":"Inicio","item":"https:\/\/quehacerpolitico.mx\/"},{"@type":"ListItem","position":2,"name":"Francia hace pr\u00e9stamo millonario a M\u00e9xico para nueva megaplanta solar"}]},{"@type":"WebSite","@id":"https:\/\/quehacerpolitico.mx\/#website","url":"https:\/\/quehacerpolitico.mx\/","name":"","description":"","potentialAction":[{"@type":"SearchAction","target":{"@type":"EntryPoint","urlTemplate":"https:\/\/quehacerpolitico.mx\/?s={search_term_string}"},"query-input":{"@type":"PropertyValueSpecification","valueRequired":true,"valueName":"search_term_string"}}],"inLanguage":"es"},{"@type":"Person","@id":"https:\/\/quehacerpolitico.mx\/#\/schema\/person\/496d8ad2d1d3f8036101dca7ee39e585","name":"Redacci\u00f3n QP","image":{"@type":"ImageObject","inLanguage":"es","@id":"https:\/\/secure.gravatar.com\/avatar\/c7164ed6fdec453195284ad24a5ae5b6e1eed2b848477fa2a4787ba9adf39a41?s=96&d=mm&r=g","url":"https:\/\/secure.gravatar.com\/avatar\/c7164ed6fdec453195284ad24a5ae5b6e1eed2b848477fa2a4787ba9adf39a41?s=96&d=mm&r=g","contentUrl":"https:\/\/secure.gravatar.com\/avatar\/c7164ed6fdec453195284ad24a5ae5b6e1eed2b848477fa2a4787ba9adf39a41?s=96&d=mm&r=g","caption":"Redacci\u00f3n QP"},"url":"https:\/\/quehacerpolitico.mx\/?author=2"}]}},"featured_image_urls":{"full":["https:\/\/quehacerpolitico.mx\/wp-content\/uploads\/2023\/06\/IMG_8671.jpeg",707,434,false],"thumbnail":["https:\/\/quehacerpolitico.mx\/wp-content\/uploads\/2023\/06\/IMG_8671-150x150.jpeg",150,150,true],"medium":["https:\/\/quehacerpolitico.mx\/wp-content\/uploads\/2023\/06\/IMG_8671-300x184.jpeg",300,184,true],"medium_large":["https:\/\/quehacerpolitico.mx\/wp-content\/uploads\/2023\/06\/IMG_8671.jpeg",640,393,false],"large":["https:\/\/quehacerpolitico.mx\/wp-content\/uploads\/2023\/06\/IMG_8671.jpeg",640,393,false],"1536x1536":["https:\/\/quehacerpolitico.mx\/wp-content\/uploads\/2023\/06\/IMG_8671.jpeg",707,434,false],"2048x2048":["https:\/\/quehacerpolitico.mx\/wp-content\/uploads\/2023\/06\/IMG_8671.jpeg",707,434,false],"covernews-featured":["https:\/\/quehacerpolitico.mx\/wp-content\/uploads\/2023\/06\/IMG_8671.jpeg",707,434,false],"covernews-medium":["https:\/\/quehacerpolitico.mx\/wp-content\/uploads\/2023\/06\/IMG_8671.jpeg",540,331,false]},"author_info":{"display_name":"Redacci\u00f3n QP","author_link":"https:\/\/quehacerpolitico.mx\/?author=2"},"category_info":"<a href=\"https:\/\/quehacerpolitico.mx\/?cat=56\" rel=\"category\">Econom\u00eda<\/a>","tag_info":"Econom\u00eda","comment_count":"0","_links":{"self":[{"href":"https:\/\/quehacerpolitico.mx\/index.php?rest_route=\/wp\/v2\/posts\/102180","targetHints":{"allow":["GET"]}}],"collection":[{"href":"https:\/\/quehacerpolitico.mx\/index.php?rest_route=\/wp\/v2\/posts"}],"about":[{"href":"https:\/\/quehacerpolitico.mx\/index.php?rest_route=\/wp\/v2\/types\/post"}],"author":[{"embeddable":true,"href":"https:\/\/quehacerpolitico.mx\/index.php?rest_route=\/wp\/v2\/users\/2"}],"replies":[{"embeddable":true,"href":"https:\/\/quehacerpolitico.mx\/index.php?rest_route=%2Fwp%2Fv2%2Fcomments&post=102180"}],"version-history":[{"count":1,"href":"https:\/\/quehacerpolitico.mx\/index.php?rest_route=\/wp\/v2\/posts\/102180\/revisions"}],"predecessor-version":[{"id":102182,"href":"https:\/\/quehacerpolitico.mx\/index.php?rest_route=\/wp\/v2\/posts\/102180\/revisions\/102182"}],"wp:featuredmedia":[{"embeddable":true,"href":"https:\/\/quehacerpolitico.mx\/index.php?rest_route=\/wp\/v2\/media\/102181"}],"wp:attachment":[{"href":"https:\/\/quehacerpolitico.mx\/index.php?rest_route=%2Fwp%2Fv2%2Fmedia&parent=102180"}],"wp:term":[{"taxonomy":"category","embeddable":true,"href":"https:\/\/quehacerpolitico.mx\/index.php?rest_route=%2Fwp%2Fv2%2Fcategories&post=102180"},{"taxonomy":"post_tag","embeddable":true,"href":"https:\/\/quehacerpolitico.mx\/index.php?rest_route=%2Fwp%2Fv2%2Ftags&post=102180"}],"curies":[{"name":"wp","href":"https:\/\/api.w.org\/{rel}","templated":true}]}}