{"id":102146,"date":"2023-06-28T20:30:07","date_gmt":"2023-06-28T20:30:07","guid":{"rendered":"https:\/\/quehacerpolitico.mx\/?p=102146"},"modified":"2023-06-28T20:30:12","modified_gmt":"2023-06-28T20:30:12","slug":"internacionales-carolina-alonso-romei-la-cancilleria-de-peru-detallo-que-asumira-la-presidencia-pro-tempore-de-la-alianza-del-pacifico-el-1-de-agosto-de-manos-de-chile","status":"publish","type":"post","link":"https:\/\/quehacerpolitico.mx\/?p=102146","title":{"rendered":"Internacionales\/\/\/Carolina Alonso Romei\/\/\/La Canciller\u00eda de Per\u00fa detall\u00f3 que asumir\u00e1 la Presidencia pro tempore de la Alianza del Pac\u00edfico el 1 de agosto de manos de Chile"},"content":{"rendered":"\n<p>Por Carolina Alonso Romei<\/p>\n\n\n\n<p>Internacionalista <\/p>\n\n\n\n<p>La Canciller\u00eda de Per\u00fa detall\u00f3 que asumir\u00e1 la Presidencia pro tempore de la Alianza del Pac\u00edfico el 1 de agosto de manos de Chile<\/p>\n\n\n\n<p><strong>Per\u00fa<\/strong>\u00a0asumir\u00e1 la\u00a0<strong>Presidencia pro tempore<\/strong>\u00a0de la\u00a0<strong>Alianza del Pac\u00edfico<\/strong>\u00a0el\u00a0<strong>1 de agosto<\/strong>\u00a0de manos de\u00a0<strong>Chile<\/strong>, pa\u00eds que este mi\u00e9rcoles asumi\u00f3 dicho cargo de manera provisional a causa de la resistencia de M\u00e9xico de cederla a Lima por razones pol\u00edticas, inform\u00f3 la\u00a0Canciller\u00eda peruana en un comunicado.<\/p>\n\n\n\n<figure class=\"wp-block-embed is-type-rich is-provider-twitter wp-block-embed-twitter\"><div class=\"wp-block-embed__wrapper\">\n<blockquote class=\"twitter-tweet\" data-width=\"550\" data-dnt=\"true\"><p lang=\"es\" dir=\"ltr\">Canciller Gervasi: El 1 de agosto el Per\u00fa asumir\u00e1 la Presidencia Pro Tempore de la <a href=\"https:\/\/twitter.com\/A_delPacifico?ref_src=twsrc%5Etfw\">@A_delPacifico<\/a>, luego de una decisi\u00f3n consensuada que reafirma la importancia de preservar el bloque como un mecanismo de integraci\u00f3n econ\u00f3mica, comercial y de cooperaci\u00f3n.<a href=\"https:\/\/t.co\/CO4BIItnkX\">https:\/\/t.co\/CO4BIItnkX<\/a><\/p>&mdash; Canciller\u00eda Per\u00fa\ud83c\uddf5\ud83c\uddea (@CancilleriaPeru) <a href=\"https:\/\/twitter.com\/CancilleriaPeru\/status\/1674076956491493377?ref_src=twsrc%5Etfw\">June 28, 2023<\/a><\/blockquote><script async src=\"https:\/\/platform.twitter.com\/widgets.js\" charset=\"utf-8\"><\/script>\n<\/div><\/figure>\n\n\n\n<p>\u201cEn declaraciones a la prensa, el Ministro de Relaciones Exteriores de Chile,\u00a0<strong>Alberto van Klaveren<\/strong>, ha dado cuenta de los acuerdos alcanzados, se\u00f1alando que el 1 de agosto de 2023, el Per\u00fa asumir\u00e1 la Presidencia pro tempore de la Alianza del Pac\u00edfico\u201d, se\u00f1al\u00f3 la Canciller\u00eda peruana.<\/p>\n\n\n\n<p>El Ministerio de Relaciones Exteriores confirm\u00f3 que los pa\u00edses de la Alianza del Pac\u00edfico, reunidos en Santiago de Chile, acordaron este mi\u00e9rcoles que, a partir de hoy mismo, Chile ejercer\u00e1 la Presidencia pro tempore del mecanismo de integraci\u00f3n y destac\u00f3 \u201cel rol de la diplomacia como medio para lograr compromisos a trav\u00e9s del di\u00e1logo\u201d.<\/p>\n\n\n\n<p>La decisi\u00f3n se adopt\u00f3 en un encuentro realizado en Santiago, instancia en la que participaron el ministro de Relaciones Exteriores de Chile; la embajadora de M\u00e9xico en Chile,&nbsp;<strong>Alicia B\u00e1rcena<\/strong>; el encargado de Negocios del Per\u00fa en Chile,&nbsp;<strong>Renzo Villa Prado<\/strong>, y el encargado de Negocios de Colombia en Chile,&nbsp;<strong>Ren\u00e9 Correa Rodr\u00edguez<\/strong>.<\/p>\n\n\n\n<p>\u201cVamos a ejercer la Presidencia Pro Tempore durante un mes y luego vamos a traspasar la Presidencia pro tempore al Per\u00fa. Nosotros siempre hemos reconocido el derecho que le corresponde al Per\u00fa para ejercer la Presidencia pro tempore y es en ese esp\u00edritu que hemos asumido la responsabilidad de actuar como intermediarios justamente para poder resolver esta situaci\u00f3n\u201d, expuso el jefe de la diplomacia chilena.<\/p>\n\n\n\n<p>\u201cEl acuerdo alcanzado refleja la voluntad pol\u00edtica de seguir apostando por la integraci\u00f3n latinoamericana, que favorece el di\u00e1logo, el intercambio econ\u00f3mico-comercial, la cooperaci\u00f3n y la inserci\u00f3n internacional\u201d, a\u00f1adi\u00f3 la Canciller\u00eda peruana.<\/p>\n\n\n\n<p>Per\u00fa tendr\u00eda que haber recibido la presidencia del bloque de manos de M\u00e9xico en diciembre, pero el mandatario\u00a0Andres Manuel Lopez Obrador\u00a0no reconoce el Gobierno de\u00a0<strong>Dina Boluarte<\/strong>, a la que llama \u201cusurpadora\u201d, y desde entonces, el pa\u00eds ha reclamado dicho cargo en diversas ocasiones.<\/p>\n\n\n\n<p>El pasado 1 de junio, el pleno del Congreso peruano declar\u00f3 persona non grata al presidente mexicano, por sus repetidas declaraciones sobre asuntos internos de Per\u00fa y la negativa a transferir la Presidencia de la Alianza del Pac\u00edfico.<\/p>\n\n\n\n<p>El gobernante mexicano considera que deber\u00eda dejarle \u201cla Presidencia al que gan\u00f3 en una elecci\u00f3n libre y democr\u00e1tica, a Pedro Castillo\u201d, quien est\u00e1 preso desde el pasado 7 de diciembre tras ser destituido por el Congreso peruano luego de intentar dar un golpe de Estado.<\/p>\n\n\n\n<p>Con informaci\u00f3n de EFE<\/p>\n","protected":false},"excerpt":{"rendered":"<p>Por Carolina Alonso Romei Internacionalista La Canciller\u00eda de Per\u00fa detall\u00f3 que asumir\u00e1 la Presidencia pro&#8230;<\/p>\n","protected":false},"author":2,"featured_media":102147,"comment_status":"open","ping_status":"open","sticky":false,"template":"","format":"standard","meta":{"_monsterinsights_skip_tracking":false,"_monsterinsights_sitenote_active":false,"_monsterinsights_sitenote_note":"","_monsterinsights_sitenote_category":0,"footnotes":""},"categories":[1],"tags":[],"class_list":["post-102146","post","type-post","status-publish","format-standard","has-post-thumbnail","hentry","category-sin-categoria"],"yoast_head":"<!-- This site is optimized with the Yoast SEO plugin v27.3 - https:\/\/yoast.com\/product\/yoast-seo-wordpress\/ -->\n<title>Internacionales\/\/\/Carolina Alonso Romei\/\/\/La Canciller\u00eda de Per\u00fa detall\u00f3 que asumir\u00e1 la Presidencia pro tempore de la Alianza del Pac\u00edfico el 1 de agosto de manos de Chile -<\/title>\n<meta name=\"robots\" content=\"index, follow, max-snippet:-1, max-image-preview:large, max-video-preview:-1\" \/>\n<link rel=\"canonical\" href=\"https:\/\/quehacerpolitico.mx\/?p=102146\" \/>\n<meta property=\"og:locale\" content=\"es_MX\" \/>\n<meta property=\"og:type\" content=\"article\" \/>\n<meta property=\"og:title\" content=\"Internacionales\/\/\/Carolina Alonso Romei\/\/\/La Canciller\u00eda de Per\u00fa detall\u00f3 que asumir\u00e1 la Presidencia pro tempore de la Alianza del Pac\u00edfico el 1 de agosto de manos de Chile -\" \/>\n<meta property=\"og:description\" content=\"Por Carolina Alonso Romei Internacionalista La Canciller\u00eda de Per\u00fa detall\u00f3 que asumir\u00e1 la Presidencia pro...\" \/>\n<meta property=\"og:url\" content=\"https:\/\/quehacerpolitico.mx\/?p=102146\" \/>\n<meta property=\"article:published_time\" content=\"2023-06-28T20:30:07+00:00\" \/>\n<meta property=\"article:modified_time\" content=\"2023-06-28T20:30:12+00:00\" \/>\n<meta property=\"og:image\" content=\"https:\/\/quehacerpolitico.mx\/wp-content\/uploads\/2023\/06\/IMG_8661.jpeg\" \/>\n\t<meta property=\"og:image:width\" content=\"639\" \/>\n\t<meta property=\"og:image:height\" content=\"360\" \/>\n\t<meta property=\"og:image:type\" content=\"image\/jpeg\" \/>\n<meta name=\"author\" content=\"Redacci\u00f3n QP\" \/>\n<meta name=\"twitter:card\" content=\"summary_large_image\" \/>\n<meta name=\"twitter:label1\" content=\"Escrito por\" \/>\n\t<meta name=\"twitter:data1\" content=\"Redacci\u00f3n QP\" \/>\n\t<meta name=\"twitter:label2\" content=\"Tiempo de lectura\" \/>\n\t<meta name=\"twitter:data2\" content=\"3 minutos\" \/>\n<script type=\"application\/ld+json\" class=\"yoast-schema-graph\">{\"@context\":\"https:\\\/\\\/schema.org\",\"@graph\":[{\"@type\":\"Article\",\"@id\":\"https:\\\/\\\/quehacerpolitico.mx\\\/?p=102146#article\",\"isPartOf\":{\"@id\":\"https:\\\/\\\/quehacerpolitico.mx\\\/?p=102146\"},\"author\":{\"name\":\"Redacci\u00f3n QP\",\"@id\":\"https:\\\/\\\/quehacerpolitico.mx\\\/#\\\/schema\\\/person\\\/496d8ad2d1d3f8036101dca7ee39e585\"},\"headline\":\"Internacionales\\\/\\\/\\\/Carolina Alonso Romei\\\/\\\/\\\/La Canciller\u00eda de Per\u00fa detall\u00f3 que asumir\u00e1 la Presidencia pro tempore de la Alianza del Pac\u00edfico el 1 de agosto de manos de Chile\",\"datePublished\":\"2023-06-28T20:30:07+00:00\",\"dateModified\":\"2023-06-28T20:30:12+00:00\",\"mainEntityOfPage\":{\"@id\":\"https:\\\/\\\/quehacerpolitico.mx\\\/?p=102146\"},\"wordCount\":538,\"commentCount\":0,\"image\":{\"@id\":\"https:\\\/\\\/quehacerpolitico.mx\\\/?p=102146#primaryimage\"},\"thumbnailUrl\":\"https:\\\/\\\/quehacerpolitico.mx\\\/wp-content\\\/uploads\\\/2023\\\/06\\\/IMG_8661.jpeg\",\"articleSection\":[\"Internacionales\"],\"inLanguage\":\"es\",\"potentialAction\":[{\"@type\":\"CommentAction\",\"name\":\"Comment\",\"target\":[\"https:\\\/\\\/quehacerpolitico.mx\\\/?p=102146#respond\"]}]},{\"@type\":\"WebPage\",\"@id\":\"https:\\\/\\\/quehacerpolitico.mx\\\/?p=102146\",\"url\":\"https:\\\/\\\/quehacerpolitico.mx\\\/?p=102146\",\"name\":\"Internacionales\\\/\\\/\\\/Carolina Alonso Romei\\\/\\\/\\\/La Canciller\u00eda de Per\u00fa detall\u00f3 que asumir\u00e1 la Presidencia pro tempore de la Alianza del Pac\u00edfico el 1 de agosto de manos de Chile -\",\"isPartOf\":{\"@id\":\"https:\\\/\\\/quehacerpolitico.mx\\\/#website\"},\"primaryImageOfPage\":{\"@id\":\"https:\\\/\\\/quehacerpolitico.mx\\\/?p=102146#primaryimage\"},\"image\":{\"@id\":\"https:\\\/\\\/quehacerpolitico.mx\\\/?p=102146#primaryimage\"},\"thumbnailUrl\":\"https:\\\/\\\/quehacerpolitico.mx\\\/wp-content\\\/uploads\\\/2023\\\/06\\\/IMG_8661.jpeg\",\"datePublished\":\"2023-06-28T20:30:07+00:00\",\"dateModified\":\"2023-06-28T20:30:12+00:00\",\"author\":{\"@id\":\"https:\\\/\\\/quehacerpolitico.mx\\\/#\\\/schema\\\/person\\\/496d8ad2d1d3f8036101dca7ee39e585\"},\"breadcrumb\":{\"@id\":\"https:\\\/\\\/quehacerpolitico.mx\\\/?p=102146#breadcrumb\"},\"inLanguage\":\"es\",\"potentialAction\":[{\"@type\":\"ReadAction\",\"target\":[\"https:\\\/\\\/quehacerpolitico.mx\\\/?p=102146\"]}]},{\"@type\":\"ImageObject\",\"inLanguage\":\"es\",\"@id\":\"https:\\\/\\\/quehacerpolitico.mx\\\/?p=102146#primaryimage\",\"url\":\"https:\\\/\\\/quehacerpolitico.mx\\\/wp-content\\\/uploads\\\/2023\\\/06\\\/IMG_8661.jpeg\",\"contentUrl\":\"https:\\\/\\\/quehacerpolitico.mx\\\/wp-content\\\/uploads\\\/2023\\\/06\\\/IMG_8661.jpeg\",\"width\":639,\"height\":360},{\"@type\":\"BreadcrumbList\",\"@id\":\"https:\\\/\\\/quehacerpolitico.mx\\\/?p=102146#breadcrumb\",\"itemListElement\":[{\"@type\":\"ListItem\",\"position\":1,\"name\":\"Inicio\",\"item\":\"https:\\\/\\\/quehacerpolitico.mx\\\/\"},{\"@type\":\"ListItem\",\"position\":2,\"name\":\"Internacionales\\\/\\\/\\\/Carolina Alonso Romei\\\/\\\/\\\/La Canciller\u00eda de Per\u00fa detall\u00f3 que asumir\u00e1 la Presidencia pro tempore de la Alianza del Pac\u00edfico el 1 de agosto de manos de Chile\"}]},{\"@type\":\"WebSite\",\"@id\":\"https:\\\/\\\/quehacerpolitico.mx\\\/#website\",\"url\":\"https:\\\/\\\/quehacerpolitico.mx\\\/\",\"name\":\"\",\"description\":\"\",\"potentialAction\":[{\"@type\":\"SearchAction\",\"target\":{\"@type\":\"EntryPoint\",\"urlTemplate\":\"https:\\\/\\\/quehacerpolitico.mx\\\/?s={search_term_string}\"},\"query-input\":{\"@type\":\"PropertyValueSpecification\",\"valueRequired\":true,\"valueName\":\"search_term_string\"}}],\"inLanguage\":\"es\"},{\"@type\":\"Person\",\"@id\":\"https:\\\/\\\/quehacerpolitico.mx\\\/#\\\/schema\\\/person\\\/496d8ad2d1d3f8036101dca7ee39e585\",\"name\":\"Redacci\u00f3n QP\",\"image\":{\"@type\":\"ImageObject\",\"inLanguage\":\"es\",\"@id\":\"https:\\\/\\\/secure.gravatar.com\\\/avatar\\\/c7164ed6fdec453195284ad24a5ae5b6e1eed2b848477fa2a4787ba9adf39a41?s=96&d=mm&r=g\",\"url\":\"https:\\\/\\\/secure.gravatar.com\\\/avatar\\\/c7164ed6fdec453195284ad24a5ae5b6e1eed2b848477fa2a4787ba9adf39a41?s=96&d=mm&r=g\",\"contentUrl\":\"https:\\\/\\\/secure.gravatar.com\\\/avatar\\\/c7164ed6fdec453195284ad24a5ae5b6e1eed2b848477fa2a4787ba9adf39a41?s=96&d=mm&r=g\",\"caption\":\"Redacci\u00f3n QP\"},\"url\":\"https:\\\/\\\/quehacerpolitico.mx\\\/?author=2\"}]}<\/script>\n<!-- \/ Yoast SEO plugin. -->","yoast_head_json":{"title":"Internacionales\/\/\/Carolina Alonso Romei\/\/\/La Canciller\u00eda de Per\u00fa detall\u00f3 que asumir\u00e1 la Presidencia pro tempore de la Alianza del Pac\u00edfico el 1 de agosto de manos de Chile -","robots":{"index":"index","follow":"follow","max-snippet":"max-snippet:-1","max-image-preview":"max-image-preview:large","max-video-preview":"max-video-preview:-1"},"canonical":"https:\/\/quehacerpolitico.mx\/?p=102146","og_locale":"es_MX","og_type":"article","og_title":"Internacionales\/\/\/Carolina Alonso Romei\/\/\/La Canciller\u00eda de Per\u00fa detall\u00f3 que asumir\u00e1 la Presidencia pro tempore de la Alianza del Pac\u00edfico el 1 de agosto de manos de Chile -","og_description":"Por Carolina Alonso Romei Internacionalista La Canciller\u00eda de Per\u00fa detall\u00f3 que asumir\u00e1 la Presidencia pro...","og_url":"https:\/\/quehacerpolitico.mx\/?p=102146","article_published_time":"2023-06-28T20:30:07+00:00","article_modified_time":"2023-06-28T20:30:12+00:00","og_image":[{"width":639,"height":360,"url":"https:\/\/quehacerpolitico.mx\/wp-content\/uploads\/2023\/06\/IMG_8661.jpeg","type":"image\/jpeg"}],"author":"Redacci\u00f3n QP","twitter_card":"summary_large_image","twitter_misc":{"Escrito por":"Redacci\u00f3n QP","Tiempo de lectura":"3 minutos"},"schema":{"@context":"https:\/\/schema.org","@graph":[{"@type":"Article","@id":"https:\/\/quehacerpolitico.mx\/?p=102146#article","isPartOf":{"@id":"https:\/\/quehacerpolitico.mx\/?p=102146"},"author":{"name":"Redacci\u00f3n QP","@id":"https:\/\/quehacerpolitico.mx\/#\/schema\/person\/496d8ad2d1d3f8036101dca7ee39e585"},"headline":"Internacionales\/\/\/Carolina Alonso Romei\/\/\/La Canciller\u00eda de Per\u00fa detall\u00f3 que asumir\u00e1 la Presidencia pro tempore de la Alianza del Pac\u00edfico el 1 de agosto de manos de Chile","datePublished":"2023-06-28T20:30:07+00:00","dateModified":"2023-06-28T20:30:12+00:00","mainEntityOfPage":{"@id":"https:\/\/quehacerpolitico.mx\/?p=102146"},"wordCount":538,"commentCount":0,"image":{"@id":"https:\/\/quehacerpolitico.mx\/?p=102146#primaryimage"},"thumbnailUrl":"https:\/\/quehacerpolitico.mx\/wp-content\/uploads\/2023\/06\/IMG_8661.jpeg","articleSection":["Internacionales"],"inLanguage":"es","potentialAction":[{"@type":"CommentAction","name":"Comment","target":["https:\/\/quehacerpolitico.mx\/?p=102146#respond"]}]},{"@type":"WebPage","@id":"https:\/\/quehacerpolitico.mx\/?p=102146","url":"https:\/\/quehacerpolitico.mx\/?p=102146","name":"Internacionales\/\/\/Carolina Alonso Romei\/\/\/La Canciller\u00eda de Per\u00fa detall\u00f3 que asumir\u00e1 la Presidencia pro tempore de la Alianza del Pac\u00edfico el 1 de agosto de manos de Chile -","isPartOf":{"@id":"https:\/\/quehacerpolitico.mx\/#website"},"primaryImageOfPage":{"@id":"https:\/\/quehacerpolitico.mx\/?p=102146#primaryimage"},"image":{"@id":"https:\/\/quehacerpolitico.mx\/?p=102146#primaryimage"},"thumbnailUrl":"https:\/\/quehacerpolitico.mx\/wp-content\/uploads\/2023\/06\/IMG_8661.jpeg","datePublished":"2023-06-28T20:30:07+00:00","dateModified":"2023-06-28T20:30:12+00:00","author":{"@id":"https:\/\/quehacerpolitico.mx\/#\/schema\/person\/496d8ad2d1d3f8036101dca7ee39e585"},"breadcrumb":{"@id":"https:\/\/quehacerpolitico.mx\/?p=102146#breadcrumb"},"inLanguage":"es","potentialAction":[{"@type":"ReadAction","target":["https:\/\/quehacerpolitico.mx\/?p=102146"]}]},{"@type":"ImageObject","inLanguage":"es","@id":"https:\/\/quehacerpolitico.mx\/?p=102146#primaryimage","url":"https:\/\/quehacerpolitico.mx\/wp-content\/uploads\/2023\/06\/IMG_8661.jpeg","contentUrl":"https:\/\/quehacerpolitico.mx\/wp-content\/uploads\/2023\/06\/IMG_8661.jpeg","width":639,"height":360},{"@type":"BreadcrumbList","@id":"https:\/\/quehacerpolitico.mx\/?p=102146#breadcrumb","itemListElement":[{"@type":"ListItem","position":1,"name":"Inicio","item":"https:\/\/quehacerpolitico.mx\/"},{"@type":"ListItem","position":2,"name":"Internacionales\/\/\/Carolina Alonso Romei\/\/\/La Canciller\u00eda de Per\u00fa detall\u00f3 que asumir\u00e1 la Presidencia pro tempore de la Alianza del Pac\u00edfico el 1 de agosto de manos de Chile"}]},{"@type":"WebSite","@id":"https:\/\/quehacerpolitico.mx\/#website","url":"https:\/\/quehacerpolitico.mx\/","name":"","description":"","potentialAction":[{"@type":"SearchAction","target":{"@type":"EntryPoint","urlTemplate":"https:\/\/quehacerpolitico.mx\/?s={search_term_string}"},"query-input":{"@type":"PropertyValueSpecification","valueRequired":true,"valueName":"search_term_string"}}],"inLanguage":"es"},{"@type":"Person","@id":"https:\/\/quehacerpolitico.mx\/#\/schema\/person\/496d8ad2d1d3f8036101dca7ee39e585","name":"Redacci\u00f3n QP","image":{"@type":"ImageObject","inLanguage":"es","@id":"https:\/\/secure.gravatar.com\/avatar\/c7164ed6fdec453195284ad24a5ae5b6e1eed2b848477fa2a4787ba9adf39a41?s=96&d=mm&r=g","url":"https:\/\/secure.gravatar.com\/avatar\/c7164ed6fdec453195284ad24a5ae5b6e1eed2b848477fa2a4787ba9adf39a41?s=96&d=mm&r=g","contentUrl":"https:\/\/secure.gravatar.com\/avatar\/c7164ed6fdec453195284ad24a5ae5b6e1eed2b848477fa2a4787ba9adf39a41?s=96&d=mm&r=g","caption":"Redacci\u00f3n QP"},"url":"https:\/\/quehacerpolitico.mx\/?author=2"}]}},"featured_image_urls":{"full":["https:\/\/quehacerpolitico.mx\/wp-content\/uploads\/2023\/06\/IMG_8661.jpeg",639,360,false],"thumbnail":["https:\/\/quehacerpolitico.mx\/wp-content\/uploads\/2023\/06\/IMG_8661-150x150.jpeg",150,150,true],"medium":["https:\/\/quehacerpolitico.mx\/wp-content\/uploads\/2023\/06\/IMG_8661-300x169.jpeg",300,169,true],"medium_large":["https:\/\/quehacerpolitico.mx\/wp-content\/uploads\/2023\/06\/IMG_8661.jpeg",639,360,false],"large":["https:\/\/quehacerpolitico.mx\/wp-content\/uploads\/2023\/06\/IMG_8661.jpeg",639,360,false],"1536x1536":["https:\/\/quehacerpolitico.mx\/wp-content\/uploads\/2023\/06\/IMG_8661.jpeg",639,360,false],"2048x2048":["https:\/\/quehacerpolitico.mx\/wp-content\/uploads\/2023\/06\/IMG_8661.jpeg",639,360,false],"covernews-featured":["https:\/\/quehacerpolitico.mx\/wp-content\/uploads\/2023\/06\/IMG_8661.jpeg",639,360,false],"covernews-medium":["https:\/\/quehacerpolitico.mx\/wp-content\/uploads\/2023\/06\/IMG_8661.jpeg",540,304,false]},"author_info":{"display_name":"Redacci\u00f3n QP","author_link":"https:\/\/quehacerpolitico.mx\/?author=2"},"category_info":"<a href=\"https:\/\/quehacerpolitico.mx\/?cat=1\" rel=\"category\">Internacionales<\/a>","tag_info":"Internacionales","comment_count":"0","_links":{"self":[{"href":"https:\/\/quehacerpolitico.mx\/index.php?rest_route=\/wp\/v2\/posts\/102146","targetHints":{"allow":["GET"]}}],"collection":[{"href":"https:\/\/quehacerpolitico.mx\/index.php?rest_route=\/wp\/v2\/posts"}],"about":[{"href":"https:\/\/quehacerpolitico.mx\/index.php?rest_route=\/wp\/v2\/types\/post"}],"author":[{"embeddable":true,"href":"https:\/\/quehacerpolitico.mx\/index.php?rest_route=\/wp\/v2\/users\/2"}],"replies":[{"embeddable":true,"href":"https:\/\/quehacerpolitico.mx\/index.php?rest_route=%2Fwp%2Fv2%2Fcomments&post=102146"}],"version-history":[{"count":1,"href":"https:\/\/quehacerpolitico.mx\/index.php?rest_route=\/wp\/v2\/posts\/102146\/revisions"}],"predecessor-version":[{"id":102148,"href":"https:\/\/quehacerpolitico.mx\/index.php?rest_route=\/wp\/v2\/posts\/102146\/revisions\/102148"}],"wp:featuredmedia":[{"embeddable":true,"href":"https:\/\/quehacerpolitico.mx\/index.php?rest_route=\/wp\/v2\/media\/102147"}],"wp:attachment":[{"href":"https:\/\/quehacerpolitico.mx\/index.php?rest_route=%2Fwp%2Fv2%2Fmedia&parent=102146"}],"wp:term":[{"taxonomy":"category","embeddable":true,"href":"https:\/\/quehacerpolitico.mx\/index.php?rest_route=%2Fwp%2Fv2%2Fcategories&post=102146"},{"taxonomy":"post_tag","embeddable":true,"href":"https:\/\/quehacerpolitico.mx\/index.php?rest_route=%2Fwp%2Fv2%2Ftags&post=102146"}],"curies":[{"name":"wp","href":"https:\/\/api.w.org\/{rel}","templated":true}]}}