{"id":102143,"date":"2023-06-28T20:01:47","date_gmt":"2023-06-28T20:01:47","guid":{"rendered":"https:\/\/quehacerpolitico.mx\/?p=102143"},"modified":"2023-06-28T20:01:51","modified_gmt":"2023-06-28T20:01:51","slug":"internacionales-carolina-alonso-romei-chile-asume-de-forma-provisional-la-presidencia-de-la-alianza-del-pacifico","status":"publish","type":"post","link":"https:\/\/quehacerpolitico.mx\/?p=102143","title":{"rendered":"Internacionales\/\/\/Carolina Alonso Romei\/\/\/Chile asume de forma provisional la presidencia de la Alianza del Pac\u00edfico"},"content":{"rendered":"\n<p>Por Carolina Alonso Romei<\/p>\n\n\n\n<p>Internacionalista <\/p>\n\n\n\n<p>Chile asumi\u00f3 de manera provisional la presidencia de la Alianza del Pac\u00edfico a causa de la resistencia de M\u00e9xico de ced\u00e9rsela a Per\u00fa por razones pol\u00edticas<\/p>\n\n\n\n<p>Chile asumi\u00f3 de manera provisional la presidencia de la Alianza del Pac\u00edfico,\u00a0<strong>vac\u00eda a causa de la resistencia de M\u00e9xico de ced\u00e9rsela a Per\u00fa por razones pol\u00edticas,\u00a0<\/strong>anunci\u00f3 este mi\u00e9rcoles el ministro chileno de Asuntos Exteriores, Alberto van Klaveren.<\/p>\n\n\n\n<figure class=\"wp-block-embed is-type-rich is-provider-twitter wp-block-embed-twitter\"><div class=\"wp-block-embed__wrapper\">\n<blockquote class=\"twitter-tweet\" data-width=\"550\" data-dnt=\"true\"><p lang=\"es\" dir=\"ltr\">Colombia, M\u00e9xico, Per\u00fa y Chile avanzan unidos. Hoy recibimos, de forma provisoria, la presidencia pro tempore de la Alianza del Pac\u00edfico para seguir potenciando las buenas relaciones y desarrollo entre nuestros pa\u00edses.<\/p>&mdash; Alberto van Klaveren (@AlbertoKlaveren) <a href=\"https:\/\/twitter.com\/AlbertoKlaveren\/status\/1674077098791542786?ref_src=twsrc%5Etfw\">June 28, 2023<\/a><\/blockquote><script async src=\"https:\/\/platform.twitter.com\/widgets.js\" charset=\"utf-8\"><\/script>\n<\/div><\/figure>\n\n\n\n<p>&#8220;Colombia, M\u00e9xico, Per\u00fa y Chile avanzan unidos. Hoy recibimos, de forma provisoria, la presidencia pro tempore de la Alianza del Pac\u00edfico<strong>&nbsp;para seguir potenciando las buenas relaciones y desarrollo entre nuestros pa\u00edses&#8221;, revel\u00f3 el canciller chileno a trav\u00e9s de sus redes sociales.<\/strong><\/p>\n\n\n\n<p>La decisi\u00f3n se adopt\u00f3 en un encuentro realizado en Santiago, instancia en la que participaron el ministro de Relaciones Exteriores de Chile; la embajadora de M\u00e9xico en Chile, Alicia B\u00e1rcena; el encargado de Negocios del Per\u00fa en Chile, Renzo Villa Prado; y el encargado de Negocios de Colombia en Chile, Ren\u00e9 Correa Rodr\u00edguez.<\/p>\n\n\n\n<p>&#8220;En esta significativa cita, las autoridades de Chile, Colombia, M\u00e9xico y Per\u00fa reafirmaron su compromiso con la Alianza del Pac\u00edfico como un mecanismo de&nbsp;<strong>articulaci\u00f3n pol\u00edtica, integraci\u00f3n econ\u00f3mica y comercial, de cooperaci\u00f3n y proyecci\u00f3n al mundo,&nbsp;<\/strong>que busca avanzar progresivamente hacia la libre circulaci\u00f3n de bienes, servicios, capitales y personas, con miras a impulsar el crecimiento y la competitividad de las econom\u00edas, en beneficio de sus habitantes&#8221;, se\u00f1ala un comunicado liberado por la Canciller\u00eda chilena.<\/p>\n\n\n\n<h2 class=\"wp-block-heading\">Impasse en la alianza<\/h2>\n\n\n\n<p>Pese al compromiso adquirido por M\u00e9xico para traspasar el liderazgo del bloque a Per\u00fa en diciembre pasado, el presidente Andr\u00e9s<strong> Manuel Lopez Obrador no lo concret\u00f3 luego de la destituci\u00f3n del entonces jefe de Estado peruano, Pedro Castillo. En ese contexto, hace unos meses la nueva gobernante peruana, Dina Boluarte, critic\u00f3 a su par mexicano y lo acuso de &#8220;no cumplir su obligaci\u00f3n&#8221;.<\/strong><\/p>\n\n\n\n<p>&#8220;Como ha sido de conocimiento p\u00fablico se produjo un impasse en la Alianza y Chile ejerci\u00f3 sus buenos oficios con los pa\u00edses amigos, con M\u00e9xico y tambi\u00e9n con el Per\u00fa y se hizo cargo de manera temporal de la Presidencia Pro Tempore de la Alianza del Pac\u00edfico.&nbsp;<strong>Chile lo ha hecho con un esp\u00edritu de hermandad con todos los pa\u00edses y por cierto tambi\u00e9n con el pleno consentimiento de todos los miembros de la Alianza del Pac\u00edfico&#8221;,<\/strong>&nbsp;indic\u00f3 el canciller Van Klaveren en conferencia de prensa.<\/p>\n\n\n\n<p>&#8220;Vamos a ejercer la Presidencia Pro Tempore durante un mes y luego vamos a traspasar la Presidencia Pro Tempore al Per\u00fa. Nosotros siempre hemos reconocido el derecho que le corresponde al Per\u00fa para ejercer la Presidencia Pro Tempore y&nbsp;<strong>es en ese esp\u00edritu que hemos asumido la responsabilidad de actuar como intermediarios justamente para poder resolver esta situaci\u00f3n&#8221;,&nbsp;<\/strong>expuso el jefe de la diplomacia chilena.<\/p>\n\n\n\n<p>El citado bloque comercial, creado en 2011, presume de ser &#8220;la octava potencia econ\u00f3mica y la octava potencia exportadora a nivel mundial&#8221;,\u00a0<strong>al representar el 41 % del producto interior bruto (PIB) de Latinoam\u00e9rica y atraer el 38 % de la inversi\u00f3n extranjera directa.<\/strong><\/p>\n\n\n\n<p>Con informaci\u00f3n de EFE<\/p>\n","protected":false},"excerpt":{"rendered":"<p>Por Carolina Alonso Romei Internacionalista Chile asumi\u00f3 de manera provisional la presidencia de la Alianza&#8230;<\/p>\n","protected":false},"author":2,"featured_media":102144,"comment_status":"open","ping_status":"open","sticky":false,"template":"","format":"standard","meta":{"_monsterinsights_skip_tracking":false,"_monsterinsights_sitenote_active":false,"_monsterinsights_sitenote_note":"","_monsterinsights_sitenote_category":0,"footnotes":""},"categories":[1],"tags":[],"class_list":["post-102143","post","type-post","status-publish","format-standard","has-post-thumbnail","hentry","category-sin-categoria"],"yoast_head":"<!-- This site is optimized with the Yoast SEO plugin v27.3 - https:\/\/yoast.com\/product\/yoast-seo-wordpress\/ -->\n<title>Internacionales\/\/\/Carolina Alonso Romei\/\/\/Chile asume de forma provisional la presidencia de la Alianza del Pac\u00edfico -<\/title>\n<meta name=\"robots\" content=\"index, follow, max-snippet:-1, max-image-preview:large, max-video-preview:-1\" \/>\n<link rel=\"canonical\" href=\"https:\/\/quehacerpolitico.mx\/?p=102143\" \/>\n<meta property=\"og:locale\" content=\"es_MX\" \/>\n<meta property=\"og:type\" content=\"article\" \/>\n<meta property=\"og:title\" content=\"Internacionales\/\/\/Carolina Alonso Romei\/\/\/Chile asume de forma provisional la presidencia de la Alianza del Pac\u00edfico -\" \/>\n<meta property=\"og:description\" content=\"Por Carolina Alonso Romei Internacionalista Chile asumi\u00f3 de manera provisional la presidencia de la Alianza...\" \/>\n<meta property=\"og:url\" content=\"https:\/\/quehacerpolitico.mx\/?p=102143\" \/>\n<meta property=\"article:published_time\" content=\"2023-06-28T20:01:47+00:00\" \/>\n<meta property=\"article:modified_time\" content=\"2023-06-28T20:01:51+00:00\" \/>\n<meta property=\"og:image\" content=\"https:\/\/quehacerpolitico.mx\/wp-content\/uploads\/2023\/06\/IMG_8660.jpeg\" \/>\n\t<meta property=\"og:image:width\" content=\"592\" \/>\n\t<meta property=\"og:image:height\" content=\"334\" \/>\n\t<meta property=\"og:image:type\" content=\"image\/jpeg\" \/>\n<meta name=\"author\" content=\"Redacci\u00f3n QP\" \/>\n<meta name=\"twitter:card\" content=\"summary_large_image\" \/>\n<meta name=\"twitter:label1\" content=\"Escrito por\" \/>\n\t<meta name=\"twitter:data1\" content=\"Redacci\u00f3n QP\" \/>\n\t<meta name=\"twitter:label2\" content=\"Tiempo de lectura\" \/>\n\t<meta name=\"twitter:data2\" content=\"3 minutos\" \/>\n<script type=\"application\/ld+json\" class=\"yoast-schema-graph\">{\"@context\":\"https:\\\/\\\/schema.org\",\"@graph\":[{\"@type\":\"Article\",\"@id\":\"https:\\\/\\\/quehacerpolitico.mx\\\/?p=102143#article\",\"isPartOf\":{\"@id\":\"https:\\\/\\\/quehacerpolitico.mx\\\/?p=102143\"},\"author\":{\"name\":\"Redacci\u00f3n QP\",\"@id\":\"https:\\\/\\\/quehacerpolitico.mx\\\/#\\\/schema\\\/person\\\/496d8ad2d1d3f8036101dca7ee39e585\"},\"headline\":\"Internacionales\\\/\\\/\\\/Carolina Alonso Romei\\\/\\\/\\\/Chile asume de forma provisional la presidencia de la Alianza del Pac\u00edfico\",\"datePublished\":\"2023-06-28T20:01:47+00:00\",\"dateModified\":\"2023-06-28T20:01:51+00:00\",\"mainEntityOfPage\":{\"@id\":\"https:\\\/\\\/quehacerpolitico.mx\\\/?p=102143\"},\"wordCount\":585,\"commentCount\":0,\"image\":{\"@id\":\"https:\\\/\\\/quehacerpolitico.mx\\\/?p=102143#primaryimage\"},\"thumbnailUrl\":\"https:\\\/\\\/quehacerpolitico.mx\\\/wp-content\\\/uploads\\\/2023\\\/06\\\/IMG_8660.jpeg\",\"articleSection\":[\"Internacionales\"],\"inLanguage\":\"es\",\"potentialAction\":[{\"@type\":\"CommentAction\",\"name\":\"Comment\",\"target\":[\"https:\\\/\\\/quehacerpolitico.mx\\\/?p=102143#respond\"]}]},{\"@type\":\"WebPage\",\"@id\":\"https:\\\/\\\/quehacerpolitico.mx\\\/?p=102143\",\"url\":\"https:\\\/\\\/quehacerpolitico.mx\\\/?p=102143\",\"name\":\"Internacionales\\\/\\\/\\\/Carolina Alonso Romei\\\/\\\/\\\/Chile asume de forma provisional la presidencia de la Alianza del Pac\u00edfico -\",\"isPartOf\":{\"@id\":\"https:\\\/\\\/quehacerpolitico.mx\\\/#website\"},\"primaryImageOfPage\":{\"@id\":\"https:\\\/\\\/quehacerpolitico.mx\\\/?p=102143#primaryimage\"},\"image\":{\"@id\":\"https:\\\/\\\/quehacerpolitico.mx\\\/?p=102143#primaryimage\"},\"thumbnailUrl\":\"https:\\\/\\\/quehacerpolitico.mx\\\/wp-content\\\/uploads\\\/2023\\\/06\\\/IMG_8660.jpeg\",\"datePublished\":\"2023-06-28T20:01:47+00:00\",\"dateModified\":\"2023-06-28T20:01:51+00:00\",\"author\":{\"@id\":\"https:\\\/\\\/quehacerpolitico.mx\\\/#\\\/schema\\\/person\\\/496d8ad2d1d3f8036101dca7ee39e585\"},\"breadcrumb\":{\"@id\":\"https:\\\/\\\/quehacerpolitico.mx\\\/?p=102143#breadcrumb\"},\"inLanguage\":\"es\",\"potentialAction\":[{\"@type\":\"ReadAction\",\"target\":[\"https:\\\/\\\/quehacerpolitico.mx\\\/?p=102143\"]}]},{\"@type\":\"ImageObject\",\"inLanguage\":\"es\",\"@id\":\"https:\\\/\\\/quehacerpolitico.mx\\\/?p=102143#primaryimage\",\"url\":\"https:\\\/\\\/quehacerpolitico.mx\\\/wp-content\\\/uploads\\\/2023\\\/06\\\/IMG_8660.jpeg\",\"contentUrl\":\"https:\\\/\\\/quehacerpolitico.mx\\\/wp-content\\\/uploads\\\/2023\\\/06\\\/IMG_8660.jpeg\",\"width\":592,\"height\":334},{\"@type\":\"BreadcrumbList\",\"@id\":\"https:\\\/\\\/quehacerpolitico.mx\\\/?p=102143#breadcrumb\",\"itemListElement\":[{\"@type\":\"ListItem\",\"position\":1,\"name\":\"Inicio\",\"item\":\"https:\\\/\\\/quehacerpolitico.mx\\\/\"},{\"@type\":\"ListItem\",\"position\":2,\"name\":\"Internacionales\\\/\\\/\\\/Carolina Alonso Romei\\\/\\\/\\\/Chile asume de forma provisional la presidencia de la Alianza del Pac\u00edfico\"}]},{\"@type\":\"WebSite\",\"@id\":\"https:\\\/\\\/quehacerpolitico.mx\\\/#website\",\"url\":\"https:\\\/\\\/quehacerpolitico.mx\\\/\",\"name\":\"\",\"description\":\"\",\"potentialAction\":[{\"@type\":\"SearchAction\",\"target\":{\"@type\":\"EntryPoint\",\"urlTemplate\":\"https:\\\/\\\/quehacerpolitico.mx\\\/?s={search_term_string}\"},\"query-input\":{\"@type\":\"PropertyValueSpecification\",\"valueRequired\":true,\"valueName\":\"search_term_string\"}}],\"inLanguage\":\"es\"},{\"@type\":\"Person\",\"@id\":\"https:\\\/\\\/quehacerpolitico.mx\\\/#\\\/schema\\\/person\\\/496d8ad2d1d3f8036101dca7ee39e585\",\"name\":\"Redacci\u00f3n QP\",\"image\":{\"@type\":\"ImageObject\",\"inLanguage\":\"es\",\"@id\":\"https:\\\/\\\/secure.gravatar.com\\\/avatar\\\/c7164ed6fdec453195284ad24a5ae5b6e1eed2b848477fa2a4787ba9adf39a41?s=96&d=mm&r=g\",\"url\":\"https:\\\/\\\/secure.gravatar.com\\\/avatar\\\/c7164ed6fdec453195284ad24a5ae5b6e1eed2b848477fa2a4787ba9adf39a41?s=96&d=mm&r=g\",\"contentUrl\":\"https:\\\/\\\/secure.gravatar.com\\\/avatar\\\/c7164ed6fdec453195284ad24a5ae5b6e1eed2b848477fa2a4787ba9adf39a41?s=96&d=mm&r=g\",\"caption\":\"Redacci\u00f3n QP\"},\"url\":\"https:\\\/\\\/quehacerpolitico.mx\\\/?author=2\"}]}<\/script>\n<!-- \/ Yoast SEO plugin. -->","yoast_head_json":{"title":"Internacionales\/\/\/Carolina Alonso Romei\/\/\/Chile asume de forma provisional la presidencia de la Alianza del Pac\u00edfico -","robots":{"index":"index","follow":"follow","max-snippet":"max-snippet:-1","max-image-preview":"max-image-preview:large","max-video-preview":"max-video-preview:-1"},"canonical":"https:\/\/quehacerpolitico.mx\/?p=102143","og_locale":"es_MX","og_type":"article","og_title":"Internacionales\/\/\/Carolina Alonso Romei\/\/\/Chile asume de forma provisional la presidencia de la Alianza del Pac\u00edfico -","og_description":"Por Carolina Alonso Romei Internacionalista Chile asumi\u00f3 de manera provisional la presidencia de la Alianza...","og_url":"https:\/\/quehacerpolitico.mx\/?p=102143","article_published_time":"2023-06-28T20:01:47+00:00","article_modified_time":"2023-06-28T20:01:51+00:00","og_image":[{"width":592,"height":334,"url":"https:\/\/quehacerpolitico.mx\/wp-content\/uploads\/2023\/06\/IMG_8660.jpeg","type":"image\/jpeg"}],"author":"Redacci\u00f3n QP","twitter_card":"summary_large_image","twitter_misc":{"Escrito por":"Redacci\u00f3n QP","Tiempo de lectura":"3 minutos"},"schema":{"@context":"https:\/\/schema.org","@graph":[{"@type":"Article","@id":"https:\/\/quehacerpolitico.mx\/?p=102143#article","isPartOf":{"@id":"https:\/\/quehacerpolitico.mx\/?p=102143"},"author":{"name":"Redacci\u00f3n QP","@id":"https:\/\/quehacerpolitico.mx\/#\/schema\/person\/496d8ad2d1d3f8036101dca7ee39e585"},"headline":"Internacionales\/\/\/Carolina Alonso Romei\/\/\/Chile asume de forma provisional la presidencia de la Alianza del Pac\u00edfico","datePublished":"2023-06-28T20:01:47+00:00","dateModified":"2023-06-28T20:01:51+00:00","mainEntityOfPage":{"@id":"https:\/\/quehacerpolitico.mx\/?p=102143"},"wordCount":585,"commentCount":0,"image":{"@id":"https:\/\/quehacerpolitico.mx\/?p=102143#primaryimage"},"thumbnailUrl":"https:\/\/quehacerpolitico.mx\/wp-content\/uploads\/2023\/06\/IMG_8660.jpeg","articleSection":["Internacionales"],"inLanguage":"es","potentialAction":[{"@type":"CommentAction","name":"Comment","target":["https:\/\/quehacerpolitico.mx\/?p=102143#respond"]}]},{"@type":"WebPage","@id":"https:\/\/quehacerpolitico.mx\/?p=102143","url":"https:\/\/quehacerpolitico.mx\/?p=102143","name":"Internacionales\/\/\/Carolina Alonso Romei\/\/\/Chile asume de forma provisional la presidencia de la Alianza del Pac\u00edfico -","isPartOf":{"@id":"https:\/\/quehacerpolitico.mx\/#website"},"primaryImageOfPage":{"@id":"https:\/\/quehacerpolitico.mx\/?p=102143#primaryimage"},"image":{"@id":"https:\/\/quehacerpolitico.mx\/?p=102143#primaryimage"},"thumbnailUrl":"https:\/\/quehacerpolitico.mx\/wp-content\/uploads\/2023\/06\/IMG_8660.jpeg","datePublished":"2023-06-28T20:01:47+00:00","dateModified":"2023-06-28T20:01:51+00:00","author":{"@id":"https:\/\/quehacerpolitico.mx\/#\/schema\/person\/496d8ad2d1d3f8036101dca7ee39e585"},"breadcrumb":{"@id":"https:\/\/quehacerpolitico.mx\/?p=102143#breadcrumb"},"inLanguage":"es","potentialAction":[{"@type":"ReadAction","target":["https:\/\/quehacerpolitico.mx\/?p=102143"]}]},{"@type":"ImageObject","inLanguage":"es","@id":"https:\/\/quehacerpolitico.mx\/?p=102143#primaryimage","url":"https:\/\/quehacerpolitico.mx\/wp-content\/uploads\/2023\/06\/IMG_8660.jpeg","contentUrl":"https:\/\/quehacerpolitico.mx\/wp-content\/uploads\/2023\/06\/IMG_8660.jpeg","width":592,"height":334},{"@type":"BreadcrumbList","@id":"https:\/\/quehacerpolitico.mx\/?p=102143#breadcrumb","itemListElement":[{"@type":"ListItem","position":1,"name":"Inicio","item":"https:\/\/quehacerpolitico.mx\/"},{"@type":"ListItem","position":2,"name":"Internacionales\/\/\/Carolina Alonso Romei\/\/\/Chile asume de forma provisional la presidencia de la Alianza del Pac\u00edfico"}]},{"@type":"WebSite","@id":"https:\/\/quehacerpolitico.mx\/#website","url":"https:\/\/quehacerpolitico.mx\/","name":"","description":"","potentialAction":[{"@type":"SearchAction","target":{"@type":"EntryPoint","urlTemplate":"https:\/\/quehacerpolitico.mx\/?s={search_term_string}"},"query-input":{"@type":"PropertyValueSpecification","valueRequired":true,"valueName":"search_term_string"}}],"inLanguage":"es"},{"@type":"Person","@id":"https:\/\/quehacerpolitico.mx\/#\/schema\/person\/496d8ad2d1d3f8036101dca7ee39e585","name":"Redacci\u00f3n QP","image":{"@type":"ImageObject","inLanguage":"es","@id":"https:\/\/secure.gravatar.com\/avatar\/c7164ed6fdec453195284ad24a5ae5b6e1eed2b848477fa2a4787ba9adf39a41?s=96&d=mm&r=g","url":"https:\/\/secure.gravatar.com\/avatar\/c7164ed6fdec453195284ad24a5ae5b6e1eed2b848477fa2a4787ba9adf39a41?s=96&d=mm&r=g","contentUrl":"https:\/\/secure.gravatar.com\/avatar\/c7164ed6fdec453195284ad24a5ae5b6e1eed2b848477fa2a4787ba9adf39a41?s=96&d=mm&r=g","caption":"Redacci\u00f3n QP"},"url":"https:\/\/quehacerpolitico.mx\/?author=2"}]}},"featured_image_urls":{"full":["https:\/\/quehacerpolitico.mx\/wp-content\/uploads\/2023\/06\/IMG_8660.jpeg",592,334,false],"thumbnail":["https:\/\/quehacerpolitico.mx\/wp-content\/uploads\/2023\/06\/IMG_8660-150x150.jpeg",150,150,true],"medium":["https:\/\/quehacerpolitico.mx\/wp-content\/uploads\/2023\/06\/IMG_8660-300x169.jpeg",300,169,true],"medium_large":["https:\/\/quehacerpolitico.mx\/wp-content\/uploads\/2023\/06\/IMG_8660.jpeg",592,334,false],"large":["https:\/\/quehacerpolitico.mx\/wp-content\/uploads\/2023\/06\/IMG_8660.jpeg",592,334,false],"1536x1536":["https:\/\/quehacerpolitico.mx\/wp-content\/uploads\/2023\/06\/IMG_8660.jpeg",592,334,false],"2048x2048":["https:\/\/quehacerpolitico.mx\/wp-content\/uploads\/2023\/06\/IMG_8660.jpeg",592,334,false],"covernews-featured":["https:\/\/quehacerpolitico.mx\/wp-content\/uploads\/2023\/06\/IMG_8660.jpeg",592,334,false],"covernews-medium":["https:\/\/quehacerpolitico.mx\/wp-content\/uploads\/2023\/06\/IMG_8660.jpeg",540,305,false]},"author_info":{"display_name":"Redacci\u00f3n QP","author_link":"https:\/\/quehacerpolitico.mx\/?author=2"},"category_info":"<a href=\"https:\/\/quehacerpolitico.mx\/?cat=1\" rel=\"category\">Internacionales<\/a>","tag_info":"Internacionales","comment_count":"0","_links":{"self":[{"href":"https:\/\/quehacerpolitico.mx\/index.php?rest_route=\/wp\/v2\/posts\/102143","targetHints":{"allow":["GET"]}}],"collection":[{"href":"https:\/\/quehacerpolitico.mx\/index.php?rest_route=\/wp\/v2\/posts"}],"about":[{"href":"https:\/\/quehacerpolitico.mx\/index.php?rest_route=\/wp\/v2\/types\/post"}],"author":[{"embeddable":true,"href":"https:\/\/quehacerpolitico.mx\/index.php?rest_route=\/wp\/v2\/users\/2"}],"replies":[{"embeddable":true,"href":"https:\/\/quehacerpolitico.mx\/index.php?rest_route=%2Fwp%2Fv2%2Fcomments&post=102143"}],"version-history":[{"count":1,"href":"https:\/\/quehacerpolitico.mx\/index.php?rest_route=\/wp\/v2\/posts\/102143\/revisions"}],"predecessor-version":[{"id":102145,"href":"https:\/\/quehacerpolitico.mx\/index.php?rest_route=\/wp\/v2\/posts\/102143\/revisions\/102145"}],"wp:featuredmedia":[{"embeddable":true,"href":"https:\/\/quehacerpolitico.mx\/index.php?rest_route=\/wp\/v2\/media\/102144"}],"wp:attachment":[{"href":"https:\/\/quehacerpolitico.mx\/index.php?rest_route=%2Fwp%2Fv2%2Fmedia&parent=102143"}],"wp:term":[{"taxonomy":"category","embeddable":true,"href":"https:\/\/quehacerpolitico.mx\/index.php?rest_route=%2Fwp%2Fv2%2Fcategories&post=102143"},{"taxonomy":"post_tag","embeddable":true,"href":"https:\/\/quehacerpolitico.mx\/index.php?rest_route=%2Fwp%2Fv2%2Ftags&post=102143"}],"curies":[{"name":"wp","href":"https:\/\/api.w.org\/{rel}","templated":true}]}}