{"id":102137,"date":"2023-06-28T19:06:47","date_gmt":"2023-06-28T19:06:47","guid":{"rendered":"https:\/\/quehacerpolitico.mx\/?p=102137"},"modified":"2023-06-28T19:06:51","modified_gmt":"2023-06-28T19:06:51","slug":"la-oposicion-ya-tienen-listo-a-su-candidato-amlo","status":"publish","type":"post","link":"https:\/\/quehacerpolitico.mx\/?p=102137","title":{"rendered":"La oposici\u00f3n ya tienen listo a su candidato: AMLO"},"content":{"rendered":"\n<p>Por Redacci\u00f3n QP<\/p>\n\n\n\n<p>L\u00f3pez Obrador explic\u00f3 que la oposici\u00f3n conformada en el Frente Amplio por M\u00e9xico ya tiene listo el acuerdo para su abanderado presidencial<\/p>\n\n\n\n<p>El presidente de M\u00e9xico,\u00a0<strong>Andres Manuel\u00a0L\u00f3pez Obrador<\/strong>, asever\u00f3 que la\u00a0<strong>oposici\u00f3n<\/strong>, agrupado en el\u00a0Frente Amplio por M\u00e9xico, ya tiene\u00a0<strong>listo el acuerdo<\/strong>\u00a0para su\u00a0<strong>candidato presidencial<\/strong>\u00a0para los comicios de junio de 2024.<\/p>\n\n\n\n<p>En la conferencia matutina de Palacio Nacional, L\u00f3pez Obrador volvi\u00f3 a lanzarse contra el bloque opositor, y apunt\u00f3 que ser\u00e1 la pr\u00f3xima semana cuando revele qui\u00e9n ser\u00e1 el abanderado del Frente Amplio por M\u00e9xico.<\/p>\n\n\n\n<p>Ya s\u00e9, yo ya hasta se los puede decir nada m\u00e1s que, esp\u00e9rense, no, no, no, porque ya hicieron el acuerdo, ya tengo la informaci\u00f3n de que tienen el acuerdo\u201d, declar\u00f3.<\/p>\n\n\n\n<p>\u201cNo, no, no, no, no, claro que se las voy a dar, pero esperan que pase la celebraci\u00f3n (del 1 de julio). Les puedo decir porque tengo la informaci\u00f3n de c\u00f3mo se reunieron, se pusieron de acuerdo. El lunes o martes se los digo\u201d agreg\u00f3.<\/p>\n\n\n\n<figure class=\"wp-block-embed is-type-video is-provider-youtube wp-block-embed-youtube wp-embed-aspect-16-9 wp-has-aspect-ratio\"><div class=\"wp-block-embed__wrapper\">\n<iframe loading=\"lazy\" title=\"Paleros del Frente quieren ser &#039;pluri&#039;, dice AMLO\" width=\"640\" height=\"360\" src=\"https:\/\/www.youtube.com\/embed\/NiSlguZiKBg?feature=oembed\" frameborder=\"0\" allow=\"accelerometer; autoplay; clipboard-write; encrypted-media; gyroscope; picture-in-picture; web-share\" referrerpolicy=\"strict-origin-when-cross-origin\" allowfullscreen><\/iframe>\n<\/div><\/figure>\n\n\n\n<p>Adem\u00e1s, agreg\u00f3 que la mayor\u00eda de los\u00a0<strong>aspirantes<\/strong>presidenciales de dicho grupo son \u201c<strong>paleros\u201d<\/strong>\u00a0 y que solo est\u00e1 dicho proceso para obtener un\u00a0<strong>sitio plurinominal<\/strong>\u00a0en el Congreso.<\/p>\n\n\n\n<p>A lo mejor hay algunos que est\u00e1n ah\u00ed de buena fe, pero la mayor\u00eda ya lo saben y est\u00e1n participando porque quieren ser plurinominales, su papel de\u00a0<strong>paleros<\/strong>\u00a0les va a dar la posibilidad de tener una\u00a0<em>pluri<\/em>\u201c, argument\u00f3.<\/p>\n\n\n\n<p>El mandatario mexicano detall\u00f3 que quienes integran dicha alianza de la oposici\u00f3n que \u201cson muy corruptos\u201d y que adem\u00e1s son \u201cgente sin principios, sin ideales\u201d, que no lo tienen amor al pueblo de M\u00e9xico.<\/p>\n\n\n\n<p>\u201cAhora volvieron a reagruparse, pero ya son otros tiempos, ya est\u00e1n convocando de nuevo a la llamada sociedad civil, al movimiento ciudadano, los independientes, queriendo enga\u00f1ar con lo mismo. Est\u00e1 detr\u00e1s el mismo grupo de siempre, los que no quieren dejar de robar, quieren regresar por sus fueros\u201d, dijo.<\/p>\n\n\n\n<p>\u201cEntonces ya crearon una nueva asociaci\u00f3n que ahora se llama Todos en contra de M\u00e9xico o algo as\u00ed, Todos a robarle a M\u00e9xico, porque son muy corruptos de gente sin principios, sin ideales. No le tienen amor al pueblo. Entonces se re\u00fanen y pues ya deciden qui\u00e9n va a ser el que les va a representar y van a echar a andar una campa\u00f1a medi\u00e1tica para encumbrar al candidato de la oligarqu\u00eda, al candidato de los potentados. Tienen inscritos creo que como a 15\u201d, declar\u00f3.<\/p>\n\n\n\n<figure class=\"wp-block-embed is-type-rich is-provider-twitter wp-block-embed-twitter\"><div class=\"wp-block-embed__wrapper\">\n<blockquote class=\"twitter-tweet\" data-width=\"550\" data-dnt=\"true\"><p lang=\"es\" dir=\"ltr\">. <a href=\"https:\/\/twitter.com\/LillyTellez?ref_src=twsrc%5Etfw\">@LillyTellez<\/a> &quot;ya se dio cuenta de que ella no fue la escogida&quot;<br><br>El presidente Andr\u00e9s Manuel L\u00f3pez Obrador (<a href=\"https:\/\/twitter.com\/lopezobrador_?ref_src=twsrc%5Etfw\">@lopezobrador_<\/a>) opin\u00f3 sobre la senadora que se baj\u00f3 de la contienda de la oposici\u00f3n. <a href=\"https:\/\/t.co\/Ioivnz6S1P\">https:\/\/t.co\/Ioivnz6S1P<\/a> <a href=\"https:\/\/t.co\/8ivmwMta8g\">pic.twitter.com\/8ivmwMta8g<\/a><\/p>&mdash; Ruido en la Red (@RuidoEnLaRed) <a href=\"https:\/\/twitter.com\/RuidoEnLaRed\/status\/1674062872756776961?ref_src=twsrc%5Etfw\">June 28, 2023<\/a><\/blockquote><script async src=\"https:\/\/platform.twitter.com\/widgets.js\" charset=\"utf-8\"><\/script>\n<\/div><\/figure>\n\n\n\n<p>La oposici\u00f3n integrada por los partidos Acci\u00f3n Nacional (<strong>PAN<\/strong>), Revolucionario Institucional (<strong>PRI<\/strong>) y de la Revoluci\u00f3n Democr\u00e1tica (<strong>PRD<\/strong>) y un centenar de asociaciones civiles, presentaron esta semana el proceso interno mediante el que elegir\u00e1n a su candidato presidencial.<\/p>\n\n\n\n<p>El proceso interno de dicha alianza comenzar\u00e1 el pr\u00f3ximo 4 de julio con el cierre de inscripciones, para las que necesitar\u00e1n al menos 150 mil firmas.<\/p>\n\n\n\n<p>Tras ello, la contienda se dividir\u00e1 en otras dos etapas, en las que los aspirantes participar\u00e1n en foros y se someter\u00e1n a encuestas de opini\u00f3n p\u00fablica.<\/p>\n\n\n\n<p>Al final tan solo restar\u00e1n tres contendientes y el vencedor se decidir\u00e1 mediante una encuesta y una consulta ciudadana, cuyo resultado se conocer\u00e1 el 3 de septiembre, tres d\u00edas antes del final del similar proceso que realiza el oficialista Movimiento Regeneraci\u00f3n Nacional (Morena).<\/p>\n","protected":false},"excerpt":{"rendered":"<p>Por Redacci\u00f3n QP L\u00f3pez Obrador explic\u00f3 que la oposici\u00f3n conformada en el Frente Amplio por&#8230;<\/p>\n","protected":false},"author":2,"featured_media":102138,"comment_status":"open","ping_status":"open","sticky":false,"template":"","format":"standard","meta":{"_monsterinsights_skip_tracking":false,"_monsterinsights_sitenote_active":false,"_monsterinsights_sitenote_note":"","_monsterinsights_sitenote_category":0,"footnotes":""},"categories":[2],"tags":[],"class_list":["post-102137","post","type-post","status-publish","format-standard","has-post-thumbnail","hentry","category-noticias"],"yoast_head":"<!-- This site is optimized with the Yoast SEO plugin v27.3 - https:\/\/yoast.com\/product\/yoast-seo-wordpress\/ -->\n<title>La oposici\u00f3n ya tienen listo a su candidato: AMLO -<\/title>\n<meta name=\"robots\" content=\"index, follow, max-snippet:-1, max-image-preview:large, max-video-preview:-1\" \/>\n<link rel=\"canonical\" href=\"https:\/\/quehacerpolitico.mx\/?p=102137\" \/>\n<meta property=\"og:locale\" content=\"es_MX\" \/>\n<meta property=\"og:type\" content=\"article\" \/>\n<meta property=\"og:title\" content=\"La oposici\u00f3n ya tienen listo a su candidato: AMLO -\" \/>\n<meta property=\"og:description\" content=\"Por Redacci\u00f3n QP L\u00f3pez Obrador explic\u00f3 que la oposici\u00f3n conformada en el Frente Amplio por...\" \/>\n<meta property=\"og:url\" content=\"https:\/\/quehacerpolitico.mx\/?p=102137\" \/>\n<meta property=\"article:published_time\" content=\"2023-06-28T19:06:47+00:00\" \/>\n<meta property=\"article:modified_time\" content=\"2023-06-28T19:06:51+00:00\" \/>\n<meta property=\"og:image\" content=\"https:\/\/quehacerpolitico.mx\/wp-content\/uploads\/2023\/06\/IMG_8658.jpeg\" \/>\n\t<meta property=\"og:image:width\" content=\"1284\" \/>\n\t<meta property=\"og:image:height\" content=\"690\" \/>\n\t<meta property=\"og:image:type\" content=\"image\/jpeg\" \/>\n<meta name=\"author\" content=\"Redacci\u00f3n QP\" \/>\n<meta name=\"twitter:card\" content=\"summary_large_image\" \/>\n<meta name=\"twitter:label1\" content=\"Escrito por\" \/>\n\t<meta name=\"twitter:data1\" content=\"Redacci\u00f3n QP\" \/>\n\t<meta name=\"twitter:label2\" content=\"Tiempo de lectura\" \/>\n\t<meta name=\"twitter:data2\" content=\"3 minutos\" \/>\n<script type=\"application\/ld+json\" class=\"yoast-schema-graph\">{\"@context\":\"https:\\\/\\\/schema.org\",\"@graph\":[{\"@type\":\"Article\",\"@id\":\"https:\\\/\\\/quehacerpolitico.mx\\\/?p=102137#article\",\"isPartOf\":{\"@id\":\"https:\\\/\\\/quehacerpolitico.mx\\\/?p=102137\"},\"author\":{\"name\":\"Redacci\u00f3n QP\",\"@id\":\"https:\\\/\\\/quehacerpolitico.mx\\\/#\\\/schema\\\/person\\\/496d8ad2d1d3f8036101dca7ee39e585\"},\"headline\":\"La oposici\u00f3n ya tienen listo a su candidato: AMLO\",\"datePublished\":\"2023-06-28T19:06:47+00:00\",\"dateModified\":\"2023-06-28T19:06:51+00:00\",\"mainEntityOfPage\":{\"@id\":\"https:\\\/\\\/quehacerpolitico.mx\\\/?p=102137\"},\"wordCount\":607,\"commentCount\":0,\"image\":{\"@id\":\"https:\\\/\\\/quehacerpolitico.mx\\\/?p=102137#primaryimage\"},\"thumbnailUrl\":\"https:\\\/\\\/quehacerpolitico.mx\\\/wp-content\\\/uploads\\\/2023\\\/06\\\/IMG_8658.jpeg\",\"articleSection\":[\"Noticias\"],\"inLanguage\":\"es\",\"potentialAction\":[{\"@type\":\"CommentAction\",\"name\":\"Comment\",\"target\":[\"https:\\\/\\\/quehacerpolitico.mx\\\/?p=102137#respond\"]}]},{\"@type\":\"WebPage\",\"@id\":\"https:\\\/\\\/quehacerpolitico.mx\\\/?p=102137\",\"url\":\"https:\\\/\\\/quehacerpolitico.mx\\\/?p=102137\",\"name\":\"La oposici\u00f3n ya tienen listo a su candidato: AMLO -\",\"isPartOf\":{\"@id\":\"https:\\\/\\\/quehacerpolitico.mx\\\/#website\"},\"primaryImageOfPage\":{\"@id\":\"https:\\\/\\\/quehacerpolitico.mx\\\/?p=102137#primaryimage\"},\"image\":{\"@id\":\"https:\\\/\\\/quehacerpolitico.mx\\\/?p=102137#primaryimage\"},\"thumbnailUrl\":\"https:\\\/\\\/quehacerpolitico.mx\\\/wp-content\\\/uploads\\\/2023\\\/06\\\/IMG_8658.jpeg\",\"datePublished\":\"2023-06-28T19:06:47+00:00\",\"dateModified\":\"2023-06-28T19:06:51+00:00\",\"author\":{\"@id\":\"https:\\\/\\\/quehacerpolitico.mx\\\/#\\\/schema\\\/person\\\/496d8ad2d1d3f8036101dca7ee39e585\"},\"breadcrumb\":{\"@id\":\"https:\\\/\\\/quehacerpolitico.mx\\\/?p=102137#breadcrumb\"},\"inLanguage\":\"es\",\"potentialAction\":[{\"@type\":\"ReadAction\",\"target\":[\"https:\\\/\\\/quehacerpolitico.mx\\\/?p=102137\"]}]},{\"@type\":\"ImageObject\",\"inLanguage\":\"es\",\"@id\":\"https:\\\/\\\/quehacerpolitico.mx\\\/?p=102137#primaryimage\",\"url\":\"https:\\\/\\\/quehacerpolitico.mx\\\/wp-content\\\/uploads\\\/2023\\\/06\\\/IMG_8658.jpeg\",\"contentUrl\":\"https:\\\/\\\/quehacerpolitico.mx\\\/wp-content\\\/uploads\\\/2023\\\/06\\\/IMG_8658.jpeg\",\"width\":1284,\"height\":690},{\"@type\":\"BreadcrumbList\",\"@id\":\"https:\\\/\\\/quehacerpolitico.mx\\\/?p=102137#breadcrumb\",\"itemListElement\":[{\"@type\":\"ListItem\",\"position\":1,\"name\":\"Inicio\",\"item\":\"https:\\\/\\\/quehacerpolitico.mx\\\/\"},{\"@type\":\"ListItem\",\"position\":2,\"name\":\"La oposici\u00f3n ya tienen listo a su candidato: AMLO\"}]},{\"@type\":\"WebSite\",\"@id\":\"https:\\\/\\\/quehacerpolitico.mx\\\/#website\",\"url\":\"https:\\\/\\\/quehacerpolitico.mx\\\/\",\"name\":\"\",\"description\":\"\",\"potentialAction\":[{\"@type\":\"SearchAction\",\"target\":{\"@type\":\"EntryPoint\",\"urlTemplate\":\"https:\\\/\\\/quehacerpolitico.mx\\\/?s={search_term_string}\"},\"query-input\":{\"@type\":\"PropertyValueSpecification\",\"valueRequired\":true,\"valueName\":\"search_term_string\"}}],\"inLanguage\":\"es\"},{\"@type\":\"Person\",\"@id\":\"https:\\\/\\\/quehacerpolitico.mx\\\/#\\\/schema\\\/person\\\/496d8ad2d1d3f8036101dca7ee39e585\",\"name\":\"Redacci\u00f3n QP\",\"image\":{\"@type\":\"ImageObject\",\"inLanguage\":\"es\",\"@id\":\"https:\\\/\\\/secure.gravatar.com\\\/avatar\\\/c7164ed6fdec453195284ad24a5ae5b6e1eed2b848477fa2a4787ba9adf39a41?s=96&d=mm&r=g\",\"url\":\"https:\\\/\\\/secure.gravatar.com\\\/avatar\\\/c7164ed6fdec453195284ad24a5ae5b6e1eed2b848477fa2a4787ba9adf39a41?s=96&d=mm&r=g\",\"contentUrl\":\"https:\\\/\\\/secure.gravatar.com\\\/avatar\\\/c7164ed6fdec453195284ad24a5ae5b6e1eed2b848477fa2a4787ba9adf39a41?s=96&d=mm&r=g\",\"caption\":\"Redacci\u00f3n QP\"},\"url\":\"https:\\\/\\\/quehacerpolitico.mx\\\/?author=2\"}]}<\/script>\n<!-- \/ Yoast SEO plugin. -->","yoast_head_json":{"title":"La oposici\u00f3n ya tienen listo a su candidato: AMLO -","robots":{"index":"index","follow":"follow","max-snippet":"max-snippet:-1","max-image-preview":"max-image-preview:large","max-video-preview":"max-video-preview:-1"},"canonical":"https:\/\/quehacerpolitico.mx\/?p=102137","og_locale":"es_MX","og_type":"article","og_title":"La oposici\u00f3n ya tienen listo a su candidato: AMLO -","og_description":"Por Redacci\u00f3n QP L\u00f3pez Obrador explic\u00f3 que la oposici\u00f3n conformada en el Frente Amplio por...","og_url":"https:\/\/quehacerpolitico.mx\/?p=102137","article_published_time":"2023-06-28T19:06:47+00:00","article_modified_time":"2023-06-28T19:06:51+00:00","og_image":[{"width":1284,"height":690,"url":"https:\/\/quehacerpolitico.mx\/wp-content\/uploads\/2023\/06\/IMG_8658.jpeg","type":"image\/jpeg"}],"author":"Redacci\u00f3n QP","twitter_card":"summary_large_image","twitter_misc":{"Escrito por":"Redacci\u00f3n QP","Tiempo de lectura":"3 minutos"},"schema":{"@context":"https:\/\/schema.org","@graph":[{"@type":"Article","@id":"https:\/\/quehacerpolitico.mx\/?p=102137#article","isPartOf":{"@id":"https:\/\/quehacerpolitico.mx\/?p=102137"},"author":{"name":"Redacci\u00f3n QP","@id":"https:\/\/quehacerpolitico.mx\/#\/schema\/person\/496d8ad2d1d3f8036101dca7ee39e585"},"headline":"La oposici\u00f3n ya tienen listo a su candidato: AMLO","datePublished":"2023-06-28T19:06:47+00:00","dateModified":"2023-06-28T19:06:51+00:00","mainEntityOfPage":{"@id":"https:\/\/quehacerpolitico.mx\/?p=102137"},"wordCount":607,"commentCount":0,"image":{"@id":"https:\/\/quehacerpolitico.mx\/?p=102137#primaryimage"},"thumbnailUrl":"https:\/\/quehacerpolitico.mx\/wp-content\/uploads\/2023\/06\/IMG_8658.jpeg","articleSection":["Noticias"],"inLanguage":"es","potentialAction":[{"@type":"CommentAction","name":"Comment","target":["https:\/\/quehacerpolitico.mx\/?p=102137#respond"]}]},{"@type":"WebPage","@id":"https:\/\/quehacerpolitico.mx\/?p=102137","url":"https:\/\/quehacerpolitico.mx\/?p=102137","name":"La oposici\u00f3n ya tienen listo a su candidato: AMLO -","isPartOf":{"@id":"https:\/\/quehacerpolitico.mx\/#website"},"primaryImageOfPage":{"@id":"https:\/\/quehacerpolitico.mx\/?p=102137#primaryimage"},"image":{"@id":"https:\/\/quehacerpolitico.mx\/?p=102137#primaryimage"},"thumbnailUrl":"https:\/\/quehacerpolitico.mx\/wp-content\/uploads\/2023\/06\/IMG_8658.jpeg","datePublished":"2023-06-28T19:06:47+00:00","dateModified":"2023-06-28T19:06:51+00:00","author":{"@id":"https:\/\/quehacerpolitico.mx\/#\/schema\/person\/496d8ad2d1d3f8036101dca7ee39e585"},"breadcrumb":{"@id":"https:\/\/quehacerpolitico.mx\/?p=102137#breadcrumb"},"inLanguage":"es","potentialAction":[{"@type":"ReadAction","target":["https:\/\/quehacerpolitico.mx\/?p=102137"]}]},{"@type":"ImageObject","inLanguage":"es","@id":"https:\/\/quehacerpolitico.mx\/?p=102137#primaryimage","url":"https:\/\/quehacerpolitico.mx\/wp-content\/uploads\/2023\/06\/IMG_8658.jpeg","contentUrl":"https:\/\/quehacerpolitico.mx\/wp-content\/uploads\/2023\/06\/IMG_8658.jpeg","width":1284,"height":690},{"@type":"BreadcrumbList","@id":"https:\/\/quehacerpolitico.mx\/?p=102137#breadcrumb","itemListElement":[{"@type":"ListItem","position":1,"name":"Inicio","item":"https:\/\/quehacerpolitico.mx\/"},{"@type":"ListItem","position":2,"name":"La oposici\u00f3n ya tienen listo a su candidato: AMLO"}]},{"@type":"WebSite","@id":"https:\/\/quehacerpolitico.mx\/#website","url":"https:\/\/quehacerpolitico.mx\/","name":"","description":"","potentialAction":[{"@type":"SearchAction","target":{"@type":"EntryPoint","urlTemplate":"https:\/\/quehacerpolitico.mx\/?s={search_term_string}"},"query-input":{"@type":"PropertyValueSpecification","valueRequired":true,"valueName":"search_term_string"}}],"inLanguage":"es"},{"@type":"Person","@id":"https:\/\/quehacerpolitico.mx\/#\/schema\/person\/496d8ad2d1d3f8036101dca7ee39e585","name":"Redacci\u00f3n QP","image":{"@type":"ImageObject","inLanguage":"es","@id":"https:\/\/secure.gravatar.com\/avatar\/c7164ed6fdec453195284ad24a5ae5b6e1eed2b848477fa2a4787ba9adf39a41?s=96&d=mm&r=g","url":"https:\/\/secure.gravatar.com\/avatar\/c7164ed6fdec453195284ad24a5ae5b6e1eed2b848477fa2a4787ba9adf39a41?s=96&d=mm&r=g","contentUrl":"https:\/\/secure.gravatar.com\/avatar\/c7164ed6fdec453195284ad24a5ae5b6e1eed2b848477fa2a4787ba9adf39a41?s=96&d=mm&r=g","caption":"Redacci\u00f3n QP"},"url":"https:\/\/quehacerpolitico.mx\/?author=2"}]}},"featured_image_urls":{"full":["https:\/\/quehacerpolitico.mx\/wp-content\/uploads\/2023\/06\/IMG_8658.jpeg",1284,690,false],"thumbnail":["https:\/\/quehacerpolitico.mx\/wp-content\/uploads\/2023\/06\/IMG_8658-150x150.jpeg",150,150,true],"medium":["https:\/\/quehacerpolitico.mx\/wp-content\/uploads\/2023\/06\/IMG_8658-300x161.jpeg",300,161,true],"medium_large":["https:\/\/quehacerpolitico.mx\/wp-content\/uploads\/2023\/06\/IMG_8658-768x413.jpeg",640,344,true],"large":["https:\/\/quehacerpolitico.mx\/wp-content\/uploads\/2023\/06\/IMG_8658-1024x550.jpeg",640,344,true],"1536x1536":["https:\/\/quehacerpolitico.mx\/wp-content\/uploads\/2023\/06\/IMG_8658.jpeg",1284,690,false],"2048x2048":["https:\/\/quehacerpolitico.mx\/wp-content\/uploads\/2023\/06\/IMG_8658.jpeg",1284,690,false],"covernews-featured":["https:\/\/quehacerpolitico.mx\/wp-content\/uploads\/2023\/06\/IMG_8658.jpeg",1024,550,false],"covernews-medium":["https:\/\/quehacerpolitico.mx\/wp-content\/uploads\/2023\/06\/IMG_8658.jpeg",540,290,false]},"author_info":{"display_name":"Redacci\u00f3n QP","author_link":"https:\/\/quehacerpolitico.mx\/?author=2"},"category_info":"<a href=\"https:\/\/quehacerpolitico.mx\/?cat=2\" rel=\"category\">Noticias<\/a>","tag_info":"Noticias","comment_count":"0","_links":{"self":[{"href":"https:\/\/quehacerpolitico.mx\/index.php?rest_route=\/wp\/v2\/posts\/102137","targetHints":{"allow":["GET"]}}],"collection":[{"href":"https:\/\/quehacerpolitico.mx\/index.php?rest_route=\/wp\/v2\/posts"}],"about":[{"href":"https:\/\/quehacerpolitico.mx\/index.php?rest_route=\/wp\/v2\/types\/post"}],"author":[{"embeddable":true,"href":"https:\/\/quehacerpolitico.mx\/index.php?rest_route=\/wp\/v2\/users\/2"}],"replies":[{"embeddable":true,"href":"https:\/\/quehacerpolitico.mx\/index.php?rest_route=%2Fwp%2Fv2%2Fcomments&post=102137"}],"version-history":[{"count":1,"href":"https:\/\/quehacerpolitico.mx\/index.php?rest_route=\/wp\/v2\/posts\/102137\/revisions"}],"predecessor-version":[{"id":102139,"href":"https:\/\/quehacerpolitico.mx\/index.php?rest_route=\/wp\/v2\/posts\/102137\/revisions\/102139"}],"wp:featuredmedia":[{"embeddable":true,"href":"https:\/\/quehacerpolitico.mx\/index.php?rest_route=\/wp\/v2\/media\/102138"}],"wp:attachment":[{"href":"https:\/\/quehacerpolitico.mx\/index.php?rest_route=%2Fwp%2Fv2%2Fmedia&parent=102137"}],"wp:term":[{"taxonomy":"category","embeddable":true,"href":"https:\/\/quehacerpolitico.mx\/index.php?rest_route=%2Fwp%2Fv2%2Fcategories&post=102137"},{"taxonomy":"post_tag","embeddable":true,"href":"https:\/\/quehacerpolitico.mx\/index.php?rest_route=%2Fwp%2Fv2%2Ftags&post=102137"}],"curies":[{"name":"wp","href":"https:\/\/api.w.org\/{rel}","templated":true}]}}