{"id":102134,"date":"2023-06-28T18:26:52","date_gmt":"2023-06-28T18:26:52","guid":{"rendered":"https:\/\/quehacerpolitico.mx\/?p=102134"},"modified":"2023-06-28T18:26:55","modified_gmt":"2023-06-28T18:26:55","slug":"lilly-tellez-se-baja-de-la-contienda-presidencial","status":"publish","type":"post","link":"https:\/\/quehacerpolitico.mx\/?p=102134","title":{"rendered":"Lilly Tell\u00e9z se baja de la contienda presidencial"},"content":{"rendered":"\n<p>Por Redacci\u00f3n QP<\/p>\n\n\n\n<p>Lilly T\u00e9llez acus\u00f3 que el m\u00e9todo de elecci\u00f3n de la oposici\u00f3n no garantiza plenas condiciones de equidad entre los aspirantes<\/p>\n\n\n\n<p><strong>Lilly T\u00e9llez<\/strong>\u00a0anunci\u00f3 que\u00a0<strong>no participar\u00e1<\/strong>\u00a0en la contienda interna para elegir al\u00a0<strong>candidato presidencial<\/strong>\u00a0de la\u00a0<strong>oposici\u00f3n<\/strong>, agrupada en el\u00a0Frente Amplio por M\u00e9xico<\/p>\n\n\n\n<p>Mediante un video en redes sociales la senadora acus\u00f3 que el\u00a0<strong>m\u00e9todo de elecci\u00f3n<\/strong>\u00a0anunciado no garantiza plenas condiciones de equidad entre los aspirantes.<\/p>\n\n\n\n<p>Refiri\u00f3 que inclusive el<strong>\u00a0Consejo Electoral Ciudadano<\/strong>\u00a0que acompa\u00f1ar\u00eda las primarias\u00a0se disolvi\u00f3 lo que gener\u00f3 confusi\u00f3n.<\/p>\n\n\n\n<figure class=\"wp-block-embed is-type-rich is-provider-twitter wp-block-embed-twitter\"><div class=\"wp-block-embed__wrapper\">\n<blockquote class=\"twitter-tweet\" data-width=\"550\" data-dnt=\"true\"><p lang=\"es\" dir=\"ltr\">He tomado la decisi\u00f3n. <a href=\"https:\/\/t.co\/Yk5FMIZGYZ\">pic.twitter.com\/Yk5FMIZGYZ<\/a><\/p>&mdash; Lilly T\u00e9llez (@LillyTellez) <a href=\"https:\/\/twitter.com\/LillyTellez\/status\/1674055047397908480?ref_src=twsrc%5Etfw\">June 28, 2023<\/a><\/blockquote><script async src=\"https:\/\/platform.twitter.com\/widgets.js\" charset=\"utf-8\"><\/script>\n<\/div><\/figure>\n\n\n\n<p><strong>Lilly T\u00e9llez<\/strong>&nbsp;conden\u00f3 que se tenga tan solo una semana para preparar una elecci\u00f3n nacional cuya decisi\u00f3n no recaer\u00e1 en la ciudadan\u00eda sino en quienes movilizan ciudadanos.<\/p>\n\n\n\n<p>Expuso adem\u00e1s que no se genera\u00a0<strong>certidumbre<\/strong>\u00a0sobre la autenticidad del\u00a0<strong>padr\u00f3n electoral interno<\/strong>\u00a0y la forma de recibir y contar los votos, ni existen reglas claras sobre el origen y destino del dinero.<\/p>\n\n\n\n<p>Por congruencia y sentido \u00e9tico no me inscribir\u00e9 en la contienda convocada\u201d, resumi\u00f3.<\/p>\n\n\n\n<p>T\u00e9llez se comprometi\u00f3 en su lugar a seguir trabajando por M\u00e9xico, levantando la voz y denunciando la corrupci\u00f3n dentro del actual Gobierno Federal.<\/p>\n\n\n\n<h3 class=\"wp-block-heading\">Tres etapas para elegir al candidato presidencial de la oposici\u00f3n<\/h3>\n\n\n\n<p><strong>Frente Amplio por M\u00e9xico<\/strong>, antes&nbsp;Va por M\u00e9xico, ser\u00e1 el nombre que tomar\u00e1 la alianza del PAN, PRI y PRD que se enfrentar\u00e1 a&nbsp;<strong>Morena<\/strong>&nbsp;en las elecciones presidenciales de 2024.<\/p>\n\n\n\n<p>El&nbsp;<strong>m\u00e9todo de selecci\u00f3n<\/strong>&nbsp;del candidato presidencial constar\u00e1 de&nbsp;<strong>tres etapas<\/strong>.<\/p>\n\n\n\n<p>Para dar seguimiento y cumplimiento de la elecci\u00f3n del&nbsp;<strong>responsable nacional para la Construcci\u00f3n del Frente Amplio por M\u00e9xico<\/strong>&nbsp;se conformar\u00e1 un Comit\u00e9 Organizador y un Observatorio, que vigilar\u00e1 las tres etapas que integran este proceso.<\/p>\n\n\n\n<p>La\u00a0<strong>primera etapa<\/strong>\u00a0comenzar\u00e1 el 4 de julio, con los\u00a0<strong>registros<\/strong>\u00a0de los ciudadanos que quieran participar para ser el o la responsable nacional para la Construcci\u00f3n del Frente Amplio por M\u00e9xico. Estos se llevar\u00e1n a cabo ante la Comisi\u00f3n de Registros del PAN, PRI y PRD, y una vez concluido este periodo se dar\u00e1 a conocer a las y los participantes registrados.<\/p>\n\n\n\n<p>Quienes se inscriban en esta primera etapa, deber\u00e1n ser respaldados por militantes, simpatizantes o integrantes de la sociedad civil, a trav\u00e9s de una plataforma electr\u00f3nica que iniciar\u00e1 desde cero con un registro de hasta 200 mil firmas.<\/p>\n\n\n\n<p>Concluido el periodo de registro de aspirantes se dar\u00e1 a conocer el nombre de quienes cumplieron con el m\u00ednimo apoyo social requerido y pasar\u00e1n a la etapa dos.<\/p>\n\n\n\n<p>En la&nbsp;<strong>segunda etapa<\/strong>, deber\u00e1n participar en un primer&nbsp;<strong>gran foro<\/strong>para discutir y analizar su visi\u00f3n de M\u00e9xico. Ah\u00ed se aplicar\u00e1 un primer&nbsp;<strong>estudio de opini\u00f3n<\/strong>&nbsp;que permitir\u00e1n elegir a tres perfiles con m\u00e1s respaldo social.<\/p>\n\n\n\n<p>En la&nbsp;<strong>tercera<\/strong>&nbsp;<strong>etapa<\/strong>, los tres perfiles finalistas deber\u00e1n participar en&nbsp;<strong>cinco foros regionales<\/strong>, donde se har\u00e1n&nbsp;<strong>nuevos estudios de opini\u00f3n p\u00fablica<\/strong>, cuyos resultados se publicar\u00e1n el&nbsp;<strong>3 de septiembre<\/strong>, fecha en la cual se realizar\u00e1 una consulta directa a los ciudadanos que se registraron previamente en la plataforma.<\/p>\n\n\n\n<p>Una vez concluido este ejercicio, se dar\u00e1n a conocer los resultados finales, tanto del estudio de opini\u00f3n, como de la consulta ciudadana, que tendr\u00e1n el mismo valor, y tambi\u00e9n se anunciar\u00e1 el nombre de la persona responsable de la construcci\u00f3n del Frente Amplio por M\u00e9xico.<\/p>\n","protected":false},"excerpt":{"rendered":"<p>Por Redacci\u00f3n QP Lilly T\u00e9llez acus\u00f3 que el m\u00e9todo de elecci\u00f3n de la oposici\u00f3n no&#8230;<\/p>\n","protected":false},"author":2,"featured_media":102135,"comment_status":"open","ping_status":"open","sticky":false,"template":"","format":"standard","meta":{"_monsterinsights_skip_tracking":false,"_monsterinsights_sitenote_active":false,"_monsterinsights_sitenote_note":"","_monsterinsights_sitenote_category":0,"footnotes":""},"categories":[2],"tags":[],"class_list":["post-102134","post","type-post","status-publish","format-standard","has-post-thumbnail","hentry","category-noticias"],"yoast_head":"<!-- This site is optimized with the Yoast SEO plugin v27.3 - https:\/\/yoast.com\/product\/yoast-seo-wordpress\/ -->\n<title>Lilly Tell\u00e9z se baja de la contienda presidencial -<\/title>\n<meta name=\"robots\" content=\"index, follow, max-snippet:-1, max-image-preview:large, max-video-preview:-1\" \/>\n<link rel=\"canonical\" href=\"https:\/\/quehacerpolitico.mx\/?p=102134\" \/>\n<meta property=\"og:locale\" content=\"es_MX\" \/>\n<meta property=\"og:type\" content=\"article\" \/>\n<meta property=\"og:title\" content=\"Lilly Tell\u00e9z se baja de la contienda presidencial -\" \/>\n<meta property=\"og:description\" content=\"Por Redacci\u00f3n QP Lilly T\u00e9llez acus\u00f3 que el m\u00e9todo de elecci\u00f3n de la oposici\u00f3n no...\" \/>\n<meta property=\"og:url\" content=\"https:\/\/quehacerpolitico.mx\/?p=102134\" \/>\n<meta property=\"article:published_time\" content=\"2023-06-28T18:26:52+00:00\" \/>\n<meta property=\"article:modified_time\" content=\"2023-06-28T18:26:55+00:00\" \/>\n<meta property=\"og:image\" content=\"https:\/\/quehacerpolitico.mx\/wp-content\/uploads\/2023\/06\/IMG_8657.jpeg\" \/>\n\t<meta property=\"og:image:width\" content=\"1284\" \/>\n\t<meta property=\"og:image:height\" content=\"719\" \/>\n\t<meta property=\"og:image:type\" content=\"image\/jpeg\" \/>\n<meta name=\"author\" content=\"Redacci\u00f3n QP\" \/>\n<meta name=\"twitter:card\" content=\"summary_large_image\" \/>\n<meta name=\"twitter:label1\" content=\"Escrito por\" \/>\n\t<meta name=\"twitter:data1\" content=\"Redacci\u00f3n QP\" \/>\n\t<meta name=\"twitter:label2\" content=\"Tiempo de lectura\" \/>\n\t<meta name=\"twitter:data2\" content=\"3 minutos\" \/>\n<script type=\"application\/ld+json\" class=\"yoast-schema-graph\">{\"@context\":\"https:\\\/\\\/schema.org\",\"@graph\":[{\"@type\":\"Article\",\"@id\":\"https:\\\/\\\/quehacerpolitico.mx\\\/?p=102134#article\",\"isPartOf\":{\"@id\":\"https:\\\/\\\/quehacerpolitico.mx\\\/?p=102134\"},\"author\":{\"name\":\"Redacci\u00f3n QP\",\"@id\":\"https:\\\/\\\/quehacerpolitico.mx\\\/#\\\/schema\\\/person\\\/496d8ad2d1d3f8036101dca7ee39e585\"},\"headline\":\"Lilly Tell\u00e9z se baja de la contienda presidencial\",\"datePublished\":\"2023-06-28T18:26:52+00:00\",\"dateModified\":\"2023-06-28T18:26:55+00:00\",\"mainEntityOfPage\":{\"@id\":\"https:\\\/\\\/quehacerpolitico.mx\\\/?p=102134\"},\"wordCount\":622,\"commentCount\":0,\"image\":{\"@id\":\"https:\\\/\\\/quehacerpolitico.mx\\\/?p=102134#primaryimage\"},\"thumbnailUrl\":\"https:\\\/\\\/quehacerpolitico.mx\\\/wp-content\\\/uploads\\\/2023\\\/06\\\/IMG_8657.jpeg\",\"articleSection\":[\"Noticias\"],\"inLanguage\":\"es\",\"potentialAction\":[{\"@type\":\"CommentAction\",\"name\":\"Comment\",\"target\":[\"https:\\\/\\\/quehacerpolitico.mx\\\/?p=102134#respond\"]}]},{\"@type\":\"WebPage\",\"@id\":\"https:\\\/\\\/quehacerpolitico.mx\\\/?p=102134\",\"url\":\"https:\\\/\\\/quehacerpolitico.mx\\\/?p=102134\",\"name\":\"Lilly Tell\u00e9z se baja de la contienda presidencial -\",\"isPartOf\":{\"@id\":\"https:\\\/\\\/quehacerpolitico.mx\\\/#website\"},\"primaryImageOfPage\":{\"@id\":\"https:\\\/\\\/quehacerpolitico.mx\\\/?p=102134#primaryimage\"},\"image\":{\"@id\":\"https:\\\/\\\/quehacerpolitico.mx\\\/?p=102134#primaryimage\"},\"thumbnailUrl\":\"https:\\\/\\\/quehacerpolitico.mx\\\/wp-content\\\/uploads\\\/2023\\\/06\\\/IMG_8657.jpeg\",\"datePublished\":\"2023-06-28T18:26:52+00:00\",\"dateModified\":\"2023-06-28T18:26:55+00:00\",\"author\":{\"@id\":\"https:\\\/\\\/quehacerpolitico.mx\\\/#\\\/schema\\\/person\\\/496d8ad2d1d3f8036101dca7ee39e585\"},\"breadcrumb\":{\"@id\":\"https:\\\/\\\/quehacerpolitico.mx\\\/?p=102134#breadcrumb\"},\"inLanguage\":\"es\",\"potentialAction\":[{\"@type\":\"ReadAction\",\"target\":[\"https:\\\/\\\/quehacerpolitico.mx\\\/?p=102134\"]}]},{\"@type\":\"ImageObject\",\"inLanguage\":\"es\",\"@id\":\"https:\\\/\\\/quehacerpolitico.mx\\\/?p=102134#primaryimage\",\"url\":\"https:\\\/\\\/quehacerpolitico.mx\\\/wp-content\\\/uploads\\\/2023\\\/06\\\/IMG_8657.jpeg\",\"contentUrl\":\"https:\\\/\\\/quehacerpolitico.mx\\\/wp-content\\\/uploads\\\/2023\\\/06\\\/IMG_8657.jpeg\",\"width\":1284,\"height\":719},{\"@type\":\"BreadcrumbList\",\"@id\":\"https:\\\/\\\/quehacerpolitico.mx\\\/?p=102134#breadcrumb\",\"itemListElement\":[{\"@type\":\"ListItem\",\"position\":1,\"name\":\"Inicio\",\"item\":\"https:\\\/\\\/quehacerpolitico.mx\\\/\"},{\"@type\":\"ListItem\",\"position\":2,\"name\":\"Lilly Tell\u00e9z se baja de la contienda presidencial\"}]},{\"@type\":\"WebSite\",\"@id\":\"https:\\\/\\\/quehacerpolitico.mx\\\/#website\",\"url\":\"https:\\\/\\\/quehacerpolitico.mx\\\/\",\"name\":\"\",\"description\":\"\",\"potentialAction\":[{\"@type\":\"SearchAction\",\"target\":{\"@type\":\"EntryPoint\",\"urlTemplate\":\"https:\\\/\\\/quehacerpolitico.mx\\\/?s={search_term_string}\"},\"query-input\":{\"@type\":\"PropertyValueSpecification\",\"valueRequired\":true,\"valueName\":\"search_term_string\"}}],\"inLanguage\":\"es\"},{\"@type\":\"Person\",\"@id\":\"https:\\\/\\\/quehacerpolitico.mx\\\/#\\\/schema\\\/person\\\/496d8ad2d1d3f8036101dca7ee39e585\",\"name\":\"Redacci\u00f3n QP\",\"image\":{\"@type\":\"ImageObject\",\"inLanguage\":\"es\",\"@id\":\"https:\\\/\\\/secure.gravatar.com\\\/avatar\\\/c7164ed6fdec453195284ad24a5ae5b6e1eed2b848477fa2a4787ba9adf39a41?s=96&d=mm&r=g\",\"url\":\"https:\\\/\\\/secure.gravatar.com\\\/avatar\\\/c7164ed6fdec453195284ad24a5ae5b6e1eed2b848477fa2a4787ba9adf39a41?s=96&d=mm&r=g\",\"contentUrl\":\"https:\\\/\\\/secure.gravatar.com\\\/avatar\\\/c7164ed6fdec453195284ad24a5ae5b6e1eed2b848477fa2a4787ba9adf39a41?s=96&d=mm&r=g\",\"caption\":\"Redacci\u00f3n QP\"},\"url\":\"https:\\\/\\\/quehacerpolitico.mx\\\/?author=2\"}]}<\/script>\n<!-- \/ Yoast SEO plugin. -->","yoast_head_json":{"title":"Lilly Tell\u00e9z se baja de la contienda presidencial -","robots":{"index":"index","follow":"follow","max-snippet":"max-snippet:-1","max-image-preview":"max-image-preview:large","max-video-preview":"max-video-preview:-1"},"canonical":"https:\/\/quehacerpolitico.mx\/?p=102134","og_locale":"es_MX","og_type":"article","og_title":"Lilly Tell\u00e9z se baja de la contienda presidencial -","og_description":"Por Redacci\u00f3n QP Lilly T\u00e9llez acus\u00f3 que el m\u00e9todo de elecci\u00f3n de la oposici\u00f3n no...","og_url":"https:\/\/quehacerpolitico.mx\/?p=102134","article_published_time":"2023-06-28T18:26:52+00:00","article_modified_time":"2023-06-28T18:26:55+00:00","og_image":[{"width":1284,"height":719,"url":"https:\/\/quehacerpolitico.mx\/wp-content\/uploads\/2023\/06\/IMG_8657.jpeg","type":"image\/jpeg"}],"author":"Redacci\u00f3n QP","twitter_card":"summary_large_image","twitter_misc":{"Escrito por":"Redacci\u00f3n QP","Tiempo de lectura":"3 minutos"},"schema":{"@context":"https:\/\/schema.org","@graph":[{"@type":"Article","@id":"https:\/\/quehacerpolitico.mx\/?p=102134#article","isPartOf":{"@id":"https:\/\/quehacerpolitico.mx\/?p=102134"},"author":{"name":"Redacci\u00f3n QP","@id":"https:\/\/quehacerpolitico.mx\/#\/schema\/person\/496d8ad2d1d3f8036101dca7ee39e585"},"headline":"Lilly Tell\u00e9z se baja de la contienda presidencial","datePublished":"2023-06-28T18:26:52+00:00","dateModified":"2023-06-28T18:26:55+00:00","mainEntityOfPage":{"@id":"https:\/\/quehacerpolitico.mx\/?p=102134"},"wordCount":622,"commentCount":0,"image":{"@id":"https:\/\/quehacerpolitico.mx\/?p=102134#primaryimage"},"thumbnailUrl":"https:\/\/quehacerpolitico.mx\/wp-content\/uploads\/2023\/06\/IMG_8657.jpeg","articleSection":["Noticias"],"inLanguage":"es","potentialAction":[{"@type":"CommentAction","name":"Comment","target":["https:\/\/quehacerpolitico.mx\/?p=102134#respond"]}]},{"@type":"WebPage","@id":"https:\/\/quehacerpolitico.mx\/?p=102134","url":"https:\/\/quehacerpolitico.mx\/?p=102134","name":"Lilly Tell\u00e9z se baja de la contienda presidencial -","isPartOf":{"@id":"https:\/\/quehacerpolitico.mx\/#website"},"primaryImageOfPage":{"@id":"https:\/\/quehacerpolitico.mx\/?p=102134#primaryimage"},"image":{"@id":"https:\/\/quehacerpolitico.mx\/?p=102134#primaryimage"},"thumbnailUrl":"https:\/\/quehacerpolitico.mx\/wp-content\/uploads\/2023\/06\/IMG_8657.jpeg","datePublished":"2023-06-28T18:26:52+00:00","dateModified":"2023-06-28T18:26:55+00:00","author":{"@id":"https:\/\/quehacerpolitico.mx\/#\/schema\/person\/496d8ad2d1d3f8036101dca7ee39e585"},"breadcrumb":{"@id":"https:\/\/quehacerpolitico.mx\/?p=102134#breadcrumb"},"inLanguage":"es","potentialAction":[{"@type":"ReadAction","target":["https:\/\/quehacerpolitico.mx\/?p=102134"]}]},{"@type":"ImageObject","inLanguage":"es","@id":"https:\/\/quehacerpolitico.mx\/?p=102134#primaryimage","url":"https:\/\/quehacerpolitico.mx\/wp-content\/uploads\/2023\/06\/IMG_8657.jpeg","contentUrl":"https:\/\/quehacerpolitico.mx\/wp-content\/uploads\/2023\/06\/IMG_8657.jpeg","width":1284,"height":719},{"@type":"BreadcrumbList","@id":"https:\/\/quehacerpolitico.mx\/?p=102134#breadcrumb","itemListElement":[{"@type":"ListItem","position":1,"name":"Inicio","item":"https:\/\/quehacerpolitico.mx\/"},{"@type":"ListItem","position":2,"name":"Lilly Tell\u00e9z se baja de la contienda presidencial"}]},{"@type":"WebSite","@id":"https:\/\/quehacerpolitico.mx\/#website","url":"https:\/\/quehacerpolitico.mx\/","name":"","description":"","potentialAction":[{"@type":"SearchAction","target":{"@type":"EntryPoint","urlTemplate":"https:\/\/quehacerpolitico.mx\/?s={search_term_string}"},"query-input":{"@type":"PropertyValueSpecification","valueRequired":true,"valueName":"search_term_string"}}],"inLanguage":"es"},{"@type":"Person","@id":"https:\/\/quehacerpolitico.mx\/#\/schema\/person\/496d8ad2d1d3f8036101dca7ee39e585","name":"Redacci\u00f3n QP","image":{"@type":"ImageObject","inLanguage":"es","@id":"https:\/\/secure.gravatar.com\/avatar\/c7164ed6fdec453195284ad24a5ae5b6e1eed2b848477fa2a4787ba9adf39a41?s=96&d=mm&r=g","url":"https:\/\/secure.gravatar.com\/avatar\/c7164ed6fdec453195284ad24a5ae5b6e1eed2b848477fa2a4787ba9adf39a41?s=96&d=mm&r=g","contentUrl":"https:\/\/secure.gravatar.com\/avatar\/c7164ed6fdec453195284ad24a5ae5b6e1eed2b848477fa2a4787ba9adf39a41?s=96&d=mm&r=g","caption":"Redacci\u00f3n QP"},"url":"https:\/\/quehacerpolitico.mx\/?author=2"}]}},"featured_image_urls":{"full":["https:\/\/quehacerpolitico.mx\/wp-content\/uploads\/2023\/06\/IMG_8657.jpeg",1284,719,false],"thumbnail":["https:\/\/quehacerpolitico.mx\/wp-content\/uploads\/2023\/06\/IMG_8657-150x150.jpeg",150,150,true],"medium":["https:\/\/quehacerpolitico.mx\/wp-content\/uploads\/2023\/06\/IMG_8657-300x168.jpeg",300,168,true],"medium_large":["https:\/\/quehacerpolitico.mx\/wp-content\/uploads\/2023\/06\/IMG_8657-768x430.jpeg",640,358,true],"large":["https:\/\/quehacerpolitico.mx\/wp-content\/uploads\/2023\/06\/IMG_8657-1024x573.jpeg",640,358,true],"1536x1536":["https:\/\/quehacerpolitico.mx\/wp-content\/uploads\/2023\/06\/IMG_8657.jpeg",1284,719,false],"2048x2048":["https:\/\/quehacerpolitico.mx\/wp-content\/uploads\/2023\/06\/IMG_8657.jpeg",1284,719,false],"covernews-featured":["https:\/\/quehacerpolitico.mx\/wp-content\/uploads\/2023\/06\/IMG_8657.jpeg",1024,573,false],"covernews-medium":["https:\/\/quehacerpolitico.mx\/wp-content\/uploads\/2023\/06\/IMG_8657.jpeg",540,302,false]},"author_info":{"display_name":"Redacci\u00f3n QP","author_link":"https:\/\/quehacerpolitico.mx\/?author=2"},"category_info":"<a href=\"https:\/\/quehacerpolitico.mx\/?cat=2\" rel=\"category\">Noticias<\/a>","tag_info":"Noticias","comment_count":"0","_links":{"self":[{"href":"https:\/\/quehacerpolitico.mx\/index.php?rest_route=\/wp\/v2\/posts\/102134","targetHints":{"allow":["GET"]}}],"collection":[{"href":"https:\/\/quehacerpolitico.mx\/index.php?rest_route=\/wp\/v2\/posts"}],"about":[{"href":"https:\/\/quehacerpolitico.mx\/index.php?rest_route=\/wp\/v2\/types\/post"}],"author":[{"embeddable":true,"href":"https:\/\/quehacerpolitico.mx\/index.php?rest_route=\/wp\/v2\/users\/2"}],"replies":[{"embeddable":true,"href":"https:\/\/quehacerpolitico.mx\/index.php?rest_route=%2Fwp%2Fv2%2Fcomments&post=102134"}],"version-history":[{"count":1,"href":"https:\/\/quehacerpolitico.mx\/index.php?rest_route=\/wp\/v2\/posts\/102134\/revisions"}],"predecessor-version":[{"id":102136,"href":"https:\/\/quehacerpolitico.mx\/index.php?rest_route=\/wp\/v2\/posts\/102134\/revisions\/102136"}],"wp:featuredmedia":[{"embeddable":true,"href":"https:\/\/quehacerpolitico.mx\/index.php?rest_route=\/wp\/v2\/media\/102135"}],"wp:attachment":[{"href":"https:\/\/quehacerpolitico.mx\/index.php?rest_route=%2Fwp%2Fv2%2Fmedia&parent=102134"}],"wp:term":[{"taxonomy":"category","embeddable":true,"href":"https:\/\/quehacerpolitico.mx\/index.php?rest_route=%2Fwp%2Fv2%2Fcategories&post=102134"},{"taxonomy":"post_tag","embeddable":true,"href":"https:\/\/quehacerpolitico.mx\/index.php?rest_route=%2Fwp%2Fv2%2Ftags&post=102134"}],"curies":[{"name":"wp","href":"https:\/\/api.w.org\/{rel}","templated":true}]}}