{"id":102093,"date":"2023-06-27T00:09:09","date_gmt":"2023-06-27T00:09:09","guid":{"rendered":"https:\/\/quehacerpolitico.mx\/?p=102093"},"modified":"2023-06-27T00:16:29","modified_gmt":"2023-06-27T00:16:29","slug":"estas-agobiado-del-calor-con-el-nuevo-credito-mejoravit-repara-encuentra-un-abanico-de-opciones-para-hacerle-frente-a-esta-temporada-de-calor","status":"publish","type":"post","link":"https:\/\/quehacerpolitico.mx\/?p=102093","title":{"rendered":"\u00bfEst\u00e1s agobiado del calor? Con el nuevo cr\u00e9dito Mejoravit Repara, encuentra un abanico de opciones para hacerle frente a esta temporada de calor"},"content":{"rendered":"\n<p>Por Redacci\u00f3n NotiExpress | La Revista del Sector Inmobiliario <\/p>\n\n\n\n<p>Con el nuevo cr\u00e9dito Mejoravit Repara, el derechohabiente tiene todo un abanico de opciones para hacerle frente a esta temporada de calor<\/p>\n\n\n\n<p><strong>Junio es el mes que ha roto r\u00e9cords con temperaturas altas<\/strong>. En gran parte del pa\u00eds, el calor ha sido el azote de los habitantes que&nbsp;<strong>han recurrido a los aparatos el\u00e9ctricos, como ventiladores y enfriadores, para hacer m\u00e1s llevadero el clima extremo<\/strong>. Pero para muchos, no ha sido suficiente y la idea de un aire acondicionado ha rondado por sus mentes y ahora es m\u00e1s f\u00e1cil, porque el Instituto del Fondo Nacional de la Vivienda para los Trabajadores (Infonavit) te ayuda a comprarlo.<\/p>\n\n\n\n<p><mark><strong>Con el nuevo cr\u00e9dito Mejoravit Repara<\/strong><\/mark>, el derechohabiente tiene todo un abanico de opciones para hacerle frente a esta temporada de calor, ya que&nbsp;<mark><strong>con este financiamiento se puede reparar, ampliar o mejorar la vivienda del trabajador sin afectar su estructura, o incluso instalar ese aire acondicionado que tanto se necesita para hacer frente a las olas de calor<\/strong><\/mark>.<\/p>\n\n\n\n<p>Con este financiamiento, el Infonavit ofrece&nbsp;<mark><strong>una tasa de inter\u00e9s anual fija del 10%<\/strong><\/mark>, m\u00e1s baja que la de cualquier tarjeta de cr\u00e9dito o pr\u00e9stamo personal de un banco, para que al resolver el problema del calor no se genere m\u00e1s deuda.<\/p>\n\n\n\n<figure class=\"wp-block-image size-full\"><img loading=\"lazy\" decoding=\"async\" width=\"960\" height=\"480\" src=\"https:\/\/quehacerpolitico.mx\/wp-content\/uploads\/2023\/06\/image-76.jpeg\" alt=\"\" class=\"wp-image-102096\" srcset=\"https:\/\/quehacerpolitico.mx\/wp-content\/uploads\/2023\/06\/image-76.jpeg 960w, https:\/\/quehacerpolitico.mx\/wp-content\/uploads\/2023\/06\/image-76-300x150.jpeg 300w, https:\/\/quehacerpolitico.mx\/wp-content\/uploads\/2023\/06\/image-76-768x384.jpeg 768w, https:\/\/quehacerpolitico.mx\/wp-content\/uploads\/2023\/06\/image-76-260x130.jpeg 260w, https:\/\/quehacerpolitico.mx\/wp-content\/uploads\/2023\/06\/image-76-50x25.jpeg 50w, https:\/\/quehacerpolitico.mx\/wp-content\/uploads\/2023\/06\/image-76-150x75.jpeg 150w\" sizes=\"auto, (max-width: 960px) 100vw, 960px\" \/><\/figure>\n\n\n\n<h2 class=\"wp-block-heading\">Caracter\u00edsticas del cr\u00e9dito<\/h2>\n\n\n\n<ul class=\"wp-block-list\">\n<li><strong>Cr\u00e9dito desde 9 mil 461 hasta 37 mil 844 pesos<\/strong>(sin rebasar el 90% del importe en tu Subcuenta de Vivienda)<\/li>\n\n\n\n<li><strong>Tasa de inter\u00e9s anual fija del 10 por ciento<\/strong><\/li>\n\n\n\n<li><strong>Plazo para pagar de 1 a 5 a\u00f1os<\/strong>, t\u00fa eliges<\/li>\n\n\n\n<li>La suma de tu edad m\u00e1s el plazo del cr\u00e9dito debe ser de&nbsp;<strong>m\u00e1ximo 75 a\u00f1os para mujeres y de 70 a\u00f1os para hombres<\/strong><\/li>\n<\/ul>\n\n\n\n<p><strong>Los recursos del cr\u00e9dito se te entregar\u00e1n en dos tarjetas, en una se te depositar\u00e1 el 80% del monto del financiamiento para hacer compras en m\u00e1s de 2 mil 300 comercios con giros autorizados, y en otra, el 20% restante para disposici\u00f3n de efectivo para pagar la mano de obra<\/strong>.<\/p>\n\n\n\n<p>S\u00f3lo requieres entrar o registrarte en Mi Cuenta Infonavit (micuenta.infonavit.org.mx) para:<\/p>\n\n\n\n<ul class=\"wp-block-list\">\n<li><strong>Conocer el monto aproximado de tu cr\u00e9dito<\/strong><\/li>\n\n\n\n<li><strong>Aceptar la consulta a bur\u00f3 de cr\u00e9dito<\/strong><\/li>\n\n\n\n<li><strong>Elegir el plazo que m\u00e1s te convenga<\/strong><\/li>\n\n\n\n<li><strong>Completar los m\u00f3dulos del curso Saber m\u00e1s para Decidir Mejor<\/strong><\/li>\n\n\n\n<li><strong>Integrar tu documentaci\u00f3n<\/strong><\/li>\n\n\n\n<li><strong>Elegir c\u00f3mo quieres iniciar tu tr\u00e1mite: a) Autoservicio desde Mi Cuenta Infonavit, b) En el Centro de Servicio Infonavit (Cesi) m\u00e1s cercano. Programa tu cita<\/strong><\/li>\n<\/ul>\n\n\n\n<p><mark><strong>Es importante que el trabajador no olvide avisar en su empresa que est\u00e1s solicitando un cr\u00e9dito, ya que deber\u00e1 confirmar tu tr\u00e1mite o acusar el Aviso de Retenci\u00f3n<\/strong><\/mark>.<\/p>\n\n\n\n<p>No se te olvide que?<\/p>\n\n\n\n<p>En&nbsp;NotiExpress | La Revista del Sector Inmobiliario nos ocupamos en la difusi\u00f3n de la industria inmobiliaria generamos contenidos que te ayudar\u00e1n a mantenerte a la vanguardia en tecnolog\u00eda y en tendencias del sector inmobiliario para que puedas ofrecer el mejor servicio y generar m\u00e1s clientes.<\/p>\n\n\n\n<p>\u00c9chale una miradita a nuestra revista mensual donde encontrar\u00e1s la informaci\u00f3n precisa y oportuna con todo lo relacionado al sector inmobiliario aqu\u00ed&nbsp;?<a href=\"https:\/\/issuu.com\/notiexpressmx\/docs\/notiexpress_07\">https:\/\/issuu.com\/notiexpressmx\/docs\/notiexpress_07&nbsp;<\/a>&nbsp;NotiExpress | La Revista del Sector Inmobiliario<\/p>\n\n\n\n<figure class=\"wp-block-image size-large\"><img loading=\"lazy\" decoding=\"async\" width=\"1024\" height=\"378\" src=\"https:\/\/quehacerpolitico.mx\/wp-content\/uploads\/2023\/06\/image-75-1024x378.jpeg\" alt=\"\" class=\"wp-image-102094\" srcset=\"https:\/\/quehacerpolitico.mx\/wp-content\/uploads\/2023\/06\/image-75-1024x378.jpeg 1024w, https:\/\/quehacerpolitico.mx\/wp-content\/uploads\/2023\/06\/image-75-300x111.jpeg 300w, https:\/\/quehacerpolitico.mx\/wp-content\/uploads\/2023\/06\/image-75-768x284.jpeg 768w, https:\/\/quehacerpolitico.mx\/wp-content\/uploads\/2023\/06\/image-75-260x96.jpeg 260w, https:\/\/quehacerpolitico.mx\/wp-content\/uploads\/2023\/06\/image-75-50x18.jpeg 50w, https:\/\/quehacerpolitico.mx\/wp-content\/uploads\/2023\/06\/image-75-150x55.jpeg 150w, https:\/\/quehacerpolitico.mx\/wp-content\/uploads\/2023\/06\/image-75.jpeg 1280w\" sizes=\"auto, (max-width: 1024px) 100vw, 1024px\" \/><\/figure>\n","protected":false},"excerpt":{"rendered":"<p>Por Redacci\u00f3n NotiExpress | La Revista del Sector Inmobiliario Con el nuevo cr\u00e9dito Mejoravit Repara,&#8230;<\/p>\n","protected":false},"author":2,"featured_media":102098,"comment_status":"open","ping_status":"open","sticky":false,"template":"","format":"standard","meta":{"_monsterinsights_skip_tracking":false,"_monsterinsights_sitenote_active":false,"_monsterinsights_sitenote_note":"","_monsterinsights_sitenote_category":0,"footnotes":""},"categories":[56],"tags":[],"class_list":["post-102093","post","type-post","status-publish","format-standard","has-post-thumbnail","hentry","category-economia"],"yoast_head":"<!-- This site is optimized with the Yoast SEO plugin v27.3 - https:\/\/yoast.com\/product\/yoast-seo-wordpress\/ -->\n<title>\u00bfEst\u00e1s agobiado del calor? Con el nuevo cr\u00e9dito Mejoravit Repara, encuentra un abanico de opciones para hacerle frente a esta temporada de calor -<\/title>\n<meta name=\"robots\" content=\"index, follow, max-snippet:-1, max-image-preview:large, max-video-preview:-1\" \/>\n<link rel=\"canonical\" href=\"https:\/\/quehacerpolitico.mx\/?p=102093\" \/>\n<meta property=\"og:locale\" content=\"es_MX\" \/>\n<meta property=\"og:type\" content=\"article\" \/>\n<meta property=\"og:title\" content=\"\u00bfEst\u00e1s agobiado del calor? Con el nuevo cr\u00e9dito Mejoravit Repara, encuentra un abanico de opciones para hacerle frente a esta temporada de calor -\" \/>\n<meta property=\"og:description\" content=\"Por Redacci\u00f3n NotiExpress | La Revista del Sector Inmobiliario Con el nuevo cr\u00e9dito Mejoravit Repara,...\" \/>\n<meta property=\"og:url\" content=\"https:\/\/quehacerpolitico.mx\/?p=102093\" \/>\n<meta property=\"article:published_time\" content=\"2023-06-27T00:09:09+00:00\" \/>\n<meta property=\"article:modified_time\" content=\"2023-06-27T00:16:29+00:00\" \/>\n<meta property=\"og:image\" content=\"https:\/\/quehacerpolitico.mx\/wp-content\/uploads\/2023\/06\/photo-output-6.jpeg\" \/>\n\t<meta property=\"og:image:width\" content=\"2048\" \/>\n\t<meta property=\"og:image:height\" content=\"971\" \/>\n\t<meta property=\"og:image:type\" content=\"image\/jpeg\" \/>\n<meta name=\"author\" content=\"Redacci\u00f3n QP\" \/>\n<meta name=\"twitter:card\" content=\"summary_large_image\" \/>\n<meta name=\"twitter:label1\" content=\"Escrito por\" \/>\n\t<meta name=\"twitter:data1\" content=\"Redacci\u00f3n QP\" \/>\n\t<meta name=\"twitter:label2\" content=\"Tiempo de lectura\" \/>\n\t<meta name=\"twitter:data2\" content=\"3 minutos\" \/>\n<script type=\"application\/ld+json\" class=\"yoast-schema-graph\">{\"@context\":\"https:\\\/\\\/schema.org\",\"@graph\":[{\"@type\":\"Article\",\"@id\":\"https:\\\/\\\/quehacerpolitico.mx\\\/?p=102093#article\",\"isPartOf\":{\"@id\":\"https:\\\/\\\/quehacerpolitico.mx\\\/?p=102093\"},\"author\":{\"name\":\"Redacci\u00f3n QP\",\"@id\":\"https:\\\/\\\/quehacerpolitico.mx\\\/#\\\/schema\\\/person\\\/496d8ad2d1d3f8036101dca7ee39e585\"},\"headline\":\"\u00bfEst\u00e1s agobiado del calor? Con el nuevo cr\u00e9dito Mejoravit Repara, encuentra un abanico de opciones para hacerle frente a esta temporada de calor\",\"datePublished\":\"2023-06-27T00:09:09+00:00\",\"dateModified\":\"2023-06-27T00:16:29+00:00\",\"mainEntityOfPage\":{\"@id\":\"https:\\\/\\\/quehacerpolitico.mx\\\/?p=102093\"},\"wordCount\":583,\"commentCount\":0,\"image\":{\"@id\":\"https:\\\/\\\/quehacerpolitico.mx\\\/?p=102093#primaryimage\"},\"thumbnailUrl\":\"https:\\\/\\\/quehacerpolitico.mx\\\/wp-content\\\/uploads\\\/2023\\\/06\\\/photo-output-6.jpeg\",\"articleSection\":[\"Econom\u00eda\"],\"inLanguage\":\"es\",\"potentialAction\":[{\"@type\":\"CommentAction\",\"name\":\"Comment\",\"target\":[\"https:\\\/\\\/quehacerpolitico.mx\\\/?p=102093#respond\"]}]},{\"@type\":\"WebPage\",\"@id\":\"https:\\\/\\\/quehacerpolitico.mx\\\/?p=102093\",\"url\":\"https:\\\/\\\/quehacerpolitico.mx\\\/?p=102093\",\"name\":\"\u00bfEst\u00e1s agobiado del calor? Con el nuevo cr\u00e9dito Mejoravit Repara, encuentra un abanico de opciones para hacerle frente a esta temporada de calor -\",\"isPartOf\":{\"@id\":\"https:\\\/\\\/quehacerpolitico.mx\\\/#website\"},\"primaryImageOfPage\":{\"@id\":\"https:\\\/\\\/quehacerpolitico.mx\\\/?p=102093#primaryimage\"},\"image\":{\"@id\":\"https:\\\/\\\/quehacerpolitico.mx\\\/?p=102093#primaryimage\"},\"thumbnailUrl\":\"https:\\\/\\\/quehacerpolitico.mx\\\/wp-content\\\/uploads\\\/2023\\\/06\\\/photo-output-6.jpeg\",\"datePublished\":\"2023-06-27T00:09:09+00:00\",\"dateModified\":\"2023-06-27T00:16:29+00:00\",\"author\":{\"@id\":\"https:\\\/\\\/quehacerpolitico.mx\\\/#\\\/schema\\\/person\\\/496d8ad2d1d3f8036101dca7ee39e585\"},\"breadcrumb\":{\"@id\":\"https:\\\/\\\/quehacerpolitico.mx\\\/?p=102093#breadcrumb\"},\"inLanguage\":\"es\",\"potentialAction\":[{\"@type\":\"ReadAction\",\"target\":[\"https:\\\/\\\/quehacerpolitico.mx\\\/?p=102093\"]}]},{\"@type\":\"ImageObject\",\"inLanguage\":\"es\",\"@id\":\"https:\\\/\\\/quehacerpolitico.mx\\\/?p=102093#primaryimage\",\"url\":\"https:\\\/\\\/quehacerpolitico.mx\\\/wp-content\\\/uploads\\\/2023\\\/06\\\/photo-output-6.jpeg\",\"contentUrl\":\"https:\\\/\\\/quehacerpolitico.mx\\\/wp-content\\\/uploads\\\/2023\\\/06\\\/photo-output-6.jpeg\",\"width\":2048,\"height\":971},{\"@type\":\"BreadcrumbList\",\"@id\":\"https:\\\/\\\/quehacerpolitico.mx\\\/?p=102093#breadcrumb\",\"itemListElement\":[{\"@type\":\"ListItem\",\"position\":1,\"name\":\"Inicio\",\"item\":\"https:\\\/\\\/quehacerpolitico.mx\\\/\"},{\"@type\":\"ListItem\",\"position\":2,\"name\":\"\u00bfEst\u00e1s agobiado del calor? Con el nuevo cr\u00e9dito Mejoravit Repara, encuentra un abanico de opciones para hacerle frente a esta temporada de calor\"}]},{\"@type\":\"WebSite\",\"@id\":\"https:\\\/\\\/quehacerpolitico.mx\\\/#website\",\"url\":\"https:\\\/\\\/quehacerpolitico.mx\\\/\",\"name\":\"\",\"description\":\"\",\"potentialAction\":[{\"@type\":\"SearchAction\",\"target\":{\"@type\":\"EntryPoint\",\"urlTemplate\":\"https:\\\/\\\/quehacerpolitico.mx\\\/?s={search_term_string}\"},\"query-input\":{\"@type\":\"PropertyValueSpecification\",\"valueRequired\":true,\"valueName\":\"search_term_string\"}}],\"inLanguage\":\"es\"},{\"@type\":\"Person\",\"@id\":\"https:\\\/\\\/quehacerpolitico.mx\\\/#\\\/schema\\\/person\\\/496d8ad2d1d3f8036101dca7ee39e585\",\"name\":\"Redacci\u00f3n QP\",\"image\":{\"@type\":\"ImageObject\",\"inLanguage\":\"es\",\"@id\":\"https:\\\/\\\/secure.gravatar.com\\\/avatar\\\/c7164ed6fdec453195284ad24a5ae5b6e1eed2b848477fa2a4787ba9adf39a41?s=96&d=mm&r=g\",\"url\":\"https:\\\/\\\/secure.gravatar.com\\\/avatar\\\/c7164ed6fdec453195284ad24a5ae5b6e1eed2b848477fa2a4787ba9adf39a41?s=96&d=mm&r=g\",\"contentUrl\":\"https:\\\/\\\/secure.gravatar.com\\\/avatar\\\/c7164ed6fdec453195284ad24a5ae5b6e1eed2b848477fa2a4787ba9adf39a41?s=96&d=mm&r=g\",\"caption\":\"Redacci\u00f3n QP\"},\"url\":\"https:\\\/\\\/quehacerpolitico.mx\\\/?author=2\"}]}<\/script>\n<!-- \/ Yoast SEO plugin. -->","yoast_head_json":{"title":"\u00bfEst\u00e1s agobiado del calor? Con el nuevo cr\u00e9dito Mejoravit Repara, encuentra un abanico de opciones para hacerle frente a esta temporada de calor -","robots":{"index":"index","follow":"follow","max-snippet":"max-snippet:-1","max-image-preview":"max-image-preview:large","max-video-preview":"max-video-preview:-1"},"canonical":"https:\/\/quehacerpolitico.mx\/?p=102093","og_locale":"es_MX","og_type":"article","og_title":"\u00bfEst\u00e1s agobiado del calor? Con el nuevo cr\u00e9dito Mejoravit Repara, encuentra un abanico de opciones para hacerle frente a esta temporada de calor -","og_description":"Por Redacci\u00f3n NotiExpress | La Revista del Sector Inmobiliario Con el nuevo cr\u00e9dito Mejoravit Repara,...","og_url":"https:\/\/quehacerpolitico.mx\/?p=102093","article_published_time":"2023-06-27T00:09:09+00:00","article_modified_time":"2023-06-27T00:16:29+00:00","og_image":[{"width":2048,"height":971,"url":"https:\/\/quehacerpolitico.mx\/wp-content\/uploads\/2023\/06\/photo-output-6.jpeg","type":"image\/jpeg"}],"author":"Redacci\u00f3n QP","twitter_card":"summary_large_image","twitter_misc":{"Escrito por":"Redacci\u00f3n QP","Tiempo de lectura":"3 minutos"},"schema":{"@context":"https:\/\/schema.org","@graph":[{"@type":"Article","@id":"https:\/\/quehacerpolitico.mx\/?p=102093#article","isPartOf":{"@id":"https:\/\/quehacerpolitico.mx\/?p=102093"},"author":{"name":"Redacci\u00f3n QP","@id":"https:\/\/quehacerpolitico.mx\/#\/schema\/person\/496d8ad2d1d3f8036101dca7ee39e585"},"headline":"\u00bfEst\u00e1s agobiado del calor? Con el nuevo cr\u00e9dito Mejoravit Repara, encuentra un abanico de opciones para hacerle frente a esta temporada de calor","datePublished":"2023-06-27T00:09:09+00:00","dateModified":"2023-06-27T00:16:29+00:00","mainEntityOfPage":{"@id":"https:\/\/quehacerpolitico.mx\/?p=102093"},"wordCount":583,"commentCount":0,"image":{"@id":"https:\/\/quehacerpolitico.mx\/?p=102093#primaryimage"},"thumbnailUrl":"https:\/\/quehacerpolitico.mx\/wp-content\/uploads\/2023\/06\/photo-output-6.jpeg","articleSection":["Econom\u00eda"],"inLanguage":"es","potentialAction":[{"@type":"CommentAction","name":"Comment","target":["https:\/\/quehacerpolitico.mx\/?p=102093#respond"]}]},{"@type":"WebPage","@id":"https:\/\/quehacerpolitico.mx\/?p=102093","url":"https:\/\/quehacerpolitico.mx\/?p=102093","name":"\u00bfEst\u00e1s agobiado del calor? Con el nuevo cr\u00e9dito Mejoravit Repara, encuentra un abanico de opciones para hacerle frente a esta temporada de calor -","isPartOf":{"@id":"https:\/\/quehacerpolitico.mx\/#website"},"primaryImageOfPage":{"@id":"https:\/\/quehacerpolitico.mx\/?p=102093#primaryimage"},"image":{"@id":"https:\/\/quehacerpolitico.mx\/?p=102093#primaryimage"},"thumbnailUrl":"https:\/\/quehacerpolitico.mx\/wp-content\/uploads\/2023\/06\/photo-output-6.jpeg","datePublished":"2023-06-27T00:09:09+00:00","dateModified":"2023-06-27T00:16:29+00:00","author":{"@id":"https:\/\/quehacerpolitico.mx\/#\/schema\/person\/496d8ad2d1d3f8036101dca7ee39e585"},"breadcrumb":{"@id":"https:\/\/quehacerpolitico.mx\/?p=102093#breadcrumb"},"inLanguage":"es","potentialAction":[{"@type":"ReadAction","target":["https:\/\/quehacerpolitico.mx\/?p=102093"]}]},{"@type":"ImageObject","inLanguage":"es","@id":"https:\/\/quehacerpolitico.mx\/?p=102093#primaryimage","url":"https:\/\/quehacerpolitico.mx\/wp-content\/uploads\/2023\/06\/photo-output-6.jpeg","contentUrl":"https:\/\/quehacerpolitico.mx\/wp-content\/uploads\/2023\/06\/photo-output-6.jpeg","width":2048,"height":971},{"@type":"BreadcrumbList","@id":"https:\/\/quehacerpolitico.mx\/?p=102093#breadcrumb","itemListElement":[{"@type":"ListItem","position":1,"name":"Inicio","item":"https:\/\/quehacerpolitico.mx\/"},{"@type":"ListItem","position":2,"name":"\u00bfEst\u00e1s agobiado del calor? Con el nuevo cr\u00e9dito Mejoravit Repara, encuentra un abanico de opciones para hacerle frente a esta temporada de calor"}]},{"@type":"WebSite","@id":"https:\/\/quehacerpolitico.mx\/#website","url":"https:\/\/quehacerpolitico.mx\/","name":"","description":"","potentialAction":[{"@type":"SearchAction","target":{"@type":"EntryPoint","urlTemplate":"https:\/\/quehacerpolitico.mx\/?s={search_term_string}"},"query-input":{"@type":"PropertyValueSpecification","valueRequired":true,"valueName":"search_term_string"}}],"inLanguage":"es"},{"@type":"Person","@id":"https:\/\/quehacerpolitico.mx\/#\/schema\/person\/496d8ad2d1d3f8036101dca7ee39e585","name":"Redacci\u00f3n QP","image":{"@type":"ImageObject","inLanguage":"es","@id":"https:\/\/secure.gravatar.com\/avatar\/c7164ed6fdec453195284ad24a5ae5b6e1eed2b848477fa2a4787ba9adf39a41?s=96&d=mm&r=g","url":"https:\/\/secure.gravatar.com\/avatar\/c7164ed6fdec453195284ad24a5ae5b6e1eed2b848477fa2a4787ba9adf39a41?s=96&d=mm&r=g","contentUrl":"https:\/\/secure.gravatar.com\/avatar\/c7164ed6fdec453195284ad24a5ae5b6e1eed2b848477fa2a4787ba9adf39a41?s=96&d=mm&r=g","caption":"Redacci\u00f3n QP"},"url":"https:\/\/quehacerpolitico.mx\/?author=2"}]}},"featured_image_urls":{"full":["https:\/\/quehacerpolitico.mx\/wp-content\/uploads\/2023\/06\/photo-output-6.jpeg",2048,971,false],"thumbnail":["https:\/\/quehacerpolitico.mx\/wp-content\/uploads\/2023\/06\/photo-output-6-150x150.jpeg",150,150,true],"medium":["https:\/\/quehacerpolitico.mx\/wp-content\/uploads\/2023\/06\/photo-output-6-300x142.jpeg",300,142,true],"medium_large":["https:\/\/quehacerpolitico.mx\/wp-content\/uploads\/2023\/06\/photo-output-6-768x364.jpeg",640,303,true],"large":["https:\/\/quehacerpolitico.mx\/wp-content\/uploads\/2023\/06\/photo-output-6-1024x486.jpeg",640,304,true],"1536x1536":["https:\/\/quehacerpolitico.mx\/wp-content\/uploads\/2023\/06\/photo-output-6-1536x728.jpeg",1536,728,true],"2048x2048":["https:\/\/quehacerpolitico.mx\/wp-content\/uploads\/2023\/06\/photo-output-6.jpeg",2048,971,false],"covernews-featured":["https:\/\/quehacerpolitico.mx\/wp-content\/uploads\/2023\/06\/photo-output-6.jpeg",1024,486,false],"covernews-medium":["https:\/\/quehacerpolitico.mx\/wp-content\/uploads\/2023\/06\/photo-output-6.jpeg",540,256,false]},"author_info":{"display_name":"Redacci\u00f3n QP","author_link":"https:\/\/quehacerpolitico.mx\/?author=2"},"category_info":"<a href=\"https:\/\/quehacerpolitico.mx\/?cat=56\" rel=\"category\">Econom\u00eda<\/a>","tag_info":"Econom\u00eda","comment_count":"0","_links":{"self":[{"href":"https:\/\/quehacerpolitico.mx\/index.php?rest_route=\/wp\/v2\/posts\/102093","targetHints":{"allow":["GET"]}}],"collection":[{"href":"https:\/\/quehacerpolitico.mx\/index.php?rest_route=\/wp\/v2\/posts"}],"about":[{"href":"https:\/\/quehacerpolitico.mx\/index.php?rest_route=\/wp\/v2\/types\/post"}],"author":[{"embeddable":true,"href":"https:\/\/quehacerpolitico.mx\/index.php?rest_route=\/wp\/v2\/users\/2"}],"replies":[{"embeddable":true,"href":"https:\/\/quehacerpolitico.mx\/index.php?rest_route=%2Fwp%2Fv2%2Fcomments&post=102093"}],"version-history":[{"count":2,"href":"https:\/\/quehacerpolitico.mx\/index.php?rest_route=\/wp\/v2\/posts\/102093\/revisions"}],"predecessor-version":[{"id":102099,"href":"https:\/\/quehacerpolitico.mx\/index.php?rest_route=\/wp\/v2\/posts\/102093\/revisions\/102099"}],"wp:featuredmedia":[{"embeddable":true,"href":"https:\/\/quehacerpolitico.mx\/index.php?rest_route=\/wp\/v2\/media\/102098"}],"wp:attachment":[{"href":"https:\/\/quehacerpolitico.mx\/index.php?rest_route=%2Fwp%2Fv2%2Fmedia&parent=102093"}],"wp:term":[{"taxonomy":"category","embeddable":true,"href":"https:\/\/quehacerpolitico.mx\/index.php?rest_route=%2Fwp%2Fv2%2Fcategories&post=102093"},{"taxonomy":"post_tag","embeddable":true,"href":"https:\/\/quehacerpolitico.mx\/index.php?rest_route=%2Fwp%2Fv2%2Ftags&post=102093"}],"curies":[{"name":"wp","href":"https:\/\/api.w.org\/{rel}","templated":true}]}}