{"id":102061,"date":"2023-06-26T00:14:24","date_gmt":"2023-06-26T00:14:24","guid":{"rendered":"https:\/\/quehacerpolitico.mx\/?p=102061"},"modified":"2023-06-26T00:14:27","modified_gmt":"2023-06-26T00:14:27","slug":"marcelo-ebrard-se-reune-con-los-jovenes-en-puerto-vallarta","status":"publish","type":"post","link":"https:\/\/quehacerpolitico.mx\/?p=102061","title":{"rendered":"Marcelo Ebrard se re\u00fane con los j\u00f3venes en Puerto Vallarta"},"content":{"rendered":"\n<p>Por Redacci\u00f3n QP<\/p>\n\n\n\n<p>El aspirante presidencial tuvo un encuentro con estudiantes y empresarios de la regi\u00f3n costera; se\u00f1al\u00f3 que la oposici\u00f3n se qued\u00f3 rezagada en la carrera por ganar la elecci\u00f3n el pr\u00f3ximo a\u00f1o<\/p>\n\n\n\n<p>Marcelo Ebrard consider\u00f3 que la oposici\u00f3n est\u00e1 en su derecho para realizar el m\u00e9todo que considere pertinente para designar a su candidato presidencial, pero se\u00f1al\u00f3 que \u201cya llevan un rato\u201d y que van atr\u00e1s de Morena y sus aliados.<\/p>\n\n\n\n<p>Ebrard, aspirante a la nominaci\u00f3n presidencial de Morena para 2024,\u00a0<strong>hizo suya la propuesta de una Ley General de las Juventudes de M\u00e9xico y se manifest\u00f3 por la no discriminaci\u00f3n hacia los j\u00f3venes en empresas donde busquen empleo o instituciones bancarias donde requieran de un cr\u00e9dito.<\/strong><\/p>\n\n\n\n<p>Al reunirse con j\u00f3venes en Puerto Vallarta, Jalisco, el excanciller indic\u00f3 que ser\u00eda la primera vez que un sector de la poblaci\u00f3n, en este caso los j\u00f3venes, presenta una iniciativa y que la apoyar\u00eda.<\/p>\n\n\n\n<p>Critic\u00f3 que en M\u00e9xico los j\u00f3venes pueden votar desde los 18 a\u00f1os, pero se les exige en las empresas una experiencia o una edad m\u00ednima para obtener un cr\u00e9dito.<\/p>\n\n\n\n<figure class=\"wp-block-embed is-type-rich is-provider-twitter wp-block-embed-twitter\"><div class=\"wp-block-embed__wrapper\">\n<blockquote class=\"twitter-tweet\" data-width=\"550\" data-dnt=\"true\"><p lang=\"es\" dir=\"ltr\">Di\u00e1logo con los j\u00f3venes de Puerto Vallarta , puro entusiasmo <a href=\"https:\/\/t.co\/T1qRbYMole\">pic.twitter.com\/T1qRbYMole<\/a><\/p>&mdash; Marcelo Ebrard C. (@m_ebrard) <a href=\"https:\/\/twitter.com\/m_ebrard\/status\/1672991692054560768?ref_src=twsrc%5Etfw\">June 25, 2023<\/a><\/blockquote><script async src=\"https:\/\/platform.twitter.com\/widgets.js\" charset=\"utf-8\"><\/script>\n<\/div><\/figure>\n\n\n\n<p><strong>Consider\u00f3 prioritario que se extiendan los apoyos a la educaci\u00f3n en el caso de las maestr\u00edas y los doctorados<\/strong>\u00a0para que los j\u00f3venes que deseen seguir con sus estudios lo puedan hacer sin que la falta de recursos sea un impedimento.<\/p>\n\n\n\n<p>El aspirante a coordinar los Comit\u00e9s de Defensa de la Cuarta Transformaci\u00f3n&nbsp;agreg\u00f3 que se tiene que asegurar el financiamiento en las universidades y cuestion\u00f3: c\u00f3mo es posible que se pidan cinco a\u00f1os de experiencia a los j\u00f3venes cuando acaban de salir de la universidad, para tener acceso a una vacante laboral.<\/p>\n\n\n\n<p>\u201c\u00a1Es absurdo!\u201d, exclam\u00f3, \u201clo mismo existe en el sistema bancario, en el que se exige que haya un criterio distinto a la edad para votar y ser votado para otorgar un cr\u00e9dito\u201d.<\/p>\n\n\n\n<p>Destac\u00f3 que todo esto es contrario a la Constituci\u00f3n, adem\u00e1s de que precis\u00f3 que es necesario abrir las posibilidades de que la educaci\u00f3n superior llegue a todos los j\u00f3venes.<\/p>\n\n\n\n<p>\u201cPorque al que m\u00e1s estudia s\u00ed le va mejor\u201d, expres\u00f3.<\/p>\n\n\n\n<p>Sobre las preocupaciones por la inseguridad que enfrenta la mayor parte del territorio nacional, refiri\u00f3 que al frente de la polic\u00eda capitalina logr\u00f3 bajar los \u00edndices de delincuencia, durante la gesti\u00f3n de Andr\u00e9s Manuel L\u00f3pez Obrador en la Jefatura de Gobierno del entonces Distrito Federal, a diferencia de la situaci\u00f3n que prevalec\u00eda en el resto del pa\u00eds, gobernado por Vicente Fox.<\/p>\n\n\n\n<p>\u201c\u00bfQui\u00e9n de aqu\u00ed tiene preocupaciones de desigualdad?\u201d, cuestion\u00f3 para luego afirmar que el Presidente cre\u00f3 la Guardia Nacional. \u201cPorque antes ni eso ten\u00edamos\u201d.<\/p>\n\n\n\n<p>Un joven llamado Pablo&nbsp;sugiri\u00f3 sistematizar las peticiones de las personas en una ley general de juventudes, idea que Marcelo se ofreci\u00f3 a apoyar, incluso con la organizaci\u00f3n de un congreso nacional que tenga a Puerto Vallarta como sede.<\/p>\n\n\n\n<p>Para concluir,\u00a0<strong>estudiantes de la Universidad de Guadalajara le entregaron la presea \u201cCoraz\u00f3n Universitario\u201d por su compromiso con la sociedad, el excelente manejo de la crisis comercial y migratoria con Estados Unidos y el manejo de la pandemia de COVID-19,<\/strong>\u00a0siempre con la soberan\u00eda de M\u00e9xico por encima de todas las cosas.<\/p>\n\n\n\n<p>Con Informaci\u00f3n de SUN <\/p>\n","protected":false},"excerpt":{"rendered":"<p>Por Redacci\u00f3n QP El aspirante presidencial tuvo un encuentro con estudiantes y empresarios de la&#8230;<\/p>\n","protected":false},"author":2,"featured_media":102062,"comment_status":"open","ping_status":"open","sticky":false,"template":"","format":"standard","meta":{"_monsterinsights_skip_tracking":false,"_monsterinsights_sitenote_active":false,"_monsterinsights_sitenote_note":"","_monsterinsights_sitenote_category":0,"footnotes":""},"categories":[2],"tags":[],"class_list":["post-102061","post","type-post","status-publish","format-standard","has-post-thumbnail","hentry","category-noticias"],"yoast_head":"<!-- This site is optimized with the Yoast SEO plugin v27.3 - https:\/\/yoast.com\/product\/yoast-seo-wordpress\/ -->\n<title>Marcelo Ebrard se re\u00fane con los j\u00f3venes en Puerto Vallarta -<\/title>\n<meta name=\"robots\" content=\"index, follow, max-snippet:-1, max-image-preview:large, max-video-preview:-1\" \/>\n<link rel=\"canonical\" href=\"https:\/\/quehacerpolitico.mx\/?p=102061\" \/>\n<meta property=\"og:locale\" content=\"es_MX\" \/>\n<meta property=\"og:type\" content=\"article\" \/>\n<meta property=\"og:title\" content=\"Marcelo Ebrard se re\u00fane con los j\u00f3venes en Puerto Vallarta -\" \/>\n<meta property=\"og:description\" content=\"Por Redacci\u00f3n QP El aspirante presidencial tuvo un encuentro con estudiantes y empresarios de la...\" \/>\n<meta property=\"og:url\" content=\"https:\/\/quehacerpolitico.mx\/?p=102061\" \/>\n<meta property=\"article:published_time\" content=\"2023-06-26T00:14:24+00:00\" \/>\n<meta property=\"article:modified_time\" content=\"2023-06-26T00:14:27+00:00\" \/>\n<meta property=\"og:image\" content=\"https:\/\/quehacerpolitico.mx\/wp-content\/uploads\/2023\/06\/IMG_8617.jpeg\" \/>\n\t<meta property=\"og:image:width\" content=\"959\" \/>\n\t<meta property=\"og:image:height\" content=\"747\" \/>\n\t<meta property=\"og:image:type\" content=\"image\/jpeg\" \/>\n<meta name=\"author\" content=\"Redacci\u00f3n QP\" \/>\n<meta name=\"twitter:card\" content=\"summary_large_image\" \/>\n<meta name=\"twitter:label1\" content=\"Escrito por\" \/>\n\t<meta name=\"twitter:data1\" content=\"Redacci\u00f3n QP\" \/>\n\t<meta name=\"twitter:label2\" content=\"Tiempo de lectura\" \/>\n\t<meta name=\"twitter:data2\" content=\"3 minutos\" \/>\n<script type=\"application\/ld+json\" class=\"yoast-schema-graph\">{\"@context\":\"https:\\\/\\\/schema.org\",\"@graph\":[{\"@type\":\"Article\",\"@id\":\"https:\\\/\\\/quehacerpolitico.mx\\\/?p=102061#article\",\"isPartOf\":{\"@id\":\"https:\\\/\\\/quehacerpolitico.mx\\\/?p=102061\"},\"author\":{\"name\":\"Redacci\u00f3n QP\",\"@id\":\"https:\\\/\\\/quehacerpolitico.mx\\\/#\\\/schema\\\/person\\\/496d8ad2d1d3f8036101dca7ee39e585\"},\"headline\":\"Marcelo Ebrard se re\u00fane con los j\u00f3venes en Puerto Vallarta\",\"datePublished\":\"2023-06-26T00:14:24+00:00\",\"dateModified\":\"2023-06-26T00:14:27+00:00\",\"mainEntityOfPage\":{\"@id\":\"https:\\\/\\\/quehacerpolitico.mx\\\/?p=102061\"},\"wordCount\":603,\"commentCount\":0,\"image\":{\"@id\":\"https:\\\/\\\/quehacerpolitico.mx\\\/?p=102061#primaryimage\"},\"thumbnailUrl\":\"https:\\\/\\\/quehacerpolitico.mx\\\/wp-content\\\/uploads\\\/2023\\\/06\\\/IMG_8617.jpeg\",\"articleSection\":[\"Noticias\"],\"inLanguage\":\"es\",\"potentialAction\":[{\"@type\":\"CommentAction\",\"name\":\"Comment\",\"target\":[\"https:\\\/\\\/quehacerpolitico.mx\\\/?p=102061#respond\"]}]},{\"@type\":\"WebPage\",\"@id\":\"https:\\\/\\\/quehacerpolitico.mx\\\/?p=102061\",\"url\":\"https:\\\/\\\/quehacerpolitico.mx\\\/?p=102061\",\"name\":\"Marcelo Ebrard se re\u00fane con los j\u00f3venes en Puerto Vallarta -\",\"isPartOf\":{\"@id\":\"https:\\\/\\\/quehacerpolitico.mx\\\/#website\"},\"primaryImageOfPage\":{\"@id\":\"https:\\\/\\\/quehacerpolitico.mx\\\/?p=102061#primaryimage\"},\"image\":{\"@id\":\"https:\\\/\\\/quehacerpolitico.mx\\\/?p=102061#primaryimage\"},\"thumbnailUrl\":\"https:\\\/\\\/quehacerpolitico.mx\\\/wp-content\\\/uploads\\\/2023\\\/06\\\/IMG_8617.jpeg\",\"datePublished\":\"2023-06-26T00:14:24+00:00\",\"dateModified\":\"2023-06-26T00:14:27+00:00\",\"author\":{\"@id\":\"https:\\\/\\\/quehacerpolitico.mx\\\/#\\\/schema\\\/person\\\/496d8ad2d1d3f8036101dca7ee39e585\"},\"breadcrumb\":{\"@id\":\"https:\\\/\\\/quehacerpolitico.mx\\\/?p=102061#breadcrumb\"},\"inLanguage\":\"es\",\"potentialAction\":[{\"@type\":\"ReadAction\",\"target\":[\"https:\\\/\\\/quehacerpolitico.mx\\\/?p=102061\"]}]},{\"@type\":\"ImageObject\",\"inLanguage\":\"es\",\"@id\":\"https:\\\/\\\/quehacerpolitico.mx\\\/?p=102061#primaryimage\",\"url\":\"https:\\\/\\\/quehacerpolitico.mx\\\/wp-content\\\/uploads\\\/2023\\\/06\\\/IMG_8617.jpeg\",\"contentUrl\":\"https:\\\/\\\/quehacerpolitico.mx\\\/wp-content\\\/uploads\\\/2023\\\/06\\\/IMG_8617.jpeg\",\"width\":959,\"height\":747},{\"@type\":\"BreadcrumbList\",\"@id\":\"https:\\\/\\\/quehacerpolitico.mx\\\/?p=102061#breadcrumb\",\"itemListElement\":[{\"@type\":\"ListItem\",\"position\":1,\"name\":\"Inicio\",\"item\":\"https:\\\/\\\/quehacerpolitico.mx\\\/\"},{\"@type\":\"ListItem\",\"position\":2,\"name\":\"Marcelo Ebrard se re\u00fane con los j\u00f3venes en Puerto Vallarta\"}]},{\"@type\":\"WebSite\",\"@id\":\"https:\\\/\\\/quehacerpolitico.mx\\\/#website\",\"url\":\"https:\\\/\\\/quehacerpolitico.mx\\\/\",\"name\":\"\",\"description\":\"\",\"potentialAction\":[{\"@type\":\"SearchAction\",\"target\":{\"@type\":\"EntryPoint\",\"urlTemplate\":\"https:\\\/\\\/quehacerpolitico.mx\\\/?s={search_term_string}\"},\"query-input\":{\"@type\":\"PropertyValueSpecification\",\"valueRequired\":true,\"valueName\":\"search_term_string\"}}],\"inLanguage\":\"es\"},{\"@type\":\"Person\",\"@id\":\"https:\\\/\\\/quehacerpolitico.mx\\\/#\\\/schema\\\/person\\\/496d8ad2d1d3f8036101dca7ee39e585\",\"name\":\"Redacci\u00f3n QP\",\"image\":{\"@type\":\"ImageObject\",\"inLanguage\":\"es\",\"@id\":\"https:\\\/\\\/secure.gravatar.com\\\/avatar\\\/c7164ed6fdec453195284ad24a5ae5b6e1eed2b848477fa2a4787ba9adf39a41?s=96&d=mm&r=g\",\"url\":\"https:\\\/\\\/secure.gravatar.com\\\/avatar\\\/c7164ed6fdec453195284ad24a5ae5b6e1eed2b848477fa2a4787ba9adf39a41?s=96&d=mm&r=g\",\"contentUrl\":\"https:\\\/\\\/secure.gravatar.com\\\/avatar\\\/c7164ed6fdec453195284ad24a5ae5b6e1eed2b848477fa2a4787ba9adf39a41?s=96&d=mm&r=g\",\"caption\":\"Redacci\u00f3n QP\"},\"url\":\"https:\\\/\\\/quehacerpolitico.mx\\\/?author=2\"}]}<\/script>\n<!-- \/ Yoast SEO plugin. -->","yoast_head_json":{"title":"Marcelo Ebrard se re\u00fane con los j\u00f3venes en Puerto Vallarta -","robots":{"index":"index","follow":"follow","max-snippet":"max-snippet:-1","max-image-preview":"max-image-preview:large","max-video-preview":"max-video-preview:-1"},"canonical":"https:\/\/quehacerpolitico.mx\/?p=102061","og_locale":"es_MX","og_type":"article","og_title":"Marcelo Ebrard se re\u00fane con los j\u00f3venes en Puerto Vallarta -","og_description":"Por Redacci\u00f3n QP El aspirante presidencial tuvo un encuentro con estudiantes y empresarios de la...","og_url":"https:\/\/quehacerpolitico.mx\/?p=102061","article_published_time":"2023-06-26T00:14:24+00:00","article_modified_time":"2023-06-26T00:14:27+00:00","og_image":[{"width":959,"height":747,"url":"https:\/\/quehacerpolitico.mx\/wp-content\/uploads\/2023\/06\/IMG_8617.jpeg","type":"image\/jpeg"}],"author":"Redacci\u00f3n QP","twitter_card":"summary_large_image","twitter_misc":{"Escrito por":"Redacci\u00f3n QP","Tiempo de lectura":"3 minutos"},"schema":{"@context":"https:\/\/schema.org","@graph":[{"@type":"Article","@id":"https:\/\/quehacerpolitico.mx\/?p=102061#article","isPartOf":{"@id":"https:\/\/quehacerpolitico.mx\/?p=102061"},"author":{"name":"Redacci\u00f3n QP","@id":"https:\/\/quehacerpolitico.mx\/#\/schema\/person\/496d8ad2d1d3f8036101dca7ee39e585"},"headline":"Marcelo Ebrard se re\u00fane con los j\u00f3venes en Puerto Vallarta","datePublished":"2023-06-26T00:14:24+00:00","dateModified":"2023-06-26T00:14:27+00:00","mainEntityOfPage":{"@id":"https:\/\/quehacerpolitico.mx\/?p=102061"},"wordCount":603,"commentCount":0,"image":{"@id":"https:\/\/quehacerpolitico.mx\/?p=102061#primaryimage"},"thumbnailUrl":"https:\/\/quehacerpolitico.mx\/wp-content\/uploads\/2023\/06\/IMG_8617.jpeg","articleSection":["Noticias"],"inLanguage":"es","potentialAction":[{"@type":"CommentAction","name":"Comment","target":["https:\/\/quehacerpolitico.mx\/?p=102061#respond"]}]},{"@type":"WebPage","@id":"https:\/\/quehacerpolitico.mx\/?p=102061","url":"https:\/\/quehacerpolitico.mx\/?p=102061","name":"Marcelo Ebrard se re\u00fane con los j\u00f3venes en Puerto Vallarta -","isPartOf":{"@id":"https:\/\/quehacerpolitico.mx\/#website"},"primaryImageOfPage":{"@id":"https:\/\/quehacerpolitico.mx\/?p=102061#primaryimage"},"image":{"@id":"https:\/\/quehacerpolitico.mx\/?p=102061#primaryimage"},"thumbnailUrl":"https:\/\/quehacerpolitico.mx\/wp-content\/uploads\/2023\/06\/IMG_8617.jpeg","datePublished":"2023-06-26T00:14:24+00:00","dateModified":"2023-06-26T00:14:27+00:00","author":{"@id":"https:\/\/quehacerpolitico.mx\/#\/schema\/person\/496d8ad2d1d3f8036101dca7ee39e585"},"breadcrumb":{"@id":"https:\/\/quehacerpolitico.mx\/?p=102061#breadcrumb"},"inLanguage":"es","potentialAction":[{"@type":"ReadAction","target":["https:\/\/quehacerpolitico.mx\/?p=102061"]}]},{"@type":"ImageObject","inLanguage":"es","@id":"https:\/\/quehacerpolitico.mx\/?p=102061#primaryimage","url":"https:\/\/quehacerpolitico.mx\/wp-content\/uploads\/2023\/06\/IMG_8617.jpeg","contentUrl":"https:\/\/quehacerpolitico.mx\/wp-content\/uploads\/2023\/06\/IMG_8617.jpeg","width":959,"height":747},{"@type":"BreadcrumbList","@id":"https:\/\/quehacerpolitico.mx\/?p=102061#breadcrumb","itemListElement":[{"@type":"ListItem","position":1,"name":"Inicio","item":"https:\/\/quehacerpolitico.mx\/"},{"@type":"ListItem","position":2,"name":"Marcelo Ebrard se re\u00fane con los j\u00f3venes en Puerto Vallarta"}]},{"@type":"WebSite","@id":"https:\/\/quehacerpolitico.mx\/#website","url":"https:\/\/quehacerpolitico.mx\/","name":"","description":"","potentialAction":[{"@type":"SearchAction","target":{"@type":"EntryPoint","urlTemplate":"https:\/\/quehacerpolitico.mx\/?s={search_term_string}"},"query-input":{"@type":"PropertyValueSpecification","valueRequired":true,"valueName":"search_term_string"}}],"inLanguage":"es"},{"@type":"Person","@id":"https:\/\/quehacerpolitico.mx\/#\/schema\/person\/496d8ad2d1d3f8036101dca7ee39e585","name":"Redacci\u00f3n QP","image":{"@type":"ImageObject","inLanguage":"es","@id":"https:\/\/secure.gravatar.com\/avatar\/c7164ed6fdec453195284ad24a5ae5b6e1eed2b848477fa2a4787ba9adf39a41?s=96&d=mm&r=g","url":"https:\/\/secure.gravatar.com\/avatar\/c7164ed6fdec453195284ad24a5ae5b6e1eed2b848477fa2a4787ba9adf39a41?s=96&d=mm&r=g","contentUrl":"https:\/\/secure.gravatar.com\/avatar\/c7164ed6fdec453195284ad24a5ae5b6e1eed2b848477fa2a4787ba9adf39a41?s=96&d=mm&r=g","caption":"Redacci\u00f3n QP"},"url":"https:\/\/quehacerpolitico.mx\/?author=2"}]}},"featured_image_urls":{"full":["https:\/\/quehacerpolitico.mx\/wp-content\/uploads\/2023\/06\/IMG_8617.jpeg",959,747,false],"thumbnail":["https:\/\/quehacerpolitico.mx\/wp-content\/uploads\/2023\/06\/IMG_8617-150x150.jpeg",150,150,true],"medium":["https:\/\/quehacerpolitico.mx\/wp-content\/uploads\/2023\/06\/IMG_8617-300x234.jpeg",300,234,true],"medium_large":["https:\/\/quehacerpolitico.mx\/wp-content\/uploads\/2023\/06\/IMG_8617-768x598.jpeg",640,498,true],"large":["https:\/\/quehacerpolitico.mx\/wp-content\/uploads\/2023\/06\/IMG_8617.jpeg",640,499,false],"1536x1536":["https:\/\/quehacerpolitico.mx\/wp-content\/uploads\/2023\/06\/IMG_8617.jpeg",959,747,false],"2048x2048":["https:\/\/quehacerpolitico.mx\/wp-content\/uploads\/2023\/06\/IMG_8617.jpeg",959,747,false],"covernews-featured":["https:\/\/quehacerpolitico.mx\/wp-content\/uploads\/2023\/06\/IMG_8617.jpeg",959,747,false],"covernews-medium":["https:\/\/quehacerpolitico.mx\/wp-content\/uploads\/2023\/06\/IMG_8617.jpeg",436,340,false]},"author_info":{"display_name":"Redacci\u00f3n QP","author_link":"https:\/\/quehacerpolitico.mx\/?author=2"},"category_info":"<a href=\"https:\/\/quehacerpolitico.mx\/?cat=2\" rel=\"category\">Noticias<\/a>","tag_info":"Noticias","comment_count":"0","_links":{"self":[{"href":"https:\/\/quehacerpolitico.mx\/index.php?rest_route=\/wp\/v2\/posts\/102061","targetHints":{"allow":["GET"]}}],"collection":[{"href":"https:\/\/quehacerpolitico.mx\/index.php?rest_route=\/wp\/v2\/posts"}],"about":[{"href":"https:\/\/quehacerpolitico.mx\/index.php?rest_route=\/wp\/v2\/types\/post"}],"author":[{"embeddable":true,"href":"https:\/\/quehacerpolitico.mx\/index.php?rest_route=\/wp\/v2\/users\/2"}],"replies":[{"embeddable":true,"href":"https:\/\/quehacerpolitico.mx\/index.php?rest_route=%2Fwp%2Fv2%2Fcomments&post=102061"}],"version-history":[{"count":1,"href":"https:\/\/quehacerpolitico.mx\/index.php?rest_route=\/wp\/v2\/posts\/102061\/revisions"}],"predecessor-version":[{"id":102063,"href":"https:\/\/quehacerpolitico.mx\/index.php?rest_route=\/wp\/v2\/posts\/102061\/revisions\/102063"}],"wp:featuredmedia":[{"embeddable":true,"href":"https:\/\/quehacerpolitico.mx\/index.php?rest_route=\/wp\/v2\/media\/102062"}],"wp:attachment":[{"href":"https:\/\/quehacerpolitico.mx\/index.php?rest_route=%2Fwp%2Fv2%2Fmedia&parent=102061"}],"wp:term":[{"taxonomy":"category","embeddable":true,"href":"https:\/\/quehacerpolitico.mx\/index.php?rest_route=%2Fwp%2Fv2%2Fcategories&post=102061"},{"taxonomy":"post_tag","embeddable":true,"href":"https:\/\/quehacerpolitico.mx\/index.php?rest_route=%2Fwp%2Fv2%2Ftags&post=102061"}],"curies":[{"name":"wp","href":"https:\/\/api.w.org\/{rel}","templated":true}]}}