{"id":102056,"date":"2023-06-25T23:59:20","date_gmt":"2023-06-25T23:59:20","guid":{"rendered":"https:\/\/quehacerpolitico.mx\/?p=102056"},"modified":"2023-06-25T23:59:24","modified_gmt":"2023-06-25T23:59:24","slug":"trabajare-de-la-mano-con-delfina-gomez-sheinbaum","status":"publish","type":"post","link":"https:\/\/quehacerpolitico.mx\/?p=102056","title":{"rendered":"Trabajar\u00e9 de la mano con Delfina G\u00f3mez: Sheinbaum"},"content":{"rendered":"\n<p>Por Redacci\u00f3n QP<\/p>\n\n\n\n<p>Desde Nezahualc\u00f3yotl, la jefa de Gobierno celebra la llegada de la 4T al Estado de M\u00e9xico<\/p>\n\n\n\n<p>Ante el triunfo de\u00a0Delfina G\u00f3mez como gobernadora del Estado de M\u00e9xico,\u00a0Claudia Sheinbaum Pardo, Jefa de Gobierno de la Ciudad\u00a0de M\u00e9xico, dijo que<strong>\u00a0trabajar\u00e1n de la mano por el bienestar de la ciudadan\u00eda.<\/strong><\/p>\n\n\n\n<figure class=\"wp-block-embed is-type-rich is-provider-twitter wp-block-embed-twitter\"><div class=\"wp-block-embed__wrapper\">\n<blockquote class=\"twitter-tweet\" data-width=\"550\" data-dnt=\"true\"><p lang=\"es\" dir=\"ltr\">\u201cA partir de este a\u00f1o gobernara la 4T el Estado de M\u00e9xico\u201d: Sheinbaum<br><br>Desde Tec\u00e1mac, la aspirante a la candidatura presidencial de Morena, <a href=\"https:\/\/twitter.com\/Claudiashein?ref_src=twsrc%5Etfw\">@Claudiashein<\/a> felicit\u00f3 a \u2018la Maestra\u2019 <a href=\"https:\/\/twitter.com\/delfinagomeza?ref_src=twsrc%5Etfw\">@delfinagomeza<\/a> por su triunfo en las pasadas elecciones y agradeci\u00f3 a los mexiquenses por elegir al\u2026 <a href=\"https:\/\/t.co\/a6MzVc4p99\">pic.twitter.com\/a6MzVc4p99<\/a><\/p>&mdash; Pol\u00edtico MX (@politicomx) <a href=\"https:\/\/twitter.com\/politicomx\/status\/1673015310138368000?ref_src=twsrc%5Etfw\">June 25, 2023<\/a><\/blockquote><script async src=\"https:\/\/platform.twitter.com\/widgets.js\" charset=\"utf-8\"><\/script>\n<\/div><\/figure>\n\n\n\n<p>\u2018\u2019Hace muy poco el Estado de M\u00e9xico, sus hombres y mujeres dieron un ejemplo al pa\u00eds, aqu\u00ed se derrotaron a\u00f1os y a\u00f1os de un prianismo que ya no tiene historia en nuestro pa\u00eds y se hizo de la mano de una gran mujer, una maestra que vino de abajo y hoy va a encabezar los destinos del estado m\u00e1s poblado de nuestro pa\u00eds&#8221;.<\/p>\n\n\n\n<p>Se\u00f1al\u00f3 que trabajar\u00e1n juntas para sacar adelante a la zona oriente del Valle de M\u00e9xico\u00a0y con ello a ciudad Nezahualc\u00f3yotl, &#8220;eso es el futuro del Estado de M\u00e9xico con la Cuarta Transformaci\u00f3n de la vida p\u00fablica\u2019\u2019.<\/p>\n\n\n\n<figure class=\"wp-block-image size-full\"><img loading=\"lazy\" decoding=\"async\" width=\"360\" height=\"240\" src=\"https:\/\/quehacerpolitico.mx\/wp-content\/uploads\/2023\/06\/image-68.jpeg\" alt=\"\" class=\"wp-image-102059\" srcset=\"https:\/\/quehacerpolitico.mx\/wp-content\/uploads\/2023\/06\/image-68.jpeg 360w, https:\/\/quehacerpolitico.mx\/wp-content\/uploads\/2023\/06\/image-68-300x200.jpeg 300w, https:\/\/quehacerpolitico.mx\/wp-content\/uploads\/2023\/06\/image-68-219x146.jpeg 219w, https:\/\/quehacerpolitico.mx\/wp-content\/uploads\/2023\/06\/image-68-50x33.jpeg 50w, https:\/\/quehacerpolitico.mx\/wp-content\/uploads\/2023\/06\/image-68-113x75.jpeg 113w\" sizes=\"auto, (max-width: 360px) 100vw, 360px\" \/><\/figure>\n\n\n\n<p>En Nezahualc\u00f3yotl durante su s\u00e9ptimo d\u00eda de recorrido rumbo al proceso de definici\u00f3n de la Coordinaci\u00f3n de la Defensa de la Transformaci\u00f3n, Sheinbaum Pardo recalc\u00f3 que \u2018\u2019la Cuarta Transformaci\u00f3n tiene rostro de mujer&#8221;, por lo que puntualiz\u00f3 en la necesidad de seguir difundiendo los grandes logros que desde este proyecto de naci\u00f3n se han logrado para generar el cambio que M\u00e9xico necesita.<\/p>\n\n\n\n<figure class=\"wp-block-image size-full\"><img loading=\"lazy\" decoding=\"async\" width=\"360\" height=\"240\" src=\"https:\/\/quehacerpolitico.mx\/wp-content\/uploads\/2023\/06\/image-67.jpeg\" alt=\"\" class=\"wp-image-102058\" srcset=\"https:\/\/quehacerpolitico.mx\/wp-content\/uploads\/2023\/06\/image-67.jpeg 360w, https:\/\/quehacerpolitico.mx\/wp-content\/uploads\/2023\/06\/image-67-300x200.jpeg 300w, https:\/\/quehacerpolitico.mx\/wp-content\/uploads\/2023\/06\/image-67-219x146.jpeg 219w, https:\/\/quehacerpolitico.mx\/wp-content\/uploads\/2023\/06\/image-67-50x33.jpeg 50w, https:\/\/quehacerpolitico.mx\/wp-content\/uploads\/2023\/06\/image-67-113x75.jpeg 113w\" sizes=\"auto, (max-width: 360px) 100vw, 360px\" \/><\/figure>\n\n\n\n<p>Claudia Sheinbaum coment\u00f3 que\u00a0&#8220;para lograr que la transformaci\u00f3n en M\u00e9xico se consolide<strong>, es necesario el apoyo de todo el pueblo de M\u00e9xico,\u00a0<\/strong>pues ser\u00e1n ellos quienes a trav\u00e9s de la encuesta nacional decidir\u00e1n al pr\u00f3ximo coordinador de los comit\u00e9s de la defensa de la transformaci\u00f3n, un proceso que forma parte del momento extraordinario que vive el pa\u00eds en materia democr\u00e1tica, eliminando la corrupci\u00f3n y d\u00e1ndole el poder a la ciudadan\u00eda&#8221;.<\/p>\n\n\n\n<p>Dijo que el proceso hacia 2024 tiene que ser un proceso democr\u00e1tico.&nbsp;\u2018\u2019Vamos a ir juntos y juntas para representar a la&nbsp;<strong>Cuarta Transformaci\u00f3n de la vida p\u00fablica\u2019\u2019, coment\u00f3.<\/strong><\/p>\n\n\n\n<p>En su mensaje, realiz\u00f3 un breve recorrido por las acciones y pol\u00edticas p\u00fablicas implementadas gracias al movimiento de la Cuarta Transformaci\u00f3n en todo M\u00e9xico como J\u00f3venes Construyendo El Futuro, el IMSS-Bienestar, entre muchos otros.<\/p>\n\n\n\n<p>Adem\u00e1s, tambi\u00e9n hizo menci\u00f3n de aquellos proyectos hechos bajo su administraci\u00f3n al frente de la capital del pa\u00eds como el Cableb\u00fas y el Troleb\u00fas elevado.<\/p>\n","protected":false},"excerpt":{"rendered":"<p>Por Redacci\u00f3n QP Desde Nezahualc\u00f3yotl, la jefa de Gobierno celebra la llegada de la 4T&#8230;<\/p>\n","protected":false},"author":2,"featured_media":102057,"comment_status":"open","ping_status":"open","sticky":false,"template":"","format":"standard","meta":{"_monsterinsights_skip_tracking":false,"_monsterinsights_sitenote_active":false,"_monsterinsights_sitenote_note":"","_monsterinsights_sitenote_category":0,"footnotes":""},"categories":[2],"tags":[],"class_list":["post-102056","post","type-post","status-publish","format-standard","has-post-thumbnail","hentry","category-noticias"],"yoast_head":"<!-- This site is optimized with the Yoast SEO plugin v27.3 - https:\/\/yoast.com\/product\/yoast-seo-wordpress\/ -->\n<title>Trabajar\u00e9 de la mano con Delfina G\u00f3mez: Sheinbaum -<\/title>\n<meta name=\"robots\" content=\"index, follow, max-snippet:-1, max-image-preview:large, max-video-preview:-1\" \/>\n<link rel=\"canonical\" href=\"https:\/\/quehacerpolitico.mx\/?p=102056\" \/>\n<meta property=\"og:locale\" content=\"es_MX\" \/>\n<meta property=\"og:type\" content=\"article\" \/>\n<meta property=\"og:title\" content=\"Trabajar\u00e9 de la mano con Delfina G\u00f3mez: Sheinbaum -\" \/>\n<meta property=\"og:description\" content=\"Por Redacci\u00f3n QP Desde Nezahualc\u00f3yotl, la jefa de Gobierno celebra la llegada de la 4T...\" \/>\n<meta property=\"og:url\" content=\"https:\/\/quehacerpolitico.mx\/?p=102056\" \/>\n<meta property=\"article:published_time\" content=\"2023-06-25T23:59:20+00:00\" \/>\n<meta property=\"article:modified_time\" content=\"2023-06-25T23:59:24+00:00\" \/>\n<meta property=\"og:image\" content=\"https:\/\/quehacerpolitico.mx\/wp-content\/uploads\/2023\/06\/IMG_8614.jpeg\" \/>\n\t<meta property=\"og:image:width\" content=\"360\" \/>\n\t<meta property=\"og:image:height\" content=\"240\" \/>\n\t<meta property=\"og:image:type\" content=\"image\/jpeg\" \/>\n<meta name=\"author\" content=\"Redacci\u00f3n QP\" \/>\n<meta name=\"twitter:card\" content=\"summary_large_image\" \/>\n<meta name=\"twitter:label1\" content=\"Escrito por\" \/>\n\t<meta name=\"twitter:data1\" content=\"Redacci\u00f3n QP\" \/>\n\t<meta name=\"twitter:label2\" content=\"Tiempo de lectura\" \/>\n\t<meta name=\"twitter:data2\" content=\"2 minutos\" \/>\n<script type=\"application\/ld+json\" class=\"yoast-schema-graph\">{\"@context\":\"https:\\\/\\\/schema.org\",\"@graph\":[{\"@type\":\"Article\",\"@id\":\"https:\\\/\\\/quehacerpolitico.mx\\\/?p=102056#article\",\"isPartOf\":{\"@id\":\"https:\\\/\\\/quehacerpolitico.mx\\\/?p=102056\"},\"author\":{\"name\":\"Redacci\u00f3n QP\",\"@id\":\"https:\\\/\\\/quehacerpolitico.mx\\\/#\\\/schema\\\/person\\\/496d8ad2d1d3f8036101dca7ee39e585\"},\"headline\":\"Trabajar\u00e9 de la mano con Delfina G\u00f3mez: Sheinbaum\",\"datePublished\":\"2023-06-25T23:59:20+00:00\",\"dateModified\":\"2023-06-25T23:59:24+00:00\",\"mainEntityOfPage\":{\"@id\":\"https:\\\/\\\/quehacerpolitico.mx\\\/?p=102056\"},\"wordCount\":456,\"commentCount\":0,\"image\":{\"@id\":\"https:\\\/\\\/quehacerpolitico.mx\\\/?p=102056#primaryimage\"},\"thumbnailUrl\":\"https:\\\/\\\/quehacerpolitico.mx\\\/wp-content\\\/uploads\\\/2023\\\/06\\\/IMG_8614.jpeg\",\"articleSection\":[\"Noticias\"],\"inLanguage\":\"es\",\"potentialAction\":[{\"@type\":\"CommentAction\",\"name\":\"Comment\",\"target\":[\"https:\\\/\\\/quehacerpolitico.mx\\\/?p=102056#respond\"]}]},{\"@type\":\"WebPage\",\"@id\":\"https:\\\/\\\/quehacerpolitico.mx\\\/?p=102056\",\"url\":\"https:\\\/\\\/quehacerpolitico.mx\\\/?p=102056\",\"name\":\"Trabajar\u00e9 de la mano con Delfina G\u00f3mez: Sheinbaum -\",\"isPartOf\":{\"@id\":\"https:\\\/\\\/quehacerpolitico.mx\\\/#website\"},\"primaryImageOfPage\":{\"@id\":\"https:\\\/\\\/quehacerpolitico.mx\\\/?p=102056#primaryimage\"},\"image\":{\"@id\":\"https:\\\/\\\/quehacerpolitico.mx\\\/?p=102056#primaryimage\"},\"thumbnailUrl\":\"https:\\\/\\\/quehacerpolitico.mx\\\/wp-content\\\/uploads\\\/2023\\\/06\\\/IMG_8614.jpeg\",\"datePublished\":\"2023-06-25T23:59:20+00:00\",\"dateModified\":\"2023-06-25T23:59:24+00:00\",\"author\":{\"@id\":\"https:\\\/\\\/quehacerpolitico.mx\\\/#\\\/schema\\\/person\\\/496d8ad2d1d3f8036101dca7ee39e585\"},\"breadcrumb\":{\"@id\":\"https:\\\/\\\/quehacerpolitico.mx\\\/?p=102056#breadcrumb\"},\"inLanguage\":\"es\",\"potentialAction\":[{\"@type\":\"ReadAction\",\"target\":[\"https:\\\/\\\/quehacerpolitico.mx\\\/?p=102056\"]}]},{\"@type\":\"ImageObject\",\"inLanguage\":\"es\",\"@id\":\"https:\\\/\\\/quehacerpolitico.mx\\\/?p=102056#primaryimage\",\"url\":\"https:\\\/\\\/quehacerpolitico.mx\\\/wp-content\\\/uploads\\\/2023\\\/06\\\/IMG_8614.jpeg\",\"contentUrl\":\"https:\\\/\\\/quehacerpolitico.mx\\\/wp-content\\\/uploads\\\/2023\\\/06\\\/IMG_8614.jpeg\",\"width\":360,\"height\":240},{\"@type\":\"BreadcrumbList\",\"@id\":\"https:\\\/\\\/quehacerpolitico.mx\\\/?p=102056#breadcrumb\",\"itemListElement\":[{\"@type\":\"ListItem\",\"position\":1,\"name\":\"Inicio\",\"item\":\"https:\\\/\\\/quehacerpolitico.mx\\\/\"},{\"@type\":\"ListItem\",\"position\":2,\"name\":\"Trabajar\u00e9 de la mano con Delfina G\u00f3mez: Sheinbaum\"}]},{\"@type\":\"WebSite\",\"@id\":\"https:\\\/\\\/quehacerpolitico.mx\\\/#website\",\"url\":\"https:\\\/\\\/quehacerpolitico.mx\\\/\",\"name\":\"\",\"description\":\"\",\"potentialAction\":[{\"@type\":\"SearchAction\",\"target\":{\"@type\":\"EntryPoint\",\"urlTemplate\":\"https:\\\/\\\/quehacerpolitico.mx\\\/?s={search_term_string}\"},\"query-input\":{\"@type\":\"PropertyValueSpecification\",\"valueRequired\":true,\"valueName\":\"search_term_string\"}}],\"inLanguage\":\"es\"},{\"@type\":\"Person\",\"@id\":\"https:\\\/\\\/quehacerpolitico.mx\\\/#\\\/schema\\\/person\\\/496d8ad2d1d3f8036101dca7ee39e585\",\"name\":\"Redacci\u00f3n QP\",\"image\":{\"@type\":\"ImageObject\",\"inLanguage\":\"es\",\"@id\":\"https:\\\/\\\/secure.gravatar.com\\\/avatar\\\/c7164ed6fdec453195284ad24a5ae5b6e1eed2b848477fa2a4787ba9adf39a41?s=96&d=mm&r=g\",\"url\":\"https:\\\/\\\/secure.gravatar.com\\\/avatar\\\/c7164ed6fdec453195284ad24a5ae5b6e1eed2b848477fa2a4787ba9adf39a41?s=96&d=mm&r=g\",\"contentUrl\":\"https:\\\/\\\/secure.gravatar.com\\\/avatar\\\/c7164ed6fdec453195284ad24a5ae5b6e1eed2b848477fa2a4787ba9adf39a41?s=96&d=mm&r=g\",\"caption\":\"Redacci\u00f3n QP\"},\"url\":\"https:\\\/\\\/quehacerpolitico.mx\\\/?author=2\"}]}<\/script>\n<!-- \/ Yoast SEO plugin. -->","yoast_head_json":{"title":"Trabajar\u00e9 de la mano con Delfina G\u00f3mez: Sheinbaum -","robots":{"index":"index","follow":"follow","max-snippet":"max-snippet:-1","max-image-preview":"max-image-preview:large","max-video-preview":"max-video-preview:-1"},"canonical":"https:\/\/quehacerpolitico.mx\/?p=102056","og_locale":"es_MX","og_type":"article","og_title":"Trabajar\u00e9 de la mano con Delfina G\u00f3mez: Sheinbaum -","og_description":"Por Redacci\u00f3n QP Desde Nezahualc\u00f3yotl, la jefa de Gobierno celebra la llegada de la 4T...","og_url":"https:\/\/quehacerpolitico.mx\/?p=102056","article_published_time":"2023-06-25T23:59:20+00:00","article_modified_time":"2023-06-25T23:59:24+00:00","og_image":[{"width":360,"height":240,"url":"https:\/\/quehacerpolitico.mx\/wp-content\/uploads\/2023\/06\/IMG_8614.jpeg","type":"image\/jpeg"}],"author":"Redacci\u00f3n QP","twitter_card":"summary_large_image","twitter_misc":{"Escrito por":"Redacci\u00f3n QP","Tiempo de lectura":"2 minutos"},"schema":{"@context":"https:\/\/schema.org","@graph":[{"@type":"Article","@id":"https:\/\/quehacerpolitico.mx\/?p=102056#article","isPartOf":{"@id":"https:\/\/quehacerpolitico.mx\/?p=102056"},"author":{"name":"Redacci\u00f3n QP","@id":"https:\/\/quehacerpolitico.mx\/#\/schema\/person\/496d8ad2d1d3f8036101dca7ee39e585"},"headline":"Trabajar\u00e9 de la mano con Delfina G\u00f3mez: Sheinbaum","datePublished":"2023-06-25T23:59:20+00:00","dateModified":"2023-06-25T23:59:24+00:00","mainEntityOfPage":{"@id":"https:\/\/quehacerpolitico.mx\/?p=102056"},"wordCount":456,"commentCount":0,"image":{"@id":"https:\/\/quehacerpolitico.mx\/?p=102056#primaryimage"},"thumbnailUrl":"https:\/\/quehacerpolitico.mx\/wp-content\/uploads\/2023\/06\/IMG_8614.jpeg","articleSection":["Noticias"],"inLanguage":"es","potentialAction":[{"@type":"CommentAction","name":"Comment","target":["https:\/\/quehacerpolitico.mx\/?p=102056#respond"]}]},{"@type":"WebPage","@id":"https:\/\/quehacerpolitico.mx\/?p=102056","url":"https:\/\/quehacerpolitico.mx\/?p=102056","name":"Trabajar\u00e9 de la mano con Delfina G\u00f3mez: Sheinbaum -","isPartOf":{"@id":"https:\/\/quehacerpolitico.mx\/#website"},"primaryImageOfPage":{"@id":"https:\/\/quehacerpolitico.mx\/?p=102056#primaryimage"},"image":{"@id":"https:\/\/quehacerpolitico.mx\/?p=102056#primaryimage"},"thumbnailUrl":"https:\/\/quehacerpolitico.mx\/wp-content\/uploads\/2023\/06\/IMG_8614.jpeg","datePublished":"2023-06-25T23:59:20+00:00","dateModified":"2023-06-25T23:59:24+00:00","author":{"@id":"https:\/\/quehacerpolitico.mx\/#\/schema\/person\/496d8ad2d1d3f8036101dca7ee39e585"},"breadcrumb":{"@id":"https:\/\/quehacerpolitico.mx\/?p=102056#breadcrumb"},"inLanguage":"es","potentialAction":[{"@type":"ReadAction","target":["https:\/\/quehacerpolitico.mx\/?p=102056"]}]},{"@type":"ImageObject","inLanguage":"es","@id":"https:\/\/quehacerpolitico.mx\/?p=102056#primaryimage","url":"https:\/\/quehacerpolitico.mx\/wp-content\/uploads\/2023\/06\/IMG_8614.jpeg","contentUrl":"https:\/\/quehacerpolitico.mx\/wp-content\/uploads\/2023\/06\/IMG_8614.jpeg","width":360,"height":240},{"@type":"BreadcrumbList","@id":"https:\/\/quehacerpolitico.mx\/?p=102056#breadcrumb","itemListElement":[{"@type":"ListItem","position":1,"name":"Inicio","item":"https:\/\/quehacerpolitico.mx\/"},{"@type":"ListItem","position":2,"name":"Trabajar\u00e9 de la mano con Delfina G\u00f3mez: Sheinbaum"}]},{"@type":"WebSite","@id":"https:\/\/quehacerpolitico.mx\/#website","url":"https:\/\/quehacerpolitico.mx\/","name":"","description":"","potentialAction":[{"@type":"SearchAction","target":{"@type":"EntryPoint","urlTemplate":"https:\/\/quehacerpolitico.mx\/?s={search_term_string}"},"query-input":{"@type":"PropertyValueSpecification","valueRequired":true,"valueName":"search_term_string"}}],"inLanguage":"es"},{"@type":"Person","@id":"https:\/\/quehacerpolitico.mx\/#\/schema\/person\/496d8ad2d1d3f8036101dca7ee39e585","name":"Redacci\u00f3n QP","image":{"@type":"ImageObject","inLanguage":"es","@id":"https:\/\/secure.gravatar.com\/avatar\/c7164ed6fdec453195284ad24a5ae5b6e1eed2b848477fa2a4787ba9adf39a41?s=96&d=mm&r=g","url":"https:\/\/secure.gravatar.com\/avatar\/c7164ed6fdec453195284ad24a5ae5b6e1eed2b848477fa2a4787ba9adf39a41?s=96&d=mm&r=g","contentUrl":"https:\/\/secure.gravatar.com\/avatar\/c7164ed6fdec453195284ad24a5ae5b6e1eed2b848477fa2a4787ba9adf39a41?s=96&d=mm&r=g","caption":"Redacci\u00f3n QP"},"url":"https:\/\/quehacerpolitico.mx\/?author=2"}]}},"featured_image_urls":{"full":["https:\/\/quehacerpolitico.mx\/wp-content\/uploads\/2023\/06\/IMG_8614.jpeg",360,240,false],"thumbnail":["https:\/\/quehacerpolitico.mx\/wp-content\/uploads\/2023\/06\/IMG_8614-150x150.jpeg",150,150,true],"medium":["https:\/\/quehacerpolitico.mx\/wp-content\/uploads\/2023\/06\/IMG_8614-300x200.jpeg",300,200,true],"medium_large":["https:\/\/quehacerpolitico.mx\/wp-content\/uploads\/2023\/06\/IMG_8614.jpeg",360,240,false],"large":["https:\/\/quehacerpolitico.mx\/wp-content\/uploads\/2023\/06\/IMG_8614.jpeg",360,240,false],"1536x1536":["https:\/\/quehacerpolitico.mx\/wp-content\/uploads\/2023\/06\/IMG_8614.jpeg",360,240,false],"2048x2048":["https:\/\/quehacerpolitico.mx\/wp-content\/uploads\/2023\/06\/IMG_8614.jpeg",360,240,false],"covernews-featured":["https:\/\/quehacerpolitico.mx\/wp-content\/uploads\/2023\/06\/IMG_8614.jpeg",360,240,false],"covernews-medium":["https:\/\/quehacerpolitico.mx\/wp-content\/uploads\/2023\/06\/IMG_8614.jpeg",360,240,false]},"author_info":{"display_name":"Redacci\u00f3n QP","author_link":"https:\/\/quehacerpolitico.mx\/?author=2"},"category_info":"<a href=\"https:\/\/quehacerpolitico.mx\/?cat=2\" rel=\"category\">Noticias<\/a>","tag_info":"Noticias","comment_count":"0","_links":{"self":[{"href":"https:\/\/quehacerpolitico.mx\/index.php?rest_route=\/wp\/v2\/posts\/102056","targetHints":{"allow":["GET"]}}],"collection":[{"href":"https:\/\/quehacerpolitico.mx\/index.php?rest_route=\/wp\/v2\/posts"}],"about":[{"href":"https:\/\/quehacerpolitico.mx\/index.php?rest_route=\/wp\/v2\/types\/post"}],"author":[{"embeddable":true,"href":"https:\/\/quehacerpolitico.mx\/index.php?rest_route=\/wp\/v2\/users\/2"}],"replies":[{"embeddable":true,"href":"https:\/\/quehacerpolitico.mx\/index.php?rest_route=%2Fwp%2Fv2%2Fcomments&post=102056"}],"version-history":[{"count":1,"href":"https:\/\/quehacerpolitico.mx\/index.php?rest_route=\/wp\/v2\/posts\/102056\/revisions"}],"predecessor-version":[{"id":102060,"href":"https:\/\/quehacerpolitico.mx\/index.php?rest_route=\/wp\/v2\/posts\/102056\/revisions\/102060"}],"wp:featuredmedia":[{"embeddable":true,"href":"https:\/\/quehacerpolitico.mx\/index.php?rest_route=\/wp\/v2\/media\/102057"}],"wp:attachment":[{"href":"https:\/\/quehacerpolitico.mx\/index.php?rest_route=%2Fwp%2Fv2%2Fmedia&parent=102056"}],"wp:term":[{"taxonomy":"category","embeddable":true,"href":"https:\/\/quehacerpolitico.mx\/index.php?rest_route=%2Fwp%2Fv2%2Fcategories&post=102056"},{"taxonomy":"post_tag","embeddable":true,"href":"https:\/\/quehacerpolitico.mx\/index.php?rest_route=%2Fwp%2Fv2%2Ftags&post=102056"}],"curies":[{"name":"wp","href":"https:\/\/api.w.org\/{rel}","templated":true}]}}