{"id":102045,"date":"2023-06-25T23:01:21","date_gmt":"2023-06-25T23:01:21","guid":{"rendered":"https:\/\/quehacerpolitico.mx\/?p=102045"},"modified":"2023-06-25T23:01:23","modified_gmt":"2023-06-25T23:01:23","slug":"montse-mejia-y-paola-longoria-vencen-con-amplitud-en-el-raquetbol-de-los-centroamericanos","status":"publish","type":"post","link":"https:\/\/quehacerpolitico.mx\/?p=102045","title":{"rendered":"Montse Mej\u00eda y Paola Longoria vencen con amplitud en el raquetbol de los Centroamericanos"},"content":{"rendered":"\n<p>Por Redacci\u00f3n QP<\/p>\n\n\n\n<p>Las mexicanas, raquetas uno y dos del mundo, no tuvieron problemas en San Salvador 2023<\/p>\n\n\n\n<p>Las mexicanas Monserrat Mej\u00eda, primera raqueta del mundo, y Paola Longoria, segunda, lograron este domingo triunfos f\u00e1ciles en el raquetbol de los Juegos Centroamericanos y del Caribe, y se confirmaron como favoritas.<\/p>\n\n\n\n<p>Mej\u00eda, quien juega por primera vez en una justa regional, impuso condiciones ante la cubana Samira Ferrer, a la que derrot\u00f3 en tres sets con parciales de 11-1, 11-1, 11-7.<\/p>\n\n\n\n<figure class=\"wp-block-embed is-type-rich is-provider-twitter wp-block-embed-twitter\"><div class=\"wp-block-embed__wrapper\">\n<blockquote class=\"twitter-tweet\" data-width=\"550\" data-dnt=\"true\"><p lang=\"es\" dir=\"ltr\">\u00a1\ud835\udde7\ud835\uddff\ud835\uddf6\ud835\ude02\ud835\uddfb\ud835\uddf3\ud835\uddfc\ud835\ude00 \ud835\uddee\ud835\ude07\ud835\ude01\ud835\uddf2\ud835\uddf0\ud835\uddee\ud835\ude00! \ud83e\udd4d\ud83c\uddf2\ud83c\uddfd\ud83d\udc4f<br><br>Montserrat Mej\u00eda y Paola Longoria salen victoriosas de sus respectivos duelos, en fase de grupos de \ud835\udc2b\ud835\udc1a\ud835\udc2a\ud835\udc2e\ud835\udc1e\ud835\udc2d\ud835\udc1b\ud835\udc28\ud835\udc25 en <a href=\"https:\/\/twitter.com\/hashtag\/SanSalvador2023?src=hash&amp;ref_src=twsrc%5Etfw\">#SanSalvador2023<\/a> \ud83c\uddf8\ud83c\uddfb.<br><br>\ud83d\udd39\ufe0fMej\u00eda 3-0 \ud83c\udd9a\ufe0f Samira Ferrer \ud83c\udde8\ud83c\uddfa<br>\ud83d\udd39\ufe0fLongoria 3-0 \ud83c\udd9a\ufe0f Jimena G\u00f3mez \ud83c\udde8\ud83c\uddf7 <a href=\"https:\/\/t.co\/jAUFgaNof6\">pic.twitter.com\/jAUFgaNof6<\/a><\/p>&mdash; CONADE (@CONADE) <a href=\"https:\/\/twitter.com\/CONADE\/status\/1672997285263998977?ref_src=twsrc%5Etfw\">June 25, 2023<\/a><\/blockquote><script async src=\"https:\/\/platform.twitter.com\/widgets.js\" charset=\"utf-8\"><\/script>\n<\/div><\/figure>\n\n\n\n<p>La n\u00famero uno del mundo fue impecable con su saque y provoc\u00f3 fallos de su rival para llevarse las dos primeras mangas con marcadores similares de 11-1. Ferrer se asent\u00f3 en la cancha en el tercer set y le dio pelea a la favorita al ponerse 6-7, pero la mexicana no permiti\u00f3 mas libertades y asegur\u00f3 el triunfo. &#8220;Estuvo pesadito el juego, el calor me agot\u00f3, pero logr\u00e9 la victoria&#8221;, se\u00f1al\u00f3 Mej\u00eda. \u00bfC\u00f3mo fue el triunfo de Longoria? Longoria derrot\u00f3 por 11-0, 11-1 y 11-4 a la costarricense Jimena G\u00f3mez, en un duelo en el que la azteca fue superior y lo mostr\u00f3 en el marcador. En la \u00faltima manga, G\u00f3mez se sacudi\u00f3 el dominio y se acerc\u00f3 4-5, pero la Campeona sac\u00f3 su arte y sum\u00f3 seis puntos seguidos. Este lunes, en el cierre de las eliminatorias, Mej\u00eda enfrentar\u00e1 a la guatemalteca Anna Aguilar y Longoria enfrentar\u00e1 a la dominicana Mery Delgado, bronce en los pasados Juegos. Otros resultados En otros resultados de mujeres, Anna Aguilar venci\u00f3 por 11-4, 11-1, 11-3 a la cubana Kylie Larduet y Ana Mart\u00ednez, de Guatemala, a Maricruz Ortiz, de Costa Rica. Este lunes concluir\u00e1 Fase de Grupos.<\/p>\n\n\n\n<p>Con Informaci\u00f3n de Medio Tiempo<\/p>\n","protected":false},"excerpt":{"rendered":"<p>Por Redacci\u00f3n QP Las mexicanas, raquetas uno y dos del mundo, no tuvieron problemas en&#8230;<\/p>\n","protected":false},"author":2,"featured_media":102046,"comment_status":"open","ping_status":"open","sticky":false,"template":"","format":"standard","meta":{"_monsterinsights_skip_tracking":false,"_monsterinsights_sitenote_active":false,"_monsterinsights_sitenote_note":"","_monsterinsights_sitenote_category":0,"footnotes":""},"categories":[54],"tags":[],"class_list":["post-102045","post","type-post","status-publish","format-standard","has-post-thumbnail","hentry","category-deportes"],"yoast_head":"<!-- This site is optimized with the Yoast SEO plugin v27.3 - https:\/\/yoast.com\/product\/yoast-seo-wordpress\/ -->\n<title>Montse Mej\u00eda y Paola Longoria vencen con amplitud en el raquetbol de los Centroamericanos -<\/title>\n<meta name=\"robots\" content=\"index, follow, max-snippet:-1, max-image-preview:large, max-video-preview:-1\" \/>\n<link rel=\"canonical\" href=\"https:\/\/quehacerpolitico.mx\/?p=102045\" \/>\n<meta property=\"og:locale\" content=\"es_MX\" \/>\n<meta property=\"og:type\" content=\"article\" \/>\n<meta property=\"og:title\" content=\"Montse Mej\u00eda y Paola Longoria vencen con amplitud en el raquetbol de los Centroamericanos -\" \/>\n<meta property=\"og:description\" content=\"Por Redacci\u00f3n QP Las mexicanas, raquetas uno y dos del mundo, no tuvieron problemas en...\" \/>\n<meta property=\"og:url\" content=\"https:\/\/quehacerpolitico.mx\/?p=102045\" \/>\n<meta property=\"article:published_time\" content=\"2023-06-25T23:01:21+00:00\" \/>\n<meta property=\"article:modified_time\" content=\"2023-06-25T23:01:23+00:00\" \/>\n<meta property=\"og:image\" content=\"https:\/\/quehacerpolitico.mx\/wp-content\/uploads\/2023\/06\/IMG_8608.jpeg\" \/>\n\t<meta property=\"og:image:width\" content=\"1123\" \/>\n\t<meta property=\"og:image:height\" content=\"647\" \/>\n\t<meta property=\"og:image:type\" content=\"image\/jpeg\" \/>\n<meta name=\"author\" content=\"Redacci\u00f3n QP\" \/>\n<meta name=\"twitter:card\" content=\"summary_large_image\" \/>\n<meta name=\"twitter:label1\" content=\"Escrito por\" \/>\n\t<meta name=\"twitter:data1\" content=\"Redacci\u00f3n QP\" \/>\n\t<meta name=\"twitter:label2\" content=\"Tiempo de lectura\" \/>\n\t<meta name=\"twitter:data2\" content=\"2 minutos\" \/>\n<script type=\"application\/ld+json\" class=\"yoast-schema-graph\">{\"@context\":\"https:\\\/\\\/schema.org\",\"@graph\":[{\"@type\":\"Article\",\"@id\":\"https:\\\/\\\/quehacerpolitico.mx\\\/?p=102045#article\",\"isPartOf\":{\"@id\":\"https:\\\/\\\/quehacerpolitico.mx\\\/?p=102045\"},\"author\":{\"name\":\"Redacci\u00f3n QP\",\"@id\":\"https:\\\/\\\/quehacerpolitico.mx\\\/#\\\/schema\\\/person\\\/496d8ad2d1d3f8036101dca7ee39e585\"},\"headline\":\"Montse Mej\u00eda y Paola Longoria vencen con amplitud en el raquetbol de los Centroamericanos\",\"datePublished\":\"2023-06-25T23:01:21+00:00\",\"dateModified\":\"2023-06-25T23:01:23+00:00\",\"mainEntityOfPage\":{\"@id\":\"https:\\\/\\\/quehacerpolitico.mx\\\/?p=102045\"},\"wordCount\":317,\"commentCount\":0,\"image\":{\"@id\":\"https:\\\/\\\/quehacerpolitico.mx\\\/?p=102045#primaryimage\"},\"thumbnailUrl\":\"https:\\\/\\\/quehacerpolitico.mx\\\/wp-content\\\/uploads\\\/2023\\\/06\\\/IMG_8608.jpeg\",\"articleSection\":[\"Deportes\"],\"inLanguage\":\"es\",\"potentialAction\":[{\"@type\":\"CommentAction\",\"name\":\"Comment\",\"target\":[\"https:\\\/\\\/quehacerpolitico.mx\\\/?p=102045#respond\"]}]},{\"@type\":\"WebPage\",\"@id\":\"https:\\\/\\\/quehacerpolitico.mx\\\/?p=102045\",\"url\":\"https:\\\/\\\/quehacerpolitico.mx\\\/?p=102045\",\"name\":\"Montse Mej\u00eda y Paola Longoria vencen con amplitud en el raquetbol de los Centroamericanos -\",\"isPartOf\":{\"@id\":\"https:\\\/\\\/quehacerpolitico.mx\\\/#website\"},\"primaryImageOfPage\":{\"@id\":\"https:\\\/\\\/quehacerpolitico.mx\\\/?p=102045#primaryimage\"},\"image\":{\"@id\":\"https:\\\/\\\/quehacerpolitico.mx\\\/?p=102045#primaryimage\"},\"thumbnailUrl\":\"https:\\\/\\\/quehacerpolitico.mx\\\/wp-content\\\/uploads\\\/2023\\\/06\\\/IMG_8608.jpeg\",\"datePublished\":\"2023-06-25T23:01:21+00:00\",\"dateModified\":\"2023-06-25T23:01:23+00:00\",\"author\":{\"@id\":\"https:\\\/\\\/quehacerpolitico.mx\\\/#\\\/schema\\\/person\\\/496d8ad2d1d3f8036101dca7ee39e585\"},\"breadcrumb\":{\"@id\":\"https:\\\/\\\/quehacerpolitico.mx\\\/?p=102045#breadcrumb\"},\"inLanguage\":\"es\",\"potentialAction\":[{\"@type\":\"ReadAction\",\"target\":[\"https:\\\/\\\/quehacerpolitico.mx\\\/?p=102045\"]}]},{\"@type\":\"ImageObject\",\"inLanguage\":\"es\",\"@id\":\"https:\\\/\\\/quehacerpolitico.mx\\\/?p=102045#primaryimage\",\"url\":\"https:\\\/\\\/quehacerpolitico.mx\\\/wp-content\\\/uploads\\\/2023\\\/06\\\/IMG_8608.jpeg\",\"contentUrl\":\"https:\\\/\\\/quehacerpolitico.mx\\\/wp-content\\\/uploads\\\/2023\\\/06\\\/IMG_8608.jpeg\",\"width\":1123,\"height\":647},{\"@type\":\"BreadcrumbList\",\"@id\":\"https:\\\/\\\/quehacerpolitico.mx\\\/?p=102045#breadcrumb\",\"itemListElement\":[{\"@type\":\"ListItem\",\"position\":1,\"name\":\"Inicio\",\"item\":\"https:\\\/\\\/quehacerpolitico.mx\\\/\"},{\"@type\":\"ListItem\",\"position\":2,\"name\":\"Montse Mej\u00eda y Paola Longoria vencen con amplitud en el raquetbol de los Centroamericanos\"}]},{\"@type\":\"WebSite\",\"@id\":\"https:\\\/\\\/quehacerpolitico.mx\\\/#website\",\"url\":\"https:\\\/\\\/quehacerpolitico.mx\\\/\",\"name\":\"\",\"description\":\"\",\"potentialAction\":[{\"@type\":\"SearchAction\",\"target\":{\"@type\":\"EntryPoint\",\"urlTemplate\":\"https:\\\/\\\/quehacerpolitico.mx\\\/?s={search_term_string}\"},\"query-input\":{\"@type\":\"PropertyValueSpecification\",\"valueRequired\":true,\"valueName\":\"search_term_string\"}}],\"inLanguage\":\"es\"},{\"@type\":\"Person\",\"@id\":\"https:\\\/\\\/quehacerpolitico.mx\\\/#\\\/schema\\\/person\\\/496d8ad2d1d3f8036101dca7ee39e585\",\"name\":\"Redacci\u00f3n QP\",\"image\":{\"@type\":\"ImageObject\",\"inLanguage\":\"es\",\"@id\":\"https:\\\/\\\/secure.gravatar.com\\\/avatar\\\/c7164ed6fdec453195284ad24a5ae5b6e1eed2b848477fa2a4787ba9adf39a41?s=96&d=mm&r=g\",\"url\":\"https:\\\/\\\/secure.gravatar.com\\\/avatar\\\/c7164ed6fdec453195284ad24a5ae5b6e1eed2b848477fa2a4787ba9adf39a41?s=96&d=mm&r=g\",\"contentUrl\":\"https:\\\/\\\/secure.gravatar.com\\\/avatar\\\/c7164ed6fdec453195284ad24a5ae5b6e1eed2b848477fa2a4787ba9adf39a41?s=96&d=mm&r=g\",\"caption\":\"Redacci\u00f3n QP\"},\"url\":\"https:\\\/\\\/quehacerpolitico.mx\\\/?author=2\"}]}<\/script>\n<!-- \/ Yoast SEO plugin. -->","yoast_head_json":{"title":"Montse Mej\u00eda y Paola Longoria vencen con amplitud en el raquetbol de los Centroamericanos -","robots":{"index":"index","follow":"follow","max-snippet":"max-snippet:-1","max-image-preview":"max-image-preview:large","max-video-preview":"max-video-preview:-1"},"canonical":"https:\/\/quehacerpolitico.mx\/?p=102045","og_locale":"es_MX","og_type":"article","og_title":"Montse Mej\u00eda y Paola Longoria vencen con amplitud en el raquetbol de los Centroamericanos -","og_description":"Por Redacci\u00f3n QP Las mexicanas, raquetas uno y dos del mundo, no tuvieron problemas en...","og_url":"https:\/\/quehacerpolitico.mx\/?p=102045","article_published_time":"2023-06-25T23:01:21+00:00","article_modified_time":"2023-06-25T23:01:23+00:00","og_image":[{"width":1123,"height":647,"url":"https:\/\/quehacerpolitico.mx\/wp-content\/uploads\/2023\/06\/IMG_8608.jpeg","type":"image\/jpeg"}],"author":"Redacci\u00f3n QP","twitter_card":"summary_large_image","twitter_misc":{"Escrito por":"Redacci\u00f3n QP","Tiempo de lectura":"2 minutos"},"schema":{"@context":"https:\/\/schema.org","@graph":[{"@type":"Article","@id":"https:\/\/quehacerpolitico.mx\/?p=102045#article","isPartOf":{"@id":"https:\/\/quehacerpolitico.mx\/?p=102045"},"author":{"name":"Redacci\u00f3n QP","@id":"https:\/\/quehacerpolitico.mx\/#\/schema\/person\/496d8ad2d1d3f8036101dca7ee39e585"},"headline":"Montse Mej\u00eda y Paola Longoria vencen con amplitud en el raquetbol de los Centroamericanos","datePublished":"2023-06-25T23:01:21+00:00","dateModified":"2023-06-25T23:01:23+00:00","mainEntityOfPage":{"@id":"https:\/\/quehacerpolitico.mx\/?p=102045"},"wordCount":317,"commentCount":0,"image":{"@id":"https:\/\/quehacerpolitico.mx\/?p=102045#primaryimage"},"thumbnailUrl":"https:\/\/quehacerpolitico.mx\/wp-content\/uploads\/2023\/06\/IMG_8608.jpeg","articleSection":["Deportes"],"inLanguage":"es","potentialAction":[{"@type":"CommentAction","name":"Comment","target":["https:\/\/quehacerpolitico.mx\/?p=102045#respond"]}]},{"@type":"WebPage","@id":"https:\/\/quehacerpolitico.mx\/?p=102045","url":"https:\/\/quehacerpolitico.mx\/?p=102045","name":"Montse Mej\u00eda y Paola Longoria vencen con amplitud en el raquetbol de los Centroamericanos -","isPartOf":{"@id":"https:\/\/quehacerpolitico.mx\/#website"},"primaryImageOfPage":{"@id":"https:\/\/quehacerpolitico.mx\/?p=102045#primaryimage"},"image":{"@id":"https:\/\/quehacerpolitico.mx\/?p=102045#primaryimage"},"thumbnailUrl":"https:\/\/quehacerpolitico.mx\/wp-content\/uploads\/2023\/06\/IMG_8608.jpeg","datePublished":"2023-06-25T23:01:21+00:00","dateModified":"2023-06-25T23:01:23+00:00","author":{"@id":"https:\/\/quehacerpolitico.mx\/#\/schema\/person\/496d8ad2d1d3f8036101dca7ee39e585"},"breadcrumb":{"@id":"https:\/\/quehacerpolitico.mx\/?p=102045#breadcrumb"},"inLanguage":"es","potentialAction":[{"@type":"ReadAction","target":["https:\/\/quehacerpolitico.mx\/?p=102045"]}]},{"@type":"ImageObject","inLanguage":"es","@id":"https:\/\/quehacerpolitico.mx\/?p=102045#primaryimage","url":"https:\/\/quehacerpolitico.mx\/wp-content\/uploads\/2023\/06\/IMG_8608.jpeg","contentUrl":"https:\/\/quehacerpolitico.mx\/wp-content\/uploads\/2023\/06\/IMG_8608.jpeg","width":1123,"height":647},{"@type":"BreadcrumbList","@id":"https:\/\/quehacerpolitico.mx\/?p=102045#breadcrumb","itemListElement":[{"@type":"ListItem","position":1,"name":"Inicio","item":"https:\/\/quehacerpolitico.mx\/"},{"@type":"ListItem","position":2,"name":"Montse Mej\u00eda y Paola Longoria vencen con amplitud en el raquetbol de los Centroamericanos"}]},{"@type":"WebSite","@id":"https:\/\/quehacerpolitico.mx\/#website","url":"https:\/\/quehacerpolitico.mx\/","name":"","description":"","potentialAction":[{"@type":"SearchAction","target":{"@type":"EntryPoint","urlTemplate":"https:\/\/quehacerpolitico.mx\/?s={search_term_string}"},"query-input":{"@type":"PropertyValueSpecification","valueRequired":true,"valueName":"search_term_string"}}],"inLanguage":"es"},{"@type":"Person","@id":"https:\/\/quehacerpolitico.mx\/#\/schema\/person\/496d8ad2d1d3f8036101dca7ee39e585","name":"Redacci\u00f3n QP","image":{"@type":"ImageObject","inLanguage":"es","@id":"https:\/\/secure.gravatar.com\/avatar\/c7164ed6fdec453195284ad24a5ae5b6e1eed2b848477fa2a4787ba9adf39a41?s=96&d=mm&r=g","url":"https:\/\/secure.gravatar.com\/avatar\/c7164ed6fdec453195284ad24a5ae5b6e1eed2b848477fa2a4787ba9adf39a41?s=96&d=mm&r=g","contentUrl":"https:\/\/secure.gravatar.com\/avatar\/c7164ed6fdec453195284ad24a5ae5b6e1eed2b848477fa2a4787ba9adf39a41?s=96&d=mm&r=g","caption":"Redacci\u00f3n QP"},"url":"https:\/\/quehacerpolitico.mx\/?author=2"}]}},"featured_image_urls":{"full":["https:\/\/quehacerpolitico.mx\/wp-content\/uploads\/2023\/06\/IMG_8608.jpeg",1123,647,false],"thumbnail":["https:\/\/quehacerpolitico.mx\/wp-content\/uploads\/2023\/06\/IMG_8608-150x150.jpeg",150,150,true],"medium":["https:\/\/quehacerpolitico.mx\/wp-content\/uploads\/2023\/06\/IMG_8608-300x173.jpeg",300,173,true],"medium_large":["https:\/\/quehacerpolitico.mx\/wp-content\/uploads\/2023\/06\/IMG_8608-768x442.jpeg",640,368,true],"large":["https:\/\/quehacerpolitico.mx\/wp-content\/uploads\/2023\/06\/IMG_8608-1024x590.jpeg",640,369,true],"1536x1536":["https:\/\/quehacerpolitico.mx\/wp-content\/uploads\/2023\/06\/IMG_8608.jpeg",1123,647,false],"2048x2048":["https:\/\/quehacerpolitico.mx\/wp-content\/uploads\/2023\/06\/IMG_8608.jpeg",1123,647,false],"covernews-featured":["https:\/\/quehacerpolitico.mx\/wp-content\/uploads\/2023\/06\/IMG_8608.jpeg",1024,590,false],"covernews-medium":["https:\/\/quehacerpolitico.mx\/wp-content\/uploads\/2023\/06\/IMG_8608.jpeg",540,311,false]},"author_info":{"display_name":"Redacci\u00f3n QP","author_link":"https:\/\/quehacerpolitico.mx\/?author=2"},"category_info":"<a href=\"https:\/\/quehacerpolitico.mx\/?cat=54\" rel=\"category\">Deportes<\/a>","tag_info":"Deportes","comment_count":"0","_links":{"self":[{"href":"https:\/\/quehacerpolitico.mx\/index.php?rest_route=\/wp\/v2\/posts\/102045","targetHints":{"allow":["GET"]}}],"collection":[{"href":"https:\/\/quehacerpolitico.mx\/index.php?rest_route=\/wp\/v2\/posts"}],"about":[{"href":"https:\/\/quehacerpolitico.mx\/index.php?rest_route=\/wp\/v2\/types\/post"}],"author":[{"embeddable":true,"href":"https:\/\/quehacerpolitico.mx\/index.php?rest_route=\/wp\/v2\/users\/2"}],"replies":[{"embeddable":true,"href":"https:\/\/quehacerpolitico.mx\/index.php?rest_route=%2Fwp%2Fv2%2Fcomments&post=102045"}],"version-history":[{"count":1,"href":"https:\/\/quehacerpolitico.mx\/index.php?rest_route=\/wp\/v2\/posts\/102045\/revisions"}],"predecessor-version":[{"id":102047,"href":"https:\/\/quehacerpolitico.mx\/index.php?rest_route=\/wp\/v2\/posts\/102045\/revisions\/102047"}],"wp:featuredmedia":[{"embeddable":true,"href":"https:\/\/quehacerpolitico.mx\/index.php?rest_route=\/wp\/v2\/media\/102046"}],"wp:attachment":[{"href":"https:\/\/quehacerpolitico.mx\/index.php?rest_route=%2Fwp%2Fv2%2Fmedia&parent=102045"}],"wp:term":[{"taxonomy":"category","embeddable":true,"href":"https:\/\/quehacerpolitico.mx\/index.php?rest_route=%2Fwp%2Fv2%2Fcategories&post=102045"},{"taxonomy":"post_tag","embeddable":true,"href":"https:\/\/quehacerpolitico.mx\/index.php?rest_route=%2Fwp%2Fv2%2Ftags&post=102045"}],"curies":[{"name":"wp","href":"https:\/\/api.w.org\/{rel}","templated":true}]}}