{"id":101890,"date":"2023-06-14T23:53:44","date_gmt":"2023-06-14T23:53:44","guid":{"rendered":"https:\/\/quehacerpolitico.mx\/?p=101890"},"modified":"2023-06-14T23:53:48","modified_gmt":"2023-06-14T23:53:48","slug":"internacionales-carolina-alonso-romei-alerta-eu-de-fresas-contaminadas-con-hepatitis-a","status":"publish","type":"post","link":"https:\/\/quehacerpolitico.mx\/?p=101890","title":{"rendered":"Internacionales\/\/\/Carolina Alonso Romei\/\/\/Alerta EU de fresas contaminadas con hepatitis A"},"content":{"rendered":"\n<p>Por Carolina Alonso Romei<\/p>\n\n\n\n<p>Internacionalista <\/p>\n\n\n\n<p>Se prev\u00e9 la contaminaci\u00f3n de hepatitis A en fresas cultivadas en Baja California, M\u00e9xico<\/p>\n\n\n\n<p><strong>Recientemente se dio a conocer de la probable contaminaci\u00f3n de hepatitis A en fresas cultivadas en Baja California, M\u00e9xico, las cuales se exportaron al mercado de EU y se comercializaron bajo el nombre de m\u00e1s de seis marcas.<\/strong><\/p>\n\n\n\n<p>Por lo anterior,<strong>\u00a0la oficina de la Food and Drugs Administration\u00a0<\/strong>(FDA) de Estados Unidos, hizo un llamado a los consumidores para devolver fresas congeladas, adquiridas en los establecimientos pertenecientes a las cadenas\u00a0<strong>Walmart<\/strong>,\u00a0<strong>Costco\u00a0<\/strong>y\u00a0<strong>HEB<\/strong>. La alarma fue emitida por la\u00a0agencia estadounidense\u00a0tras dar a conocer el inicio de una de sus investigaciones sobre el tema.<\/p>\n\n\n\n<figure class=\"wp-block-embed is-type-video is-provider-youtube wp-block-embed-youtube wp-embed-aspect-16-9 wp-has-aspect-ratio\"><div class=\"wp-block-embed__wrapper\">\n<iframe loading=\"lazy\" title=\"Especialistas investigan brote de hepatitis A en Estados Unidos por fresas cultivadas en M\u00e9xico\" width=\"640\" height=\"360\" src=\"https:\/\/www.youtube.com\/embed\/ct5kJh2kwfI?feature=oembed\" frameborder=\"0\" allow=\"accelerometer; autoplay; clipboard-write; encrypted-media; gyroscope; picture-in-picture; web-share\" referrerpolicy=\"strict-origin-when-cross-origin\" allowfullscreen><\/iframe>\n<\/div><\/figure>\n\n\n\n<h2 class=\"wp-block-heading\">\u00bfCu\u00e1les son las fresas contaminadas?<\/h2>\n\n\n\n<p>La investigaci\u00f3n\u00a0se\u00f1ala como responsables de la distribuci\u00f3n de fruta contaminada a las empresas Willamette Valley Fruit, Wawona Frozen Foods, California Splendor y Scenic Fruit\u00a0y exhorta expl\u00edcitamente a la devoluci\u00f3n del producto.<\/p>\n\n\n\n<p>De acuerdo con informaci\u00f3n publicada por el\u00a0<strong>Departamento de Salud del estado de Nueva York<\/strong>, la hepatitis tipo &#8220;A&#8221;\u00a0es una enfermedad muy contagiosa que ataca el h\u00edgado y que ocupa el primer lugar\u00a0en los tipos de hepatitis registrados en Estados Unidos.\u00a0<strong>La enfermedad puede transmitirse al consumir una comida o bebida<\/strong>\u00a0que haya sido manipulada por una persona infectada, por lo que las atribuciones a la contaminaci\u00f3n de las fresas comercializadas en EU podr\u00edan estar asociada a la portaci\u00f3n del virus por parte de los agricultores y recolectores de fresas que operan en Baja California.<\/p>\n\n\n\n<p>Quienes hayan consumido la\u00a0<strong>fruta contaminada podr\u00edan presentar s\u00edntomas<\/strong>\u00a0por la presencia del virus dentro de los 28 d\u00edas despu\u00e9s de la ingesta, pues, seg\u00fan la dependencia de\u00a0salud de NY, el promedio de tiempo para la expresi\u00f3n de s\u00edntomas por<strong>\u00a0hepatitis A va de 15 a 50 d\u00edas<\/strong>. Los\u00a0<strong>s\u00edntomas\u00a0<\/strong>que pueden presentar las personas que padecen este tipo de enfermedad son: La aparici\u00f3n s\u00fabita de\u00a0<strong>fiebre<\/strong>,\u00a0<strong>malestar<\/strong>,\u00a0<strong>inapetencia<\/strong>,\u00a0<strong>n\u00e1useas<\/strong>,\u00a0<strong>dolor de est\u00f3mago<\/strong>,\u00a0<strong>orina oscura\u00a0<\/strong>e ictericia.<\/p>\n\n\n\n<p>Ninguno de ellos grave, haciendo a la enfermedad un padecimiento curable en cuesti\u00f3n de semanas. Las personas que resultaron afectadas por la distribuci\u00f3n de fresas mexicanas contaminadas con hepatitis A despu\u00e9s de recuperarse, no se re infectan, quedan inmunizadas de por vida y ya no son portadoras del virus.<\/p>\n\n\n\n<p>Con informaci\u00f3n de SUN <\/p>\n","protected":false},"excerpt":{"rendered":"<p>Por Carolina Alonso Romei Internacionalista Se prev\u00e9 la contaminaci\u00f3n de hepatitis A en fresas cultivadas&#8230;<\/p>\n","protected":false},"author":2,"featured_media":101891,"comment_status":"open","ping_status":"open","sticky":false,"template":"","format":"standard","meta":{"_monsterinsights_skip_tracking":false,"_monsterinsights_sitenote_active":false,"_monsterinsights_sitenote_note":"","_monsterinsights_sitenote_category":0,"footnotes":""},"categories":[1],"tags":[],"class_list":["post-101890","post","type-post","status-publish","format-standard","has-post-thumbnail","hentry","category-sin-categoria"],"yoast_head":"<!-- This site is optimized with the Yoast SEO plugin v27.3 - https:\/\/yoast.com\/product\/yoast-seo-wordpress\/ -->\n<title>Internacionales\/\/\/Carolina Alonso Romei\/\/\/Alerta EU de fresas contaminadas con hepatitis A -<\/title>\n<meta name=\"robots\" content=\"index, follow, max-snippet:-1, max-image-preview:large, max-video-preview:-1\" \/>\n<link rel=\"canonical\" href=\"https:\/\/quehacerpolitico.mx\/?p=101890\" \/>\n<meta property=\"og:locale\" content=\"es_MX\" \/>\n<meta property=\"og:type\" content=\"article\" \/>\n<meta property=\"og:title\" content=\"Internacionales\/\/\/Carolina Alonso Romei\/\/\/Alerta EU de fresas contaminadas con hepatitis A -\" \/>\n<meta property=\"og:description\" content=\"Por Carolina Alonso Romei Internacionalista Se prev\u00e9 la contaminaci\u00f3n de hepatitis A en fresas cultivadas...\" \/>\n<meta property=\"og:url\" content=\"https:\/\/quehacerpolitico.mx\/?p=101890\" \/>\n<meta property=\"article:published_time\" content=\"2023-06-14T23:53:44+00:00\" \/>\n<meta property=\"article:modified_time\" content=\"2023-06-14T23:53:48+00:00\" \/>\n<meta property=\"og:image\" content=\"https:\/\/quehacerpolitico.mx\/wp-content\/uploads\/2023\/06\/IMG_8422.jpeg\" \/>\n\t<meta property=\"og:image:width\" content=\"700\" \/>\n\t<meta property=\"og:image:height\" content=\"438\" \/>\n\t<meta property=\"og:image:type\" content=\"image\/jpeg\" \/>\n<meta name=\"author\" content=\"Redacci\u00f3n QP\" \/>\n<meta name=\"twitter:card\" content=\"summary_large_image\" \/>\n<meta name=\"twitter:label1\" content=\"Escrito por\" \/>\n\t<meta name=\"twitter:data1\" content=\"Redacci\u00f3n QP\" \/>\n\t<meta name=\"twitter:label2\" content=\"Tiempo de lectura\" \/>\n\t<meta name=\"twitter:data2\" content=\"2 minutos\" \/>\n<script type=\"application\/ld+json\" class=\"yoast-schema-graph\">{\"@context\":\"https:\\\/\\\/schema.org\",\"@graph\":[{\"@type\":\"Article\",\"@id\":\"https:\\\/\\\/quehacerpolitico.mx\\\/?p=101890#article\",\"isPartOf\":{\"@id\":\"https:\\\/\\\/quehacerpolitico.mx\\\/?p=101890\"},\"author\":{\"name\":\"Redacci\u00f3n QP\",\"@id\":\"https:\\\/\\\/quehacerpolitico.mx\\\/#\\\/schema\\\/person\\\/496d8ad2d1d3f8036101dca7ee39e585\"},\"headline\":\"Internacionales\\\/\\\/\\\/Carolina Alonso Romei\\\/\\\/\\\/Alerta EU de fresas contaminadas con hepatitis A\",\"datePublished\":\"2023-06-14T23:53:44+00:00\",\"dateModified\":\"2023-06-14T23:53:48+00:00\",\"mainEntityOfPage\":{\"@id\":\"https:\\\/\\\/quehacerpolitico.mx\\\/?p=101890\"},\"wordCount\":430,\"commentCount\":0,\"image\":{\"@id\":\"https:\\\/\\\/quehacerpolitico.mx\\\/?p=101890#primaryimage\"},\"thumbnailUrl\":\"https:\\\/\\\/quehacerpolitico.mx\\\/wp-content\\\/uploads\\\/2023\\\/06\\\/IMG_8422.jpeg\",\"articleSection\":[\"Internacionales\"],\"inLanguage\":\"es\",\"potentialAction\":[{\"@type\":\"CommentAction\",\"name\":\"Comment\",\"target\":[\"https:\\\/\\\/quehacerpolitico.mx\\\/?p=101890#respond\"]}]},{\"@type\":\"WebPage\",\"@id\":\"https:\\\/\\\/quehacerpolitico.mx\\\/?p=101890\",\"url\":\"https:\\\/\\\/quehacerpolitico.mx\\\/?p=101890\",\"name\":\"Internacionales\\\/\\\/\\\/Carolina Alonso Romei\\\/\\\/\\\/Alerta EU de fresas contaminadas con hepatitis A -\",\"isPartOf\":{\"@id\":\"https:\\\/\\\/quehacerpolitico.mx\\\/#website\"},\"primaryImageOfPage\":{\"@id\":\"https:\\\/\\\/quehacerpolitico.mx\\\/?p=101890#primaryimage\"},\"image\":{\"@id\":\"https:\\\/\\\/quehacerpolitico.mx\\\/?p=101890#primaryimage\"},\"thumbnailUrl\":\"https:\\\/\\\/quehacerpolitico.mx\\\/wp-content\\\/uploads\\\/2023\\\/06\\\/IMG_8422.jpeg\",\"datePublished\":\"2023-06-14T23:53:44+00:00\",\"dateModified\":\"2023-06-14T23:53:48+00:00\",\"author\":{\"@id\":\"https:\\\/\\\/quehacerpolitico.mx\\\/#\\\/schema\\\/person\\\/496d8ad2d1d3f8036101dca7ee39e585\"},\"breadcrumb\":{\"@id\":\"https:\\\/\\\/quehacerpolitico.mx\\\/?p=101890#breadcrumb\"},\"inLanguage\":\"es\",\"potentialAction\":[{\"@type\":\"ReadAction\",\"target\":[\"https:\\\/\\\/quehacerpolitico.mx\\\/?p=101890\"]}]},{\"@type\":\"ImageObject\",\"inLanguage\":\"es\",\"@id\":\"https:\\\/\\\/quehacerpolitico.mx\\\/?p=101890#primaryimage\",\"url\":\"https:\\\/\\\/quehacerpolitico.mx\\\/wp-content\\\/uploads\\\/2023\\\/06\\\/IMG_8422.jpeg\",\"contentUrl\":\"https:\\\/\\\/quehacerpolitico.mx\\\/wp-content\\\/uploads\\\/2023\\\/06\\\/IMG_8422.jpeg\",\"width\":700,\"height\":438},{\"@type\":\"BreadcrumbList\",\"@id\":\"https:\\\/\\\/quehacerpolitico.mx\\\/?p=101890#breadcrumb\",\"itemListElement\":[{\"@type\":\"ListItem\",\"position\":1,\"name\":\"Inicio\",\"item\":\"https:\\\/\\\/quehacerpolitico.mx\\\/\"},{\"@type\":\"ListItem\",\"position\":2,\"name\":\"Internacionales\\\/\\\/\\\/Carolina Alonso Romei\\\/\\\/\\\/Alerta EU de fresas contaminadas con hepatitis A\"}]},{\"@type\":\"WebSite\",\"@id\":\"https:\\\/\\\/quehacerpolitico.mx\\\/#website\",\"url\":\"https:\\\/\\\/quehacerpolitico.mx\\\/\",\"name\":\"\",\"description\":\"\",\"potentialAction\":[{\"@type\":\"SearchAction\",\"target\":{\"@type\":\"EntryPoint\",\"urlTemplate\":\"https:\\\/\\\/quehacerpolitico.mx\\\/?s={search_term_string}\"},\"query-input\":{\"@type\":\"PropertyValueSpecification\",\"valueRequired\":true,\"valueName\":\"search_term_string\"}}],\"inLanguage\":\"es\"},{\"@type\":\"Person\",\"@id\":\"https:\\\/\\\/quehacerpolitico.mx\\\/#\\\/schema\\\/person\\\/496d8ad2d1d3f8036101dca7ee39e585\",\"name\":\"Redacci\u00f3n QP\",\"image\":{\"@type\":\"ImageObject\",\"inLanguage\":\"es\",\"@id\":\"https:\\\/\\\/secure.gravatar.com\\\/avatar\\\/c7164ed6fdec453195284ad24a5ae5b6e1eed2b848477fa2a4787ba9adf39a41?s=96&d=mm&r=g\",\"url\":\"https:\\\/\\\/secure.gravatar.com\\\/avatar\\\/c7164ed6fdec453195284ad24a5ae5b6e1eed2b848477fa2a4787ba9adf39a41?s=96&d=mm&r=g\",\"contentUrl\":\"https:\\\/\\\/secure.gravatar.com\\\/avatar\\\/c7164ed6fdec453195284ad24a5ae5b6e1eed2b848477fa2a4787ba9adf39a41?s=96&d=mm&r=g\",\"caption\":\"Redacci\u00f3n QP\"},\"url\":\"https:\\\/\\\/quehacerpolitico.mx\\\/?author=2\"}]}<\/script>\n<!-- \/ Yoast SEO plugin. -->","yoast_head_json":{"title":"Internacionales\/\/\/Carolina Alonso Romei\/\/\/Alerta EU de fresas contaminadas con hepatitis A -","robots":{"index":"index","follow":"follow","max-snippet":"max-snippet:-1","max-image-preview":"max-image-preview:large","max-video-preview":"max-video-preview:-1"},"canonical":"https:\/\/quehacerpolitico.mx\/?p=101890","og_locale":"es_MX","og_type":"article","og_title":"Internacionales\/\/\/Carolina Alonso Romei\/\/\/Alerta EU de fresas contaminadas con hepatitis A -","og_description":"Por Carolina Alonso Romei Internacionalista Se prev\u00e9 la contaminaci\u00f3n de hepatitis A en fresas cultivadas...","og_url":"https:\/\/quehacerpolitico.mx\/?p=101890","article_published_time":"2023-06-14T23:53:44+00:00","article_modified_time":"2023-06-14T23:53:48+00:00","og_image":[{"width":700,"height":438,"url":"https:\/\/quehacerpolitico.mx\/wp-content\/uploads\/2023\/06\/IMG_8422.jpeg","type":"image\/jpeg"}],"author":"Redacci\u00f3n QP","twitter_card":"summary_large_image","twitter_misc":{"Escrito por":"Redacci\u00f3n QP","Tiempo de lectura":"2 minutos"},"schema":{"@context":"https:\/\/schema.org","@graph":[{"@type":"Article","@id":"https:\/\/quehacerpolitico.mx\/?p=101890#article","isPartOf":{"@id":"https:\/\/quehacerpolitico.mx\/?p=101890"},"author":{"name":"Redacci\u00f3n QP","@id":"https:\/\/quehacerpolitico.mx\/#\/schema\/person\/496d8ad2d1d3f8036101dca7ee39e585"},"headline":"Internacionales\/\/\/Carolina Alonso Romei\/\/\/Alerta EU de fresas contaminadas con hepatitis A","datePublished":"2023-06-14T23:53:44+00:00","dateModified":"2023-06-14T23:53:48+00:00","mainEntityOfPage":{"@id":"https:\/\/quehacerpolitico.mx\/?p=101890"},"wordCount":430,"commentCount":0,"image":{"@id":"https:\/\/quehacerpolitico.mx\/?p=101890#primaryimage"},"thumbnailUrl":"https:\/\/quehacerpolitico.mx\/wp-content\/uploads\/2023\/06\/IMG_8422.jpeg","articleSection":["Internacionales"],"inLanguage":"es","potentialAction":[{"@type":"CommentAction","name":"Comment","target":["https:\/\/quehacerpolitico.mx\/?p=101890#respond"]}]},{"@type":"WebPage","@id":"https:\/\/quehacerpolitico.mx\/?p=101890","url":"https:\/\/quehacerpolitico.mx\/?p=101890","name":"Internacionales\/\/\/Carolina Alonso Romei\/\/\/Alerta EU de fresas contaminadas con hepatitis A -","isPartOf":{"@id":"https:\/\/quehacerpolitico.mx\/#website"},"primaryImageOfPage":{"@id":"https:\/\/quehacerpolitico.mx\/?p=101890#primaryimage"},"image":{"@id":"https:\/\/quehacerpolitico.mx\/?p=101890#primaryimage"},"thumbnailUrl":"https:\/\/quehacerpolitico.mx\/wp-content\/uploads\/2023\/06\/IMG_8422.jpeg","datePublished":"2023-06-14T23:53:44+00:00","dateModified":"2023-06-14T23:53:48+00:00","author":{"@id":"https:\/\/quehacerpolitico.mx\/#\/schema\/person\/496d8ad2d1d3f8036101dca7ee39e585"},"breadcrumb":{"@id":"https:\/\/quehacerpolitico.mx\/?p=101890#breadcrumb"},"inLanguage":"es","potentialAction":[{"@type":"ReadAction","target":["https:\/\/quehacerpolitico.mx\/?p=101890"]}]},{"@type":"ImageObject","inLanguage":"es","@id":"https:\/\/quehacerpolitico.mx\/?p=101890#primaryimage","url":"https:\/\/quehacerpolitico.mx\/wp-content\/uploads\/2023\/06\/IMG_8422.jpeg","contentUrl":"https:\/\/quehacerpolitico.mx\/wp-content\/uploads\/2023\/06\/IMG_8422.jpeg","width":700,"height":438},{"@type":"BreadcrumbList","@id":"https:\/\/quehacerpolitico.mx\/?p=101890#breadcrumb","itemListElement":[{"@type":"ListItem","position":1,"name":"Inicio","item":"https:\/\/quehacerpolitico.mx\/"},{"@type":"ListItem","position":2,"name":"Internacionales\/\/\/Carolina Alonso Romei\/\/\/Alerta EU de fresas contaminadas con hepatitis A"}]},{"@type":"WebSite","@id":"https:\/\/quehacerpolitico.mx\/#website","url":"https:\/\/quehacerpolitico.mx\/","name":"","description":"","potentialAction":[{"@type":"SearchAction","target":{"@type":"EntryPoint","urlTemplate":"https:\/\/quehacerpolitico.mx\/?s={search_term_string}"},"query-input":{"@type":"PropertyValueSpecification","valueRequired":true,"valueName":"search_term_string"}}],"inLanguage":"es"},{"@type":"Person","@id":"https:\/\/quehacerpolitico.mx\/#\/schema\/person\/496d8ad2d1d3f8036101dca7ee39e585","name":"Redacci\u00f3n QP","image":{"@type":"ImageObject","inLanguage":"es","@id":"https:\/\/secure.gravatar.com\/avatar\/c7164ed6fdec453195284ad24a5ae5b6e1eed2b848477fa2a4787ba9adf39a41?s=96&d=mm&r=g","url":"https:\/\/secure.gravatar.com\/avatar\/c7164ed6fdec453195284ad24a5ae5b6e1eed2b848477fa2a4787ba9adf39a41?s=96&d=mm&r=g","contentUrl":"https:\/\/secure.gravatar.com\/avatar\/c7164ed6fdec453195284ad24a5ae5b6e1eed2b848477fa2a4787ba9adf39a41?s=96&d=mm&r=g","caption":"Redacci\u00f3n QP"},"url":"https:\/\/quehacerpolitico.mx\/?author=2"}]}},"featured_image_urls":{"full":["https:\/\/quehacerpolitico.mx\/wp-content\/uploads\/2023\/06\/IMG_8422.jpeg",700,438,false],"thumbnail":["https:\/\/quehacerpolitico.mx\/wp-content\/uploads\/2023\/06\/IMG_8422-150x150.jpeg",150,150,true],"medium":["https:\/\/quehacerpolitico.mx\/wp-content\/uploads\/2023\/06\/IMG_8422-300x188.jpeg",300,188,true],"medium_large":["https:\/\/quehacerpolitico.mx\/wp-content\/uploads\/2023\/06\/IMG_8422.jpeg",640,400,false],"large":["https:\/\/quehacerpolitico.mx\/wp-content\/uploads\/2023\/06\/IMG_8422.jpeg",640,400,false],"1536x1536":["https:\/\/quehacerpolitico.mx\/wp-content\/uploads\/2023\/06\/IMG_8422.jpeg",700,438,false],"2048x2048":["https:\/\/quehacerpolitico.mx\/wp-content\/uploads\/2023\/06\/IMG_8422.jpeg",700,438,false],"covernews-featured":["https:\/\/quehacerpolitico.mx\/wp-content\/uploads\/2023\/06\/IMG_8422.jpeg",700,438,false],"covernews-medium":["https:\/\/quehacerpolitico.mx\/wp-content\/uploads\/2023\/06\/IMG_8422.jpeg",540,338,false]},"author_info":{"display_name":"Redacci\u00f3n QP","author_link":"https:\/\/quehacerpolitico.mx\/?author=2"},"category_info":"<a href=\"https:\/\/quehacerpolitico.mx\/?cat=1\" rel=\"category\">Internacionales<\/a>","tag_info":"Internacionales","comment_count":"0","_links":{"self":[{"href":"https:\/\/quehacerpolitico.mx\/index.php?rest_route=\/wp\/v2\/posts\/101890","targetHints":{"allow":["GET"]}}],"collection":[{"href":"https:\/\/quehacerpolitico.mx\/index.php?rest_route=\/wp\/v2\/posts"}],"about":[{"href":"https:\/\/quehacerpolitico.mx\/index.php?rest_route=\/wp\/v2\/types\/post"}],"author":[{"embeddable":true,"href":"https:\/\/quehacerpolitico.mx\/index.php?rest_route=\/wp\/v2\/users\/2"}],"replies":[{"embeddable":true,"href":"https:\/\/quehacerpolitico.mx\/index.php?rest_route=%2Fwp%2Fv2%2Fcomments&post=101890"}],"version-history":[{"count":1,"href":"https:\/\/quehacerpolitico.mx\/index.php?rest_route=\/wp\/v2\/posts\/101890\/revisions"}],"predecessor-version":[{"id":101892,"href":"https:\/\/quehacerpolitico.mx\/index.php?rest_route=\/wp\/v2\/posts\/101890\/revisions\/101892"}],"wp:featuredmedia":[{"embeddable":true,"href":"https:\/\/quehacerpolitico.mx\/index.php?rest_route=\/wp\/v2\/media\/101891"}],"wp:attachment":[{"href":"https:\/\/quehacerpolitico.mx\/index.php?rest_route=%2Fwp%2Fv2%2Fmedia&parent=101890"}],"wp:term":[{"taxonomy":"category","embeddable":true,"href":"https:\/\/quehacerpolitico.mx\/index.php?rest_route=%2Fwp%2Fv2%2Fcategories&post=101890"},{"taxonomy":"post_tag","embeddable":true,"href":"https:\/\/quehacerpolitico.mx\/index.php?rest_route=%2Fwp%2Fv2%2Ftags&post=101890"}],"curies":[{"name":"wp","href":"https:\/\/api.w.org\/{rel}","templated":true}]}}