{"id":101881,"date":"2023-06-14T22:30:50","date_gmt":"2023-06-14T22:30:50","guid":{"rendered":"https:\/\/quehacerpolitico.mx\/?p=101881"},"modified":"2023-06-14T22:30:54","modified_gmt":"2023-06-14T22:30:54","slug":"hugo-sanchez-se-postula-para-llegar-al-america-esta-es-la-condicion","status":"publish","type":"post","link":"https:\/\/quehacerpolitico.mx\/?p=101881","title":{"rendered":"Hugo S\u00e1nchez se postula para llegar al Am\u00e9rica; esta es la condici\u00f3n"},"content":{"rendered":"\n<p>Por Redacci\u00f3n QP<\/p>\n\n\n\n<p> El &#8216;Pentapichichi&#8217; asegur\u00f3 que si las \u00c1guilas eligiera a Mario Carrillo como su DT, \u00e9l ser\u00eda su auxiliar.<\/p>\n\n\n\n<p>Pese a que Santiago Ba\u00f1os confirm\u00f3 que esta misma semana se dar\u00e1 a conocer el nombre del nuevo estratega del Am\u00e9rica, el cual podr\u00eda ser extranjero de acuerdo a los nombres que han surgido en los \u00faltimos d\u00edas, siguen surgiendo candidatos para ocupar el puesto que dej\u00f3 Fernando Ortiz.<\/p>\n\n\n\n<p>En este contexto y durante un programa de ESPN, Hugo S\u00e1nchez critic\u00f3 que las \u00c1guilas no le den la oportunidad a alg\u00fan t\u00e9cnico mexicano, pues asegur\u00f3 que hay varios que tienen lo necesario para estar al frente de los azulcremas. Santiago Ba\u00f1os critica la forma en que Tano Ortiz se fue del Am\u00e9rica En su intervenci\u00f3n,\u00a0\u00a0&#8216;El Pentapichichi&#8217; puso como ejemplo a Mario Carrillo, incluso asegur\u00f3 que en caso de que los de Coapa eligieran a su compa\u00f1ero analista como DT, \u00e9l estar\u00eda dispuesto a ser su auxiliar t\u00e9cnico.<\/p>\n\n\n\n<figure class=\"wp-block-embed is-type-rich is-provider-twitter wp-block-embed-twitter\"><div class=\"wp-block-embed__wrapper\">\n<blockquote class=\"twitter-tweet\" data-width=\"550\" data-dnt=\"true\"><p lang=\"es\" dir=\"ltr\">\ud83d\udd25 &quot;Si <a href=\"https:\/\/twitter.com\/MARIOCARRILLOY2?ref_src=twsrc%5Etfw\">@MARIOCARRILLOY2<\/a> va de t\u00e9cnico del Am\u00e9rica&#8230; YO VOY DE ASISTENTE&quot; <a href=\"https:\/\/twitter.com\/hugosanchez_9?ref_src=twsrc%5Etfw\">@hugosanchez_9<\/a> \ud83d\udde3<a href=\"https:\/\/t.co\/5ZjPpKhu3S\">https:\/\/t.co\/5ZjPpKhu3S<\/a> <a href=\"https:\/\/t.co\/9COXuiIWq4\">pic.twitter.com\/9COXuiIWq4<\/a><\/p>&mdash; Futbol Picante (@futpicante) <a href=\"https:\/\/twitter.com\/futpicante\/status\/1669029776302960640?ref_src=twsrc%5Etfw\">June 14, 2023<\/a><\/blockquote><script async src=\"https:\/\/platform.twitter.com\/widgets.js\" charset=\"utf-8\"><\/script>\n<\/div><\/figure>\n\n\n\n<p>En este contexto y durante un programa de ESPN, Hugo S\u00e1nchez critic\u00f3 que las \u00c1guilas no le den la oportunidad a alg\u00fan t\u00e9cnico mexicano, pues asegur\u00f3 que hay varios que tienen lo necesario para estar al frente de los azulcremas. Santiago Ba\u00f1os critica la forma en que Tano Ortiz se fue del Am\u00e9rica En su intervenci\u00f3n,\u00a0\u00a0&#8216;El Pentapichichi&#8217; puso como ejemplo a Mario Carrillo, incluso asegur\u00f3 que en caso de que los de Coapa eligieran a su compa\u00f1ero analista como DT, \u00e9l estar\u00eda dispuesto a ser su auxiliar t\u00e9cnico CEO<\/p>\n\n\n\n<p>Como era de esperarse, la declaraci\u00f3n del la leyenda del futbol mexicano sorprendi\u00f3 a Jos\u00e9 Ram\u00f3n Fern\u00e1ndez y David Faitelson, quienes no pudieron ocultar su asombro ante lo que escucharon. Cabe resaltar que Carrillo\u00a0\u2014que tambi\u00e9n estaba en la mesa de an\u00e1lisis\u2014 no tard\u00f3 en regresarle el cumplido a Hugo S\u00e1nchez, pues de forma inmediata mencion\u00f3 que el Pentapichichi deber\u00eda ser el pr\u00f3ximo DT del Am\u00e9rica y que en caso de que eso sucediera \u00e9l lo acompa\u00f1ar\u00eda como su auxiliar<\/p>\n\n\n\n<p>Con Informaci\u00f3n de Medio Tiempo<\/p>\n","protected":false},"excerpt":{"rendered":"<p>Por Redacci\u00f3n QP El &#8216;Pentapichichi&#8217; asegur\u00f3 que si las \u00c1guilas eligiera a Mario Carrillo como&#8230;<\/p>\n","protected":false},"author":2,"featured_media":101882,"comment_status":"open","ping_status":"open","sticky":false,"template":"","format":"standard","meta":{"_monsterinsights_skip_tracking":false,"_monsterinsights_sitenote_active":false,"_monsterinsights_sitenote_note":"","_monsterinsights_sitenote_category":0,"footnotes":""},"categories":[54],"tags":[],"class_list":["post-101881","post","type-post","status-publish","format-standard","has-post-thumbnail","hentry","category-deportes"],"yoast_head":"<!-- This site is optimized with the Yoast SEO plugin v27.3 - https:\/\/yoast.com\/product\/yoast-seo-wordpress\/ -->\n<title>Hugo S\u00e1nchez se postula para llegar al Am\u00e9rica; esta es la condici\u00f3n -<\/title>\n<meta name=\"robots\" content=\"index, follow, max-snippet:-1, max-image-preview:large, max-video-preview:-1\" \/>\n<link rel=\"canonical\" href=\"https:\/\/quehacerpolitico.mx\/?p=101881\" \/>\n<meta property=\"og:locale\" content=\"es_MX\" \/>\n<meta property=\"og:type\" content=\"article\" \/>\n<meta property=\"og:title\" content=\"Hugo S\u00e1nchez se postula para llegar al Am\u00e9rica; esta es la condici\u00f3n -\" \/>\n<meta property=\"og:description\" content=\"Por Redacci\u00f3n QP El &#8216;Pentapichichi&#8217; asegur\u00f3 que si las \u00c1guilas eligiera a Mario Carrillo como...\" \/>\n<meta property=\"og:url\" content=\"https:\/\/quehacerpolitico.mx\/?p=101881\" \/>\n<meta property=\"article:published_time\" content=\"2023-06-14T22:30:50+00:00\" \/>\n<meta property=\"article:modified_time\" content=\"2023-06-14T22:30:54+00:00\" \/>\n<meta property=\"og:image\" content=\"https:\/\/quehacerpolitico.mx\/wp-content\/uploads\/2023\/06\/IMG_8417.jpeg\" \/>\n\t<meta property=\"og:image:width\" content=\"554\" \/>\n\t<meta property=\"og:image:height\" content=\"554\" \/>\n\t<meta property=\"og:image:type\" content=\"image\/jpeg\" \/>\n<meta name=\"author\" content=\"Redacci\u00f3n QP\" \/>\n<meta name=\"twitter:card\" content=\"summary_large_image\" \/>\n<meta name=\"twitter:label1\" content=\"Escrito por\" \/>\n\t<meta name=\"twitter:data1\" content=\"Redacci\u00f3n QP\" \/>\n\t<meta name=\"twitter:label2\" content=\"Tiempo de lectura\" \/>\n\t<meta name=\"twitter:data2\" content=\"2 minutos\" \/>\n<script type=\"application\/ld+json\" class=\"yoast-schema-graph\">{\"@context\":\"https:\\\/\\\/schema.org\",\"@graph\":[{\"@type\":\"Article\",\"@id\":\"https:\\\/\\\/quehacerpolitico.mx\\\/?p=101881#article\",\"isPartOf\":{\"@id\":\"https:\\\/\\\/quehacerpolitico.mx\\\/?p=101881\"},\"author\":{\"name\":\"Redacci\u00f3n QP\",\"@id\":\"https:\\\/\\\/quehacerpolitico.mx\\\/#\\\/schema\\\/person\\\/496d8ad2d1d3f8036101dca7ee39e585\"},\"headline\":\"Hugo S\u00e1nchez se postula para llegar al Am\u00e9rica; esta es la condici\u00f3n\",\"datePublished\":\"2023-06-14T22:30:50+00:00\",\"dateModified\":\"2023-06-14T22:30:54+00:00\",\"mainEntityOfPage\":{\"@id\":\"https:\\\/\\\/quehacerpolitico.mx\\\/?p=101881\"},\"wordCount\":396,\"commentCount\":0,\"image\":{\"@id\":\"https:\\\/\\\/quehacerpolitico.mx\\\/?p=101881#primaryimage\"},\"thumbnailUrl\":\"https:\\\/\\\/quehacerpolitico.mx\\\/wp-content\\\/uploads\\\/2023\\\/06\\\/IMG_8417.jpeg\",\"articleSection\":[\"Deportes\"],\"inLanguage\":\"es\",\"potentialAction\":[{\"@type\":\"CommentAction\",\"name\":\"Comment\",\"target\":[\"https:\\\/\\\/quehacerpolitico.mx\\\/?p=101881#respond\"]}]},{\"@type\":\"WebPage\",\"@id\":\"https:\\\/\\\/quehacerpolitico.mx\\\/?p=101881\",\"url\":\"https:\\\/\\\/quehacerpolitico.mx\\\/?p=101881\",\"name\":\"Hugo S\u00e1nchez se postula para llegar al Am\u00e9rica; esta es la condici\u00f3n -\",\"isPartOf\":{\"@id\":\"https:\\\/\\\/quehacerpolitico.mx\\\/#website\"},\"primaryImageOfPage\":{\"@id\":\"https:\\\/\\\/quehacerpolitico.mx\\\/?p=101881#primaryimage\"},\"image\":{\"@id\":\"https:\\\/\\\/quehacerpolitico.mx\\\/?p=101881#primaryimage\"},\"thumbnailUrl\":\"https:\\\/\\\/quehacerpolitico.mx\\\/wp-content\\\/uploads\\\/2023\\\/06\\\/IMG_8417.jpeg\",\"datePublished\":\"2023-06-14T22:30:50+00:00\",\"dateModified\":\"2023-06-14T22:30:54+00:00\",\"author\":{\"@id\":\"https:\\\/\\\/quehacerpolitico.mx\\\/#\\\/schema\\\/person\\\/496d8ad2d1d3f8036101dca7ee39e585\"},\"breadcrumb\":{\"@id\":\"https:\\\/\\\/quehacerpolitico.mx\\\/?p=101881#breadcrumb\"},\"inLanguage\":\"es\",\"potentialAction\":[{\"@type\":\"ReadAction\",\"target\":[\"https:\\\/\\\/quehacerpolitico.mx\\\/?p=101881\"]}]},{\"@type\":\"ImageObject\",\"inLanguage\":\"es\",\"@id\":\"https:\\\/\\\/quehacerpolitico.mx\\\/?p=101881#primaryimage\",\"url\":\"https:\\\/\\\/quehacerpolitico.mx\\\/wp-content\\\/uploads\\\/2023\\\/06\\\/IMG_8417.jpeg\",\"contentUrl\":\"https:\\\/\\\/quehacerpolitico.mx\\\/wp-content\\\/uploads\\\/2023\\\/06\\\/IMG_8417.jpeg\",\"width\":554,\"height\":554},{\"@type\":\"BreadcrumbList\",\"@id\":\"https:\\\/\\\/quehacerpolitico.mx\\\/?p=101881#breadcrumb\",\"itemListElement\":[{\"@type\":\"ListItem\",\"position\":1,\"name\":\"Inicio\",\"item\":\"https:\\\/\\\/quehacerpolitico.mx\\\/\"},{\"@type\":\"ListItem\",\"position\":2,\"name\":\"Hugo S\u00e1nchez se postula para llegar al Am\u00e9rica; esta es la condici\u00f3n\"}]},{\"@type\":\"WebSite\",\"@id\":\"https:\\\/\\\/quehacerpolitico.mx\\\/#website\",\"url\":\"https:\\\/\\\/quehacerpolitico.mx\\\/\",\"name\":\"\",\"description\":\"\",\"potentialAction\":[{\"@type\":\"SearchAction\",\"target\":{\"@type\":\"EntryPoint\",\"urlTemplate\":\"https:\\\/\\\/quehacerpolitico.mx\\\/?s={search_term_string}\"},\"query-input\":{\"@type\":\"PropertyValueSpecification\",\"valueRequired\":true,\"valueName\":\"search_term_string\"}}],\"inLanguage\":\"es\"},{\"@type\":\"Person\",\"@id\":\"https:\\\/\\\/quehacerpolitico.mx\\\/#\\\/schema\\\/person\\\/496d8ad2d1d3f8036101dca7ee39e585\",\"name\":\"Redacci\u00f3n QP\",\"image\":{\"@type\":\"ImageObject\",\"inLanguage\":\"es\",\"@id\":\"https:\\\/\\\/secure.gravatar.com\\\/avatar\\\/c7164ed6fdec453195284ad24a5ae5b6e1eed2b848477fa2a4787ba9adf39a41?s=96&d=mm&r=g\",\"url\":\"https:\\\/\\\/secure.gravatar.com\\\/avatar\\\/c7164ed6fdec453195284ad24a5ae5b6e1eed2b848477fa2a4787ba9adf39a41?s=96&d=mm&r=g\",\"contentUrl\":\"https:\\\/\\\/secure.gravatar.com\\\/avatar\\\/c7164ed6fdec453195284ad24a5ae5b6e1eed2b848477fa2a4787ba9adf39a41?s=96&d=mm&r=g\",\"caption\":\"Redacci\u00f3n QP\"},\"url\":\"https:\\\/\\\/quehacerpolitico.mx\\\/?author=2\"}]}<\/script>\n<!-- \/ Yoast SEO plugin. -->","yoast_head_json":{"title":"Hugo S\u00e1nchez se postula para llegar al Am\u00e9rica; esta es la condici\u00f3n -","robots":{"index":"index","follow":"follow","max-snippet":"max-snippet:-1","max-image-preview":"max-image-preview:large","max-video-preview":"max-video-preview:-1"},"canonical":"https:\/\/quehacerpolitico.mx\/?p=101881","og_locale":"es_MX","og_type":"article","og_title":"Hugo S\u00e1nchez se postula para llegar al Am\u00e9rica; esta es la condici\u00f3n -","og_description":"Por Redacci\u00f3n QP El &#8216;Pentapichichi&#8217; asegur\u00f3 que si las \u00c1guilas eligiera a Mario Carrillo como...","og_url":"https:\/\/quehacerpolitico.mx\/?p=101881","article_published_time":"2023-06-14T22:30:50+00:00","article_modified_time":"2023-06-14T22:30:54+00:00","og_image":[{"width":554,"height":554,"url":"https:\/\/quehacerpolitico.mx\/wp-content\/uploads\/2023\/06\/IMG_8417.jpeg","type":"image\/jpeg"}],"author":"Redacci\u00f3n QP","twitter_card":"summary_large_image","twitter_misc":{"Escrito por":"Redacci\u00f3n QP","Tiempo de lectura":"2 minutos"},"schema":{"@context":"https:\/\/schema.org","@graph":[{"@type":"Article","@id":"https:\/\/quehacerpolitico.mx\/?p=101881#article","isPartOf":{"@id":"https:\/\/quehacerpolitico.mx\/?p=101881"},"author":{"name":"Redacci\u00f3n QP","@id":"https:\/\/quehacerpolitico.mx\/#\/schema\/person\/496d8ad2d1d3f8036101dca7ee39e585"},"headline":"Hugo S\u00e1nchez se postula para llegar al Am\u00e9rica; esta es la condici\u00f3n","datePublished":"2023-06-14T22:30:50+00:00","dateModified":"2023-06-14T22:30:54+00:00","mainEntityOfPage":{"@id":"https:\/\/quehacerpolitico.mx\/?p=101881"},"wordCount":396,"commentCount":0,"image":{"@id":"https:\/\/quehacerpolitico.mx\/?p=101881#primaryimage"},"thumbnailUrl":"https:\/\/quehacerpolitico.mx\/wp-content\/uploads\/2023\/06\/IMG_8417.jpeg","articleSection":["Deportes"],"inLanguage":"es","potentialAction":[{"@type":"CommentAction","name":"Comment","target":["https:\/\/quehacerpolitico.mx\/?p=101881#respond"]}]},{"@type":"WebPage","@id":"https:\/\/quehacerpolitico.mx\/?p=101881","url":"https:\/\/quehacerpolitico.mx\/?p=101881","name":"Hugo S\u00e1nchez se postula para llegar al Am\u00e9rica; esta es la condici\u00f3n -","isPartOf":{"@id":"https:\/\/quehacerpolitico.mx\/#website"},"primaryImageOfPage":{"@id":"https:\/\/quehacerpolitico.mx\/?p=101881#primaryimage"},"image":{"@id":"https:\/\/quehacerpolitico.mx\/?p=101881#primaryimage"},"thumbnailUrl":"https:\/\/quehacerpolitico.mx\/wp-content\/uploads\/2023\/06\/IMG_8417.jpeg","datePublished":"2023-06-14T22:30:50+00:00","dateModified":"2023-06-14T22:30:54+00:00","author":{"@id":"https:\/\/quehacerpolitico.mx\/#\/schema\/person\/496d8ad2d1d3f8036101dca7ee39e585"},"breadcrumb":{"@id":"https:\/\/quehacerpolitico.mx\/?p=101881#breadcrumb"},"inLanguage":"es","potentialAction":[{"@type":"ReadAction","target":["https:\/\/quehacerpolitico.mx\/?p=101881"]}]},{"@type":"ImageObject","inLanguage":"es","@id":"https:\/\/quehacerpolitico.mx\/?p=101881#primaryimage","url":"https:\/\/quehacerpolitico.mx\/wp-content\/uploads\/2023\/06\/IMG_8417.jpeg","contentUrl":"https:\/\/quehacerpolitico.mx\/wp-content\/uploads\/2023\/06\/IMG_8417.jpeg","width":554,"height":554},{"@type":"BreadcrumbList","@id":"https:\/\/quehacerpolitico.mx\/?p=101881#breadcrumb","itemListElement":[{"@type":"ListItem","position":1,"name":"Inicio","item":"https:\/\/quehacerpolitico.mx\/"},{"@type":"ListItem","position":2,"name":"Hugo S\u00e1nchez se postula para llegar al Am\u00e9rica; esta es la condici\u00f3n"}]},{"@type":"WebSite","@id":"https:\/\/quehacerpolitico.mx\/#website","url":"https:\/\/quehacerpolitico.mx\/","name":"","description":"","potentialAction":[{"@type":"SearchAction","target":{"@type":"EntryPoint","urlTemplate":"https:\/\/quehacerpolitico.mx\/?s={search_term_string}"},"query-input":{"@type":"PropertyValueSpecification","valueRequired":true,"valueName":"search_term_string"}}],"inLanguage":"es"},{"@type":"Person","@id":"https:\/\/quehacerpolitico.mx\/#\/schema\/person\/496d8ad2d1d3f8036101dca7ee39e585","name":"Redacci\u00f3n QP","image":{"@type":"ImageObject","inLanguage":"es","@id":"https:\/\/secure.gravatar.com\/avatar\/c7164ed6fdec453195284ad24a5ae5b6e1eed2b848477fa2a4787ba9adf39a41?s=96&d=mm&r=g","url":"https:\/\/secure.gravatar.com\/avatar\/c7164ed6fdec453195284ad24a5ae5b6e1eed2b848477fa2a4787ba9adf39a41?s=96&d=mm&r=g","contentUrl":"https:\/\/secure.gravatar.com\/avatar\/c7164ed6fdec453195284ad24a5ae5b6e1eed2b848477fa2a4787ba9adf39a41?s=96&d=mm&r=g","caption":"Redacci\u00f3n QP"},"url":"https:\/\/quehacerpolitico.mx\/?author=2"}]}},"featured_image_urls":{"full":["https:\/\/quehacerpolitico.mx\/wp-content\/uploads\/2023\/06\/IMG_8417.jpeg",554,554,false],"thumbnail":["https:\/\/quehacerpolitico.mx\/wp-content\/uploads\/2023\/06\/IMG_8417-150x150.jpeg",150,150,true],"medium":["https:\/\/quehacerpolitico.mx\/wp-content\/uploads\/2023\/06\/IMG_8417-300x300.jpeg",300,300,true],"medium_large":["https:\/\/quehacerpolitico.mx\/wp-content\/uploads\/2023\/06\/IMG_8417.jpeg",554,554,false],"large":["https:\/\/quehacerpolitico.mx\/wp-content\/uploads\/2023\/06\/IMG_8417.jpeg",554,554,false],"1536x1536":["https:\/\/quehacerpolitico.mx\/wp-content\/uploads\/2023\/06\/IMG_8417.jpeg",554,554,false],"2048x2048":["https:\/\/quehacerpolitico.mx\/wp-content\/uploads\/2023\/06\/IMG_8417.jpeg",554,554,false],"covernews-featured":["https:\/\/quehacerpolitico.mx\/wp-content\/uploads\/2023\/06\/IMG_8417.jpeg",554,554,false],"covernews-medium":["https:\/\/quehacerpolitico.mx\/wp-content\/uploads\/2023\/06\/IMG_8417.jpeg",340,340,false]},"author_info":{"display_name":"Redacci\u00f3n QP","author_link":"https:\/\/quehacerpolitico.mx\/?author=2"},"category_info":"<a href=\"https:\/\/quehacerpolitico.mx\/?cat=54\" rel=\"category\">Deportes<\/a>","tag_info":"Deportes","comment_count":"0","_links":{"self":[{"href":"https:\/\/quehacerpolitico.mx\/index.php?rest_route=\/wp\/v2\/posts\/101881","targetHints":{"allow":["GET"]}}],"collection":[{"href":"https:\/\/quehacerpolitico.mx\/index.php?rest_route=\/wp\/v2\/posts"}],"about":[{"href":"https:\/\/quehacerpolitico.mx\/index.php?rest_route=\/wp\/v2\/types\/post"}],"author":[{"embeddable":true,"href":"https:\/\/quehacerpolitico.mx\/index.php?rest_route=\/wp\/v2\/users\/2"}],"replies":[{"embeddable":true,"href":"https:\/\/quehacerpolitico.mx\/index.php?rest_route=%2Fwp%2Fv2%2Fcomments&post=101881"}],"version-history":[{"count":1,"href":"https:\/\/quehacerpolitico.mx\/index.php?rest_route=\/wp\/v2\/posts\/101881\/revisions"}],"predecessor-version":[{"id":101883,"href":"https:\/\/quehacerpolitico.mx\/index.php?rest_route=\/wp\/v2\/posts\/101881\/revisions\/101883"}],"wp:featuredmedia":[{"embeddable":true,"href":"https:\/\/quehacerpolitico.mx\/index.php?rest_route=\/wp\/v2\/media\/101882"}],"wp:attachment":[{"href":"https:\/\/quehacerpolitico.mx\/index.php?rest_route=%2Fwp%2Fv2%2Fmedia&parent=101881"}],"wp:term":[{"taxonomy":"category","embeddable":true,"href":"https:\/\/quehacerpolitico.mx\/index.php?rest_route=%2Fwp%2Fv2%2Fcategories&post=101881"},{"taxonomy":"post_tag","embeddable":true,"href":"https:\/\/quehacerpolitico.mx\/index.php?rest_route=%2Fwp%2Fv2%2Ftags&post=101881"}],"curies":[{"name":"wp","href":"https:\/\/api.w.org\/{rel}","templated":true}]}}